{"id":10249,"date":"2010-12-07T21:24:56","date_gmt":"2010-12-07T20:24:56","guid":{"rendered":"https:\/\/sandzakpress.net\/arhiva\/?p=10249"},"modified":"2010-12-07T21:40:04","modified_gmt":"2010-12-07T20:40:04","slug":"veljovic-otpusta-samo-bosnjake-i-albance","status":"publish","type":"post","link":"https:\/\/sandzakpress.net\/arhiva\/veljovic-otpusta-samo-bosnjake-i-albance\/","title":{"rendered":"Veljovi\u0107 otpu\u0161ta samo Bo\u0161njake i Albance!"},"content":{"rendered":"<p><strong><a href=\"https:\/\/sandzakpress.net\/arhiva\/wp-content\/uploads\/2010\/12\/1291680037.jpg\"><img loading=\"lazy\" decoding=\"async\" class=\"alignleft size-full wp-image-10250\" title=\"1291680037\" src=\"https:\/\/sandzakpress.net\/arhiva\/wp-content\/uploads\/2010\/12\/1291680037.jpg\" alt=\"\" width=\"290\" height=\"190\" \/><\/a>Ro\u017eaje \u2013 Bo\u0161nja\u010dka stranka tra\u017ei\u0107e od nadle\u017enih da preispitaju slu\u010dajeve otpu\u0161tanja slu\u017ebenika Grani\u010dne policije, kako bi se utvrdilo da li je neko od policajaca ostao bez posla zbog toga \u0161to je bo\u0161nja\u010dke ili albanske nacionalnosti.<\/strong><\/p>\n<p>\u201cBo\u0161nja\u010dka stranka tra\u017ei\u0107e da se ta\u010dno utvrdi po kojem se kriterijumu to sprovodi, zbog objektivne sumnje da se radi o tendencioznoj pojavi, na \u0161tetu pripadnika policije bo\u0161nja\u010dke i albanske nacionalnosti\u201d, saop\u0161tila je informativna slu\u017eba BS, \u010diji je predsjednik ministar bez portfelja Rafet Husovi\u0107.<\/p>\n<p>Desetak biv\u0161ih radnika grani\u010dne policije iz Ro\u017eaja koji su u proteklih godinu i po ostali bez posla, kako su \u201eVijesti\u201c ju\u010de objavile, kazali su da se u toj jedinici proteklih godina vr\u0161ilo sistemsko otpu\u0161tanje Bo\u0161njaka-Muslimana i Albanaca, dok su u istom periodu mahom u slu\u017ebu primani pravoslavci kojima nisu dijeljeni otkazi.<br \/>\n\u201cKada smo u Bogajama spu\u0161tali trobojku i sa ponosom podizali crnogorsku zastavu u grani\u010dnoj policiji je radilo oko 70 Muslimana-Bo\u0161njaka, a oko 20 pravoslavaca. Danas brojke govore u prilog na\u0161im tvrdnjama, pa u jedinici koja broji oko 130 policajaca ima preko 100 pravoslavaca, a oko dvadesetak Muslimana-Bo\u0161njaka i jedan Albanac\u201d, rekli su \u201cVijestima\u201d predstavnici otpu\u0161tenih kolega Hamdo Muri\u0107, Re\u0161at Kala\u010d, Enver Daci\u0107, Ned\u017ead Ku\u010d i Irfan Daci\u0107.<\/p>\n<p>Iako su iz Uprave policije za ju\u010de bili najavili odgovor u vezi doga\u0111aja u Ro\u017eajama, do sino\u0107 nijesu odgovarali na pitanja \u201cVijesti\u201d.<br \/>\nBS je najavila da \u0107e \u201cinsistirati da se ovaj slu\u010daj ispita i utvrde sve \u010dinjenice, jer je rije\u010d o veoma osjetljivom pitanju, posebno zbog toga \u0161to se radi o instituciji u kojoj je i do sada bila jasno uo\u010dljiva nesrazmjerna zastupljenost pripadnika manjinskih naroda\u201d.<\/p>\n<p>\u201dBS je, u vi\u0161e navrata, tra\u017eila preispitivanje sli\u010dnih pojava u Upravi policije, ali je naj\u010de\u0161\u0107e izno\u0161eno opravdanje da je rije\u010d o racionalizaciji, kao i uvjeravanje da u tome nema diskriminacije. Isto tako, podsje\u0107amo da smo svojevremno tra\u017eili i preispitivanje slu\u010daja prijema na Policijsku akademiju, kada je utvr\u0111eno da se zaista radilo o selektivnom postupanju, odnosno diskriminaciji prema u\u010denicima bo\u0161nja\u010dke i albanske nacionalnosti\u201d, kazali su iz BS.<br \/>\nOni tvrde da podaci \u201cveoma jasno upu\u0107uju da je rije\u010d o selektivnom otpu\u0161tanju iz slu\u017ebe, u kojoj je evidentno da pripadnika bo\u0161nja\u010dke i albanske nacionalnosti, nema ni u pribli\u017enom broju koji odgovara realnosti\u201d.<\/p>\n<p><strong>I na\u010delnici policije mahom pravoslavci<\/strong><\/p>\n<p>BS smatra da se prilikom zapo\u0161ljavanja u policiji treba voditi ra\u010duna o kadrovskoj sposobnosti, kao i da me\u0111u Muslimanima i Albancima ima isto sposobnih ljudi kao i me\u0111u drugim narodima u Crnoj Gori.<\/p>\n<p>\u201cUkazujemo da je nesrazmjerna zastupljenost o\u010digledna i u rukovode\u0107em kadru ve institucije u op\u0161tinama, odnosno podru\u010djima u kojima pripadnici manjinskih naroda \u017eive u ve\u0107inskom ili zna\u010dajnijem broju. Nadamo se, ipak, da \u0107e nadle\u017eni, pa\u017eljivo preispitati ovaj slu\u010daj i zaustaviti ovu pojavu, te da \u0107e se u Upravi policije ozbiljnije pozabaviti pitanjem nesrazmjerne zastupljenosti pripadnika manjinskih nacionalnih zajednica, u svim njenim strukturama i na svim nivoima\u201d, saop\u0161tila je Bo\u0161nja\u010dka stranka.<\/p>\n<p>Izvor: <strong>Vijesti.me<\/strong><\/p>\n","protected":false},"excerpt":{"rendered":"<p>Ro\u017eaje \u2013 Bo\u0161nja\u010dka stranka tra\u017ei\u0107e od nadle\u017enih da preispitaju slu\u010dajeve otpu\u0161tanja slu\u017ebenika Grani\u010dne policije, kako bi se utvrdilo da li je neko od policajaca ostao bez posla zbog toga \u0161to je bo\u0161nja\u010dke ili albanske nacionalnosti. \u201cBo\u0161nja\u010dka stranka tra\u017ei\u0107e da se ta\u010dno utvrdi po kojem se kriterijumu to sprovodi, zbog objektivne sumnje da se radi o [&hellip;]<\/p>\n","protected":false},"author":83,"featured_media":10250,"comment_status":"open","ping_status":"open","sticky":false,"template":"","format":"standard","meta":{"footnotes":""},"categories":[398,800],"tags":[],"class_list":{"0":"post-10249","1":"post","2":"type-post","3":"status-publish","4":"format-standard","5":"has-post-thumbnail","7":"category-rozaje","8":"category-nacija"},"yoast_head":"<!-- This site is optimized with the Yoast SEO Premium plugin v23.1 (Yoast SEO v24.9) - https:\/\/yoast.com\/wordpress\/plugins\/seo\/ -->\n<title>Veljovi\u0107 otpu\u0161ta samo Bo\u0161njake i Albance!<\/title>\n<meta name=\"robots\" content=\"index, follow, max-snippet:-1, max-image-preview:large, max-video-preview:-1\" \/>\n<link rel=\"canonical\" href=\"https:\/\/sandzakpress.net\/arhiva\/veljovic-otpusta-samo-bosnjake-i-albance\/\" \/>\n<meta property=\"og:locale\" content=\"bs_BA\" \/>\n<meta property=\"og:type\" content=\"article\" \/>\n<meta property=\"og:title\" content=\"Veljovi\u0107 otpu\u0161ta samo Bo\u0161njake i Albance!\" \/>\n<meta property=\"og:description\" content=\"Ro\u017eaje \u2013 Bo\u0161nja\u010dka stranka tra\u017ei\u0107e od nadle\u017enih da preispitaju slu\u010dajeve otpu\u0161tanja slu\u017ebenika Grani\u010dne policije, kako bi se utvrdilo da li je neko od policajaca ostao bez posla zbog toga \u0161to je bo\u0161nja\u010dke ili albanske nacionalnosti. \u201cBo\u0161nja\u010dka stranka tra\u017ei\u0107e da se ta\u010dno utvrdi po kojem se kriterijumu to sprovodi, zbog objektivne sumnje da se radi o [&hellip;]\" \/>\n<meta property=\"og:url\" content=\"https:\/\/sandzakpress.net\/arhiva\/veljovic-otpusta-samo-bosnjake-i-albance\/\" \/>\n<meta property=\"og:site_name\" content=\"Sand\u017eak PRESS\" \/>\n<meta property=\"article:published_time\" content=\"2010-12-07T20:24:56+00:00\" \/>\n<meta property=\"article:modified_time\" content=\"2010-12-07T20:40:04+00:00\" \/>\n<meta property=\"og:image\" content=\"https:\/\/sandzakpress.net\/arhiva\/wp-content\/uploads\/2010\/12\/1291680037.jpg\" \/>\n\t<meta property=\"og:image:width\" content=\"290\" \/>\n\t<meta property=\"og:image:height\" content=\"190\" \/>\n\t<meta property=\"og:image:type\" content=\"image\/jpeg\" \/>\n<meta name=\"author\" content=\"bosniak\" \/>\n<meta name=\"twitter:card\" content=\"summary_large_image\" \/>\n<meta name=\"twitter:label1\" content=\"Written by\" \/>\n\t<meta name=\"twitter:data1\" content=\"bosniak\" \/>\n\t<meta name=\"twitter:label2\" content=\"Est. reading time\" \/>\n\t<meta name=\"twitter:data2\" content=\"3 minute\" \/>\n<script type=\"application\/ld+json\" class=\"yoast-schema-graph\">{\"@context\":\"https:\/\/schema.org\",\"@graph\":[{\"@type\":\"Article\",\"@id\":\"https:\/\/sandzakpress.net\/arhiva\/veljovic-otpusta-samo-bosnjake-i-albance\/#article\",\"isPartOf\":{\"@id\":\"https:\/\/sandzakpress.net\/arhiva\/veljovic-otpusta-samo-bosnjake-i-albance\/\"},\"author\":{\"name\":\"bosniak\",\"@id\":\"https:\/\/sandzakpress.net\/arhiva\/#\/schema\/person\/c8baee722073534b583ea7bdb2e36c02\"},\"headline\":\"Veljovi\u0107 otpu\u0161ta samo Bo\u0161njake i Albance!\",\"datePublished\":\"2010-12-07T20:24:56+00:00\",\"dateModified\":\"2010-12-07T20:40:04+00:00\",\"mainEntityOfPage\":{\"@id\":\"https:\/\/sandzakpress.net\/arhiva\/veljovic-otpusta-samo-bosnjake-i-albance\/\"},\"wordCount\":552,\"commentCount\":11,\"publisher\":{\"@id\":\"https:\/\/sandzakpress.net\/arhiva\/#\/schema\/person\/6e72b67d6e51910a1117b3b483ba20bd\"},\"image\":{\"@id\":\"https:\/\/sandzakpress.net\/arhiva\/veljovic-otpusta-samo-bosnjake-i-albance\/#primaryimage\"},\"thumbnailUrl\":\"https:\/\/sandzakpress.net\/arhiva\/wp-content\/uploads\/2010\/12\/1291680037.jpg\",\"articleSection\":[\"Ro\u017eaje\",\"Nacija\"],\"inLanguage\":\"bs-BA\",\"potentialAction\":[{\"@type\":\"CommentAction\",\"name\":\"Comment\",\"target\":[\"https:\/\/sandzakpress.net\/arhiva\/veljovic-otpusta-samo-bosnjake-i-albance\/#respond\"]}]},{\"@type\":\"WebPage\",\"@id\":\"https:\/\/sandzakpress.net\/arhiva\/veljovic-otpusta-samo-bosnjake-i-albance\/\",\"url\":\"https:\/\/sandzakpress.net\/arhiva\/veljovic-otpusta-samo-bosnjake-i-albance\/\",\"name\":\"Veljovi\u0107 otpu\u0161ta samo Bo\u0161njake i Albance!\",\"isPartOf\":{\"@id\":\"https:\/\/sandzakpress.net\/arhiva\/#website\"},\"primaryImageOfPage\":{\"@id\":\"https:\/\/sandzakpress.net\/arhiva\/veljovic-otpusta-samo-bosnjake-i-albance\/#primaryimage\"},\"image\":{\"@id\":\"https:\/\/sandzakpress.net\/arhiva\/veljovic-otpusta-samo-bosnjake-i-albance\/#primaryimage\"},\"thumbnailUrl\":\"https:\/\/sandzakpress.net\/arhiva\/wp-content\/uploads\/2010\/12\/1291680037.jpg\",\"datePublished\":\"2010-12-07T20:24:56+00:00\",\"dateModified\":\"2010-12-07T20:40:04+00:00\",\"breadcrumb\":{\"@id\":\"https:\/\/sandzakpress.net\/arhiva\/veljovic-otpusta-samo-bosnjake-i-albance\/#breadcrumb\"},\"inLanguage\":\"bs-BA\",\"potentialAction\":[{\"@type\":\"ReadAction\",\"target\":[\"https:\/\/sandzakpress.net\/arhiva\/veljovic-otpusta-samo-bosnjake-i-albance\/\"]}]},{\"@type\":\"ImageObject\",\"inLanguage\":\"bs-BA\",\"@id\":\"https:\/\/sandzakpress.net\/arhiva\/veljovic-otpusta-samo-bosnjake-i-albance\/#primaryimage\",\"url\":\"https:\/\/sandzakpress.net\/arhiva\/wp-content\/uploads\/2010\/12\/1291680037.jpg\",\"contentUrl\":\"https:\/\/sandzakpress.net\/arhiva\/wp-content\/uploads\/2010\/12\/1291680037.jpg\",\"width\":290,\"height\":190},{\"@type\":\"BreadcrumbList\",\"@id\":\"https:\/\/sandzakpress.net\/arhiva\/veljovic-otpusta-samo-bosnjake-i-albance\/#breadcrumb\",\"itemListElement\":[{\"@type\":\"ListItem\",\"position\":1,\"name\":\"Home\",\"item\":\"https:\/\/sandzakpress.net\/arhiva\/\"},{\"@type\":\"ListItem\",\"position\":2,\"name\":\"Veljovi\u0107 otpu\u0161ta samo Bo\u0161njake i Albance!\"}]},{\"@type\":\"WebSite\",\"@id\":\"https:\/\/sandzakpress.net\/arhiva\/#website\",\"url\":\"https:\/\/sandzakpress.net\/arhiva\/\",\"name\":\"Sand\u017eak PRESS\",\"description\":\"Prve elektronske novine u Sand\u017eaku\",\"publisher\":{\"@id\":\"https:\/\/sandzakpress.net\/arhiva\/#\/schema\/person\/6e72b67d6e51910a1117b3b483ba20bd\"},\"potentialAction\":[{\"@type\":\"SearchAction\",\"target\":{\"@type\":\"EntryPoint\",\"urlTemplate\":\"https:\/\/sandzakpress.net\/arhiva\/?s={search_term_string}\"},\"query-input\":{\"@type\":\"PropertyValueSpecification\",\"valueRequired\":true,\"valueName\":\"search_term_string\"}}],\"inLanguage\":\"bs-BA\"},{\"@type\":[\"Person\",\"Organization\"],\"@id\":\"https:\/\/sandzakpress.net\/arhiva\/#\/schema\/person\/6e72b67d6e51910a1117b3b483ba20bd\",\"name\":\"Kul\",\"image\":{\"@type\":\"ImageObject\",\"inLanguage\":\"bs-BA\",\"@id\":\"https:\/\/sandzakpress.net\/arhiva\/#\/schema\/person\/image\/\",\"url\":\"https:\/\/secure.gravatar.com\/avatar\/42263f39aa27ac04c43cab85c280eb2e?s=96&d=mm&r=pg\",\"contentUrl\":\"https:\/\/secure.gravatar.com\/avatar\/42263f39aa27ac04c43cab85c280eb2e?s=96&d=mm&r=pg\",\"caption\":\"Kul\"},\"logo\":{\"@id\":\"https:\/\/sandzakpress.net\/arhiva\/#\/schema\/person\/image\/\"}},{\"@type\":\"Person\",\"@id\":\"https:\/\/sandzakpress.net\/arhiva\/#\/schema\/person\/c8baee722073534b583ea7bdb2e36c02\",\"name\":\"bosniak\",\"image\":{\"@type\":\"ImageObject\",\"inLanguage\":\"bs-BA\",\"@id\":\"https:\/\/sandzakpress.net\/arhiva\/#\/schema\/person\/image\/\",\"url\":\"https:\/\/secure.gravatar.com\/avatar\/a04fd330bfe3a36a72a0ad4a6d89fca7?s=96&d=mm&r=pg\",\"contentUrl\":\"https:\/\/secure.gravatar.com\/avatar\/a04fd330bfe3a36a72a0ad4a6d89fca7?s=96&d=mm&r=pg\",\"caption\":\"bosniak\"},\"url\":\"https:\/\/sandzakpress.net\/arhiva\/author\/bosniak\/\"}]}<\/script>\n<!-- \/ Yoast SEO Premium plugin. -->","yoast_head_json":{"title":"Veljovi\u0107 otpu\u0161ta samo Bo\u0161njake i Albance!","robots":{"index":"index","follow":"follow","max-snippet":"max-snippet:-1","max-image-preview":"max-image-preview:large","max-video-preview":"max-video-preview:-1"},"canonical":"https:\/\/sandzakpress.net\/arhiva\/veljovic-otpusta-samo-bosnjake-i-albance\/","og_locale":"bs_BA","og_type":"article","og_title":"Veljovi\u0107 otpu\u0161ta samo Bo\u0161njake i Albance!","og_description":"Ro\u017eaje \u2013 Bo\u0161nja\u010dka stranka tra\u017ei\u0107e od nadle\u017enih da preispitaju slu\u010dajeve otpu\u0161tanja slu\u017ebenika Grani\u010dne policije, kako bi se utvrdilo da li je neko od policajaca ostao bez posla zbog toga \u0161to je bo\u0161nja\u010dke ili albanske nacionalnosti. \u201cBo\u0161nja\u010dka stranka tra\u017ei\u0107e da se ta\u010dno utvrdi po kojem se kriterijumu to sprovodi, zbog objektivne sumnje da se radi o [&hellip;]","og_url":"https:\/\/sandzakpress.net\/arhiva\/veljovic-otpusta-samo-bosnjake-i-albance\/","og_site_name":"Sand\u017eak PRESS","article_published_time":"2010-12-07T20:24:56+00:00","article_modified_time":"2010-12-07T20:40:04+00:00","og_image":[{"width":290,"height":190,"url":"https:\/\/sandzakpress.net\/arhiva\/wp-content\/uploads\/2010\/12\/1291680037.jpg","type":"image\/jpeg"}],"author":"bosniak","twitter_card":"summary_large_image","twitter_misc":{"Written by":"bosniak","Est. reading time":"3 minute"},"schema":{"@context":"https:\/\/schema.org","@graph":[{"@type":"Article","@id":"https:\/\/sandzakpress.net\/arhiva\/veljovic-otpusta-samo-bosnjake-i-albance\/#article","isPartOf":{"@id":"https:\/\/sandzakpress.net\/arhiva\/veljovic-otpusta-samo-bosnjake-i-albance\/"},"author":{"name":"bosniak","@id":"https:\/\/sandzakpress.net\/arhiva\/#\/schema\/person\/c8baee722073534b583ea7bdb2e36c02"},"headline":"Veljovi\u0107 otpu\u0161ta samo Bo\u0161njake i Albance!","datePublished":"2010-12-07T20:24:56+00:00","dateModified":"2010-12-07T20:40:04+00:00","mainEntityOfPage":{"@id":"https:\/\/sandzakpress.net\/arhiva\/veljovic-otpusta-samo-bosnjake-i-albance\/"},"wordCount":552,"commentCount":11,"publisher":{"@id":"https:\/\/sandzakpress.net\/arhiva\/#\/schema\/person\/6e72b67d6e51910a1117b3b483ba20bd"},"image":{"@id":"https:\/\/sandzakpress.net\/arhiva\/veljovic-otpusta-samo-bosnjake-i-albance\/#primaryimage"},"thumbnailUrl":"https:\/\/sandzakpress.net\/arhiva\/wp-content\/uploads\/2010\/12\/1291680037.jpg","articleSection":["Ro\u017eaje","Nacija"],"inLanguage":"bs-BA","potentialAction":[{"@type":"CommentAction","name":"Comment","target":["https:\/\/sandzakpress.net\/arhiva\/veljovic-otpusta-samo-bosnjake-i-albance\/#respond"]}]},{"@type":"WebPage","@id":"https:\/\/sandzakpress.net\/arhiva\/veljovic-otpusta-samo-bosnjake-i-albance\/","url":"https:\/\/sandzakpress.net\/arhiva\/veljovic-otpusta-samo-bosnjake-i-albance\/","name":"Veljovi\u0107 otpu\u0161ta samo Bo\u0161njake i Albance!","isPartOf":{"@id":"https:\/\/sandzakpress.net\/arhiva\/#website"},"primaryImageOfPage":{"@id":"https:\/\/sandzakpress.net\/arhiva\/veljovic-otpusta-samo-bosnjake-i-albance\/#primaryimage"},"image":{"@id":"https:\/\/sandzakpress.net\/arhiva\/veljovic-otpusta-samo-bosnjake-i-albance\/#primaryimage"},"thumbnailUrl":"https:\/\/sandzakpress.net\/arhiva\/wp-content\/uploads\/2010\/12\/1291680037.jpg","datePublished":"2010-12-07T20:24:56+00:00","dateModified":"2010-12-07T20:40:04+00:00","breadcrumb":{"@id":"https:\/\/sandzakpress.net\/arhiva\/veljovic-otpusta-samo-bosnjake-i-albance\/#breadcrumb"},"inLanguage":"bs-BA","potentialAction":[{"@type":"ReadAction","target":["https:\/\/sandzakpress.net\/arhiva\/veljovic-otpusta-samo-bosnjake-i-albance\/"]}]},{"@type":"ImageObject","inLanguage":"bs-BA","@id":"https:\/\/sandzakpress.net\/arhiva\/veljovic-otpusta-samo-bosnjake-i-albance\/#primaryimage","url":"https:\/\/sandzakpress.net\/arhiva\/wp-content\/uploads\/2010\/12\/1291680037.jpg","contentUrl":"https:\/\/sandzakpress.net\/arhiva\/wp-content\/uploads\/2010\/12\/1291680037.jpg","width":290,"height":190},{"@type":"BreadcrumbList","@id":"https:\/\/sandzakpress.net\/arhiva\/veljovic-otpusta-samo-bosnjake-i-albance\/#breadcrumb","itemListElement":[{"@type":"ListItem","position":1,"name":"Home","item":"https:\/\/sandzakpress.net\/arhiva\/"},{"@type":"ListItem","position":2,"name":"Veljovi\u0107 otpu\u0161ta samo Bo\u0161njake i Albance!"}]},{"@type":"WebSite","@id":"https:\/\/sandzakpress.net\/arhiva\/#website","url":"https:\/\/sandzakpress.net\/arhiva\/","name":"Sand\u017eak PRESS","description":"Prve elektronske novine u Sand\u017eaku","publisher":{"@id":"https:\/\/sandzakpress.net\/arhiva\/#\/schema\/person\/6e72b67d6e51910a1117b3b483ba20bd"},"potentialAction":[{"@type":"SearchAction","target":{"@type":"EntryPoint","urlTemplate":"https:\/\/sandzakpress.net\/arhiva\/?s={search_term_string}"},"query-input":{"@type":"PropertyValueSpecification","valueRequired":true,"valueName":"search_term_string"}}],"inLanguage":"bs-BA"},{"@type":["Person","Organization"],"@id":"https:\/\/sandzakpress.net\/arhiva\/#\/schema\/person\/6e72b67d6e51910a1117b3b483ba20bd","name":"Kul","image":{"@type":"ImageObject","inLanguage":"bs-BA","@id":"https:\/\/sandzakpress.net\/arhiva\/#\/schema\/person\/image\/","url":"https:\/\/secure.gravatar.com\/avatar\/42263f39aa27ac04c43cab85c280eb2e?s=96&d=mm&r=pg","contentUrl":"https:\/\/secure.gravatar.com\/avatar\/42263f39aa27ac04c43cab85c280eb2e?s=96&d=mm&r=pg","caption":"Kul"},"logo":{"@id":"https:\/\/sandzakpress.net\/arhiva\/#\/schema\/person\/image\/"}},{"@type":"Person","@id":"https:\/\/sandzakpress.net\/arhiva\/#\/schema\/person\/c8baee722073534b583ea7bdb2e36c02","name":"bosniak","image":{"@type":"ImageObject","inLanguage":"bs-BA","@id":"https:\/\/sandzakpress.net\/arhiva\/#\/schema\/person\/image\/","url":"https:\/\/secure.gravatar.com\/avatar\/a04fd330bfe3a36a72a0ad4a6d89fca7?s=96&d=mm&r=pg","contentUrl":"https:\/\/secure.gravatar.com\/avatar\/a04fd330bfe3a36a72a0ad4a6d89fca7?s=96&d=mm&r=pg","caption":"bosniak"},"url":"https:\/\/sandzakpress.net\/arhiva\/author\/bosniak\/"}]}},"_links":{"self":[{"href":"https:\/\/sandzakpress.net\/arhiva\/wp-json\/wp\/v2\/posts\/10249"}],"collection":[{"href":"https:\/\/sandzakpress.net\/arhiva\/wp-json\/wp\/v2\/posts"}],"about":[{"href":"https:\/\/sandzakpress.net\/arhiva\/wp-json\/wp\/v2\/types\/post"}],"author":[{"embeddable":true,"href":"https:\/\/sandzakpress.net\/arhiva\/wp-json\/wp\/v2\/users\/83"}],"replies":[{"embeddable":true,"href":"https:\/\/sandzakpress.net\/arhiva\/wp-json\/wp\/v2\/comments?post=10249"}],"version-history":[{"count":0,"href":"https:\/\/sandzakpress.net\/arhiva\/wp-json\/wp\/v2\/posts\/10249\/revisions"}],"wp:featuredmedia":[{"embeddable":true,"href":"https:\/\/sandzakpress.net\/arhiva\/wp-json\/wp\/v2\/media\/10250"}],"wp:attachment":[{"href":"https:\/\/sandzakpress.net\/arhiva\/wp-json\/wp\/v2\/media?parent=10249"}],"wp:term":[{"taxonomy":"category","embeddable":true,"href":"https:\/\/sandzakpress.net\/arhiva\/wp-json\/wp\/v2\/categories?post=10249"},{"taxonomy":"post_tag","embeddable":true,"href":"https:\/\/sandzakpress.net\/arhiva\/wp-json\/wp\/v2\/tags?post=10249"}],"curies":[{"name":"wp","href":"https:\/\/api.w.org\/{rel}","templated":true}]}}