{"id":102443,"date":"2014-03-04T19:53:18","date_gmt":"2014-03-04T18:53:18","guid":{"rendered":"https:\/\/sandzakpress.net\/arhiva\/?p=102443"},"modified":"2014-03-04T19:53:18","modified_gmt":"2014-03-04T18:53:18","slug":"zadovoljstvo-gusinjana-u-zavicaju-i-sirom-svijeta-zbog-povracaja-statusa-opstine-poslije-60-godina-ponovo-svoji-na-svome","status":"publish","type":"post","link":"https:\/\/sandzakpress.net\/arhiva\/zadovoljstvo-gusinjana-u-zavicaju-i-sirom-svijeta-zbog-povracaja-statusa-opstine-poslije-60-godina-ponovo-svoji-na-svome\/","title":{"rendered":"Zadovoljstvo Gusinjana u zavi\u010daju i \u0161irom svijeta zbog povra\u0107aja statusa op\u0161tine \u2013 Poslije 60 godina ponovo svoji na svome"},"content":{"rendered":"<p><img loading=\"lazy\" decoding=\"async\" class=\"alignleft\" style=\"font-size: 14px; line-height: 1.5em;\" title=\"Slavlje na ulicama Gusinja\" alt=\"Slavlje na ulicama Gusinja Zadovoljstvo Gusinjana u zavi\u010daju i \u0161irom svijeta zbog povra\u0107aja statusa op\u0161tine   Poslije 60 godina ponovo svoji na svome\" src=\"http:\/\/www.pobjeda.me\/wp-content\/uploads\/2014\/03\/Slavlje-na-ulicama-Gusinja.jpg\" width=\"300\" height=\"225\" \/><strong>Gusinje &#8211;\u00a0Gusinje je 23.op\u0161tina u Crnoj Gori \u2013 odlu\u010dila je Skup\u0161tina Crne Gore 26. februara ove godine, usvajanjem izmjena Zakona o teritorijalnoj organizaciji Crne Gore Odluku crnogorskog parlamenta u prazni\u010dnoj atmosferi pozdravili su i Gusinjani koji \u017eive \u0161irom svijeta, a neki su do\u0161li u rodni kraj da sa rodbinom obilje\u017ee dobijanje op\u0161tine Na gradskom trgu u Gusinju \u2013 \u017eitelji Gusinja do\u010dekali op\u0161tinu uz vola na ra\u017enju Gusinje \u2013 srijeda, 26. februar, 2014. godine \u2013 bi\u0107e uklesani zlatnim slovima i brojevima. Bi\u0107e to istorijski dan za Gusinje i njegove gor\u0161take. Dan kada je ispravljena decenijska nepravda prema ovom kraju.<\/strong><\/p>\n<p>&#8211; Do\u010dekali smo i ovaj dan. Bila je velika nepravda prema ovom kraju kada su nam prije 60 godina prosto oteli op\u0161tinu tada\u0161nji mo\u0107nici.<\/p>\n<p>Nakon toga po\u010delo je masovno iseljavanje, isklju\u010divo iz ekonomskih razloga. Danas samo u Njujorku \u017eivi 30.000 Gusinjana, a ima ih \u0161irom svijeta. Prema podacima Milo\u0161a Velimirovi\u0107a, objavljenim daleke 1893. godine u Gusinju je bilo 1.600 ku\u0107a, a sa okolinom imalo je 23.804 stanovnika \u2013 kazao je poznati istori\u010dar, publicista i knji\u017eevnik Rizah Gruda, ro\u0111eni Gusinjanin koji \u017eivi i radi u Novom Pazaru.<\/p>\n<p><strong><a href=\"http:\/\/www.pobjeda.me\/2014\/03\/02\/zadovoljstvo-gusinjana-u-zavicaju-i-sirom-svijeta-zbog-povracaja-statusa-opstine-poslije-60-godina-ponovo-svoji-na-svome\/vo-na-raznju-na-trgu-u-gusinju\/\" rel=\"attachment wp-att-492289 slb_group[slb] slb slb_internal\"><img loading=\"lazy\" decoding=\"async\" title=\"Vo na raznju na trgu u Gusinju\" alt=\"Vo na raznju na trgu u Gusinju Zadovoljstvo Gusinjana u zavi\u010daju i \u0161irom svijeta zbog povra\u0107aja statusa op\u0161tine   Poslije 60 godina ponovo svoji na svome\" src=\"http:\/\/www.pobjeda.me\/wp-content\/uploads\/2014\/03\/Vo-na-raznju-na-trgu-u-Gusinju.jpg\" width=\"640\" height=\"480\" \/><\/a><\/strong><\/p>\n<p><strong>Slavlje uz vola na ra\u017enju<\/strong><\/p>\n<p>Na gradskom trgu na platou Gusinjani su ispekli vola u \u010dast op\u0161tine.<\/p>\n<p>Lokali su bili prepuni gostiju i organizovano pratili direktan prenos na TVCG iz Skup\u0161tine Crne Gore. Veselju nije bilo kraja kada se \u010dulo da je Gusinje dobilo op\u0161tinu. Prazni\u010dno raspolo\u017eenje se osje\u0107alo na svakom koraku. U zavi\u010daj su pored \u017eitelja stigli i nekoliko Gusinjana iz Njujorka i drugih zemalja. Do\u0161li su da obi\u0111u djedovska ognji\u0161ta, podsjete se mladosti, dru\u017ee sa kom\u0161ijama i prijateljima. Do\u0161li su da kona\u010dno, nakon 60 godina otkada je Gusinju oduzeta op\u0161tina, proslave povra\u0107aj statusa op\u0161tine Gusinju i po\u017eele sre\u0107niju budu\u0107nost ljudima u ovom kraju.<\/p>\n<p>&#8211; Nijesam \u017ealila truda i para da pre\u0111em na hiljade kilometara i \u201eskoknem\u201c do mojeg Gusinja i proslavim zajedno sa mojim Gusinjcima povra\u0107aj op\u0161tine. Vjerujte da sam presre\u0107na \u2013 ka\u017ee Nusreta \u010ceki\u0107, ro\u0111ena Gusinjanka koja dugo godina \u017eivi i radi u Njujorku.<\/p>\n<p><a href=\"http:\/\/www.pobjeda.me\/2014\/03\/02\/zadovoljstvo-gusinjana-u-zavicaju-i-sirom-svijeta-zbog-povracaja-statusa-opstine-poslije-60-godina-ponovo-svoji-na-svome\/buduci-izgled-zgrade-opstine-gusinje\/\" rel=\"attachment wp-att-492290 slb_group[slb] slb slb_internal\"><img loading=\"lazy\" decoding=\"async\" title=\"Buduci izgled zgrade opstine Gusinje\" alt=\"Buduci izgled zgrade opstine Gusinje Zadovoljstvo Gusinjana u zavi\u010daju i \u0161irom svijeta zbog povra\u0107aja statusa op\u0161tine   Poslije 60 godina ponovo svoji na svome\" src=\"http:\/\/www.pobjeda.me\/wp-content\/uploads\/2014\/03\/Buduci-izgled-zgrade-opstine-Gusinje.jpg\" width=\"640\" height=\"485\" \/><\/a><\/p>\n<p>Budu\u0107i izgled zgrade op\u0161tine Gusinje<\/p>\n<p>&nbsp;<\/p>\n<p><strong>Pokrenu\u0107emo sve svoje snage<\/strong><\/p>\n<p>&#8211; Na\u0161a dijaspora posebno u Njujorku gdje ima nekoliko desetina hiljada Gusinjana, uvjeren sam da \u0107e pokrenuti sve svoje snage da materijalno pomogne svoju op\u0161tinu. U prvom redu mislim na otvaranje novih radnih mjesta, ure\u0111enje Alipa\u0161inih izvora, vodopada i kanjona Grlja, prirodnog bisera Oka Skakavice, ali i realizaciju mnogih drugih projekata iz oblasti turizma \u2013 ka\u017ee Suad Ibrahimagi\u0107.<\/p>\n<p>I Ines Muli\u0107 sa optimizmom gleda na razvoj nove op\u0161tine Gusinje.<\/p>\n<p>&#8211; Izgradnjom puta Gusinje \u2013 Podgorica preko teritorije Republike Albanije, koji je znatno bezbjedniji i tri puta kra\u0107i od postoje\u0107eg, \u010dija je du\u017eina svega 64 kilometra, otvaranjem nekoliko proizvodnih pogona gdje \u0107e mladi ljudi na\u0107i zaposlenje, stvaraju se uslovi za br\u017ei ekonomski i svaki drugi razvoj \u2013 isti\u010de mlada Ines Muli\u0107.<\/p>\n<p>Nastavak radova na zgradi op\u0161tine Gusinje \u2013 prioritet svih prioriteta po\u010detkom gra\u0111evinske sezone ovdje se o\u010dekuje da se nastave radovi na rekonstrukciji zgrade za potrebe op\u0161tinske administracije. Sve do tada na\u0107i \u0107e se neka druga alternativna rje\u0161enja, kako bi se smjestila op\u0161tinska administracija.<\/p>\n<p>Predsjednik Inicijativnog odbora za povra\u0107aj statusa op\u0161tine Gusinju, dr Rusmin Lali\u010di\u0107 isti\u010de da su se radovi na rekonstruzkciji ove zgrade otegli u nedogled. Bilo je planirano da se radovi zavr\u0161e za 55 radnih dana, a pro\u0161lo je ve\u0107 vi\u0161e od \u010detiri godine. Postoje neki nagovje\u0161taji da \u0107e radove nastaviti Direkcija za javne radove Crne Gore, ali se pla\u0161imo da svi ovi poslovi oko gradnje zgrade padnu na teret Gusinja i Gusinjana, i drugih donatora.<\/p>\n<p>Predsjednik Upravnog odbora Fondacije \u201eGusinje\u201c u Njujorku, Etem Kolenovi\u0107, pun je optimizma kada je rije\u010d o razvoju nove op\u0161tine Gusinje.<\/p>\n<p><strong>Podr\u0161ka i pomo\u0107<\/strong><\/p>\n<p>\u010cinimo sve da pomognemo na\u0161em zavi\u010daju. Svi koliko nas ima u svijetu moramo usmjeriti napore ka br\u017eem ekonomskom probra\u017eaju op\u0161tine Gusinje. Moraju se iskoristiti\u00a0 sve mogu\u0107nosti za br\u017ei razvoj turizma, poljoprivrede, drvoprerade, iskori\u0161\u0107avanje hidro-potencijala, otvaranje novih pogona, a inicirali smo i otvaranje srednje \u0161kole gdje bi se \u0161kolovali potrebni kadrovi. Mi iz dijaspore da\u0107emo svoj puni doprinos i podr\u0161ku, a nadamo se da \u0107e nas i dr\u017eava Crna Gora ispratiti i dati finansijsku podr\u0161ku. Po nama pitanje svih pitanja je izgradnja puta Gusinje \u2013 Podgorica. Povezivanje sa glavnim gradom i Primorjem mnogo bi zna\u010dilo ne samo za op\u0161tinu Gusinje, ve\u0107 i za \u010ditav region, kazao je Kolenovi\u0107.<\/p>\n<p>Sada Gusinjanima ostaje da slave i pripremaju se za bolje sjutra, jer ne\u0107e biti lako vra\u0107anje starog sjaja. O\u010dekivanja su velika, izazovi te\u0161ki, ali Gusinje i Gusinjani se nadaju boljem sjutra. Svakako dolaze bolji dani. I novi \u017eivot.<\/p>\n<p>I Ibrahim Omeragi\u0107, predsjednik izbornog \u0161taba gusinjskog DPS-a je optimisti\u010dki raspolo\u017een, kada je u pitanju budu\u0107nost Gusinja.<\/p>\n<p>&#8211; Prirodni i privredni resursi gusinjskog kraja \u010dine okosnicu br\u017eeg ekonomskog razvoja. Poljoprivreda, turizam, drvoprerada, hidropotencijal i put Gusinje-Podgorica preko Albanije su preduslov da se krene sa mrtve ta\u010dke. Obradive zemlje je oko 8.000 hektara njiva koje su danas ba\u0161te, livade i utrine. Sve ovo treba \u0161to prije pretvoriti u obradive povr\u0161ine. Treba dinamizirati gra\u0111evinske radove na izgradnji puta do Podgorice u cilju \u0161to bolje saobra\u0107ajne povezanosti. Ljudi iz dijaspore su kupili biv\u0161u zgradu fabrike ,, Titeks\u201c u kojoj \u0107e kako se o\u010dekuje biti tri proizvodne linije \u2013 prerada krompira, pakovanje vo\u0107a i ljeko bilja i mlije\u010dnih proizvoda, gdje \u0107e se uposliti ve\u0107inom mladih ljudi. Gusinje sa svojim prirodnim biserima uz izgradnju potrebnih turisti\u010dkih sadr\u017eaja mo\u017ee vrlo brzo postati zna\u010dajna turisti\u010dka destinacija. Tu su i izvanredni uslovi za razvoj ljetnjeg i zimskog turizma. Izvanredni smu\u010darski tereni na planinama Popadija i Bor Radon\u010di\u0107a i izgradnja potrebnih infrastrukturnih sadr\u017eaja (ski-lift, \u017ei\u010dara i put) kao i drugih prate\u0107ih sadr\u017eaja mo\u017ee ovaj kraj pribli\u017eiti da bude zimski centar sli\u010dan onima u podno\u017eju Alpa \u2013 ka\u017ee Omeragi\u0107.<\/p>\n<p>Kako je kazao, sada predstoje izbori, konstituisanje vlasti, izrada projekata i druge aktivnosti koje \u010dekaju svaku loklnu vlast. Naravno da pomo\u0107 na samom startu o\u010dekujemo od Vlade Crne Gore, koja, sigurni smo, ne\u0107e izostati, kao i pomo\u0107 od na\u0161e mnogobrojne dijaspore, naglasio je Omeragi\u0107.<\/p>\n<p>Za budu\u0107eg prvog predsjednika op\u0161tine Gusinje ve\u0107 je kupljen \u201emercedes\u201c u Njujorku, a donator je Refik Radon\u010di\u0107, poznati biznismen u Njujorku ina\u010de ro\u0111eni Gusinjanin.<\/p>\n<p>(pobjeda)<\/p>\n","protected":false},"excerpt":{"rendered":"<p>Gusinje &#8211;\u00a0Gusinje je 23.op\u0161tina u Crnoj Gori \u2013 odlu\u010dila je Skup\u0161tina Crne Gore 26. februara ove godine, usvajanjem izmjena Zakona o teritorijalnoj organizaciji Crne Gore Odluku crnogorskog parlamenta u prazni\u010dnoj atmosferi pozdravili su i Gusinjani koji \u017eive \u0161irom svijeta, a neki su do\u0161li u rodni kraj da sa rodbinom obilje\u017ee dobijanje op\u0161tine Na gradskom trgu [&hellip;]<\/p>\n","protected":false},"author":83,"featured_media":102444,"comment_status":"open","ping_status":"open","sticky":false,"template":"","format":"standard","meta":{"footnotes":""},"categories":[5,10173],"tags":[],"class_list":{"0":"post-102443","1":"post","2":"type-post","3":"status-publish","4":"format-standard","5":"has-post-thumbnail","7":"category-drustvo","8":"category-gusinje-vase-vijesti"},"yoast_head":"<!-- This site is optimized with the Yoast SEO Premium plugin v23.1 (Yoast SEO v24.9) - https:\/\/yoast.com\/wordpress\/plugins\/seo\/ -->\n<title>Zadovoljstvo Gusinjana u zavi\u010daju i \u0161irom svijeta zbog povra\u0107aja statusa op\u0161tine \u2013 Poslije 60 godina ponovo svoji na svome<\/title>\n<meta name=\"robots\" content=\"index, follow, max-snippet:-1, max-image-preview:large, max-video-preview:-1\" \/>\n<link rel=\"canonical\" href=\"https:\/\/sandzakpress.net\/arhiva\/zadovoljstvo-gusinjana-u-zavicaju-i-sirom-svijeta-zbog-povracaja-statusa-opstine-poslije-60-godina-ponovo-svoji-na-svome\/\" \/>\n<meta property=\"og:locale\" content=\"bs_BA\" \/>\n<meta property=\"og:type\" content=\"article\" \/>\n<meta property=\"og:title\" content=\"Zadovoljstvo Gusinjana u zavi\u010daju i \u0161irom svijeta zbog povra\u0107aja statusa op\u0161tine \u2013 Poslije 60 godina ponovo svoji na svome\" \/>\n<meta property=\"og:description\" content=\"Gusinje &#8211;\u00a0Gusinje je 23.op\u0161tina u Crnoj Gori \u2013 odlu\u010dila je Skup\u0161tina Crne Gore 26. februara ove godine, usvajanjem izmjena Zakona o teritorijalnoj organizaciji Crne Gore Odluku crnogorskog parlamenta u prazni\u010dnoj atmosferi pozdravili su i Gusinjani koji \u017eive \u0161irom svijeta, a neki su do\u0161li u rodni kraj da sa rodbinom obilje\u017ee dobijanje op\u0161tine Na gradskom trgu [&hellip;]\" \/>\n<meta property=\"og:url\" content=\"https:\/\/sandzakpress.net\/arhiva\/zadovoljstvo-gusinjana-u-zavicaju-i-sirom-svijeta-zbog-povracaja-statusa-opstine-poslije-60-godina-ponovo-svoji-na-svome\/\" \/>\n<meta property=\"og:site_name\" content=\"Sand\u017eak PRESS\" \/>\n<meta property=\"article:published_time\" content=\"2014-03-04T18:53:18+00:00\" \/>\n<meta property=\"og:image\" content=\"https:\/\/sandzakpress.net\/arhiva\/wp-content\/uploads\/2014\/03\/Slavlje-na-ulicama-Gusinja.jpg\" \/>\n\t<meta property=\"og:image:width\" content=\"640\" \/>\n\t<meta property=\"og:image:height\" content=\"480\" \/>\n\t<meta property=\"og:image:type\" content=\"image\/jpeg\" \/>\n<meta name=\"author\" content=\"bosniak\" \/>\n<meta name=\"twitter:card\" content=\"summary_large_image\" \/>\n<meta name=\"twitter:label1\" content=\"Written by\" \/>\n\t<meta name=\"twitter:data1\" content=\"bosniak\" \/>\n\t<meta name=\"twitter:label2\" content=\"Est. reading time\" \/>\n\t<meta name=\"twitter:data2\" content=\"6 minuta\" \/>\n<script type=\"application\/ld+json\" class=\"yoast-schema-graph\">{\"@context\":\"https:\/\/schema.org\",\"@graph\":[{\"@type\":\"Article\",\"@id\":\"https:\/\/sandzakpress.net\/arhiva\/zadovoljstvo-gusinjana-u-zavicaju-i-sirom-svijeta-zbog-povracaja-statusa-opstine-poslije-60-godina-ponovo-svoji-na-svome\/#article\",\"isPartOf\":{\"@id\":\"https:\/\/sandzakpress.net\/arhiva\/zadovoljstvo-gusinjana-u-zavicaju-i-sirom-svijeta-zbog-povracaja-statusa-opstine-poslije-60-godina-ponovo-svoji-na-svome\/\"},\"author\":{\"name\":\"bosniak\",\"@id\":\"https:\/\/sandzakpress.net\/arhiva\/#\/schema\/person\/c8baee722073534b583ea7bdb2e36c02\"},\"headline\":\"Zadovoljstvo Gusinjana u zavi\u010daju i \u0161irom svijeta zbog povra\u0107aja statusa op\u0161tine \u2013 Poslije 60 godina ponovo svoji na svome\",\"datePublished\":\"2014-03-04T18:53:18+00:00\",\"mainEntityOfPage\":{\"@id\":\"https:\/\/sandzakpress.net\/arhiva\/zadovoljstvo-gusinjana-u-zavicaju-i-sirom-svijeta-zbog-povracaja-statusa-opstine-poslije-60-godina-ponovo-svoji-na-svome\/\"},\"wordCount\":1142,\"commentCount\":0,\"publisher\":{\"@id\":\"https:\/\/sandzakpress.net\/arhiva\/#\/schema\/person\/6e72b67d6e51910a1117b3b483ba20bd\"},\"image\":{\"@id\":\"https:\/\/sandzakpress.net\/arhiva\/zadovoljstvo-gusinjana-u-zavicaju-i-sirom-svijeta-zbog-povracaja-statusa-opstine-poslije-60-godina-ponovo-svoji-na-svome\/#primaryimage\"},\"thumbnailUrl\":\"https:\/\/sandzakpress.net\/arhiva\/wp-content\/uploads\/2014\/03\/Slavlje-na-ulicama-Gusinja.jpg\",\"articleSection\":[\"Dru\u0161tvo\",\"Gusinje\"],\"inLanguage\":\"bs-BA\",\"potentialAction\":[{\"@type\":\"CommentAction\",\"name\":\"Comment\",\"target\":[\"https:\/\/sandzakpress.net\/arhiva\/zadovoljstvo-gusinjana-u-zavicaju-i-sirom-svijeta-zbog-povracaja-statusa-opstine-poslije-60-godina-ponovo-svoji-na-svome\/#respond\"]}]},{\"@type\":\"WebPage\",\"@id\":\"https:\/\/sandzakpress.net\/arhiva\/zadovoljstvo-gusinjana-u-zavicaju-i-sirom-svijeta-zbog-povracaja-statusa-opstine-poslije-60-godina-ponovo-svoji-na-svome\/\",\"url\":\"https:\/\/sandzakpress.net\/arhiva\/zadovoljstvo-gusinjana-u-zavicaju-i-sirom-svijeta-zbog-povracaja-statusa-opstine-poslije-60-godina-ponovo-svoji-na-svome\/\",\"name\":\"Zadovoljstvo Gusinjana u zavi\u010daju i \u0161irom svijeta zbog povra\u0107aja statusa op\u0161tine \u2013 Poslije 60 godina ponovo svoji na svome\",\"isPartOf\":{\"@id\":\"https:\/\/sandzakpress.net\/arhiva\/#website\"},\"primaryImageOfPage\":{\"@id\":\"https:\/\/sandzakpress.net\/arhiva\/zadovoljstvo-gusinjana-u-zavicaju-i-sirom-svijeta-zbog-povracaja-statusa-opstine-poslije-60-godina-ponovo-svoji-na-svome\/#primaryimage\"},\"image\":{\"@id\":\"https:\/\/sandzakpress.net\/arhiva\/zadovoljstvo-gusinjana-u-zavicaju-i-sirom-svijeta-zbog-povracaja-statusa-opstine-poslije-60-godina-ponovo-svoji-na-svome\/#primaryimage\"},\"thumbnailUrl\":\"https:\/\/sandzakpress.net\/arhiva\/wp-content\/uploads\/2014\/03\/Slavlje-na-ulicama-Gusinja.jpg\",\"datePublished\":\"2014-03-04T18:53:18+00:00\",\"breadcrumb\":{\"@id\":\"https:\/\/sandzakpress.net\/arhiva\/zadovoljstvo-gusinjana-u-zavicaju-i-sirom-svijeta-zbog-povracaja-statusa-opstine-poslije-60-godina-ponovo-svoji-na-svome\/#breadcrumb\"},\"inLanguage\":\"bs-BA\",\"potentialAction\":[{\"@type\":\"ReadAction\",\"target\":[\"https:\/\/sandzakpress.net\/arhiva\/zadovoljstvo-gusinjana-u-zavicaju-i-sirom-svijeta-zbog-povracaja-statusa-opstine-poslije-60-godina-ponovo-svoji-na-svome\/\"]}]},{\"@type\":\"ImageObject\",\"inLanguage\":\"bs-BA\",\"@id\":\"https:\/\/sandzakpress.net\/arhiva\/zadovoljstvo-gusinjana-u-zavicaju-i-sirom-svijeta-zbog-povracaja-statusa-opstine-poslije-60-godina-ponovo-svoji-na-svome\/#primaryimage\",\"url\":\"https:\/\/sandzakpress.net\/arhiva\/wp-content\/uploads\/2014\/03\/Slavlje-na-ulicama-Gusinja.jpg\",\"contentUrl\":\"https:\/\/sandzakpress.net\/arhiva\/wp-content\/uploads\/2014\/03\/Slavlje-na-ulicama-Gusinja.jpg\",\"width\":640,\"height\":480},{\"@type\":\"BreadcrumbList\",\"@id\":\"https:\/\/sandzakpress.net\/arhiva\/zadovoljstvo-gusinjana-u-zavicaju-i-sirom-svijeta-zbog-povracaja-statusa-opstine-poslije-60-godina-ponovo-svoji-na-svome\/#breadcrumb\",\"itemListElement\":[{\"@type\":\"ListItem\",\"position\":1,\"name\":\"Home\",\"item\":\"https:\/\/sandzakpress.net\/arhiva\/\"},{\"@type\":\"ListItem\",\"position\":2,\"name\":\"Zadovoljstvo Gusinjana u zavi\u010daju i \u0161irom svijeta zbog povra\u0107aja statusa op\u0161tine \u2013 Poslije 60 godina ponovo svoji na svome\"}]},{\"@type\":\"WebSite\",\"@id\":\"https:\/\/sandzakpress.net\/arhiva\/#website\",\"url\":\"https:\/\/sandzakpress.net\/arhiva\/\",\"name\":\"Sand\u017eak PRESS\",\"description\":\"Prve elektronske novine u Sand\u017eaku\",\"publisher\":{\"@id\":\"https:\/\/sandzakpress.net\/arhiva\/#\/schema\/person\/6e72b67d6e51910a1117b3b483ba20bd\"},\"potentialAction\":[{\"@type\":\"SearchAction\",\"target\":{\"@type\":\"EntryPoint\",\"urlTemplate\":\"https:\/\/sandzakpress.net\/arhiva\/?s={search_term_string}\"},\"query-input\":{\"@type\":\"PropertyValueSpecification\",\"valueRequired\":true,\"valueName\":\"search_term_string\"}}],\"inLanguage\":\"bs-BA\"},{\"@type\":[\"Person\",\"Organization\"],\"@id\":\"https:\/\/sandzakpress.net\/arhiva\/#\/schema\/person\/6e72b67d6e51910a1117b3b483ba20bd\",\"name\":\"Kul\",\"image\":{\"@type\":\"ImageObject\",\"inLanguage\":\"bs-BA\",\"@id\":\"https:\/\/sandzakpress.net\/arhiva\/#\/schema\/person\/image\/\",\"url\":\"https:\/\/secure.gravatar.com\/avatar\/42263f39aa27ac04c43cab85c280eb2e?s=96&d=mm&r=pg\",\"contentUrl\":\"https:\/\/secure.gravatar.com\/avatar\/42263f39aa27ac04c43cab85c280eb2e?s=96&d=mm&r=pg\",\"caption\":\"Kul\"},\"logo\":{\"@id\":\"https:\/\/sandzakpress.net\/arhiva\/#\/schema\/person\/image\/\"}},{\"@type\":\"Person\",\"@id\":\"https:\/\/sandzakpress.net\/arhiva\/#\/schema\/person\/c8baee722073534b583ea7bdb2e36c02\",\"name\":\"bosniak\",\"image\":{\"@type\":\"ImageObject\",\"inLanguage\":\"bs-BA\",\"@id\":\"https:\/\/sandzakpress.net\/arhiva\/#\/schema\/person\/image\/\",\"url\":\"https:\/\/secure.gravatar.com\/avatar\/a04fd330bfe3a36a72a0ad4a6d89fca7?s=96&d=mm&r=pg\",\"contentUrl\":\"https:\/\/secure.gravatar.com\/avatar\/a04fd330bfe3a36a72a0ad4a6d89fca7?s=96&d=mm&r=pg\",\"caption\":\"bosniak\"},\"url\":\"https:\/\/sandzakpress.net\/arhiva\/author\/bosniak\/\"}]}<\/script>\n<!-- \/ Yoast SEO Premium plugin. -->","yoast_head_json":{"title":"Zadovoljstvo Gusinjana u zavi\u010daju i \u0161irom svijeta zbog povra\u0107aja statusa op\u0161tine \u2013 Poslije 60 godina ponovo svoji na svome","robots":{"index":"index","follow":"follow","max-snippet":"max-snippet:-1","max-image-preview":"max-image-preview:large","max-video-preview":"max-video-preview:-1"},"canonical":"https:\/\/sandzakpress.net\/arhiva\/zadovoljstvo-gusinjana-u-zavicaju-i-sirom-svijeta-zbog-povracaja-statusa-opstine-poslije-60-godina-ponovo-svoji-na-svome\/","og_locale":"bs_BA","og_type":"article","og_title":"Zadovoljstvo Gusinjana u zavi\u010daju i \u0161irom svijeta zbog povra\u0107aja statusa op\u0161tine \u2013 Poslije 60 godina ponovo svoji na svome","og_description":"Gusinje &#8211;\u00a0Gusinje je 23.op\u0161tina u Crnoj Gori \u2013 odlu\u010dila je Skup\u0161tina Crne Gore 26. februara ove godine, usvajanjem izmjena Zakona o teritorijalnoj organizaciji Crne Gore Odluku crnogorskog parlamenta u prazni\u010dnoj atmosferi pozdravili su i Gusinjani koji \u017eive \u0161irom svijeta, a neki su do\u0161li u rodni kraj da sa rodbinom obilje\u017ee dobijanje op\u0161tine Na gradskom trgu [&hellip;]","og_url":"https:\/\/sandzakpress.net\/arhiva\/zadovoljstvo-gusinjana-u-zavicaju-i-sirom-svijeta-zbog-povracaja-statusa-opstine-poslije-60-godina-ponovo-svoji-na-svome\/","og_site_name":"Sand\u017eak PRESS","article_published_time":"2014-03-04T18:53:18+00:00","og_image":[{"width":640,"height":480,"url":"https:\/\/sandzakpress.net\/arhiva\/wp-content\/uploads\/2014\/03\/Slavlje-na-ulicama-Gusinja.jpg","type":"image\/jpeg"}],"author":"bosniak","twitter_card":"summary_large_image","twitter_misc":{"Written by":"bosniak","Est. reading time":"6 minuta"},"schema":{"@context":"https:\/\/schema.org","@graph":[{"@type":"Article","@id":"https:\/\/sandzakpress.net\/arhiva\/zadovoljstvo-gusinjana-u-zavicaju-i-sirom-svijeta-zbog-povracaja-statusa-opstine-poslije-60-godina-ponovo-svoji-na-svome\/#article","isPartOf":{"@id":"https:\/\/sandzakpress.net\/arhiva\/zadovoljstvo-gusinjana-u-zavicaju-i-sirom-svijeta-zbog-povracaja-statusa-opstine-poslije-60-godina-ponovo-svoji-na-svome\/"},"author":{"name":"bosniak","@id":"https:\/\/sandzakpress.net\/arhiva\/#\/schema\/person\/c8baee722073534b583ea7bdb2e36c02"},"headline":"Zadovoljstvo Gusinjana u zavi\u010daju i \u0161irom svijeta zbog povra\u0107aja statusa op\u0161tine \u2013 Poslije 60 godina ponovo svoji na svome","datePublished":"2014-03-04T18:53:18+00:00","mainEntityOfPage":{"@id":"https:\/\/sandzakpress.net\/arhiva\/zadovoljstvo-gusinjana-u-zavicaju-i-sirom-svijeta-zbog-povracaja-statusa-opstine-poslije-60-godina-ponovo-svoji-na-svome\/"},"wordCount":1142,"commentCount":0,"publisher":{"@id":"https:\/\/sandzakpress.net\/arhiva\/#\/schema\/person\/6e72b67d6e51910a1117b3b483ba20bd"},"image":{"@id":"https:\/\/sandzakpress.net\/arhiva\/zadovoljstvo-gusinjana-u-zavicaju-i-sirom-svijeta-zbog-povracaja-statusa-opstine-poslije-60-godina-ponovo-svoji-na-svome\/#primaryimage"},"thumbnailUrl":"https:\/\/sandzakpress.net\/arhiva\/wp-content\/uploads\/2014\/03\/Slavlje-na-ulicama-Gusinja.jpg","articleSection":["Dru\u0161tvo","Gusinje"],"inLanguage":"bs-BA","potentialAction":[{"@type":"CommentAction","name":"Comment","target":["https:\/\/sandzakpress.net\/arhiva\/zadovoljstvo-gusinjana-u-zavicaju-i-sirom-svijeta-zbog-povracaja-statusa-opstine-poslije-60-godina-ponovo-svoji-na-svome\/#respond"]}]},{"@type":"WebPage","@id":"https:\/\/sandzakpress.net\/arhiva\/zadovoljstvo-gusinjana-u-zavicaju-i-sirom-svijeta-zbog-povracaja-statusa-opstine-poslije-60-godina-ponovo-svoji-na-svome\/","url":"https:\/\/sandzakpress.net\/arhiva\/zadovoljstvo-gusinjana-u-zavicaju-i-sirom-svijeta-zbog-povracaja-statusa-opstine-poslije-60-godina-ponovo-svoji-na-svome\/","name":"Zadovoljstvo Gusinjana u zavi\u010daju i \u0161irom svijeta zbog povra\u0107aja statusa op\u0161tine \u2013 Poslije 60 godina ponovo svoji na svome","isPartOf":{"@id":"https:\/\/sandzakpress.net\/arhiva\/#website"},"primaryImageOfPage":{"@id":"https:\/\/sandzakpress.net\/arhiva\/zadovoljstvo-gusinjana-u-zavicaju-i-sirom-svijeta-zbog-povracaja-statusa-opstine-poslije-60-godina-ponovo-svoji-na-svome\/#primaryimage"},"image":{"@id":"https:\/\/sandzakpress.net\/arhiva\/zadovoljstvo-gusinjana-u-zavicaju-i-sirom-svijeta-zbog-povracaja-statusa-opstine-poslije-60-godina-ponovo-svoji-na-svome\/#primaryimage"},"thumbnailUrl":"https:\/\/sandzakpress.net\/arhiva\/wp-content\/uploads\/2014\/03\/Slavlje-na-ulicama-Gusinja.jpg","datePublished":"2014-03-04T18:53:18+00:00","breadcrumb":{"@id":"https:\/\/sandzakpress.net\/arhiva\/zadovoljstvo-gusinjana-u-zavicaju-i-sirom-svijeta-zbog-povracaja-statusa-opstine-poslije-60-godina-ponovo-svoji-na-svome\/#breadcrumb"},"inLanguage":"bs-BA","potentialAction":[{"@type":"ReadAction","target":["https:\/\/sandzakpress.net\/arhiva\/zadovoljstvo-gusinjana-u-zavicaju-i-sirom-svijeta-zbog-povracaja-statusa-opstine-poslije-60-godina-ponovo-svoji-na-svome\/"]}]},{"@type":"ImageObject","inLanguage":"bs-BA","@id":"https:\/\/sandzakpress.net\/arhiva\/zadovoljstvo-gusinjana-u-zavicaju-i-sirom-svijeta-zbog-povracaja-statusa-opstine-poslije-60-godina-ponovo-svoji-na-svome\/#primaryimage","url":"https:\/\/sandzakpress.net\/arhiva\/wp-content\/uploads\/2014\/03\/Slavlje-na-ulicama-Gusinja.jpg","contentUrl":"https:\/\/sandzakpress.net\/arhiva\/wp-content\/uploads\/2014\/03\/Slavlje-na-ulicama-Gusinja.jpg","width":640,"height":480},{"@type":"BreadcrumbList","@id":"https:\/\/sandzakpress.net\/arhiva\/zadovoljstvo-gusinjana-u-zavicaju-i-sirom-svijeta-zbog-povracaja-statusa-opstine-poslije-60-godina-ponovo-svoji-na-svome\/#breadcrumb","itemListElement":[{"@type":"ListItem","position":1,"name":"Home","item":"https:\/\/sandzakpress.net\/arhiva\/"},{"@type":"ListItem","position":2,"name":"Zadovoljstvo Gusinjana u zavi\u010daju i \u0161irom svijeta zbog povra\u0107aja statusa op\u0161tine \u2013 Poslije 60 godina ponovo svoji na svome"}]},{"@type":"WebSite","@id":"https:\/\/sandzakpress.net\/arhiva\/#website","url":"https:\/\/sandzakpress.net\/arhiva\/","name":"Sand\u017eak PRESS","description":"Prve elektronske novine u Sand\u017eaku","publisher":{"@id":"https:\/\/sandzakpress.net\/arhiva\/#\/schema\/person\/6e72b67d6e51910a1117b3b483ba20bd"},"potentialAction":[{"@type":"SearchAction","target":{"@type":"EntryPoint","urlTemplate":"https:\/\/sandzakpress.net\/arhiva\/?s={search_term_string}"},"query-input":{"@type":"PropertyValueSpecification","valueRequired":true,"valueName":"search_term_string"}}],"inLanguage":"bs-BA"},{"@type":["Person","Organization"],"@id":"https:\/\/sandzakpress.net\/arhiva\/#\/schema\/person\/6e72b67d6e51910a1117b3b483ba20bd","name":"Kul","image":{"@type":"ImageObject","inLanguage":"bs-BA","@id":"https:\/\/sandzakpress.net\/arhiva\/#\/schema\/person\/image\/","url":"https:\/\/secure.gravatar.com\/avatar\/42263f39aa27ac04c43cab85c280eb2e?s=96&d=mm&r=pg","contentUrl":"https:\/\/secure.gravatar.com\/avatar\/42263f39aa27ac04c43cab85c280eb2e?s=96&d=mm&r=pg","caption":"Kul"},"logo":{"@id":"https:\/\/sandzakpress.net\/arhiva\/#\/schema\/person\/image\/"}},{"@type":"Person","@id":"https:\/\/sandzakpress.net\/arhiva\/#\/schema\/person\/c8baee722073534b583ea7bdb2e36c02","name":"bosniak","image":{"@type":"ImageObject","inLanguage":"bs-BA","@id":"https:\/\/sandzakpress.net\/arhiva\/#\/schema\/person\/image\/","url":"https:\/\/secure.gravatar.com\/avatar\/a04fd330bfe3a36a72a0ad4a6d89fca7?s=96&d=mm&r=pg","contentUrl":"https:\/\/secure.gravatar.com\/avatar\/a04fd330bfe3a36a72a0ad4a6d89fca7?s=96&d=mm&r=pg","caption":"bosniak"},"url":"https:\/\/sandzakpress.net\/arhiva\/author\/bosniak\/"}]}},"_links":{"self":[{"href":"https:\/\/sandzakpress.net\/arhiva\/wp-json\/wp\/v2\/posts\/102443"}],"collection":[{"href":"https:\/\/sandzakpress.net\/arhiva\/wp-json\/wp\/v2\/posts"}],"about":[{"href":"https:\/\/sandzakpress.net\/arhiva\/wp-json\/wp\/v2\/types\/post"}],"author":[{"embeddable":true,"href":"https:\/\/sandzakpress.net\/arhiva\/wp-json\/wp\/v2\/users\/83"}],"replies":[{"embeddable":true,"href":"https:\/\/sandzakpress.net\/arhiva\/wp-json\/wp\/v2\/comments?post=102443"}],"version-history":[{"count":0,"href":"https:\/\/sandzakpress.net\/arhiva\/wp-json\/wp\/v2\/posts\/102443\/revisions"}],"wp:featuredmedia":[{"embeddable":true,"href":"https:\/\/sandzakpress.net\/arhiva\/wp-json\/wp\/v2\/media\/102444"}],"wp:attachment":[{"href":"https:\/\/sandzakpress.net\/arhiva\/wp-json\/wp\/v2\/media?parent=102443"}],"wp:term":[{"taxonomy":"category","embeddable":true,"href":"https:\/\/sandzakpress.net\/arhiva\/wp-json\/wp\/v2\/categories?post=102443"},{"taxonomy":"post_tag","embeddable":true,"href":"https:\/\/sandzakpress.net\/arhiva\/wp-json\/wp\/v2\/tags?post=102443"}],"curies":[{"name":"wp","href":"https:\/\/api.w.org\/{rel}","templated":true}]}}