{"id":102414,"date":"2014-03-04T18:59:42","date_gmt":"2014-03-04T17:59:42","guid":{"rendered":"https:\/\/sandzakpress.net\/arhiva\/?p=102414"},"modified":"2014-03-04T18:59:42","modified_gmt":"2014-03-04T17:59:42","slug":"nacin-deponovanja-smeca-na-lokaciji-jerina-uznemirio-zitelje-martinovica","status":"publish","type":"post","link":"https:\/\/sandzakpress.net\/arhiva\/nacin-deponovanja-smeca-na-lokaciji-jerina-uznemirio-zitelje-martinovica\/","title":{"rendered":"Na\u010din deponovanja sme\u0107a na lokaciji Jerina uznemirio \u017eitelje Martinovi\u0107a"},"content":{"rendered":"<p><img loading=\"lazy\" decoding=\"async\" class=\"alignleft size-medium wp-image-18847\" alt=\"\" src=\"http:\/\/gusinjefoundation.info\/wp-content\/uploads\/2014\/03\/jerina-300x222.jpg\" width=\"300\" height=\"222\" \/><\/p>\n<p><strong>Gusinje &#8211; Lo\u00adka\u00adci\u00adja na Je\u00adri\u00adni kod Mar\u00adti\u00adno\u00advi\u00ad\u0107a na\u00admi\u00adje\u00adnje\u00adna za de\u00adpo\u00adno\u00adva\u00adnje ko\u00admu\u00adnal\u00adnog ot\u00adpa\u00adda do 2016. go\u00addi\u00adne, po\u00adno\u00advo je uz\u00adne\u00admi\u00adri\u00adla \u017ei\u00adte\u00adlje tog pro\u00adsto\u00adra. Mje\u00ad\u0161ta\u00adni tvr\u00adde da ni\u00ad\u0161ta ni\u00adje is\u00adpo\u00ad\u0161to\u00adva\u00adno od ono\u00adga \u0161to je tre\u00adba\u00adlo i o \u010de\u00admu je go\u00advo\u00adre\u00adno, ka\u00adko de\u00adpo\u00adni\u00adja ne\u00adbi pred\u00adsta\u00advlja\u00adla opa\u00adsnost po sta\u00adnov\u00adni\u00ad\u0161tvo, bilj\u00adni i \u017ei\u00advo\u00adtinj\u00adski svi\u00adjet.<\/strong><\/p>\n<p>Oni na\u00adgla\u00ad\u0161a\u00adva\u00adju da je lo\u00adka\u00adci\u00adja, od\u00adno\u00adsno udo\u00adli\u00adna po\u00adve\u00ad\u0107ih di\u00admen\u00adzi\u00adja, ko\u00adja je tre\u00adba\u00adlo da slu\u00ad\u017ei na\u00admje\u00adni od\u00adla\u00adga\u00adnja sme\u00ad\u0107a pot\u00adpu\u00adno pra\u00adzna, a ot\u00adpad se na\u00adla\u00adzi na ivi\u00adci udo\u00adli\u00adne i du\u017e pu\u00adta ko\u00adji pro\u00adla\u00adzi jo\u0161 ne\u00adkih sto\u00adti\u00adnak me\u00adta\u00adra. Na sme\u00adtli\u00ad\u0161tu je sve\u00adga i sva\u00ad\u010de\u00adga, a oko\u00adli\u00adnom se \u0161i\u00adri ne\u00adsno\u00adsan smrad ko\u00adji se osje\u00ad\u0107a i na ve\u00ad\u0107oj uda\u00adlje\u00adno\u00adsti.<\/p>\n<p>&#8211; Lo\u00adkal\u00adna upr\u00adva i nje\u00adni \u010del\u00adni\u00adci ni\u00adsu ni\u00ad\u0161ta is\u00adpo\u00ad\u0161to\u00adva\u00adli od onog \u0161to smo se do\u00adgo\u00advo\u00adri\u00adli, a po\u00adgo\u00adto\u00advo ne ono \u0161to pred\u00advi\u00ad\u0111a za\u00adkon o de\u00adpo\u00adni\u00adja\u00adma. Re\u00adkli su da \u0107e se ov\u00addje od\u00adla\u00adga\u00adti sa\u00admo \u010dvr\u00adsti ko\u00admu\u00adnal\u00adni ot\u00adpad, da \u0107e tu bi\u00adti va\u00adga za mje\u00adre\u00adnje ko\u00adli\u00ad\u010di\u00adne sme\u00ad\u0107a.<\/p>\n<p>Od sve\u00adga to\u00adga ne\u00adma ni\u00ad\u0161ta i na li\u00adcu mje\u00adsta vi\u00addi se sa\u00admo na\u00adsi\u00adlje nad eko\u00adsi\u00adste\u00admom. Pro\u00adstor, ne sa\u00admo da je de\u00adva\u00adsti\u00adran i na\u00adru\u00ad\u0161en pri\u00adrod\u00adni am\u00adbi\u00adjent, ve\u0107 je po\u00adstao ri\u00adzi\u00ad\u010dan po zdra\u00advlje sva\u00adkog \u017ei\u00advog stvo\u00adra. Ova\u00adko ako se na\u00adsta\u00advi, ne sa\u00admo da \u0107e \u017ei\u00advo\u00adta ne\u00adsta\u00adti ov\u00addje u u\u017eem pro\u00adsto\u00adru, ka\u00adko smo u pr\u00advi mah mi\u00adsli\u00adli, ve\u0107 i cio ba\u00adsen Plav\u00adskog je\u00adze\u00adra bi\u00ad\u0107e za\u00adtro\u00advan. Po\u00adka\u00adzan je kraj\u00adnje ne\u00adsa\u00advje\u00adstan od\u00adnosn ili pak zla na\u00admje\u00adra svih nad\u00adle\u00ad\u017enih op\u00ad\u0161tin\u00adskih or\u00adga\u00adna na \u010de\u00adlu sa nje\u00adnim pred\u00adsjed\u00adni\u00adkom Or\u00adha\u00adnom \u0160ah\u00adma\u00adno\u00advi\u00ad\u0107em. Ogor\u00ad\u010de\u00adni smo i od\u00adno\u00adsnom dr\u00ad\u017eav\u00adnih or\u00adga\u00adna jer ni oni ne \u010du\u00adju na\u0161 va\u00adpaj ve\u0107 po\u00addr\u00ad\u017ea\u00adva\u00adju sa\u00admo\u00advo\u00adlju jed\u00adne in\u00adte\u00adre\u00adsne gru\u00adpe ove vla\u00adsti. Lju\u00adti smo i na po\u00adna\u00ad\u0161a\u00adnje na\u00ad\u0161ih pred\u00adstav\u00adni\u00adka u lo\u00adkal\u00adnom par\u00adla\u00admen\u00adtu ko\u00adji su iz\u00adgla\u00adsa\u00adli jed\u00adnu sram\u00adnu od\u00adlu\u00adku po \u017ei\u00adte\u00adlje Mar\u00adti\u00adno\u00advi\u00ad\u0107a\u2013re\u00advol\u00adti\u00adra\u00adni su mje\u00ad\u0161ta\u00adni.<\/p>\n<p>Oni pod\u00adsje\u00ad\u0107a\u00adju da su se na od\u00adlu\u00adku da lo\u00adka\u00adci\u00adja Je\u00adri\u00adna bu\u00adde de\u00ado\u00adpo\u00adni\u00adja \u017ea\u00adli\u00adli svim nad\u00adle\u00ad\u017enim or\u00adga\u00adni\u00adma, po\u00adkre\u00adnu\u00adli sud\u00adski po\u00adstu\u00adpak, mo\u00adli\u00adli i ku\u00admi\u00adli na sve stra\u00adne, ali da ni\u00ad\u0161ta ni\u00adje po\u00admo\u00adglo. Na\u00adgla\u00ad\u0161a\u00adva\u00adju da \u010de\u00adka\u00adju od\u00adlu\u00adku Osnov\u00adnog su\u00adda u Pla\u00advu, od ko\u00adje za\u00advi\u00adsi ho\u00ad\u0107e li se obra\u00adti\u00adti me\u00ad\u0111u\u00adna\u00adrod\u00adnim in\u00adsti\u00adtu\u00adci\u00adja\u00adma i su\u00addu u Stra\u00adzbu\u00adru.<\/p>\n<p>-Sma\u00adtra\u00admo da bi u ovaj pro\u00adblem tre\u00adba\u00adlo da se uklju\u00ad\u010di i Agen\u00adci\u00adja za za\u00ad\u0161ti\u00adtu pri\u00adro\u00adde jer je na sme\u00adtli\u00ad\u0161tu svih vr\u00adsta ot\u00adpa\u00adda, me\u00addi\u00adcin\u00adskog, ugi\u00adnu\u00adlih \u017ei\u00advo\u00adti\u00adnja, pi\u00adlo\u00adti\u00adne i sva\u00adko\u00adja\u00adkog dru\u00adgog ku\u0107\u00adnog ot\u00adpa\u00adda. Pi\u00adta\u00admo nad\u00adle\u00ad\u017ene ka\u00adko \u0107e\u00admo ov\u00addje lje\u00adti do\u00adve\u00adsti sto\u00adku na is\u00adpa\u00ad\u0161u, ka\u00adda stra\u00adhu\u00adje\u00admo da \u0107e se po\u00adtro\u00adva\u00adti i ona i mi. Pi\u00adta\u00admo gdje je ogra\u00adda oko sme\u00adtli\u00ad\u0161ta i za\u00ad\u0161to se sme\u00ad\u0107e ne ba\u00adca u ru\u00adpu pa se za\u00adtr\u00adpa\u00adva ze\u00admljom ka\u00adko je to go\u00advo\u00adre\u00adno, ve\u0107 se od\u00adla\u00ad\u017ee po pu\u00adtu i oko\u00adli\u00adni. Pred\u00adsjed\u00adni\u00adka op\u00ad\u0161ti\u00adne ni\u00adje bi\u00adlo sra\u00admo\u00adta da taj\u00adno do\u00adzvo\u00adli is\u00adto\u00advar sme\u00ad\u0107a iz Be\u00adra\u00adna ov\u00addje. Re\u00adkao je da je do\u00adzvo\u00adlio da se is\u00adto\u00adva\u00adre \u010de\u00adti\u00adri ka\u00admi\u00ado\u00adna, a to ni\u00adje ta\u010d\u00adno jer su oni, za\u00ad \u0161ta ima\u00admo snim\u00adke, sme\u00ad\u0107e la\u00adge\u00adro\u00adva\u00adli u kru\u00adgu pred\u00adu\u00adze\u00ad\u0107a Al\u00adpet, a on\u00adda je ka\u00admi\u00ado\u00adni\u00adma plav\u00adskog Ko\u00admu\u00adnal\u00adnog do\u00adpre\u00adma\u00adno ov\u00addje \u2013 tvr\u00addi Na\u00adim Prelj\u00advu\u00adkaj, pred\u00adstav\u00adnik mje\u00ad\u0161ta\u00adna Mar\u00adti\u00adno\u00advi\u00ad\u0107a ko\u00adji ape\u00adlu\u00adju na nad\u00adle\u00ad\u017ene in\u00adsti\u00adtu\u00adci\u00adje Vla\u00adde da se na li\u00adcu mje\u00adsta uvje\u00adre u stvar\u00adno sta\u00adnje, a on\u00adda, za\u00adu\u00adsta\u00adve ovo, ka\u00adko ka\u00ad\u017eu, ma\u00adsov\u00adno tro\u00adva\u00adnje pri\u00adro\u00adde i \u017ei\u00advo\u00adta.<\/p>\n<p>-\u0160ta da ra\u00addi\u00admo. Sve su pri\u00adli\u00adke, \u0161to ne\u00adko mo\u00ad\u017eda i pri\u00ad\u017eelj\u00adku\u00adje, da \u0107e\u00admo mo\u00adra\u00adti da osta\u00advi\u00admo \u0161i\u00adrom otvo\u00adre\u00adne ku\u00ad\u0107e i ima\u00adnja i se\u00adli\u00admo se od\u00adva\u00adde ne\u00adgdje gdje \u0107e\u00admo bar zdra\u00advo \u017ei\u00advje\u00adti. Ali pri\u00adje to\u00adga po\u00addi\u00ad\u0107i\u00ad \u00ad\u0107e\u00admo pro\u00adtest pro\u00adtiv lo\u00adkal\u00adne upra\u00adve u Pla\u00advu i lo\u00adkal\u00adnog par\u00adla\u00admen\u00adta, da im ka\u00ad\u017ee\u00admo da ne mo\u00adgu da ra\u00adde to \u0161to ra\u00adde pro\u00adtiv svog na\u00adro\u00adda\u2013 po\u00adru\u00ad\u010du\u00adju \u017ei\u00adte\u00adlji Mar\u00adti\u00adno\u00advi\u00ad\u0107a.<\/p>\n<p>(gusinjefoundation)<\/p>\n","protected":false},"excerpt":{"rendered":"<p>Gusinje &#8211; Lo\u00adka\u00adci\u00adja na Je\u00adri\u00adni kod Mar\u00adti\u00adno\u00advi\u00ad\u0107a na\u00admi\u00adje\u00adnje\u00adna za de\u00adpo\u00adno\u00adva\u00adnje ko\u00admu\u00adnal\u00adnog ot\u00adpa\u00adda do 2016. go\u00addi\u00adne, po\u00adno\u00advo je uz\u00adne\u00admi\u00adri\u00adla \u017ei\u00adte\u00adlje tog pro\u00adsto\u00adra. Mje\u00ad\u0161ta\u00adni tvr\u00adde da ni\u00ad\u0161ta ni\u00adje is\u00adpo\u00ad\u0161to\u00adva\u00adno od ono\u00adga \u0161to je tre\u00adba\u00adlo i o \u010de\u00admu je go\u00advo\u00adre\u00adno, ka\u00adko de\u00adpo\u00adni\u00adja ne\u00adbi pred\u00adsta\u00advlja\u00adla opa\u00adsnost po sta\u00adnov\u00adni\u00ad\u0161tvo, bilj\u00adni i \u017ei\u00advo\u00adtinj\u00adski svi\u00adjet. Oni na\u00adgla\u00ad\u0161a\u00adva\u00adju da je lo\u00adka\u00adci\u00adja, od\u00adno\u00adsno udo\u00adli\u00adna [&hellip;]<\/p>\n","protected":false},"author":83,"featured_media":102415,"comment_status":"open","ping_status":"open","sticky":false,"template":"","format":"standard","meta":{"footnotes":""},"categories":[3,10173],"tags":[],"class_list":{"0":"post-102414","1":"post","2":"type-post","3":"status-publish","4":"format-standard","5":"has-post-thumbnail","7":"category-privreda","8":"category-gusinje-vase-vijesti"},"yoast_head":"<!-- This site is optimized with the Yoast SEO Premium plugin v23.1 (Yoast SEO v24.9) - https:\/\/yoast.com\/wordpress\/plugins\/seo\/ -->\n<title>Na\u010din deponovanja sme\u0107a na lokaciji Jerina uznemirio \u017eitelje Martinovi\u0107a<\/title>\n<meta name=\"robots\" content=\"index, follow, max-snippet:-1, max-image-preview:large, max-video-preview:-1\" \/>\n<link rel=\"canonical\" href=\"https:\/\/sandzakpress.net\/arhiva\/nacin-deponovanja-smeca-na-lokaciji-jerina-uznemirio-zitelje-martinovica\/\" \/>\n<meta property=\"og:locale\" content=\"bs_BA\" \/>\n<meta property=\"og:type\" content=\"article\" \/>\n<meta property=\"og:title\" content=\"Na\u010din deponovanja sme\u0107a na lokaciji Jerina uznemirio \u017eitelje Martinovi\u0107a\" \/>\n<meta property=\"og:description\" content=\"Gusinje &#8211; Lo\u00adka\u00adci\u00adja na Je\u00adri\u00adni kod Mar\u00adti\u00adno\u00advi\u00ad\u0107a na\u00admi\u00adje\u00adnje\u00adna za de\u00adpo\u00adno\u00adva\u00adnje ko\u00admu\u00adnal\u00adnog ot\u00adpa\u00adda do 2016. go\u00addi\u00adne, po\u00adno\u00advo je uz\u00adne\u00admi\u00adri\u00adla \u017ei\u00adte\u00adlje tog pro\u00adsto\u00adra. Mje\u00ad\u0161ta\u00adni tvr\u00adde da ni\u00ad\u0161ta ni\u00adje is\u00adpo\u00ad\u0161to\u00adva\u00adno od ono\u00adga \u0161to je tre\u00adba\u00adlo i o \u010de\u00admu je go\u00advo\u00adre\u00adno, ka\u00adko de\u00adpo\u00adni\u00adja ne\u00adbi pred\u00adsta\u00advlja\u00adla opa\u00adsnost po sta\u00adnov\u00adni\u00ad\u0161tvo, bilj\u00adni i \u017ei\u00advo\u00adtinj\u00adski svi\u00adjet. Oni na\u00adgla\u00ad\u0161a\u00adva\u00adju da je lo\u00adka\u00adci\u00adja, od\u00adno\u00adsno udo\u00adli\u00adna [&hellip;]\" \/>\n<meta property=\"og:url\" content=\"https:\/\/sandzakpress.net\/arhiva\/nacin-deponovanja-smeca-na-lokaciji-jerina-uznemirio-zitelje-martinovica\/\" \/>\n<meta property=\"og:site_name\" content=\"Sand\u017eak PRESS\" \/>\n<meta property=\"article:published_time\" content=\"2014-03-04T17:59:42+00:00\" \/>\n<meta property=\"og:image\" content=\"https:\/\/sandzakpress.net\/arhiva\/wp-content\/uploads\/2014\/03\/jerina-300x222.jpg\" \/>\n\t<meta property=\"og:image:width\" content=\"300\" \/>\n\t<meta property=\"og:image:height\" content=\"222\" \/>\n\t<meta property=\"og:image:type\" content=\"image\/jpeg\" \/>\n<meta name=\"author\" content=\"bosniak\" \/>\n<meta name=\"twitter:card\" content=\"summary_large_image\" \/>\n<meta name=\"twitter:label1\" content=\"Written by\" \/>\n\t<meta name=\"twitter:data1\" content=\"bosniak\" \/>\n\t<meta name=\"twitter:label2\" content=\"Est. reading time\" \/>\n\t<meta name=\"twitter:data2\" content=\"6 minuta\" \/>\n<script type=\"application\/ld+json\" class=\"yoast-schema-graph\">{\"@context\":\"https:\/\/schema.org\",\"@graph\":[{\"@type\":\"Article\",\"@id\":\"https:\/\/sandzakpress.net\/arhiva\/nacin-deponovanja-smeca-na-lokaciji-jerina-uznemirio-zitelje-martinovica\/#article\",\"isPartOf\":{\"@id\":\"https:\/\/sandzakpress.net\/arhiva\/nacin-deponovanja-smeca-na-lokaciji-jerina-uznemirio-zitelje-martinovica\/\"},\"author\":{\"name\":\"bosniak\",\"@id\":\"https:\/\/sandzakpress.net\/arhiva\/#\/schema\/person\/c8baee722073534b583ea7bdb2e36c02\"},\"headline\":\"Na\u010din deponovanja sme\u0107a na lokaciji Jerina uznemirio \u017eitelje Martinovi\u0107a\",\"datePublished\":\"2014-03-04T17:59:42+00:00\",\"mainEntityOfPage\":{\"@id\":\"https:\/\/sandzakpress.net\/arhiva\/nacin-deponovanja-smeca-na-lokaciji-jerina-uznemirio-zitelje-martinovica\/\"},\"wordCount\":1166,\"commentCount\":0,\"publisher\":{\"@id\":\"https:\/\/sandzakpress.net\/arhiva\/#\/schema\/person\/6e72b67d6e51910a1117b3b483ba20bd\"},\"image\":{\"@id\":\"https:\/\/sandzakpress.net\/arhiva\/nacin-deponovanja-smeca-na-lokaciji-jerina-uznemirio-zitelje-martinovica\/#primaryimage\"},\"thumbnailUrl\":\"https:\/\/sandzakpress.net\/arhiva\/wp-content\/uploads\/2014\/03\/jerina-300x222.jpg\",\"articleSection\":[\"Privreda\",\"Gusinje\"],\"inLanguage\":\"bs-BA\",\"potentialAction\":[{\"@type\":\"CommentAction\",\"name\":\"Comment\",\"target\":[\"https:\/\/sandzakpress.net\/arhiva\/nacin-deponovanja-smeca-na-lokaciji-jerina-uznemirio-zitelje-martinovica\/#respond\"]}]},{\"@type\":\"WebPage\",\"@id\":\"https:\/\/sandzakpress.net\/arhiva\/nacin-deponovanja-smeca-na-lokaciji-jerina-uznemirio-zitelje-martinovica\/\",\"url\":\"https:\/\/sandzakpress.net\/arhiva\/nacin-deponovanja-smeca-na-lokaciji-jerina-uznemirio-zitelje-martinovica\/\",\"name\":\"Na\u010din deponovanja sme\u0107a na lokaciji Jerina uznemirio \u017eitelje Martinovi\u0107a\",\"isPartOf\":{\"@id\":\"https:\/\/sandzakpress.net\/arhiva\/#website\"},\"primaryImageOfPage\":{\"@id\":\"https:\/\/sandzakpress.net\/arhiva\/nacin-deponovanja-smeca-na-lokaciji-jerina-uznemirio-zitelje-martinovica\/#primaryimage\"},\"image\":{\"@id\":\"https:\/\/sandzakpress.net\/arhiva\/nacin-deponovanja-smeca-na-lokaciji-jerina-uznemirio-zitelje-martinovica\/#primaryimage\"},\"thumbnailUrl\":\"https:\/\/sandzakpress.net\/arhiva\/wp-content\/uploads\/2014\/03\/jerina-300x222.jpg\",\"datePublished\":\"2014-03-04T17:59:42+00:00\",\"breadcrumb\":{\"@id\":\"https:\/\/sandzakpress.net\/arhiva\/nacin-deponovanja-smeca-na-lokaciji-jerina-uznemirio-zitelje-martinovica\/#breadcrumb\"},\"inLanguage\":\"bs-BA\",\"potentialAction\":[{\"@type\":\"ReadAction\",\"target\":[\"https:\/\/sandzakpress.net\/arhiva\/nacin-deponovanja-smeca-na-lokaciji-jerina-uznemirio-zitelje-martinovica\/\"]}]},{\"@type\":\"ImageObject\",\"inLanguage\":\"bs-BA\",\"@id\":\"https:\/\/sandzakpress.net\/arhiva\/nacin-deponovanja-smeca-na-lokaciji-jerina-uznemirio-zitelje-martinovica\/#primaryimage\",\"url\":\"https:\/\/sandzakpress.net\/arhiva\/wp-content\/uploads\/2014\/03\/jerina-300x222.jpg\",\"contentUrl\":\"https:\/\/sandzakpress.net\/arhiva\/wp-content\/uploads\/2014\/03\/jerina-300x222.jpg\",\"width\":300,\"height\":222},{\"@type\":\"BreadcrumbList\",\"@id\":\"https:\/\/sandzakpress.net\/arhiva\/nacin-deponovanja-smeca-na-lokaciji-jerina-uznemirio-zitelje-martinovica\/#breadcrumb\",\"itemListElement\":[{\"@type\":\"ListItem\",\"position\":1,\"name\":\"Home\",\"item\":\"https:\/\/sandzakpress.net\/arhiva\/\"},{\"@type\":\"ListItem\",\"position\":2,\"name\":\"Na\u010din deponovanja sme\u0107a na lokaciji Jerina uznemirio \u017eitelje Martinovi\u0107a\"}]},{\"@type\":\"WebSite\",\"@id\":\"https:\/\/sandzakpress.net\/arhiva\/#website\",\"url\":\"https:\/\/sandzakpress.net\/arhiva\/\",\"name\":\"Sand\u017eak PRESS\",\"description\":\"Prve elektronske novine u Sand\u017eaku\",\"publisher\":{\"@id\":\"https:\/\/sandzakpress.net\/arhiva\/#\/schema\/person\/6e72b67d6e51910a1117b3b483ba20bd\"},\"potentialAction\":[{\"@type\":\"SearchAction\",\"target\":{\"@type\":\"EntryPoint\",\"urlTemplate\":\"https:\/\/sandzakpress.net\/arhiva\/?s={search_term_string}\"},\"query-input\":{\"@type\":\"PropertyValueSpecification\",\"valueRequired\":true,\"valueName\":\"search_term_string\"}}],\"inLanguage\":\"bs-BA\"},{\"@type\":[\"Person\",\"Organization\"],\"@id\":\"https:\/\/sandzakpress.net\/arhiva\/#\/schema\/person\/6e72b67d6e51910a1117b3b483ba20bd\",\"name\":\"Kul\",\"image\":{\"@type\":\"ImageObject\",\"inLanguage\":\"bs-BA\",\"@id\":\"https:\/\/sandzakpress.net\/arhiva\/#\/schema\/person\/image\/\",\"url\":\"https:\/\/secure.gravatar.com\/avatar\/42263f39aa27ac04c43cab85c280eb2e?s=96&d=mm&r=pg\",\"contentUrl\":\"https:\/\/secure.gravatar.com\/avatar\/42263f39aa27ac04c43cab85c280eb2e?s=96&d=mm&r=pg\",\"caption\":\"Kul\"},\"logo\":{\"@id\":\"https:\/\/sandzakpress.net\/arhiva\/#\/schema\/person\/image\/\"}},{\"@type\":\"Person\",\"@id\":\"https:\/\/sandzakpress.net\/arhiva\/#\/schema\/person\/c8baee722073534b583ea7bdb2e36c02\",\"name\":\"bosniak\",\"image\":{\"@type\":\"ImageObject\",\"inLanguage\":\"bs-BA\",\"@id\":\"https:\/\/sandzakpress.net\/arhiva\/#\/schema\/person\/image\/\",\"url\":\"https:\/\/secure.gravatar.com\/avatar\/a04fd330bfe3a36a72a0ad4a6d89fca7?s=96&d=mm&r=pg\",\"contentUrl\":\"https:\/\/secure.gravatar.com\/avatar\/a04fd330bfe3a36a72a0ad4a6d89fca7?s=96&d=mm&r=pg\",\"caption\":\"bosniak\"},\"url\":\"https:\/\/sandzakpress.net\/arhiva\/author\/bosniak\/\"}]}<\/script>\n<!-- \/ Yoast SEO Premium plugin. -->","yoast_head_json":{"title":"Na\u010din deponovanja sme\u0107a na lokaciji Jerina uznemirio \u017eitelje Martinovi\u0107a","robots":{"index":"index","follow":"follow","max-snippet":"max-snippet:-1","max-image-preview":"max-image-preview:large","max-video-preview":"max-video-preview:-1"},"canonical":"https:\/\/sandzakpress.net\/arhiva\/nacin-deponovanja-smeca-na-lokaciji-jerina-uznemirio-zitelje-martinovica\/","og_locale":"bs_BA","og_type":"article","og_title":"Na\u010din deponovanja sme\u0107a na lokaciji Jerina uznemirio \u017eitelje Martinovi\u0107a","og_description":"Gusinje &#8211; Lo\u00adka\u00adci\u00adja na Je\u00adri\u00adni kod Mar\u00adti\u00adno\u00advi\u00ad\u0107a na\u00admi\u00adje\u00adnje\u00adna za de\u00adpo\u00adno\u00adva\u00adnje ko\u00admu\u00adnal\u00adnog ot\u00adpa\u00adda do 2016. go\u00addi\u00adne, po\u00adno\u00advo je uz\u00adne\u00admi\u00adri\u00adla \u017ei\u00adte\u00adlje tog pro\u00adsto\u00adra. Mje\u00ad\u0161ta\u00adni tvr\u00adde da ni\u00ad\u0161ta ni\u00adje is\u00adpo\u00ad\u0161to\u00adva\u00adno od ono\u00adga \u0161to je tre\u00adba\u00adlo i o \u010de\u00admu je go\u00advo\u00adre\u00adno, ka\u00adko de\u00adpo\u00adni\u00adja ne\u00adbi pred\u00adsta\u00advlja\u00adla opa\u00adsnost po sta\u00adnov\u00adni\u00ad\u0161tvo, bilj\u00adni i \u017ei\u00advo\u00adtinj\u00adski svi\u00adjet. Oni na\u00adgla\u00ad\u0161a\u00adva\u00adju da je lo\u00adka\u00adci\u00adja, od\u00adno\u00adsno udo\u00adli\u00adna [&hellip;]","og_url":"https:\/\/sandzakpress.net\/arhiva\/nacin-deponovanja-smeca-na-lokaciji-jerina-uznemirio-zitelje-martinovica\/","og_site_name":"Sand\u017eak PRESS","article_published_time":"2014-03-04T17:59:42+00:00","og_image":[{"width":300,"height":222,"url":"https:\/\/sandzakpress.net\/arhiva\/wp-content\/uploads\/2014\/03\/jerina-300x222.jpg","type":"image\/jpeg"}],"author":"bosniak","twitter_card":"summary_large_image","twitter_misc":{"Written by":"bosniak","Est. reading time":"6 minuta"},"schema":{"@context":"https:\/\/schema.org","@graph":[{"@type":"Article","@id":"https:\/\/sandzakpress.net\/arhiva\/nacin-deponovanja-smeca-na-lokaciji-jerina-uznemirio-zitelje-martinovica\/#article","isPartOf":{"@id":"https:\/\/sandzakpress.net\/arhiva\/nacin-deponovanja-smeca-na-lokaciji-jerina-uznemirio-zitelje-martinovica\/"},"author":{"name":"bosniak","@id":"https:\/\/sandzakpress.net\/arhiva\/#\/schema\/person\/c8baee722073534b583ea7bdb2e36c02"},"headline":"Na\u010din deponovanja sme\u0107a na lokaciji Jerina uznemirio \u017eitelje Martinovi\u0107a","datePublished":"2014-03-04T17:59:42+00:00","mainEntityOfPage":{"@id":"https:\/\/sandzakpress.net\/arhiva\/nacin-deponovanja-smeca-na-lokaciji-jerina-uznemirio-zitelje-martinovica\/"},"wordCount":1166,"commentCount":0,"publisher":{"@id":"https:\/\/sandzakpress.net\/arhiva\/#\/schema\/person\/6e72b67d6e51910a1117b3b483ba20bd"},"image":{"@id":"https:\/\/sandzakpress.net\/arhiva\/nacin-deponovanja-smeca-na-lokaciji-jerina-uznemirio-zitelje-martinovica\/#primaryimage"},"thumbnailUrl":"https:\/\/sandzakpress.net\/arhiva\/wp-content\/uploads\/2014\/03\/jerina-300x222.jpg","articleSection":["Privreda","Gusinje"],"inLanguage":"bs-BA","potentialAction":[{"@type":"CommentAction","name":"Comment","target":["https:\/\/sandzakpress.net\/arhiva\/nacin-deponovanja-smeca-na-lokaciji-jerina-uznemirio-zitelje-martinovica\/#respond"]}]},{"@type":"WebPage","@id":"https:\/\/sandzakpress.net\/arhiva\/nacin-deponovanja-smeca-na-lokaciji-jerina-uznemirio-zitelje-martinovica\/","url":"https:\/\/sandzakpress.net\/arhiva\/nacin-deponovanja-smeca-na-lokaciji-jerina-uznemirio-zitelje-martinovica\/","name":"Na\u010din deponovanja sme\u0107a na lokaciji Jerina uznemirio \u017eitelje Martinovi\u0107a","isPartOf":{"@id":"https:\/\/sandzakpress.net\/arhiva\/#website"},"primaryImageOfPage":{"@id":"https:\/\/sandzakpress.net\/arhiva\/nacin-deponovanja-smeca-na-lokaciji-jerina-uznemirio-zitelje-martinovica\/#primaryimage"},"image":{"@id":"https:\/\/sandzakpress.net\/arhiva\/nacin-deponovanja-smeca-na-lokaciji-jerina-uznemirio-zitelje-martinovica\/#primaryimage"},"thumbnailUrl":"https:\/\/sandzakpress.net\/arhiva\/wp-content\/uploads\/2014\/03\/jerina-300x222.jpg","datePublished":"2014-03-04T17:59:42+00:00","breadcrumb":{"@id":"https:\/\/sandzakpress.net\/arhiva\/nacin-deponovanja-smeca-na-lokaciji-jerina-uznemirio-zitelje-martinovica\/#breadcrumb"},"inLanguage":"bs-BA","potentialAction":[{"@type":"ReadAction","target":["https:\/\/sandzakpress.net\/arhiva\/nacin-deponovanja-smeca-na-lokaciji-jerina-uznemirio-zitelje-martinovica\/"]}]},{"@type":"ImageObject","inLanguage":"bs-BA","@id":"https:\/\/sandzakpress.net\/arhiva\/nacin-deponovanja-smeca-na-lokaciji-jerina-uznemirio-zitelje-martinovica\/#primaryimage","url":"https:\/\/sandzakpress.net\/arhiva\/wp-content\/uploads\/2014\/03\/jerina-300x222.jpg","contentUrl":"https:\/\/sandzakpress.net\/arhiva\/wp-content\/uploads\/2014\/03\/jerina-300x222.jpg","width":300,"height":222},{"@type":"BreadcrumbList","@id":"https:\/\/sandzakpress.net\/arhiva\/nacin-deponovanja-smeca-na-lokaciji-jerina-uznemirio-zitelje-martinovica\/#breadcrumb","itemListElement":[{"@type":"ListItem","position":1,"name":"Home","item":"https:\/\/sandzakpress.net\/arhiva\/"},{"@type":"ListItem","position":2,"name":"Na\u010din deponovanja sme\u0107a na lokaciji Jerina uznemirio \u017eitelje Martinovi\u0107a"}]},{"@type":"WebSite","@id":"https:\/\/sandzakpress.net\/arhiva\/#website","url":"https:\/\/sandzakpress.net\/arhiva\/","name":"Sand\u017eak PRESS","description":"Prve elektronske novine u Sand\u017eaku","publisher":{"@id":"https:\/\/sandzakpress.net\/arhiva\/#\/schema\/person\/6e72b67d6e51910a1117b3b483ba20bd"},"potentialAction":[{"@type":"SearchAction","target":{"@type":"EntryPoint","urlTemplate":"https:\/\/sandzakpress.net\/arhiva\/?s={search_term_string}"},"query-input":{"@type":"PropertyValueSpecification","valueRequired":true,"valueName":"search_term_string"}}],"inLanguage":"bs-BA"},{"@type":["Person","Organization"],"@id":"https:\/\/sandzakpress.net\/arhiva\/#\/schema\/person\/6e72b67d6e51910a1117b3b483ba20bd","name":"Kul","image":{"@type":"ImageObject","inLanguage":"bs-BA","@id":"https:\/\/sandzakpress.net\/arhiva\/#\/schema\/person\/image\/","url":"https:\/\/secure.gravatar.com\/avatar\/42263f39aa27ac04c43cab85c280eb2e?s=96&d=mm&r=pg","contentUrl":"https:\/\/secure.gravatar.com\/avatar\/42263f39aa27ac04c43cab85c280eb2e?s=96&d=mm&r=pg","caption":"Kul"},"logo":{"@id":"https:\/\/sandzakpress.net\/arhiva\/#\/schema\/person\/image\/"}},{"@type":"Person","@id":"https:\/\/sandzakpress.net\/arhiva\/#\/schema\/person\/c8baee722073534b583ea7bdb2e36c02","name":"bosniak","image":{"@type":"ImageObject","inLanguage":"bs-BA","@id":"https:\/\/sandzakpress.net\/arhiva\/#\/schema\/person\/image\/","url":"https:\/\/secure.gravatar.com\/avatar\/a04fd330bfe3a36a72a0ad4a6d89fca7?s=96&d=mm&r=pg","contentUrl":"https:\/\/secure.gravatar.com\/avatar\/a04fd330bfe3a36a72a0ad4a6d89fca7?s=96&d=mm&r=pg","caption":"bosniak"},"url":"https:\/\/sandzakpress.net\/arhiva\/author\/bosniak\/"}]}},"_links":{"self":[{"href":"https:\/\/sandzakpress.net\/arhiva\/wp-json\/wp\/v2\/posts\/102414"}],"collection":[{"href":"https:\/\/sandzakpress.net\/arhiva\/wp-json\/wp\/v2\/posts"}],"about":[{"href":"https:\/\/sandzakpress.net\/arhiva\/wp-json\/wp\/v2\/types\/post"}],"author":[{"embeddable":true,"href":"https:\/\/sandzakpress.net\/arhiva\/wp-json\/wp\/v2\/users\/83"}],"replies":[{"embeddable":true,"href":"https:\/\/sandzakpress.net\/arhiva\/wp-json\/wp\/v2\/comments?post=102414"}],"version-history":[{"count":0,"href":"https:\/\/sandzakpress.net\/arhiva\/wp-json\/wp\/v2\/posts\/102414\/revisions"}],"wp:featuredmedia":[{"embeddable":true,"href":"https:\/\/sandzakpress.net\/arhiva\/wp-json\/wp\/v2\/media\/102415"}],"wp:attachment":[{"href":"https:\/\/sandzakpress.net\/arhiva\/wp-json\/wp\/v2\/media?parent=102414"}],"wp:term":[{"taxonomy":"category","embeddable":true,"href":"https:\/\/sandzakpress.net\/arhiva\/wp-json\/wp\/v2\/categories?post=102414"},{"taxonomy":"post_tag","embeddable":true,"href":"https:\/\/sandzakpress.net\/arhiva\/wp-json\/wp\/v2\/tags?post=102414"}],"curies":[{"name":"wp","href":"https:\/\/api.w.org\/{rel}","templated":true}]}}