{"id":102401,"date":"2014-03-04T18:28:44","date_gmt":"2014-03-04T17:28:44","guid":{"rendered":"https:\/\/sandzakpress.net\/arhiva\/?p=102401"},"modified":"2014-03-04T18:28:44","modified_gmt":"2014-03-04T17:28:44","slug":"mladi-bosnjacke-stranke-u-gusinju-obiljezili-osam-godina-postojanja-bs","status":"publish","type":"post","link":"https:\/\/sandzakpress.net\/arhiva\/mladi-bosnjacke-stranke-u-gusinju-obiljezili-osam-godina-postojanja-bs\/","title":{"rendered":"Mladi Bo\u0161nja\u010dke stranke u Gusinju obilje\u017eili osam godina postojanja BS"},"content":{"rendered":"<p><img loading=\"lazy\" decoding=\"async\" class=\"alignleft\" style=\"font-size: 14px; line-height: 1.5em;\" title=\"Dijelili su flajere\" alt=\"Dijelili su flajere 300x168 Mladi Bo\u0161nja\u010dke stranke u Gusinju obilje\u017eili osam godina postojanja BS\" src=\"http:\/\/www.pobjeda.me\/wp-content\/uploads\/2014\/03\/Dijelili-su-flajere-300x168.jpg\" width=\"300\" height=\"168\" \/><strong>Gusinje &#8211;\u00a0Povodom 8. ro\u0111endana, Bo\u0161nja\u010dka stranka organizovala je u Gusinju, kao i u svim op\u0161tinama Crne Gore gdje postoje njeni odbori, uli\u010dnu akciju na kojoj je dijeljen\u00a0promotivni materijal o dostojanstvenom i uspje\u0161nom radu, o ciljevima i zadacima Bo\u0161nja\u010dke stranke Crne Gore.<\/strong><\/p>\n<p>Svi zainteresovani gra\u0111ani, koji su neposrednim putem\u00a0 \u2013 uzimanjem flajera od aktivista Foruma mladih Bo\u0161nja\u010dke stranke Crne Gore u\u010destvovali u ovoj uli\u010dnoj akciji,\u00a0 dobili su, tako\u0111e, informacije o relevantnim \u010dinjenicama \u2013 \u201eZa\u0161to smo Bo\u0161njaci\u201c.<\/p>\n<p>Dru\u0161tveni polo\u017eaj Bo\u0161njaka u Crnoj Gori u pro\u0161losti je do\u017eivio brojne promjene. Upravo ta duga i naporna borba, koja nije uvijek pro\u017eeta uspjesima, povod je da \u0161iru javnost i sve gra\u0111ane upoznamo sa aktivnostima i rezultatima djelovanja Bo\u0161nja\u010dke stranke Crne Gore. Na\u0161i dana\u0161nji flajeri daju jedan svje\u017e, promi\u0161ljen i analiti\u010dan uvid u put koji je pre\u0111en ali i smjernice koje predstoje u borbi za unapre\u0111enje prava manjina i dostojanstven \u017eivot Bo\u0161njaka Crne Gore.<\/p>\n<p>Ovom prilikom, tako\u0111e, pozivamo\u00a0 na\u0161e sugra\u0111ane da posje\u0107uju na\u0161u kancelariju u Gusinju, odnosno sva predstavni\u0161tva Bo\u0161nja\u010dke stranke \u0161irom Crne Gore, u kojima mogu da dostavljaju poruke sa preporukama \u0161ta bi trebalo pobolj\u0161ati u polo\u017eaju Bo\u0161njaka u Crnoj Gori i da zajedni\u010dkim snagama stvaramo bolji i humaniji svijet, ka\u017ee se u saop\u0161tenju foruma Mladih Bo\u0161nja\u010dke stranke OO Gusinje.<\/p>\n<p>(pobjeda)<\/p>\n","protected":false},"excerpt":{"rendered":"<p>Gusinje &#8211;\u00a0Povodom 8. ro\u0111endana, Bo\u0161nja\u010dka stranka organizovala je u Gusinju, kao i u svim op\u0161tinama Crne Gore gdje postoje njeni odbori, uli\u010dnu akciju na kojoj je dijeljen\u00a0promotivni materijal o dostojanstvenom i uspje\u0161nom radu, o ciljevima i zadacima Bo\u0161nja\u010dke stranke Crne Gore. Svi zainteresovani gra\u0111ani, koji su neposrednim putem\u00a0 \u2013 uzimanjem flajera od aktivista Foruma mladih [&hellip;]<\/p>\n","protected":false},"author":83,"featured_media":102402,"comment_status":"open","ping_status":"open","sticky":false,"template":"","format":"standard","meta":{"footnotes":""},"categories":[1,10173],"tags":[],"class_list":{"0":"post-102401","1":"post","2":"type-post","3":"status-publish","4":"format-standard","5":"has-post-thumbnail","7":"category-politika","8":"category-gusinje-vase-vijesti"},"yoast_head":"<!-- This site is optimized with the Yoast SEO Premium plugin v23.1 (Yoast SEO v24.9) - https:\/\/yoast.com\/wordpress\/plugins\/seo\/ -->\n<title>Mladi Bo\u0161nja\u010dke stranke u Gusinju obilje\u017eili osam godina postojanja BS<\/title>\n<meta name=\"robots\" content=\"index, follow, max-snippet:-1, max-image-preview:large, max-video-preview:-1\" \/>\n<link rel=\"canonical\" href=\"https:\/\/sandzakpress.net\/arhiva\/mladi-bosnjacke-stranke-u-gusinju-obiljezili-osam-godina-postojanja-bs\/\" \/>\n<meta property=\"og:locale\" content=\"bs_BA\" \/>\n<meta property=\"og:type\" content=\"article\" \/>\n<meta property=\"og:title\" content=\"Mladi Bo\u0161nja\u010dke stranke u Gusinju obilje\u017eili osam godina postojanja BS\" \/>\n<meta property=\"og:description\" content=\"Gusinje &#8211;\u00a0Povodom 8. ro\u0111endana, Bo\u0161nja\u010dka stranka organizovala je u Gusinju, kao i u svim op\u0161tinama Crne Gore gdje postoje njeni odbori, uli\u010dnu akciju na kojoj je dijeljen\u00a0promotivni materijal o dostojanstvenom i uspje\u0161nom radu, o ciljevima i zadacima Bo\u0161nja\u010dke stranke Crne Gore. Svi zainteresovani gra\u0111ani, koji su neposrednim putem\u00a0 \u2013 uzimanjem flajera od aktivista Foruma mladih [&hellip;]\" \/>\n<meta property=\"og:url\" content=\"https:\/\/sandzakpress.net\/arhiva\/mladi-bosnjacke-stranke-u-gusinju-obiljezili-osam-godina-postojanja-bs\/\" \/>\n<meta property=\"og:site_name\" content=\"Sand\u017eak PRESS\" \/>\n<meta property=\"article:published_time\" content=\"2014-03-04T17:28:44+00:00\" \/>\n<meta property=\"og:image\" content=\"https:\/\/sandzakpress.net\/arhiva\/wp-content\/uploads\/2014\/03\/Dijelili-su-flajere-300x168.jpg\" \/>\n\t<meta property=\"og:image:width\" content=\"300\" \/>\n\t<meta property=\"og:image:height\" content=\"168\" \/>\n\t<meta property=\"og:image:type\" content=\"image\/jpeg\" \/>\n<meta name=\"author\" content=\"bosniak\" \/>\n<meta name=\"twitter:card\" content=\"summary_large_image\" \/>\n<meta name=\"twitter:label1\" content=\"Written by\" \/>\n\t<meta name=\"twitter:data1\" content=\"bosniak\" \/>\n\t<meta name=\"twitter:label2\" content=\"Est. reading time\" \/>\n\t<meta name=\"twitter:data2\" content=\"1 minuta\" \/>\n<script type=\"application\/ld+json\" class=\"yoast-schema-graph\">{\"@context\":\"https:\/\/schema.org\",\"@graph\":[{\"@type\":\"Article\",\"@id\":\"https:\/\/sandzakpress.net\/arhiva\/mladi-bosnjacke-stranke-u-gusinju-obiljezili-osam-godina-postojanja-bs\/#article\",\"isPartOf\":{\"@id\":\"https:\/\/sandzakpress.net\/arhiva\/mladi-bosnjacke-stranke-u-gusinju-obiljezili-osam-godina-postojanja-bs\/\"},\"author\":{\"name\":\"bosniak\",\"@id\":\"https:\/\/sandzakpress.net\/arhiva\/#\/schema\/person\/c8baee722073534b583ea7bdb2e36c02\"},\"headline\":\"Mladi Bo\u0161nja\u010dke stranke u Gusinju obilje\u017eili osam godina postojanja BS\",\"datePublished\":\"2014-03-04T17:28:44+00:00\",\"mainEntityOfPage\":{\"@id\":\"https:\/\/sandzakpress.net\/arhiva\/mladi-bosnjacke-stranke-u-gusinju-obiljezili-osam-godina-postojanja-bs\/\"},\"wordCount\":266,\"commentCount\":0,\"publisher\":{\"@id\":\"https:\/\/sandzakpress.net\/arhiva\/#\/schema\/person\/6e72b67d6e51910a1117b3b483ba20bd\"},\"image\":{\"@id\":\"https:\/\/sandzakpress.net\/arhiva\/mladi-bosnjacke-stranke-u-gusinju-obiljezili-osam-godina-postojanja-bs\/#primaryimage\"},\"thumbnailUrl\":\"https:\/\/sandzakpress.net\/arhiva\/wp-content\/uploads\/2014\/03\/Dijelili-su-flajere-300x168.jpg\",\"articleSection\":[\"Politika\",\"Gusinje\"],\"inLanguage\":\"bs-BA\",\"potentialAction\":[{\"@type\":\"CommentAction\",\"name\":\"Comment\",\"target\":[\"https:\/\/sandzakpress.net\/arhiva\/mladi-bosnjacke-stranke-u-gusinju-obiljezili-osam-godina-postojanja-bs\/#respond\"]}]},{\"@type\":\"WebPage\",\"@id\":\"https:\/\/sandzakpress.net\/arhiva\/mladi-bosnjacke-stranke-u-gusinju-obiljezili-osam-godina-postojanja-bs\/\",\"url\":\"https:\/\/sandzakpress.net\/arhiva\/mladi-bosnjacke-stranke-u-gusinju-obiljezili-osam-godina-postojanja-bs\/\",\"name\":\"Mladi Bo\u0161nja\u010dke stranke u Gusinju obilje\u017eili osam godina postojanja BS\",\"isPartOf\":{\"@id\":\"https:\/\/sandzakpress.net\/arhiva\/#website\"},\"primaryImageOfPage\":{\"@id\":\"https:\/\/sandzakpress.net\/arhiva\/mladi-bosnjacke-stranke-u-gusinju-obiljezili-osam-godina-postojanja-bs\/#primaryimage\"},\"image\":{\"@id\":\"https:\/\/sandzakpress.net\/arhiva\/mladi-bosnjacke-stranke-u-gusinju-obiljezili-osam-godina-postojanja-bs\/#primaryimage\"},\"thumbnailUrl\":\"https:\/\/sandzakpress.net\/arhiva\/wp-content\/uploads\/2014\/03\/Dijelili-su-flajere-300x168.jpg\",\"datePublished\":\"2014-03-04T17:28:44+00:00\",\"breadcrumb\":{\"@id\":\"https:\/\/sandzakpress.net\/arhiva\/mladi-bosnjacke-stranke-u-gusinju-obiljezili-osam-godina-postojanja-bs\/#breadcrumb\"},\"inLanguage\":\"bs-BA\",\"potentialAction\":[{\"@type\":\"ReadAction\",\"target\":[\"https:\/\/sandzakpress.net\/arhiva\/mladi-bosnjacke-stranke-u-gusinju-obiljezili-osam-godina-postojanja-bs\/\"]}]},{\"@type\":\"ImageObject\",\"inLanguage\":\"bs-BA\",\"@id\":\"https:\/\/sandzakpress.net\/arhiva\/mladi-bosnjacke-stranke-u-gusinju-obiljezili-osam-godina-postojanja-bs\/#primaryimage\",\"url\":\"https:\/\/sandzakpress.net\/arhiva\/wp-content\/uploads\/2014\/03\/Dijelili-su-flajere-300x168.jpg\",\"contentUrl\":\"https:\/\/sandzakpress.net\/arhiva\/wp-content\/uploads\/2014\/03\/Dijelili-su-flajere-300x168.jpg\",\"width\":300,\"height\":168},{\"@type\":\"BreadcrumbList\",\"@id\":\"https:\/\/sandzakpress.net\/arhiva\/mladi-bosnjacke-stranke-u-gusinju-obiljezili-osam-godina-postojanja-bs\/#breadcrumb\",\"itemListElement\":[{\"@type\":\"ListItem\",\"position\":1,\"name\":\"Home\",\"item\":\"https:\/\/sandzakpress.net\/arhiva\/\"},{\"@type\":\"ListItem\",\"position\":2,\"name\":\"Mladi Bo\u0161nja\u010dke stranke u Gusinju obilje\u017eili osam godina postojanja BS\"}]},{\"@type\":\"WebSite\",\"@id\":\"https:\/\/sandzakpress.net\/arhiva\/#website\",\"url\":\"https:\/\/sandzakpress.net\/arhiva\/\",\"name\":\"Sand\u017eak PRESS\",\"description\":\"Prve elektronske novine u Sand\u017eaku\",\"publisher\":{\"@id\":\"https:\/\/sandzakpress.net\/arhiva\/#\/schema\/person\/6e72b67d6e51910a1117b3b483ba20bd\"},\"potentialAction\":[{\"@type\":\"SearchAction\",\"target\":{\"@type\":\"EntryPoint\",\"urlTemplate\":\"https:\/\/sandzakpress.net\/arhiva\/?s={search_term_string}\"},\"query-input\":{\"@type\":\"PropertyValueSpecification\",\"valueRequired\":true,\"valueName\":\"search_term_string\"}}],\"inLanguage\":\"bs-BA\"},{\"@type\":[\"Person\",\"Organization\"],\"@id\":\"https:\/\/sandzakpress.net\/arhiva\/#\/schema\/person\/6e72b67d6e51910a1117b3b483ba20bd\",\"name\":\"Kul\",\"image\":{\"@type\":\"ImageObject\",\"inLanguage\":\"bs-BA\",\"@id\":\"https:\/\/sandzakpress.net\/arhiva\/#\/schema\/person\/image\/\",\"url\":\"https:\/\/secure.gravatar.com\/avatar\/42263f39aa27ac04c43cab85c280eb2e?s=96&d=mm&r=pg\",\"contentUrl\":\"https:\/\/secure.gravatar.com\/avatar\/42263f39aa27ac04c43cab85c280eb2e?s=96&d=mm&r=pg\",\"caption\":\"Kul\"},\"logo\":{\"@id\":\"https:\/\/sandzakpress.net\/arhiva\/#\/schema\/person\/image\/\"}},{\"@type\":\"Person\",\"@id\":\"https:\/\/sandzakpress.net\/arhiva\/#\/schema\/person\/c8baee722073534b583ea7bdb2e36c02\",\"name\":\"bosniak\",\"image\":{\"@type\":\"ImageObject\",\"inLanguage\":\"bs-BA\",\"@id\":\"https:\/\/sandzakpress.net\/arhiva\/#\/schema\/person\/image\/\",\"url\":\"https:\/\/secure.gravatar.com\/avatar\/a04fd330bfe3a36a72a0ad4a6d89fca7?s=96&d=mm&r=pg\",\"contentUrl\":\"https:\/\/secure.gravatar.com\/avatar\/a04fd330bfe3a36a72a0ad4a6d89fca7?s=96&d=mm&r=pg\",\"caption\":\"bosniak\"},\"url\":\"https:\/\/sandzakpress.net\/arhiva\/author\/bosniak\/\"}]}<\/script>\n<!-- \/ Yoast SEO Premium plugin. -->","yoast_head_json":{"title":"Mladi Bo\u0161nja\u010dke stranke u Gusinju obilje\u017eili osam godina postojanja BS","robots":{"index":"index","follow":"follow","max-snippet":"max-snippet:-1","max-image-preview":"max-image-preview:large","max-video-preview":"max-video-preview:-1"},"canonical":"https:\/\/sandzakpress.net\/arhiva\/mladi-bosnjacke-stranke-u-gusinju-obiljezili-osam-godina-postojanja-bs\/","og_locale":"bs_BA","og_type":"article","og_title":"Mladi Bo\u0161nja\u010dke stranke u Gusinju obilje\u017eili osam godina postojanja BS","og_description":"Gusinje &#8211;\u00a0Povodom 8. ro\u0111endana, Bo\u0161nja\u010dka stranka organizovala je u Gusinju, kao i u svim op\u0161tinama Crne Gore gdje postoje njeni odbori, uli\u010dnu akciju na kojoj je dijeljen\u00a0promotivni materijal o dostojanstvenom i uspje\u0161nom radu, o ciljevima i zadacima Bo\u0161nja\u010dke stranke Crne Gore. Svi zainteresovani gra\u0111ani, koji su neposrednim putem\u00a0 \u2013 uzimanjem flajera od aktivista Foruma mladih [&hellip;]","og_url":"https:\/\/sandzakpress.net\/arhiva\/mladi-bosnjacke-stranke-u-gusinju-obiljezili-osam-godina-postojanja-bs\/","og_site_name":"Sand\u017eak PRESS","article_published_time":"2014-03-04T17:28:44+00:00","og_image":[{"width":300,"height":168,"url":"https:\/\/sandzakpress.net\/arhiva\/wp-content\/uploads\/2014\/03\/Dijelili-su-flajere-300x168.jpg","type":"image\/jpeg"}],"author":"bosniak","twitter_card":"summary_large_image","twitter_misc":{"Written by":"bosniak","Est. reading time":"1 minuta"},"schema":{"@context":"https:\/\/schema.org","@graph":[{"@type":"Article","@id":"https:\/\/sandzakpress.net\/arhiva\/mladi-bosnjacke-stranke-u-gusinju-obiljezili-osam-godina-postojanja-bs\/#article","isPartOf":{"@id":"https:\/\/sandzakpress.net\/arhiva\/mladi-bosnjacke-stranke-u-gusinju-obiljezili-osam-godina-postojanja-bs\/"},"author":{"name":"bosniak","@id":"https:\/\/sandzakpress.net\/arhiva\/#\/schema\/person\/c8baee722073534b583ea7bdb2e36c02"},"headline":"Mladi Bo\u0161nja\u010dke stranke u Gusinju obilje\u017eili osam godina postojanja BS","datePublished":"2014-03-04T17:28:44+00:00","mainEntityOfPage":{"@id":"https:\/\/sandzakpress.net\/arhiva\/mladi-bosnjacke-stranke-u-gusinju-obiljezili-osam-godina-postojanja-bs\/"},"wordCount":266,"commentCount":0,"publisher":{"@id":"https:\/\/sandzakpress.net\/arhiva\/#\/schema\/person\/6e72b67d6e51910a1117b3b483ba20bd"},"image":{"@id":"https:\/\/sandzakpress.net\/arhiva\/mladi-bosnjacke-stranke-u-gusinju-obiljezili-osam-godina-postojanja-bs\/#primaryimage"},"thumbnailUrl":"https:\/\/sandzakpress.net\/arhiva\/wp-content\/uploads\/2014\/03\/Dijelili-su-flajere-300x168.jpg","articleSection":["Politika","Gusinje"],"inLanguage":"bs-BA","potentialAction":[{"@type":"CommentAction","name":"Comment","target":["https:\/\/sandzakpress.net\/arhiva\/mladi-bosnjacke-stranke-u-gusinju-obiljezili-osam-godina-postojanja-bs\/#respond"]}]},{"@type":"WebPage","@id":"https:\/\/sandzakpress.net\/arhiva\/mladi-bosnjacke-stranke-u-gusinju-obiljezili-osam-godina-postojanja-bs\/","url":"https:\/\/sandzakpress.net\/arhiva\/mladi-bosnjacke-stranke-u-gusinju-obiljezili-osam-godina-postojanja-bs\/","name":"Mladi Bo\u0161nja\u010dke stranke u Gusinju obilje\u017eili osam godina postojanja BS","isPartOf":{"@id":"https:\/\/sandzakpress.net\/arhiva\/#website"},"primaryImageOfPage":{"@id":"https:\/\/sandzakpress.net\/arhiva\/mladi-bosnjacke-stranke-u-gusinju-obiljezili-osam-godina-postojanja-bs\/#primaryimage"},"image":{"@id":"https:\/\/sandzakpress.net\/arhiva\/mladi-bosnjacke-stranke-u-gusinju-obiljezili-osam-godina-postojanja-bs\/#primaryimage"},"thumbnailUrl":"https:\/\/sandzakpress.net\/arhiva\/wp-content\/uploads\/2014\/03\/Dijelili-su-flajere-300x168.jpg","datePublished":"2014-03-04T17:28:44+00:00","breadcrumb":{"@id":"https:\/\/sandzakpress.net\/arhiva\/mladi-bosnjacke-stranke-u-gusinju-obiljezili-osam-godina-postojanja-bs\/#breadcrumb"},"inLanguage":"bs-BA","potentialAction":[{"@type":"ReadAction","target":["https:\/\/sandzakpress.net\/arhiva\/mladi-bosnjacke-stranke-u-gusinju-obiljezili-osam-godina-postojanja-bs\/"]}]},{"@type":"ImageObject","inLanguage":"bs-BA","@id":"https:\/\/sandzakpress.net\/arhiva\/mladi-bosnjacke-stranke-u-gusinju-obiljezili-osam-godina-postojanja-bs\/#primaryimage","url":"https:\/\/sandzakpress.net\/arhiva\/wp-content\/uploads\/2014\/03\/Dijelili-su-flajere-300x168.jpg","contentUrl":"https:\/\/sandzakpress.net\/arhiva\/wp-content\/uploads\/2014\/03\/Dijelili-su-flajere-300x168.jpg","width":300,"height":168},{"@type":"BreadcrumbList","@id":"https:\/\/sandzakpress.net\/arhiva\/mladi-bosnjacke-stranke-u-gusinju-obiljezili-osam-godina-postojanja-bs\/#breadcrumb","itemListElement":[{"@type":"ListItem","position":1,"name":"Home","item":"https:\/\/sandzakpress.net\/arhiva\/"},{"@type":"ListItem","position":2,"name":"Mladi Bo\u0161nja\u010dke stranke u Gusinju obilje\u017eili osam godina postojanja BS"}]},{"@type":"WebSite","@id":"https:\/\/sandzakpress.net\/arhiva\/#website","url":"https:\/\/sandzakpress.net\/arhiva\/","name":"Sand\u017eak PRESS","description":"Prve elektronske novine u Sand\u017eaku","publisher":{"@id":"https:\/\/sandzakpress.net\/arhiva\/#\/schema\/person\/6e72b67d6e51910a1117b3b483ba20bd"},"potentialAction":[{"@type":"SearchAction","target":{"@type":"EntryPoint","urlTemplate":"https:\/\/sandzakpress.net\/arhiva\/?s={search_term_string}"},"query-input":{"@type":"PropertyValueSpecification","valueRequired":true,"valueName":"search_term_string"}}],"inLanguage":"bs-BA"},{"@type":["Person","Organization"],"@id":"https:\/\/sandzakpress.net\/arhiva\/#\/schema\/person\/6e72b67d6e51910a1117b3b483ba20bd","name":"Kul","image":{"@type":"ImageObject","inLanguage":"bs-BA","@id":"https:\/\/sandzakpress.net\/arhiva\/#\/schema\/person\/image\/","url":"https:\/\/secure.gravatar.com\/avatar\/42263f39aa27ac04c43cab85c280eb2e?s=96&d=mm&r=pg","contentUrl":"https:\/\/secure.gravatar.com\/avatar\/42263f39aa27ac04c43cab85c280eb2e?s=96&d=mm&r=pg","caption":"Kul"},"logo":{"@id":"https:\/\/sandzakpress.net\/arhiva\/#\/schema\/person\/image\/"}},{"@type":"Person","@id":"https:\/\/sandzakpress.net\/arhiva\/#\/schema\/person\/c8baee722073534b583ea7bdb2e36c02","name":"bosniak","image":{"@type":"ImageObject","inLanguage":"bs-BA","@id":"https:\/\/sandzakpress.net\/arhiva\/#\/schema\/person\/image\/","url":"https:\/\/secure.gravatar.com\/avatar\/a04fd330bfe3a36a72a0ad4a6d89fca7?s=96&d=mm&r=pg","contentUrl":"https:\/\/secure.gravatar.com\/avatar\/a04fd330bfe3a36a72a0ad4a6d89fca7?s=96&d=mm&r=pg","caption":"bosniak"},"url":"https:\/\/sandzakpress.net\/arhiva\/author\/bosniak\/"}]}},"_links":{"self":[{"href":"https:\/\/sandzakpress.net\/arhiva\/wp-json\/wp\/v2\/posts\/102401"}],"collection":[{"href":"https:\/\/sandzakpress.net\/arhiva\/wp-json\/wp\/v2\/posts"}],"about":[{"href":"https:\/\/sandzakpress.net\/arhiva\/wp-json\/wp\/v2\/types\/post"}],"author":[{"embeddable":true,"href":"https:\/\/sandzakpress.net\/arhiva\/wp-json\/wp\/v2\/users\/83"}],"replies":[{"embeddable":true,"href":"https:\/\/sandzakpress.net\/arhiva\/wp-json\/wp\/v2\/comments?post=102401"}],"version-history":[{"count":0,"href":"https:\/\/sandzakpress.net\/arhiva\/wp-json\/wp\/v2\/posts\/102401\/revisions"}],"wp:featuredmedia":[{"embeddable":true,"href":"https:\/\/sandzakpress.net\/arhiva\/wp-json\/wp\/v2\/media\/102402"}],"wp:attachment":[{"href":"https:\/\/sandzakpress.net\/arhiva\/wp-json\/wp\/v2\/media?parent=102401"}],"wp:term":[{"taxonomy":"category","embeddable":true,"href":"https:\/\/sandzakpress.net\/arhiva\/wp-json\/wp\/v2\/categories?post=102401"},{"taxonomy":"post_tag","embeddable":true,"href":"https:\/\/sandzakpress.net\/arhiva\/wp-json\/wp\/v2\/tags?post=102401"}],"curies":[{"name":"wp","href":"https:\/\/api.w.org\/{rel}","templated":true}]}}