{"id":102316,"date":"2014-03-01T22:29:49","date_gmt":"2014-03-01T21:29:49","guid":{"rendered":"https:\/\/sandzakpress.net\/arhiva\/?p=102316"},"modified":"2014-03-01T22:29:49","modified_gmt":"2014-03-01T21:29:49","slug":"roditelji-nastradalog-djecaka-ismaila-guberinica-protestom-traze-pravdu-od-sudskih-organa-u-bijelom-polju","status":"publish","type":"post","link":"https:\/\/sandzakpress.net\/arhiva\/roditelji-nastradalog-djecaka-ismaila-guberinica-protestom-traze-pravdu-od-sudskih-organa-u-bijelom-polju\/","title":{"rendered":"Roditelji nastradalog dje\u010daka Ismaila Guberini\u0107a protestom tra\u017ee pravdu od sudskih organa u Bijelom Polju"},"content":{"rendered":"<figure id=\"attachment_102318\" aria-describedby=\"caption-attachment-102318\" style=\"width: 300px\" class=\"wp-caption alignleft\"><a href=\"https:\/\/sandzakpress.net\/arhiva\/wp-content\/uploads\/2014\/03\/Smrtno_nastradali_djecak_Ismail_Guberinic1.jpg\"><img loading=\"lazy\" decoding=\"async\" class=\"size-medium wp-image-102318\" alt=\"PRAVDA ZA ISMAILA: Smrtno nastradali dje\u010dak Ismail Guberini\u0107 Zbog ovakog odnosa dr\u017eave Crne Gore prema \u017eivotnim ljudskim vrijednostima i ovakvog nesavjesnog rada dr\u017eavnih organa, sa mojom porodicom sam odlu\u010dio da u petak, 7. marta u 13.00 h organiziram protest pod nazivom &quot;PRAVDA ZA ISMAILA&quot;. Zajedno sa svojim kom\u0161ijama, rodbinom, prijateljima, kolegama i sugra\u0111anima namjeravamo do\u0107i pred Osnovno dr\u017eavno tu\u017eila\u0161tvo, nakon \u010dega \u0107emo mirno pro\u0161etati do Osnovnog suda, gdje \u0107emo ukazati na veoma nesavjestan rad i tu\u017eila\u0161tva i suda u Bijelom Polju.\" src=\"https:\/\/sandzakpress.net\/arhiva\/wp-content\/uploads\/2014\/03\/Smrtno_nastradali_djecak_Ismail_Guberinic1-300x220.jpg\" width=\"300\" height=\"220\" srcset=\"https:\/\/sandzakpress.net\/arhiva\/wp-content\/uploads\/2014\/03\/Smrtno_nastradali_djecak_Ismail_Guberinic1-300x220.jpg 300w, https:\/\/sandzakpress.net\/arhiva\/wp-content\/uploads\/2014\/03\/Smrtno_nastradali_djecak_Ismail_Guberinic1-684x500.jpg 684w\" sizes=\"(max-width: 300px) 100vw, 300px\" \/><\/a><figcaption id=\"caption-attachment-102318\" class=\"wp-caption-text\">PRAVDA ZA ISMAILA: Smrtno nastradali dje\u010dak Ismail Guberini\u0107<br \/>Zbog ovakog odnosa dr\u017eave Crne Gore prema \u017eivotnim ljudskim vrijednostima i ovakvog nesavjesnog rada dr\u017eavnih organa, sa mojom porodicom sam odlu\u010dio da u petak, 7. marta u 13.00 h organiziram protest pod nazivom &#8220;PRAVDA ZA ISMAILA&#8221;. Zajedno sa svojim kom\u0161ijama, rodbinom, prijateljima, kolegama i sugra\u0111anima namjeravamo do\u0107i pred Osnovno dr\u017eavno tu\u017eila\u0161tvo, nakon \u010dega \u0107emo mirno pro\u0161etati do Osnovnog suda, gdje \u0107emo ukazati na veoma nesavjestan rad i tu\u017eila\u0161tva i suda u Bijelom Polju.<\/figcaption><\/figure>\n<p><strong>Bijelo Polje &#8211;\u00a015. septembra 2013. godine u ulici 3. Sand\u017ea\u010dke u saobra\u0107ajnom udesu te\u0161ko je povrije\u0111en moj \u0161estogodi\u0161nji sin Ismail Guberini\u0107, koji je prelazio ulicu pedeset metara od ku\u0107e, nakon \u010dega je poslije sedam dana preminuo u KBC u Podgorici. Pet mjeseci se vodio istra\u017eni postupak protiv Nenada Ze\u010devi\u0107a koji je izazvao udes, nakon \u010dega smo dobili odgovor od zamjenika osnovnog dr\u017eavnog tu\u017eila\u0161tva Smiljane Perovi\u0107 da &#8221;nema elemenata krivi\u010dne odgovornosti&#8221;. U toku istrage predsjednik Osnovnog suda Radule Piper je dva puta vra\u0107ao krivi\u010dnu prijavu zamjeniku Osnovnog tu\u017eila\u0161tva na dopunu. Izjava svjedoka uop\u0161te nije uzimana u obzir. Po\u010dinioc djela se na osnovu rada dr\u017eavnih organa oslobodio bilo kakve odgovornosti.<\/strong><\/p>\n<p>Uz osje\u0107aj neizmjernog bola kojeg imamo zbog gubitka na\u0161eg Ismaila, dodatnu muku nam predstavlja odnos dru\u0161tva i dr\u017eave prema vrijednosti jednog dje\u010dijeg \u017eivota. Njima nije bitno \u0161to je jedan ljudski \u017eivot zauvijek uga\u0161en.<\/p>\n<p>Zbog ovakog odnosa dr\u017eave Crne Gore prema \u017eivotnim ljudskim vrijednostima i ovakvog nesavjesnog rada dr\u017eavnih organa, sa mojom porodicom sam odlu\u010dio da u petak, 7. marta u 13.00 h organiziram protest pod nazivom &#8220;PRAVDA ZA ISMAILA&#8221;. Zajedno sa svojim kom\u0161ijama, rodbinom, prijateljima, kolegama i sugra\u0111anima namjeravamo do\u0107i pred Osnovno dr\u017eavno tu\u017eila\u0161tvo, nakon \u010dega \u0107emo mirno pro\u0161etati do Osnovnog suda, gdje \u0107emo ukazati na veoma nesavjestan rad i tu\u017eila\u0161tva i suda u Bijelom Polju. Pozivam sve dobronamjerne ljude, bez obzira na nacionalnu i vjersku pripadnost, da ovim apoliti\u010dnim skupom zajedno uka\u017eemo na ovaj, kao i sli\u010dne slu\u010dajeve koji se de\u0161avaju, i po svemu sude\u0107i rje\u0161avaju ne preko institucija, ve\u0107 iza kulisa.<\/p>\n<p>Pozivamo sve na\u0161e \u010ditatelje, prijatelje istine i pravde da sa svojim pristustvom na protestu u te\u0161kom momentu podr\u017ee Samira Guberini\u0107a sa porodicom.<\/p>\n<p>(bo\u0161njaci)<\/p>\n","protected":false},"excerpt":{"rendered":"<p>Bijelo Polje &#8211;\u00a015. septembra 2013. godine u ulici 3. Sand\u017ea\u010dke u saobra\u0107ajnom udesu te\u0161ko je povrije\u0111en moj \u0161estogodi\u0161nji sin Ismail Guberini\u0107, koji je prelazio ulicu pedeset metara od ku\u0107e, nakon \u010dega je poslije sedam dana preminuo u KBC u Podgorici. Pet mjeseci se vodio istra\u017eni postupak protiv Nenada Ze\u010devi\u0107a koji je izazvao udes, nakon \u010dega [&hellip;]<\/p>\n","protected":false},"author":83,"featured_media":102319,"comment_status":"open","ping_status":"open","sticky":false,"template":"","format":"standard","meta":{"footnotes":""},"categories":[396,801],"tags":[],"class_list":{"0":"post-102316","1":"post","2":"type-post","3":"status-publish","4":"format-standard","5":"has-post-thumbnail","7":"category-bijelo_polje","8":"category-crna_hronika"},"yoast_head":"<!-- This site is optimized with the Yoast SEO Premium plugin v23.1 (Yoast SEO v24.9) - https:\/\/yoast.com\/wordpress\/plugins\/seo\/ -->\n<title>Roditelji nastradalog dje\u010daka Ismaila Guberini\u0107a protestom tra\u017ee pravdu od sudskih organa u Bijelom Polju<\/title>\n<meta name=\"robots\" content=\"index, follow, max-snippet:-1, max-image-preview:large, max-video-preview:-1\" \/>\n<link rel=\"canonical\" href=\"https:\/\/sandzakpress.net\/arhiva\/roditelji-nastradalog-djecaka-ismaila-guberinica-protestom-traze-pravdu-od-sudskih-organa-u-bijelom-polju\/\" \/>\n<meta property=\"og:locale\" content=\"bs_BA\" \/>\n<meta property=\"og:type\" content=\"article\" \/>\n<meta property=\"og:title\" content=\"Roditelji nastradalog dje\u010daka Ismaila Guberini\u0107a protestom tra\u017ee pravdu od sudskih organa u Bijelom Polju\" \/>\n<meta property=\"og:description\" content=\"Bijelo Polje &#8211;\u00a015. septembra 2013. godine u ulici 3. Sand\u017ea\u010dke u saobra\u0107ajnom udesu te\u0161ko je povrije\u0111en moj \u0161estogodi\u0161nji sin Ismail Guberini\u0107, koji je prelazio ulicu pedeset metara od ku\u0107e, nakon \u010dega je poslije sedam dana preminuo u KBC u Podgorici. Pet mjeseci se vodio istra\u017eni postupak protiv Nenada Ze\u010devi\u0107a koji je izazvao udes, nakon \u010dega [&hellip;]\" \/>\n<meta property=\"og:url\" content=\"https:\/\/sandzakpress.net\/arhiva\/roditelji-nastradalog-djecaka-ismaila-guberinica-protestom-traze-pravdu-od-sudskih-organa-u-bijelom-polju\/\" \/>\n<meta property=\"og:site_name\" content=\"Sand\u017eak PRESS\" \/>\n<meta property=\"article:published_time\" content=\"2014-03-01T21:29:49+00:00\" \/>\n<meta property=\"og:image\" content=\"https:\/\/sandzakpress.net\/arhiva\/wp-content\/uploads\/2014\/03\/Smrtno_nastradali_djecak_Ismail_Guberinic1-300x2201.jpg\" \/>\n\t<meta property=\"og:image:width\" content=\"300\" \/>\n\t<meta property=\"og:image:height\" content=\"220\" \/>\n\t<meta property=\"og:image:type\" content=\"image\/jpeg\" \/>\n<meta name=\"author\" content=\"bosniak\" \/>\n<meta name=\"twitter:card\" content=\"summary_large_image\" \/>\n<meta name=\"twitter:label1\" content=\"Written by\" \/>\n\t<meta name=\"twitter:data1\" content=\"bosniak\" \/>\n\t<meta name=\"twitter:label2\" content=\"Est. reading time\" \/>\n\t<meta name=\"twitter:data2\" content=\"2 minute\" \/>\n<script type=\"application\/ld+json\" class=\"yoast-schema-graph\">{\"@context\":\"https:\/\/schema.org\",\"@graph\":[{\"@type\":\"Article\",\"@id\":\"https:\/\/sandzakpress.net\/arhiva\/roditelji-nastradalog-djecaka-ismaila-guberinica-protestom-traze-pravdu-od-sudskih-organa-u-bijelom-polju\/#article\",\"isPartOf\":{\"@id\":\"https:\/\/sandzakpress.net\/arhiva\/roditelji-nastradalog-djecaka-ismaila-guberinica-protestom-traze-pravdu-od-sudskih-organa-u-bijelom-polju\/\"},\"author\":{\"name\":\"bosniak\",\"@id\":\"https:\/\/sandzakpress.net\/arhiva\/#\/schema\/person\/c8baee722073534b583ea7bdb2e36c02\"},\"headline\":\"Roditelji nastradalog dje\u010daka Ismaila Guberini\u0107a protestom tra\u017ee pravdu od sudskih organa u Bijelom Polju\",\"datePublished\":\"2014-03-01T21:29:49+00:00\",\"mainEntityOfPage\":{\"@id\":\"https:\/\/sandzakpress.net\/arhiva\/roditelji-nastradalog-djecaka-ismaila-guberinica-protestom-traze-pravdu-od-sudskih-organa-u-bijelom-polju\/\"},\"wordCount\":437,\"commentCount\":0,\"publisher\":{\"@id\":\"https:\/\/sandzakpress.net\/arhiva\/#\/schema\/person\/6e72b67d6e51910a1117b3b483ba20bd\"},\"image\":{\"@id\":\"https:\/\/sandzakpress.net\/arhiva\/roditelji-nastradalog-djecaka-ismaila-guberinica-protestom-traze-pravdu-od-sudskih-organa-u-bijelom-polju\/#primaryimage\"},\"thumbnailUrl\":\"https:\/\/sandzakpress.net\/arhiva\/wp-content\/uploads\/2014\/03\/Smrtno_nastradali_djecak_Ismail_Guberinic1-300x2201.jpg\",\"articleSection\":[\"Bijelo Polje\",\"Hronika\"],\"inLanguage\":\"bs-BA\",\"potentialAction\":[{\"@type\":\"CommentAction\",\"name\":\"Comment\",\"target\":[\"https:\/\/sandzakpress.net\/arhiva\/roditelji-nastradalog-djecaka-ismaila-guberinica-protestom-traze-pravdu-od-sudskih-organa-u-bijelom-polju\/#respond\"]}]},{\"@type\":\"WebPage\",\"@id\":\"https:\/\/sandzakpress.net\/arhiva\/roditelji-nastradalog-djecaka-ismaila-guberinica-protestom-traze-pravdu-od-sudskih-organa-u-bijelom-polju\/\",\"url\":\"https:\/\/sandzakpress.net\/arhiva\/roditelji-nastradalog-djecaka-ismaila-guberinica-protestom-traze-pravdu-od-sudskih-organa-u-bijelom-polju\/\",\"name\":\"Roditelji nastradalog dje\u010daka Ismaila Guberini\u0107a protestom tra\u017ee pravdu od sudskih organa u Bijelom Polju\",\"isPartOf\":{\"@id\":\"https:\/\/sandzakpress.net\/arhiva\/#website\"},\"primaryImageOfPage\":{\"@id\":\"https:\/\/sandzakpress.net\/arhiva\/roditelji-nastradalog-djecaka-ismaila-guberinica-protestom-traze-pravdu-od-sudskih-organa-u-bijelom-polju\/#primaryimage\"},\"image\":{\"@id\":\"https:\/\/sandzakpress.net\/arhiva\/roditelji-nastradalog-djecaka-ismaila-guberinica-protestom-traze-pravdu-od-sudskih-organa-u-bijelom-polju\/#primaryimage\"},\"thumbnailUrl\":\"https:\/\/sandzakpress.net\/arhiva\/wp-content\/uploads\/2014\/03\/Smrtno_nastradali_djecak_Ismail_Guberinic1-300x2201.jpg\",\"datePublished\":\"2014-03-01T21:29:49+00:00\",\"breadcrumb\":{\"@id\":\"https:\/\/sandzakpress.net\/arhiva\/roditelji-nastradalog-djecaka-ismaila-guberinica-protestom-traze-pravdu-od-sudskih-organa-u-bijelom-polju\/#breadcrumb\"},\"inLanguage\":\"bs-BA\",\"potentialAction\":[{\"@type\":\"ReadAction\",\"target\":[\"https:\/\/sandzakpress.net\/arhiva\/roditelji-nastradalog-djecaka-ismaila-guberinica-protestom-traze-pravdu-od-sudskih-organa-u-bijelom-polju\/\"]}]},{\"@type\":\"ImageObject\",\"inLanguage\":\"bs-BA\",\"@id\":\"https:\/\/sandzakpress.net\/arhiva\/roditelji-nastradalog-djecaka-ismaila-guberinica-protestom-traze-pravdu-od-sudskih-organa-u-bijelom-polju\/#primaryimage\",\"url\":\"https:\/\/sandzakpress.net\/arhiva\/wp-content\/uploads\/2014\/03\/Smrtno_nastradali_djecak_Ismail_Guberinic1-300x2201.jpg\",\"contentUrl\":\"https:\/\/sandzakpress.net\/arhiva\/wp-content\/uploads\/2014\/03\/Smrtno_nastradali_djecak_Ismail_Guberinic1-300x2201.jpg\",\"width\":300,\"height\":220},{\"@type\":\"BreadcrumbList\",\"@id\":\"https:\/\/sandzakpress.net\/arhiva\/roditelji-nastradalog-djecaka-ismaila-guberinica-protestom-traze-pravdu-od-sudskih-organa-u-bijelom-polju\/#breadcrumb\",\"itemListElement\":[{\"@type\":\"ListItem\",\"position\":1,\"name\":\"Home\",\"item\":\"https:\/\/sandzakpress.net\/arhiva\/\"},{\"@type\":\"ListItem\",\"position\":2,\"name\":\"Roditelji nastradalog dje\u010daka Ismaila Guberini\u0107a protestom tra\u017ee pravdu od sudskih organa u Bijelom Polju\"}]},{\"@type\":\"WebSite\",\"@id\":\"https:\/\/sandzakpress.net\/arhiva\/#website\",\"url\":\"https:\/\/sandzakpress.net\/arhiva\/\",\"name\":\"Sand\u017eak PRESS\",\"description\":\"Prve elektronske novine u Sand\u017eaku\",\"publisher\":{\"@id\":\"https:\/\/sandzakpress.net\/arhiva\/#\/schema\/person\/6e72b67d6e51910a1117b3b483ba20bd\"},\"potentialAction\":[{\"@type\":\"SearchAction\",\"target\":{\"@type\":\"EntryPoint\",\"urlTemplate\":\"https:\/\/sandzakpress.net\/arhiva\/?s={search_term_string}\"},\"query-input\":{\"@type\":\"PropertyValueSpecification\",\"valueRequired\":true,\"valueName\":\"search_term_string\"}}],\"inLanguage\":\"bs-BA\"},{\"@type\":[\"Person\",\"Organization\"],\"@id\":\"https:\/\/sandzakpress.net\/arhiva\/#\/schema\/person\/6e72b67d6e51910a1117b3b483ba20bd\",\"name\":\"Kul\",\"image\":{\"@type\":\"ImageObject\",\"inLanguage\":\"bs-BA\",\"@id\":\"https:\/\/sandzakpress.net\/arhiva\/#\/schema\/person\/image\/\",\"url\":\"https:\/\/secure.gravatar.com\/avatar\/42263f39aa27ac04c43cab85c280eb2e?s=96&d=mm&r=pg\",\"contentUrl\":\"https:\/\/secure.gravatar.com\/avatar\/42263f39aa27ac04c43cab85c280eb2e?s=96&d=mm&r=pg\",\"caption\":\"Kul\"},\"logo\":{\"@id\":\"https:\/\/sandzakpress.net\/arhiva\/#\/schema\/person\/image\/\"}},{\"@type\":\"Person\",\"@id\":\"https:\/\/sandzakpress.net\/arhiva\/#\/schema\/person\/c8baee722073534b583ea7bdb2e36c02\",\"name\":\"bosniak\",\"image\":{\"@type\":\"ImageObject\",\"inLanguage\":\"bs-BA\",\"@id\":\"https:\/\/sandzakpress.net\/arhiva\/#\/schema\/person\/image\/\",\"url\":\"https:\/\/secure.gravatar.com\/avatar\/a04fd330bfe3a36a72a0ad4a6d89fca7?s=96&d=mm&r=pg\",\"contentUrl\":\"https:\/\/secure.gravatar.com\/avatar\/a04fd330bfe3a36a72a0ad4a6d89fca7?s=96&d=mm&r=pg\",\"caption\":\"bosniak\"},\"url\":\"https:\/\/sandzakpress.net\/arhiva\/author\/bosniak\/\"}]}<\/script>\n<!-- \/ Yoast SEO Premium plugin. -->","yoast_head_json":{"title":"Roditelji nastradalog dje\u010daka Ismaila Guberini\u0107a protestom tra\u017ee pravdu od sudskih organa u Bijelom Polju","robots":{"index":"index","follow":"follow","max-snippet":"max-snippet:-1","max-image-preview":"max-image-preview:large","max-video-preview":"max-video-preview:-1"},"canonical":"https:\/\/sandzakpress.net\/arhiva\/roditelji-nastradalog-djecaka-ismaila-guberinica-protestom-traze-pravdu-od-sudskih-organa-u-bijelom-polju\/","og_locale":"bs_BA","og_type":"article","og_title":"Roditelji nastradalog dje\u010daka Ismaila Guberini\u0107a protestom tra\u017ee pravdu od sudskih organa u Bijelom Polju","og_description":"Bijelo Polje &#8211;\u00a015. septembra 2013. godine u ulici 3. Sand\u017ea\u010dke u saobra\u0107ajnom udesu te\u0161ko je povrije\u0111en moj \u0161estogodi\u0161nji sin Ismail Guberini\u0107, koji je prelazio ulicu pedeset metara od ku\u0107e, nakon \u010dega je poslije sedam dana preminuo u KBC u Podgorici. Pet mjeseci se vodio istra\u017eni postupak protiv Nenada Ze\u010devi\u0107a koji je izazvao udes, nakon \u010dega [&hellip;]","og_url":"https:\/\/sandzakpress.net\/arhiva\/roditelji-nastradalog-djecaka-ismaila-guberinica-protestom-traze-pravdu-od-sudskih-organa-u-bijelom-polju\/","og_site_name":"Sand\u017eak PRESS","article_published_time":"2014-03-01T21:29:49+00:00","og_image":[{"width":300,"height":220,"url":"https:\/\/sandzakpress.net\/arhiva\/wp-content\/uploads\/2014\/03\/Smrtno_nastradali_djecak_Ismail_Guberinic1-300x2201.jpg","type":"image\/jpeg"}],"author":"bosniak","twitter_card":"summary_large_image","twitter_misc":{"Written by":"bosniak","Est. reading time":"2 minute"},"schema":{"@context":"https:\/\/schema.org","@graph":[{"@type":"Article","@id":"https:\/\/sandzakpress.net\/arhiva\/roditelji-nastradalog-djecaka-ismaila-guberinica-protestom-traze-pravdu-od-sudskih-organa-u-bijelom-polju\/#article","isPartOf":{"@id":"https:\/\/sandzakpress.net\/arhiva\/roditelji-nastradalog-djecaka-ismaila-guberinica-protestom-traze-pravdu-od-sudskih-organa-u-bijelom-polju\/"},"author":{"name":"bosniak","@id":"https:\/\/sandzakpress.net\/arhiva\/#\/schema\/person\/c8baee722073534b583ea7bdb2e36c02"},"headline":"Roditelji nastradalog dje\u010daka Ismaila Guberini\u0107a protestom tra\u017ee pravdu od sudskih organa u Bijelom Polju","datePublished":"2014-03-01T21:29:49+00:00","mainEntityOfPage":{"@id":"https:\/\/sandzakpress.net\/arhiva\/roditelji-nastradalog-djecaka-ismaila-guberinica-protestom-traze-pravdu-od-sudskih-organa-u-bijelom-polju\/"},"wordCount":437,"commentCount":0,"publisher":{"@id":"https:\/\/sandzakpress.net\/arhiva\/#\/schema\/person\/6e72b67d6e51910a1117b3b483ba20bd"},"image":{"@id":"https:\/\/sandzakpress.net\/arhiva\/roditelji-nastradalog-djecaka-ismaila-guberinica-protestom-traze-pravdu-od-sudskih-organa-u-bijelom-polju\/#primaryimage"},"thumbnailUrl":"https:\/\/sandzakpress.net\/arhiva\/wp-content\/uploads\/2014\/03\/Smrtno_nastradali_djecak_Ismail_Guberinic1-300x2201.jpg","articleSection":["Bijelo Polje","Hronika"],"inLanguage":"bs-BA","potentialAction":[{"@type":"CommentAction","name":"Comment","target":["https:\/\/sandzakpress.net\/arhiva\/roditelji-nastradalog-djecaka-ismaila-guberinica-protestom-traze-pravdu-od-sudskih-organa-u-bijelom-polju\/#respond"]}]},{"@type":"WebPage","@id":"https:\/\/sandzakpress.net\/arhiva\/roditelji-nastradalog-djecaka-ismaila-guberinica-protestom-traze-pravdu-od-sudskih-organa-u-bijelom-polju\/","url":"https:\/\/sandzakpress.net\/arhiva\/roditelji-nastradalog-djecaka-ismaila-guberinica-protestom-traze-pravdu-od-sudskih-organa-u-bijelom-polju\/","name":"Roditelji nastradalog dje\u010daka Ismaila Guberini\u0107a protestom tra\u017ee pravdu od sudskih organa u Bijelom Polju","isPartOf":{"@id":"https:\/\/sandzakpress.net\/arhiva\/#website"},"primaryImageOfPage":{"@id":"https:\/\/sandzakpress.net\/arhiva\/roditelji-nastradalog-djecaka-ismaila-guberinica-protestom-traze-pravdu-od-sudskih-organa-u-bijelom-polju\/#primaryimage"},"image":{"@id":"https:\/\/sandzakpress.net\/arhiva\/roditelji-nastradalog-djecaka-ismaila-guberinica-protestom-traze-pravdu-od-sudskih-organa-u-bijelom-polju\/#primaryimage"},"thumbnailUrl":"https:\/\/sandzakpress.net\/arhiva\/wp-content\/uploads\/2014\/03\/Smrtno_nastradali_djecak_Ismail_Guberinic1-300x2201.jpg","datePublished":"2014-03-01T21:29:49+00:00","breadcrumb":{"@id":"https:\/\/sandzakpress.net\/arhiva\/roditelji-nastradalog-djecaka-ismaila-guberinica-protestom-traze-pravdu-od-sudskih-organa-u-bijelom-polju\/#breadcrumb"},"inLanguage":"bs-BA","potentialAction":[{"@type":"ReadAction","target":["https:\/\/sandzakpress.net\/arhiva\/roditelji-nastradalog-djecaka-ismaila-guberinica-protestom-traze-pravdu-od-sudskih-organa-u-bijelom-polju\/"]}]},{"@type":"ImageObject","inLanguage":"bs-BA","@id":"https:\/\/sandzakpress.net\/arhiva\/roditelji-nastradalog-djecaka-ismaila-guberinica-protestom-traze-pravdu-od-sudskih-organa-u-bijelom-polju\/#primaryimage","url":"https:\/\/sandzakpress.net\/arhiva\/wp-content\/uploads\/2014\/03\/Smrtno_nastradali_djecak_Ismail_Guberinic1-300x2201.jpg","contentUrl":"https:\/\/sandzakpress.net\/arhiva\/wp-content\/uploads\/2014\/03\/Smrtno_nastradali_djecak_Ismail_Guberinic1-300x2201.jpg","width":300,"height":220},{"@type":"BreadcrumbList","@id":"https:\/\/sandzakpress.net\/arhiva\/roditelji-nastradalog-djecaka-ismaila-guberinica-protestom-traze-pravdu-od-sudskih-organa-u-bijelom-polju\/#breadcrumb","itemListElement":[{"@type":"ListItem","position":1,"name":"Home","item":"https:\/\/sandzakpress.net\/arhiva\/"},{"@type":"ListItem","position":2,"name":"Roditelji nastradalog dje\u010daka Ismaila Guberini\u0107a protestom tra\u017ee pravdu od sudskih organa u Bijelom Polju"}]},{"@type":"WebSite","@id":"https:\/\/sandzakpress.net\/arhiva\/#website","url":"https:\/\/sandzakpress.net\/arhiva\/","name":"Sand\u017eak PRESS","description":"Prve elektronske novine u Sand\u017eaku","publisher":{"@id":"https:\/\/sandzakpress.net\/arhiva\/#\/schema\/person\/6e72b67d6e51910a1117b3b483ba20bd"},"potentialAction":[{"@type":"SearchAction","target":{"@type":"EntryPoint","urlTemplate":"https:\/\/sandzakpress.net\/arhiva\/?s={search_term_string}"},"query-input":{"@type":"PropertyValueSpecification","valueRequired":true,"valueName":"search_term_string"}}],"inLanguage":"bs-BA"},{"@type":["Person","Organization"],"@id":"https:\/\/sandzakpress.net\/arhiva\/#\/schema\/person\/6e72b67d6e51910a1117b3b483ba20bd","name":"Kul","image":{"@type":"ImageObject","inLanguage":"bs-BA","@id":"https:\/\/sandzakpress.net\/arhiva\/#\/schema\/person\/image\/","url":"https:\/\/secure.gravatar.com\/avatar\/42263f39aa27ac04c43cab85c280eb2e?s=96&d=mm&r=pg","contentUrl":"https:\/\/secure.gravatar.com\/avatar\/42263f39aa27ac04c43cab85c280eb2e?s=96&d=mm&r=pg","caption":"Kul"},"logo":{"@id":"https:\/\/sandzakpress.net\/arhiva\/#\/schema\/person\/image\/"}},{"@type":"Person","@id":"https:\/\/sandzakpress.net\/arhiva\/#\/schema\/person\/c8baee722073534b583ea7bdb2e36c02","name":"bosniak","image":{"@type":"ImageObject","inLanguage":"bs-BA","@id":"https:\/\/sandzakpress.net\/arhiva\/#\/schema\/person\/image\/","url":"https:\/\/secure.gravatar.com\/avatar\/a04fd330bfe3a36a72a0ad4a6d89fca7?s=96&d=mm&r=pg","contentUrl":"https:\/\/secure.gravatar.com\/avatar\/a04fd330bfe3a36a72a0ad4a6d89fca7?s=96&d=mm&r=pg","caption":"bosniak"},"url":"https:\/\/sandzakpress.net\/arhiva\/author\/bosniak\/"}]}},"_links":{"self":[{"href":"https:\/\/sandzakpress.net\/arhiva\/wp-json\/wp\/v2\/posts\/102316"}],"collection":[{"href":"https:\/\/sandzakpress.net\/arhiva\/wp-json\/wp\/v2\/posts"}],"about":[{"href":"https:\/\/sandzakpress.net\/arhiva\/wp-json\/wp\/v2\/types\/post"}],"author":[{"embeddable":true,"href":"https:\/\/sandzakpress.net\/arhiva\/wp-json\/wp\/v2\/users\/83"}],"replies":[{"embeddable":true,"href":"https:\/\/sandzakpress.net\/arhiva\/wp-json\/wp\/v2\/comments?post=102316"}],"version-history":[{"count":0,"href":"https:\/\/sandzakpress.net\/arhiva\/wp-json\/wp\/v2\/posts\/102316\/revisions"}],"wp:featuredmedia":[{"embeddable":true,"href":"https:\/\/sandzakpress.net\/arhiva\/wp-json\/wp\/v2\/media\/102319"}],"wp:attachment":[{"href":"https:\/\/sandzakpress.net\/arhiva\/wp-json\/wp\/v2\/media?parent=102316"}],"wp:term":[{"taxonomy":"category","embeddable":true,"href":"https:\/\/sandzakpress.net\/arhiva\/wp-json\/wp\/v2\/categories?post=102316"},{"taxonomy":"post_tag","embeddable":true,"href":"https:\/\/sandzakpress.net\/arhiva\/wp-json\/wp\/v2\/tags?post=102316"}],"curies":[{"name":"wp","href":"https:\/\/api.w.org\/{rel}","templated":true}]}}