{"id":102215,"date":"2014-02-28T00:45:56","date_gmt":"2014-02-27T23:45:56","guid":{"rendered":"https:\/\/sandzakpress.net\/arhiva\/?p=102215"},"modified":"2014-02-28T00:47:27","modified_gmt":"2014-02-27T23:47:27","slug":"odluke-berlinskog-kongresa-i-zavnos-a-iii","status":"publish","type":"post","link":"https:\/\/sandzakpress.net\/arhiva\/odluke-berlinskog-kongresa-i-zavnos-a-iii\/","title":{"rendered":"Odluke Berlinskog kongresa i ZAVNOS-a (III)"},"content":{"rendered":"<figure id=\"attachment_102216\" aria-describedby=\"caption-attachment-102216\" style=\"width: 300px\" class=\"wp-caption alignleft\"><a href=\"https:\/\/sandzakpress.net\/arhiva\/wp-content\/uploads\/2014\/02\/SEFKET-KRCIC-300x3001.jpg\"><img loading=\"lazy\" decoding=\"async\" class=\"size-full wp-image-102216\" alt=\"dr. \u0160efket Krci\u0107\" src=\"https:\/\/sandzakpress.net\/arhiva\/wp-content\/uploads\/2014\/02\/SEFKET-KRCIC-300x3001.jpg\" width=\"300\" height=\"300\" srcset=\"https:\/\/sandzakpress.net\/arhiva\/wp-content\/uploads\/2014\/02\/SEFKET-KRCIC-300x3001.jpg 300w, https:\/\/sandzakpress.net\/arhiva\/wp-content\/uploads\/2014\/02\/SEFKET-KRCIC-300x3001-150x150.jpg 150w, https:\/\/sandzakpress.net\/arhiva\/wp-content\/uploads\/2014\/02\/SEFKET-KRCIC-300x3001-90x90.jpg 90w, https:\/\/sandzakpress.net\/arhiva\/wp-content\/uploads\/2014\/02\/SEFKET-KRCIC-300x3001-125x125.jpg 125w\" sizes=\"(max-width: 300px) 100vw, 300px\" \/><\/a><figcaption id=\"caption-attachment-102216\" class=\"wp-caption-text\">dr. \u0160efket Krci\u0107<\/figcaption><\/figure>\n<p>III dio<\/p>\n<p>Nastavak Rezolucije o osnivanju Zemaljskog antifa\u0161isti\u010dkog vije\u0107a narodnog oslobo\u0111enja \u2013 ZAVNO Sand\u017eaka koje je osnovano 20. i 21. novembra 1943. godine u Pljevljima.<\/p>\n<p><b>Narode Sand\u017eaka<\/b><\/p>\n<p>Iz nad\u010doje\u010danske borbe i ogromnih \u017ertava na\u0161ih naroda izrasla je slavna Narodno-oslobodila\u010dka vojska Jugoslavije koja se oduprla svim ofanzivama okupatora i doma\u0107ih izdajnika i postala mo\u0107na armija, koja danas u svim krajevima na\u0161e zemlje nanosi te\u0161ke udarce okupatoru i osloba\u0111a svakim danom mnoga sela i gradove. Na\u0161i saveznici uvidjeli su da je borba koju su poveli narodi Jugoslavije, na \u010delu sa Komuni\u010dkom partijom, jedina pravedna i dosljedna borba, koja \u0107e skinuti jaram okupatora i donijeti narodima Jugoslavije ravnopravnost i demokratske slobode. Saveznici odaju najve\u0107e priznanje na\u0161oj vojsci potvr\u0111uju\u0107i to slanjem svojih delegacija u Vrhovni \u0161tab Narodno-oslobodila\u010dke vojske. Otvorena izdajni\u010dka slu\u017eba Dra\u017ee Mihajlovi\u0107a i jugoslovenske izbjegli\u010dke vlade, kao i rije\u0161enost saveznika da poslije rata sami narodi odlu\u010duju o svome dr\u017eavnom ure\u0111enju, jasno pokazuje da plodove na\u0161e slavne i krvave borbe ne\u0107e nikada mo\u0107i ugrabiti izdajnici na\u0161e domovine.<\/p>\n<p>Svjesno sada\u0161nje situacije i veli\u010dine doga\u0111aja u kojima se nalazimo, osje\u0107aju\u0107i punu i veliku odgovornost koje se prihvata, Antifa\u0161isti\u010dko vije\u0107e narodnog oslobo\u0111enja Sand\u017eaka izjavljuje:<\/p>\n<p>Na\u0161 glavni zadatak jeste stvaranje borbenog jedinstva Srba i muslimana i stavljanje svih ljudskih i materijalnih snaga naroda Sand\u017eaka u slu\u017ebu frontu, za \u0161to br\u017ee izvojevanje pune narodne slobode.<\/p>\n<p>Mi ne\u0107emo izbjegli\u010du vladu. Toj izdani\u010dko-izbjegli\u010dkoj vladi, \u010diji je aktivni ministar vojni Dra\u017ea Mihajlovi\u0107 slu\u017eio i danas slu\u017ei fa\u0161isti\u010dkim okupatorima, nema povartka u zemlju, jo\u0161 manje povratka na vlast. Sam narod \u0107e slobodnom voljom odlu\u010diti o svojoj budu\u0107nosti i dr\u017eavnom ure\u0111enju.<\/p>\n<p>Mi tra\u017eimo da se svi krivci za \u017ertve i stradanja na\u0161ih naroda, za izdaju narodno-oslobodila\u010dke borbe, izvedu pred narodni sud gdje \u0107e odgovarati za svoje zlo\u010dine i izdaju.<\/p>\n<p>Mi ne\u0107emo stari dr\u017eavni aparat koji je ranije stajao u slu\u017ebi svih narodnih re\u017eima, a poslije kapitualcije postao poslu\u0161no oru\u0111e u rukama fa\u0161isti\u010dkih okupatora. Mi smatramo narodno-oslobodila\u010dke odbore organima prave i istinske narodne vlasti, koji najbolje odgovaraju potrebama i interesima naroda i narodno-oslobodila\u010dke borbe.<\/p>\n<p>Mi smatramo da samo demokratska i federativna Jugoslavija mo\u017ee zadovoljiti interese i nacionalna prava na\u0161ih naroda i ostvariti sretnu i sna\u017enu zajednicu jugoslovenskih naroda, u kojoj \u0107e biti i Sand\u017eak.<\/p>\n<p>Izra\u017eavamo svoju duboku zahvalnost i prizanje Vrhovnom \u0161tabu narodno-oslobodila\u010dke vojske i partizanskih odreda Jugoslavije za mudro i pobjednosno vo\u0111enje narodno-oslobodila\u010dke borbe i svoje nepokolebljivo povjerenje politi\u010dkom rukovodstvu narodno-oslobodila\u010dke borbe i jedinom predstavniku naroda Jugoslavije \u2013 Antifa\u0161isti\u010dkom vije\u0107u narodnog oslobo\u0111enja Jugoslavije.<\/p>\n<p><b>Bra\u0107o Srbi\u00a0<i>\u00a0<\/i><\/b><\/p>\n<p>Va\u0161a pu\u0161ka je me\u0111u prvima koje su ispalile metak na okupatora. Julska pu\u0161ka zapalila je plamen ustanka protiv tu\u0111ina, ona je pronijela ime Sand\u017eaka \u0161irom na\u0161e domovine. Narodni ustanak, borba protiv okupatora \u2013 to su najsvjetlije stranice historije na\u0161eg Sand\u017eaka. Nastavite jo\u0161 odlu\u010dnije borbu protiv okupatora i njegovih sluga: Kalaita, Rov\u010danina, Luka\u010devi\u0107a, Zvizdi\u0107a i ostalih naroda, koji i danas u zajednici sa \u0161vapskim krvnicima pale na\u0161e sela i vode borbu protiv na\u0161e narodno-oslodila\u010de vojske. Kujte bratstvo i jedinstvo sa bra\u0107om muslimanima u ovoj svetoj oslobodila\u010dkoj borbi, jer je ona najbolja garancija slobode i ljep\u0161e budu\u0107nosti Sand\u017eaka.<\/p>\n<p><b>Bra\u0107o Muslimani<\/b><\/p>\n<p>Narodno-oslobidla\u010dka borba vodi se za slobodu i ravnopravnost i Srba, i Muslimana, i Hrvata i svih naroda Jugoslavije.<\/p>\n<p>Vi ne smijete vi\u0161e biti roba za koju \u0107e se poga\u0111ati velikosrpski plja\u010dka\u0161i i usta\u0161ki izrodi. Vi ne smijete danas biti slijepo oru\u0111e u rukama gestapoveskih \u0161pijuna, koji ho\u0107e da vas uvuku u nove zlo\u010dine.<\/p>\n<p>Va\u0161 put je put narodno-oslobodila\u010dke borbe. Va\u0161e mjesto je u juna\u010dkoj Narodno-oslobodila\u010dkoj vojsci u njenim proslavljenim brigadama.<\/p>\n<p>Va\u0161a budu\u0107nost i va\u0161a sloboda le\u017ei u zajedni\u010dkoj borbi sa bra\u0107om Srbima protiv hitlerovskih okupatora i njihovih pla\u0107enih najamnika, srpskih i muslimanskih izroda.<\/p>\n<p><b>Sand\u017eaklije<\/b><\/p>\n<p>\u010cas kona\u010dnog oslobo\u0111enja se pribli\u017eava. Veliki zamah ofanzive Crvene armije, njeno brzo i nezaustavljivo napredovanje na zapad, pobjede saveznika u Italiji, \u017eestoko i sistematsko bombardovanje Njema\u010dke, sve \u010dvr\u0161\u0107i savez izme\u0111u Engleske, Sovjetske Rusije i Amerike \u2013 sve su to dokazi brzog i neminovnog sloma Hitlerove Njema\u010dke. U na\u0161oj zemlji okupator i njegove sluge trpe svakog dana sve ve\u0107e poraze. Veliki dio na\u0161e otad\u017ebine nalazi se u rukama na\u0161e Narodno-oslobodila\u010dke vojske. Ali borba jo\u0161 nije zavr\u0161ena, sve do potpunog istjerivanja okupatora iz na\u0161e zemlje i potpunog uni\u0161tenja svih njegovih sluga i pomaga\u010da. Zato zbijte se jo\u0161 \u010dvr\u0107e oko na\u0161e slavne Narodno-oslobodila\u010dke vojske, popunjavajte njene juna\u010dke redove! Stvarajte i u\u010dvr\u0161\u0107ujte borbeno jedinstvo i bratstvo Srba i Muslimana kroz redove Narodno-oslobodila\u010dke vojske! Mobili\u0161ite sve snage za istjerivanje \u0161vapskih okupatora iz na\u0161e domovine i istrjebljenje njihovih krvavih pomaga\u010da.<\/p>\n<p>\u017divjelo borbeno jedinstvo i bratstvo Srba i Muslimana Sand\u017eaka u borbi protiv okupatora i izdajnika na\u0161eg naroda!<\/p>\n<p>\u017divjela na\u0161a juna\u010dka Narodno-oslobodila\u010dka vojska i partizanski odredi Jugoslavije!<\/p>\n<p>\u017divio Vrhovni \u0161tab Narodno-oslobodila\u010dke vojske i partizanskih odreda Jugoslavije i na\u0161 proslavljeni vojskovo\u0111a drug Tito!<\/p>\n<p>\u017divjelo Antifa\u0161isti\u010dko vije\u0107e narodnog oslobo\u0111enja Jugoslavije!<\/p>\n<p>\u017divjela slobodna, narodna, demokratska, federativna Jugoslavija!<\/p>\n<p>\u017divjelo Zemaljsko antifa\u0161isti\u010dko vije\u0107e narodnog oslobo\u0111enja Sand\u017eaka!<\/p>\n<p>\u017divjeli na\u0161i saveznici Sovjetski Savez, Engleska i Amerika!<\/p>\n<p>Smrt njema\u010dkim okupatorima i njegovim pomaga\u010dima!<\/p>\n<p>SMRT FA\u0160IZMU, SLOBODA NARODU!<\/p>\n<p>Pljevlja\u00a0\u00a0\u00a0\u00a0\u00a0\u00a0\u00a0\u00a0\u00a0\u00a0\u00a0\u00a0\u00a0\u00a0\u00a0\u00a0\u00a0\u00a0\u00a0\u00a0\u00a0\u00a0\u00a0\u00a0\u00a0\u00a0\u00a0\u00a0\u00a0\u00a0\u00a0 Skup\u0161tina Antifa\u0161isti\u017ekog vije\u0107a<br \/>\n20. novembra 1943.\u00a0\u00a0\u00a0\u00a0\u00a0\u00a0\u00a0\u00a0 narodnog oslobo\u0111enja Sand\u017eaka<\/p>\n<p>Izvr\u0161ni odbor: Predsjedni\u0161tvo<\/p>\n<p>Predsjednik \u2013 Sreten Vukosavljevi\u0107, dr\u017eavni podsekretar u penziji, biv\u0161i senator i honorarni profesor Beogradskog univerziteta.<\/p>\n<p>I potpredsjednik \u2013 Murat\/ef. \u0160e\u0107eragi\u0107, vrhovni \u0161erijatski sudija iz Prijepolja.<\/p>\n<p>II potpredsjednik \u2013 Du\u0161an Ivovi\u0107, u\u010dlitelj, \u010dlan Glavnog odbora biv[e Zemljoradni\u010dke stranke iz Pljevalja.<\/p>\n<p>III potrpredsjednik \u2013 Mirko Jukovi\u0107, novinar iz Radojinje.<b><\/b><\/p>\n<p>\u010clanovi<\/p>\n<p>Za upravni odsjek \u2013 Jak\u0161a Bogdanovi\u0107, advokat iz Priboja.<\/p>\n<p>Za privredno-finansijski odsjek \u2013 Mirko Jukovi\u0107, novinar iz Radojinje.<\/p>\n<p>Za prosvjetni odsjek \u2013 Miloje Dobra\u0161inovi\u0107, profesor iz Bijelog Polja.<\/p>\n<p>Za propagandni odsjek \u2013 Mi\u0161o Pavi\u0107evi\u0107, pravnik iz Pljevalja.<\/p>\n<p>Za socijali odsjek \u2013 Predrag Vlasonji\u0107, sudija iz Bistrice.<\/p>\n<p>Za zdravstveni odsjek \u2013 Jevstatije Karamatijevi\u0107, prota iz Nove Varo\u0161i.<b><\/b><\/p>\n<p>\u010clanovi Vije\u0107a<\/p>\n<p>Andrija Lapto\u0161evi\u0107, zemljoradnik iz Banje; Ahmo Bajrovi\u0107, student iz Pljevalja; Bo\u017eo Vrvovi\u0107, zemljoradniik iz Vrane\u0161a; Branko Obradovi\u0107, pukovnik iz Pljevalja; Velimir Jaki\u0107, pukovnik, komandant G1avnog \u0161taba za Sand\u017eak; Vukoav Bo\u0161kovi\u0107, zemljoradnik iz Mojkovca; Goja Toma\u0161evi\u0107, u\u010diteljica Radni\u010dke \u0161kole iz Prijepolja; Dervi\u0161 Hadi-Ad\u017eali\u0107, imam iz Buvice; Dobrija Kljajevi\u0107, u\u010ditelj iz Pavinog Polja; Dragica Mili\u0107evi\u0107, u\u010diteljica iz Pljevalja; Du\u0161an Rakovi\u0107, kova\u010d iz Priboja; \u0110or\u0111ije Peruni\u010di\u0107, poru\u010dnik biv\u0161e Jugoslovenske vojske; \u017divko \u017di\u017ei\u0107, advokat pripravnik iz Nedokusa; Zako Zejakovi\u0107, zemljoradnik iz Stranjana; Zorka Aleti\u0107, doma\u0107ica iz Kosanice; Jefto Dr\u010deli\u0107, zemljoradnik iz Dra\u017eevi\u0107a; Jovan Stameni\u0107, bravar iz Pljevalja; Joko Kne\u017eevi\u0107, student iz Mataruga; Lazo Mladenovi\u0107, zemljoradnik iz Bistrice; Leko Risti\u0107, trgovac iz Priboja; Lenka Juri\u0161evi\u0107, doma\u0107ica iz Bijelog Polja; Ljuba Ranovi\u0107, doma\u0107ica iz Nove Varo\u0161i; Marinko Golubovi\u0107, zemljoradnik iz Mao\u010da, komandant Pljevljaskog partizanskog odreda; Milan Radi\u0161i\u0107, zemljoradnik iz Bo\u017eati\u0107a; Milan Cincovi\u0107, ekonom iz Priboja; Milija Lu\u010di\u0107, zemljoradnik iz Velike \u017dupe; Milojica Kljaji\u0107, zemljoradnik iz \u0160ehovi\u0107a; Milorad Markovi\u0107, zemljoradnik iz Meljaka; Milo\u0161 Petri\u0107, zemljoradnik iz Sreza novovaro\u0161kog; Milutin Divac, u\u010ditelj iz Ivanja; Milutin Popovi\u0107, student prava iz Paraoka; Milko Star\u010devi\u0107, zemljoradnik iz Meljaka; Mi\u0107o Dragutinovi\u0107, zemljoradnik iz Re\u010da; Momir Bo\u0161kovi\u0107, pekar; Nikola Gujan\u010di\u0107, zemljoradnik iz Vilova; Nikola Kne\u017eevi\u0107, pukovnik iz Pavinog Polja, \u010dlan Glavnog \u0161taba za Sand\u017eak; Nedeljko Moji\u0107evi\u0107, zemljoradnik iz Dobrilovi\u0107a; Obrad Vukovi\u0107, zemljoradnik iz Plje\u0161nice; Osman Kold\u017ei\u0107, imam iz Priboja; Radojica Divac, biv\u0161i djelovo\u0111a op\u0107ine iz Ivanja; Rado\u0161 Ilin\u010di\u0107, zemljoradnik iz Potpe\u010da; Rako Ra\u0161kovi\u0107, zemljoradnik iz Barica; Rako Penti\u0161, zemljoradnik iz Sedobra; Salko Dolmagi\u0107, trgovac iz Nove Varo\u0161i; Sveto Tuzovi\u0107, zemljoradnik; Selim Ha\u0161imbegovi\u0107, pravnik iz Prijepolja, politi\u010dki komesar Glavnog \u0161taba za Sand\u017eak; Smajo Had\u017eibegovi\u0107, student medicine iz Bistrice; Tomo Smolo, zemljoradnik iz Pro\u0161\u0107enja; Trifun \u0160alipur, zemljoradnik iz Gole\u0161a; Halil \u0160ahman, zemljoradnik iz Lozne; \u0160efko Franca, student iz Resova; \u0160ukrija Had\u017eimuratovi\u0107, trgovac iz Priboja.<\/p>\n<p>Delegati<\/p>\n<p>Avdo Alagi\u0107, zemljoradnik iz Kalafata; Aleksa Peruni\u010di\u0107, zemljoradnik iz Mao\u010da; Alija Franca, zemljoradnik iz Rasova; Andrija Kojadinovi\u0107, zemljoradnik iz Dobrilovi\u0107a; Andrija Glu\u0161\u010devi\u0107, zemljoradnik iz Kamene Gore; Asim Me\u0111edovi\u0107, trgovac iz Bijelog Polja; Bogi\u0107 Radulovi\u0107, zemljoradnik iz Zatona; Bogosav Drobnjakovi\u0107, zemljoradnik iz Brajkovca, Bo\u017eidar Ne\u0161evi\u0107, radnik iz Bijelog Polja; Borislav Kola\u0161inac, zemljoradnik iz Bistrice; Branko Niko\u010devi\u0107, zemljoradnik iz Bistrice; Vaso Mi\u0107ovi\u0107, zemljoradnik; Vasilija Divac, doma\u0107ica iz Ivanja; Vasilije Ze\u010devi\u0107, zemljoradnik iz Meljaka; Vasilije Pu\u0161onji\u0107, zemljoradnik iz Ivanja; Velimir Boti\u0107, zemljoradnik iz Vinova; Vlade Bo\u0161kovi\u0107, zemljoradnik iz So\u010dica; Vlade Damjanovi\u0107, student iz Kosanice; Vladimir Borisavljevi\u0107, posjednik iz Nove Varo\u0161i; Vladislav Boti\u0107, zemljoradnik iz Vikova; Vladislav Toma\u0161evi\u0107, zemljoradnik iz Velike \u017dupe; Vlado Markovi\u0107, zemljoradnik iz Krupica; Vlado Mirkovi\u0107, student tehnike iz Pljevlja; Vlajko Vukovi\u0107, zemljoradnik iz Bobova; Voja Lekovi\u0107, privatni namje\u0161tenik iz Radojinje; Vojin \u010cepi\u0107, zemljoradnik iz Ho\u0107evine; Vojko Stoji\u0107, zemljoradnik iz Bistrice; Vujo\u0161 Vojinovi\u0107, zemljoradnik iz Stan\u010dina; Vukoman Pucarevi\u0107, zemljoradnik iz Drmanovi\u0107a; Vuko D\u017euverovi\u0107, stolar iz Bijelog Polja; Vukosav Kojanovi\u0107, u\u010ditelj iz Ivanja; Gavrilo Deli\u0107, zemljoradnik iz Mojkovca; Grana Golubovi\u0107, doma\u0107ica iz Kotlaji\u0107a; Grujo Lukovi\u0107, zemljoradnik iz Rasova; Danilo Vojinovi\u0107, zemljoradnik iz Pali; Dervo Ba\u0161ovi\u0107, zemljoradnik iz Rta; Desanka Raketi\u0107, u\u010diteljica iz Prijepolja; Diko Mosurovi\u0107, zemljoradnik iz Vrbova; Dile \u0160\u0107eki\u0107, zemljoradnik iz Zatona; Dobrilo Simovi\u0107, zemljoradnik iz Gliba\u0107a; Dobro Ratkovi\u0107, zemljoradnik iz Ku\u010dina; Dobrisav Gujan\u010di\u0107, zemljoradnik iz Komarana; Drago Boti\u0107, zemljoradnik iz Vikova; Drago Despotovi\u0107, zemljoradnik iz Obardi; Drago Raji\u0107, zemljoradnik iz Bistrice; Dragoljub Jev\u0111evi\u0107, trgovac iz Priboja; Dragomir Tri\u0161ovi\u0107, zemljoradnik iz Ra\u010de; Du\u0161an Blagojevi\u0107, zemljoradnik iz Radojinje; Du\u0161an Dujovi\u0107, zemljoradnik iz Gotovu\u0161e; Du\u0161an Karli\u010di\u0107, kafed\u017eija iz Bijelog Polja; Du\u0161an Nin\u010di\u0107, zemljoradnik iz Sedobra; Du\u0161an Pucarevi\u0107, zemljoradnik iz Dra\u017eanovi\u0107a; Du\u0161an radi\u010devi\u0107, u\u010ditelj iz Pljevalja; Du\u0161an Stiki\u0107, zemljoradnik iz \u0160trbaca; Du\u0161anka Jelovac, doma\u0107ica iz Meljaka, \u0110or\u0111ije Stojanovi\u0107, zemljoradnik iz Nedakusa; Edhem Dizdar, zemljoradnik iz Meljaka; \u017divko Konti\u0107, penzioner iz Ho\u0107evine; Zafa Ha\u0161imbegovi\u0107, radnica iz Prijepolja; Zora Mirkovi\u0107, doma\u0107ica; Ivan Dobra\u0161inovi\u0107, u\u010diteljski pripravnik iz Rasova; Ilija Bulatovi\u0107, privatni namje\u0161tenik iz Ravne Rijeke; Ilija \u0110okovi\u0107, \u0161kolski nadzornik iz Prijepolja; Ilija Lopu\u0161ina, profesor iz Pljevalja; Jago\u0161 \u0110erkovi\u0107, zemljoradnik iz Bukovice; Jago\u0161 Ro\u0107en, zemljoradnik iz Kosanice; Jevrem Tanjevi\u0107, zemljoradnik iz Bobova; Jelena \u017dugi\u0107, seljanka iz Lever Tare; Jelica Raji\u0107, seljanka iz Bistrice; Jovan Vasiljevi\u0107, zemljoradnik iz Kamu\u017ea; Jovan Dragutinovi\u0107, zemljoradnik iz Tolaca; Jovan \u0110urovi\u0107, zemljoradnik; Jovan Janju\u0161evi\u0107, zemljoradnik iz Mataruga; Jovan Penezi\u0107, zemljoradnik iz Crnuga; Jovan Taba\u0161, zemljoradnik iz Zekavica; Jovan \u0160\u0107eki\u0107, vla\u010dar iz Bijelog Polja; Joco \u010cepi\u0107, zemljoradnik iz Ho\u0107evine; Kata \u0110ukovi\u0107, seljanka iz Radojine; Kata \u0160aponji\u0107, doma\u0107ica iz Nove Varo\u0161i; Kamnen Cerovi\u0107, student prava iz Pljevalja, \u010dlan Glavnog \u0161taba za Sand\u017eak; Lazar Veruovi\u0107, zemljoradnik iz Izvi\u010dnja; Ljubo Perovi\u0107, zemljoradnik iz Rasova; Ljubo Radosavljevi\u0107, sudski pripravnik iz Jabu\u010dina; Ljuboje Pejovi\u0107, zemljoradnik iz Mataruga; Marko Bu\u010devac, zemljoradnik iz Bistrice; Mahmud Hasanagi\u0107, trgovac iz Priboja; Mehmed Zeki, vrhovni \u0161erijatski sudija iz Pljevalja; Mijo Ljuji\u0107, zemljoradnik iz Bistrice; Milan Golubovi\u0107, zemljoradnik iz Korlaji\u0107a; Milan Ljuji\u0107, zemljoradnik iz Bistrice; Milan Maru\u0161i\u0107, zemljoradnik iz Ivanja, Milanko Gogi\u0107, diplomirani pravnik iz \u017didovi\u0107a; Mile Joksimovi\u0107, biv\u0161i oblasni poslanik iz Pavinog Polja; Mile Peruni\u010di\u0107, biv\u0161i narodni poslanik iz Mao\u010da; Mileva \u017dugi\u0107, student iz Pljevalja; Milena Obradovi\u0107, doma\u0107ica iz Pribr\u010di\u0107a; Milena Tanovi\u0107, doma\u0107ica iz Nove Varo\u0161i; Milenko Stevovi\u0107, sudski pripravnik iz Nove Varo\u0161i; Milenko Davidovi\u0107, zemljoradnik iz Vrane\u0161a; Milija Srdanovi\u0107, zemljoradnik iz Potpe\u0107a; Milika Obradovi\u0107, student iz Ivanja; Milisav Rabrenovi\u0107, zemljoradnik iz \u010cajni\u010da; Milka Pejovi\u0107, seljanka iz Vilova; Milica \u017duri\u0107, seljanka iz Mojkovca; Milovan Bo\u017eovi\u0107, zemljoradnik iz Bobova; Milovan Radovi\u0107, student prava iz Meljaka; Milan Slovovi\u0107, trgovac iz Mojkovca; Miloje Radakovi\u0107, zemljoradnik iz Drenove; Milojko Drulovi\u0107, u\u010denik U\u010diteljske \u0161kole iz Vrane\u0161a; Miloje Radakovi\u0107, zemljoradnik iz Drenove; Milojko Drulovi\u0107, u\u010denik U\u010diteljske \u0161kole iz Vrane\u0161a; Milorad Popovi\u0107, zemljoradnik iz Stranjana; Milosav Bo\u0161kovi\u0107, zemljoradnik iz Radojinje; Milosav Rakonjac, zemljoradnik iz Nedakusa; Milan \u017divkovi\u0107, zemljoradnik iz Bistrice; Milo\u0161 Kaljevi\u0107, zemljoradnik iz Seljana; Milo\u0161 Karovi\u0107, zemljoradnik iz Kova\u010da; Milan Pleski\u0107, zemljoradnik iz Babina; Miljko Star\u010devi\u0107, zemljoradnik iz Meljaka; Mirko Gvozdenovi\u0107, zemljoradnik iz Gran\u010dareva; Mirko Ton\u010di\u0107, zemljoradnik iz Kakmu\u017ea; Mitar Radovi\u0107, zemljoradnik iz Meljaka; Mitar \u0160ljuki\u0107, zemljoradnik iz Jabuke; Mihailo Despotovi\u0107, zemljoradnik iz Mataruga; Mihailo \u017dugi\u0107, u\u010ditelj iz Potpe\u0107a; Mihailo Sredojevi\u0107, zemljoradnik iz Velike \u017dupe; Mi\u0107o Zori\u0107, biv\u0161i \u010dinovnik iz Pljevalja; Mi\u0107o Maksimovi\u0107, zemljoradnik iz Mao\u010da; Mi\u0107ko \u010curovi\u0107, zemljoradnik iz Gran\u010dareva; Momir Star\u010devi\u0107, zemljoradnik iz Meljaka; Mom\u010dilo Carevi\u0107, zemljoradnik iz Klina Brda; Muhamed Had\u017eismajilovi\u0107, direktor banke iz Pljevalja; Nada Bogdanovi\u0107, u\u010diteljica iz Prijepolja; Nade\u017eda Popovi\u0107, doma\u0107ica iz Bijelog Polja; Nedeljko Bajilovi\u0107, zemljoradnik iz Bobova; Nikola Toma\u0161evi\u0107, zemljoradnik iz Kamene Gore; Obrad \u010covi\u0107, zemljoradnik iz Pavinog Polja; Petar Ton\u010di\u0107, zemljoradnik; Ragib Ajanovi\u0107, zemljoradnik iz Potpe\u0107a; Rade Drobnjak, zemljoradnik iz Selja\u0161nice; Radisav Bjelovi\u0107, stolar iz Priboja; Radisav \u0160evulji\u0107, zemljoradnik; Radovan Savi\u0107, zemljoradnik; Radoje Markovi\u0107, zemljoradnik iz \u0160ahovi\u0107a; Radojica Roljevi\u0107, trgovac iz Priboja; Radomir Kne\u017eevi\u0107, zemljoradnik iz Bistrice; Rajko Rajanovi\u0107, stolar iz Nove Varo\u0161i, Radivoje \u010ckonjevi\u0107, sudija iz Priboja; Rafajlo Pejatovi\u0107, zemljoradnik iz Bistrice; Ra\u0161o Kljajevi\u0107, zemljoradnik iz Bli\u0161kova; Sabit Tahirbegovi\u0107, imam iz Bukovice; Samo Borovi\u0107, zemljoradnik iz Boljani\u0107a; Savo \u0160estovi\u0107, zemljoradnik iz Sto\u017eera; Salko Had\u017eovi\u0107, u\u010denik iz Boljani\u0107a; Sara Grbovi\u0107, seljanka iz Vilova; Svetozar Novosel, zemljoradnik iz Brodareva; Seud Musi\u0107, kova\u010d iz Nove Varo\u0161i; Simeun Grbi\u0107, zemljoradnik iz \u010cabina; Simo Ostoji\u0107, zemljoradnik iz Kosanice; Simo Kijanovi\u0107, zemljoradnik iz Otilovi\u0107a; Slobodan Bijeli\u0107, student iz Bilova; Smaila Musi\u0107, doma\u0107ica iz Nove Varo\u0161i; Smail Idrizovi\u0107, student iz Bijelog Polja; Smajo Vlahovljak, tehni\u010dar iz Priboja; Spasoje Mirosavi\u0107, zemljoradnik iz Bistrice; Sreten Lekovi\u0107, zemljoradnik iz Radojinje; Sretko Potpara, zemljoradnik iz Gotovu\u0161e; Srdan Star\u010devi\u0107, zemljoradnik iz Bobova; Stana Cerovi\u0107, doma\u0107ica iz Pljevalja; Stanimirka Pejatovi\u0107, seljanka iz Drenove; Stani\u0161a Divac, zemljoradnik iz Bjelobaba; Stanojka \u010covi\u0107, doma\u0107ica iz Pavinog Polja; Stevan Petrovi\u0107, prota iz Pljevalja; Stevan \u0110ukovi\u0107, zemljoradnik iz Radojinje; Stevan Gujanica, zemljoradnik iz Komarana; Stjepan Krstonijevi\u0107, zemljoradnik iz Meljaka; Sulejman Mehovi\u0107, student iz Bijelog Polja; Suljo \u010cengi\u0107, posjednik iz Od\u017eaka; \u0106amil Ha\u0161imbegovi\u0107, posjednik iz Prijepolja; Filiman Puri\u0107, u\u010ditelj iz Prijepolja; Flotije Kljaji\u0107, u\u010denik iz \u0160ahovi\u0107a; Hajro Bajrovi\u0107, zemljoradnik iz Kru\u0161eva; Hamza Hajdarevi\u0107, trgovac iz Priboja; Had\u017eo D\u017einovi\u0107, zemljoradnik iz Selja\u0161nice; Hilmija Hasanagi\u0107, student medicine iz Priboja; Husein Hasanagi\u0107, trgovac iz Priboja; D\u017eemail Selmanovi\u0107, radnik iz Pljevalja; \u0160ale \u0110urovi\u0107, zemljoradnik iz \u0110ur\u0111evi\u0107a Tare; \u0160ukrija Had\u017eimuratovi\u0107, trgovac iz Priboja; \u0160u\u0107ro Muzurovi\u0107, biv\u0161i op\u0107inski blagajnik iz Pljevalja.<\/p>\n<p>ZAVNO Sand\u017eaka je raspu\u0161ten na sjednici 29. marta 1945. godine u Novom Pazaru. Predsjednik ovog antifa\u0161isti\u010dkog vije\u0107a Sreten Vukosavljevi\u0107 nikada nije potpisao tu odluku o raspu\u0161tanju. U toj zgradi od septembra 2004. godine, nalazi se sjedi\u0161te Bo\u0161nja\u010dkog nacionalnog vije\u0107a Srbije i Crne Gore.<\/p>\n<p>(Nastavit \u0107e se)<\/p>\n<p>Autor:\u00a0dr. \u0160efket Krci\u0107<br \/>\nrevija SAND\u017dAK | 1. februar 2014. | br. 176 |\u00a0<a href=\"http:\/\/revijasandzak.com\/\">RevijaSANDZAK.com<\/a><\/p>\n","protected":false},"excerpt":{"rendered":"<p>dr. \u0160efket Krci\u0107<\/p>\n","protected":false},"author":83,"featured_media":102216,"comment_status":"open","ping_status":"open","sticky":false,"template":"","format":"standard","meta":{"footnotes":""},"categories":[14,10196],"tags":[10441,10452],"class_list":{"0":"post-102215","1":"post","2":"type-post","3":"status-publish","4":"format-standard","5":"has-post-thumbnail","7":"category-sandzak-historija","8":"category-iz-pera-nasih-autora","9":"tag-dr-sefket-krcic","10":"tag-revija-sandzak"},"yoast_head":"<!-- This site is optimized with the Yoast SEO Premium plugin v23.1 (Yoast SEO v24.9) - https:\/\/yoast.com\/wordpress\/plugins\/seo\/ -->\n<title>Odluke Berlinskog kongresa i ZAVNOS-a (III)<\/title>\n<meta name=\"robots\" content=\"index, follow, max-snippet:-1, max-image-preview:large, max-video-preview:-1\" \/>\n<link rel=\"canonical\" href=\"https:\/\/sandzakpress.net\/arhiva\/odluke-berlinskog-kongresa-i-zavnos-a-iii\/\" \/>\n<meta property=\"og:locale\" content=\"bs_BA\" \/>\n<meta property=\"og:type\" content=\"article\" \/>\n<meta property=\"og:title\" content=\"Odluke Berlinskog kongresa i ZAVNOS-a (III)\" \/>\n<meta property=\"og:description\" content=\"dr. \u0160efket Krci\u0107\" \/>\n<meta property=\"og:url\" content=\"https:\/\/sandzakpress.net\/arhiva\/odluke-berlinskog-kongresa-i-zavnos-a-iii\/\" \/>\n<meta property=\"og:site_name\" content=\"Sand\u017eak PRESS\" \/>\n<meta property=\"article:published_time\" content=\"2014-02-27T23:45:56+00:00\" \/>\n<meta property=\"article:modified_time\" content=\"2014-02-27T23:47:27+00:00\" \/>\n<meta property=\"og:image\" content=\"https:\/\/sandzakpress.net\/arhiva\/wp-content\/uploads\/2014\/02\/SEFKET-KRCIC-300x3001.jpg\" \/>\n\t<meta property=\"og:image:width\" content=\"300\" \/>\n\t<meta property=\"og:image:height\" content=\"300\" \/>\n\t<meta property=\"og:image:type\" content=\"image\/jpeg\" \/>\n<meta name=\"author\" content=\"bosniak\" \/>\n<meta name=\"twitter:card\" content=\"summary_large_image\" \/>\n<meta name=\"twitter:label1\" content=\"Written by\" \/>\n\t<meta name=\"twitter:data1\" content=\"bosniak\" \/>\n\t<meta name=\"twitter:label2\" content=\"Est. reading time\" \/>\n\t<meta name=\"twitter:data2\" content=\"13 minuta\" \/>\n<script type=\"application\/ld+json\" class=\"yoast-schema-graph\">{\"@context\":\"https:\/\/schema.org\",\"@graph\":[{\"@type\":\"Article\",\"@id\":\"https:\/\/sandzakpress.net\/arhiva\/odluke-berlinskog-kongresa-i-zavnos-a-iii\/#article\",\"isPartOf\":{\"@id\":\"https:\/\/sandzakpress.net\/arhiva\/odluke-berlinskog-kongresa-i-zavnos-a-iii\/\"},\"author\":{\"name\":\"bosniak\",\"@id\":\"https:\/\/sandzakpress.net\/arhiva\/#\/schema\/person\/c8baee722073534b583ea7bdb2e36c02\"},\"headline\":\"Odluke Berlinskog kongresa i ZAVNOS-a (III)\",\"datePublished\":\"2014-02-27T23:45:56+00:00\",\"dateModified\":\"2014-02-27T23:47:27+00:00\",\"mainEntityOfPage\":{\"@id\":\"https:\/\/sandzakpress.net\/arhiva\/odluke-berlinskog-kongresa-i-zavnos-a-iii\/\"},\"wordCount\":2685,\"commentCount\":3,\"publisher\":{\"@id\":\"https:\/\/sandzakpress.net\/arhiva\/#\/schema\/person\/6e72b67d6e51910a1117b3b483ba20bd\"},\"image\":{\"@id\":\"https:\/\/sandzakpress.net\/arhiva\/odluke-berlinskog-kongresa-i-zavnos-a-iii\/#primaryimage\"},\"thumbnailUrl\":\"https:\/\/sandzakpress.net\/arhiva\/wp-content\/uploads\/2014\/02\/SEFKET-KRCIC-300x3001.jpg\",\"keywords\":[\"dr. \u0160efket Krci\u0107\",\"Revija Sand\u017eak\"],\"articleSection\":[\"Sand\u017eak HISTORIJA\",\"Iz pera na\u0161ih autora\"],\"inLanguage\":\"bs-BA\",\"potentialAction\":[{\"@type\":\"CommentAction\",\"name\":\"Comment\",\"target\":[\"https:\/\/sandzakpress.net\/arhiva\/odluke-berlinskog-kongresa-i-zavnos-a-iii\/#respond\"]}]},{\"@type\":\"WebPage\",\"@id\":\"https:\/\/sandzakpress.net\/arhiva\/odluke-berlinskog-kongresa-i-zavnos-a-iii\/\",\"url\":\"https:\/\/sandzakpress.net\/arhiva\/odluke-berlinskog-kongresa-i-zavnos-a-iii\/\",\"name\":\"Odluke Berlinskog kongresa i ZAVNOS-a (III)\",\"isPartOf\":{\"@id\":\"https:\/\/sandzakpress.net\/arhiva\/#website\"},\"primaryImageOfPage\":{\"@id\":\"https:\/\/sandzakpress.net\/arhiva\/odluke-berlinskog-kongresa-i-zavnos-a-iii\/#primaryimage\"},\"image\":{\"@id\":\"https:\/\/sandzakpress.net\/arhiva\/odluke-berlinskog-kongresa-i-zavnos-a-iii\/#primaryimage\"},\"thumbnailUrl\":\"https:\/\/sandzakpress.net\/arhiva\/wp-content\/uploads\/2014\/02\/SEFKET-KRCIC-300x3001.jpg\",\"datePublished\":\"2014-02-27T23:45:56+00:00\",\"dateModified\":\"2014-02-27T23:47:27+00:00\",\"breadcrumb\":{\"@id\":\"https:\/\/sandzakpress.net\/arhiva\/odluke-berlinskog-kongresa-i-zavnos-a-iii\/#breadcrumb\"},\"inLanguage\":\"bs-BA\",\"potentialAction\":[{\"@type\":\"ReadAction\",\"target\":[\"https:\/\/sandzakpress.net\/arhiva\/odluke-berlinskog-kongresa-i-zavnos-a-iii\/\"]}]},{\"@type\":\"ImageObject\",\"inLanguage\":\"bs-BA\",\"@id\":\"https:\/\/sandzakpress.net\/arhiva\/odluke-berlinskog-kongresa-i-zavnos-a-iii\/#primaryimage\",\"url\":\"https:\/\/sandzakpress.net\/arhiva\/wp-content\/uploads\/2014\/02\/SEFKET-KRCIC-300x3001.jpg\",\"contentUrl\":\"https:\/\/sandzakpress.net\/arhiva\/wp-content\/uploads\/2014\/02\/SEFKET-KRCIC-300x3001.jpg\",\"width\":300,\"height\":300,\"caption\":\"dr. \u0160efket Krci\u0107\"},{\"@type\":\"BreadcrumbList\",\"@id\":\"https:\/\/sandzakpress.net\/arhiva\/odluke-berlinskog-kongresa-i-zavnos-a-iii\/#breadcrumb\",\"itemListElement\":[{\"@type\":\"ListItem\",\"position\":1,\"name\":\"Home\",\"item\":\"https:\/\/sandzakpress.net\/arhiva\/\"},{\"@type\":\"ListItem\",\"position\":2,\"name\":\"Odluke Berlinskog kongresa i ZAVNOS-a (III)\"}]},{\"@type\":\"WebSite\",\"@id\":\"https:\/\/sandzakpress.net\/arhiva\/#website\",\"url\":\"https:\/\/sandzakpress.net\/arhiva\/\",\"name\":\"Sand\u017eak PRESS\",\"description\":\"Prve elektronske novine u Sand\u017eaku\",\"publisher\":{\"@id\":\"https:\/\/sandzakpress.net\/arhiva\/#\/schema\/person\/6e72b67d6e51910a1117b3b483ba20bd\"},\"potentialAction\":[{\"@type\":\"SearchAction\",\"target\":{\"@type\":\"EntryPoint\",\"urlTemplate\":\"https:\/\/sandzakpress.net\/arhiva\/?s={search_term_string}\"},\"query-input\":{\"@type\":\"PropertyValueSpecification\",\"valueRequired\":true,\"valueName\":\"search_term_string\"}}],\"inLanguage\":\"bs-BA\"},{\"@type\":[\"Person\",\"Organization\"],\"@id\":\"https:\/\/sandzakpress.net\/arhiva\/#\/schema\/person\/6e72b67d6e51910a1117b3b483ba20bd\",\"name\":\"Kul\",\"image\":{\"@type\":\"ImageObject\",\"inLanguage\":\"bs-BA\",\"@id\":\"https:\/\/sandzakpress.net\/arhiva\/#\/schema\/person\/image\/\",\"url\":\"https:\/\/secure.gravatar.com\/avatar\/42263f39aa27ac04c43cab85c280eb2e?s=96&d=mm&r=pg\",\"contentUrl\":\"https:\/\/secure.gravatar.com\/avatar\/42263f39aa27ac04c43cab85c280eb2e?s=96&d=mm&r=pg\",\"caption\":\"Kul\"},\"logo\":{\"@id\":\"https:\/\/sandzakpress.net\/arhiva\/#\/schema\/person\/image\/\"}},{\"@type\":\"Person\",\"@id\":\"https:\/\/sandzakpress.net\/arhiva\/#\/schema\/person\/c8baee722073534b583ea7bdb2e36c02\",\"name\":\"bosniak\",\"image\":{\"@type\":\"ImageObject\",\"inLanguage\":\"bs-BA\",\"@id\":\"https:\/\/sandzakpress.net\/arhiva\/#\/schema\/person\/image\/\",\"url\":\"https:\/\/secure.gravatar.com\/avatar\/a04fd330bfe3a36a72a0ad4a6d89fca7?s=96&d=mm&r=pg\",\"contentUrl\":\"https:\/\/secure.gravatar.com\/avatar\/a04fd330bfe3a36a72a0ad4a6d89fca7?s=96&d=mm&r=pg\",\"caption\":\"bosniak\"},\"url\":\"https:\/\/sandzakpress.net\/arhiva\/author\/bosniak\/\"}]}<\/script>\n<!-- \/ Yoast SEO Premium plugin. -->","yoast_head_json":{"title":"Odluke Berlinskog kongresa i ZAVNOS-a (III)","robots":{"index":"index","follow":"follow","max-snippet":"max-snippet:-1","max-image-preview":"max-image-preview:large","max-video-preview":"max-video-preview:-1"},"canonical":"https:\/\/sandzakpress.net\/arhiva\/odluke-berlinskog-kongresa-i-zavnos-a-iii\/","og_locale":"bs_BA","og_type":"article","og_title":"Odluke Berlinskog kongresa i ZAVNOS-a (III)","og_description":"dr. \u0160efket Krci\u0107","og_url":"https:\/\/sandzakpress.net\/arhiva\/odluke-berlinskog-kongresa-i-zavnos-a-iii\/","og_site_name":"Sand\u017eak PRESS","article_published_time":"2014-02-27T23:45:56+00:00","article_modified_time":"2014-02-27T23:47:27+00:00","og_image":[{"width":300,"height":300,"url":"https:\/\/sandzakpress.net\/arhiva\/wp-content\/uploads\/2014\/02\/SEFKET-KRCIC-300x3001.jpg","type":"image\/jpeg"}],"author":"bosniak","twitter_card":"summary_large_image","twitter_misc":{"Written by":"bosniak","Est. reading time":"13 minuta"},"schema":{"@context":"https:\/\/schema.org","@graph":[{"@type":"Article","@id":"https:\/\/sandzakpress.net\/arhiva\/odluke-berlinskog-kongresa-i-zavnos-a-iii\/#article","isPartOf":{"@id":"https:\/\/sandzakpress.net\/arhiva\/odluke-berlinskog-kongresa-i-zavnos-a-iii\/"},"author":{"name":"bosniak","@id":"https:\/\/sandzakpress.net\/arhiva\/#\/schema\/person\/c8baee722073534b583ea7bdb2e36c02"},"headline":"Odluke Berlinskog kongresa i ZAVNOS-a (III)","datePublished":"2014-02-27T23:45:56+00:00","dateModified":"2014-02-27T23:47:27+00:00","mainEntityOfPage":{"@id":"https:\/\/sandzakpress.net\/arhiva\/odluke-berlinskog-kongresa-i-zavnos-a-iii\/"},"wordCount":2685,"commentCount":3,"publisher":{"@id":"https:\/\/sandzakpress.net\/arhiva\/#\/schema\/person\/6e72b67d6e51910a1117b3b483ba20bd"},"image":{"@id":"https:\/\/sandzakpress.net\/arhiva\/odluke-berlinskog-kongresa-i-zavnos-a-iii\/#primaryimage"},"thumbnailUrl":"https:\/\/sandzakpress.net\/arhiva\/wp-content\/uploads\/2014\/02\/SEFKET-KRCIC-300x3001.jpg","keywords":["dr. \u0160efket Krci\u0107","Revija Sand\u017eak"],"articleSection":["Sand\u017eak HISTORIJA","Iz pera na\u0161ih autora"],"inLanguage":"bs-BA","potentialAction":[{"@type":"CommentAction","name":"Comment","target":["https:\/\/sandzakpress.net\/arhiva\/odluke-berlinskog-kongresa-i-zavnos-a-iii\/#respond"]}]},{"@type":"WebPage","@id":"https:\/\/sandzakpress.net\/arhiva\/odluke-berlinskog-kongresa-i-zavnos-a-iii\/","url":"https:\/\/sandzakpress.net\/arhiva\/odluke-berlinskog-kongresa-i-zavnos-a-iii\/","name":"Odluke Berlinskog kongresa i ZAVNOS-a (III)","isPartOf":{"@id":"https:\/\/sandzakpress.net\/arhiva\/#website"},"primaryImageOfPage":{"@id":"https:\/\/sandzakpress.net\/arhiva\/odluke-berlinskog-kongresa-i-zavnos-a-iii\/#primaryimage"},"image":{"@id":"https:\/\/sandzakpress.net\/arhiva\/odluke-berlinskog-kongresa-i-zavnos-a-iii\/#primaryimage"},"thumbnailUrl":"https:\/\/sandzakpress.net\/arhiva\/wp-content\/uploads\/2014\/02\/SEFKET-KRCIC-300x3001.jpg","datePublished":"2014-02-27T23:45:56+00:00","dateModified":"2014-02-27T23:47:27+00:00","breadcrumb":{"@id":"https:\/\/sandzakpress.net\/arhiva\/odluke-berlinskog-kongresa-i-zavnos-a-iii\/#breadcrumb"},"inLanguage":"bs-BA","potentialAction":[{"@type":"ReadAction","target":["https:\/\/sandzakpress.net\/arhiva\/odluke-berlinskog-kongresa-i-zavnos-a-iii\/"]}]},{"@type":"ImageObject","inLanguage":"bs-BA","@id":"https:\/\/sandzakpress.net\/arhiva\/odluke-berlinskog-kongresa-i-zavnos-a-iii\/#primaryimage","url":"https:\/\/sandzakpress.net\/arhiva\/wp-content\/uploads\/2014\/02\/SEFKET-KRCIC-300x3001.jpg","contentUrl":"https:\/\/sandzakpress.net\/arhiva\/wp-content\/uploads\/2014\/02\/SEFKET-KRCIC-300x3001.jpg","width":300,"height":300,"caption":"dr. \u0160efket Krci\u0107"},{"@type":"BreadcrumbList","@id":"https:\/\/sandzakpress.net\/arhiva\/odluke-berlinskog-kongresa-i-zavnos-a-iii\/#breadcrumb","itemListElement":[{"@type":"ListItem","position":1,"name":"Home","item":"https:\/\/sandzakpress.net\/arhiva\/"},{"@type":"ListItem","position":2,"name":"Odluke Berlinskog kongresa i ZAVNOS-a (III)"}]},{"@type":"WebSite","@id":"https:\/\/sandzakpress.net\/arhiva\/#website","url":"https:\/\/sandzakpress.net\/arhiva\/","name":"Sand\u017eak PRESS","description":"Prve elektronske novine u Sand\u017eaku","publisher":{"@id":"https:\/\/sandzakpress.net\/arhiva\/#\/schema\/person\/6e72b67d6e51910a1117b3b483ba20bd"},"potentialAction":[{"@type":"SearchAction","target":{"@type":"EntryPoint","urlTemplate":"https:\/\/sandzakpress.net\/arhiva\/?s={search_term_string}"},"query-input":{"@type":"PropertyValueSpecification","valueRequired":true,"valueName":"search_term_string"}}],"inLanguage":"bs-BA"},{"@type":["Person","Organization"],"@id":"https:\/\/sandzakpress.net\/arhiva\/#\/schema\/person\/6e72b67d6e51910a1117b3b483ba20bd","name":"Kul","image":{"@type":"ImageObject","inLanguage":"bs-BA","@id":"https:\/\/sandzakpress.net\/arhiva\/#\/schema\/person\/image\/","url":"https:\/\/secure.gravatar.com\/avatar\/42263f39aa27ac04c43cab85c280eb2e?s=96&d=mm&r=pg","contentUrl":"https:\/\/secure.gravatar.com\/avatar\/42263f39aa27ac04c43cab85c280eb2e?s=96&d=mm&r=pg","caption":"Kul"},"logo":{"@id":"https:\/\/sandzakpress.net\/arhiva\/#\/schema\/person\/image\/"}},{"@type":"Person","@id":"https:\/\/sandzakpress.net\/arhiva\/#\/schema\/person\/c8baee722073534b583ea7bdb2e36c02","name":"bosniak","image":{"@type":"ImageObject","inLanguage":"bs-BA","@id":"https:\/\/sandzakpress.net\/arhiva\/#\/schema\/person\/image\/","url":"https:\/\/secure.gravatar.com\/avatar\/a04fd330bfe3a36a72a0ad4a6d89fca7?s=96&d=mm&r=pg","contentUrl":"https:\/\/secure.gravatar.com\/avatar\/a04fd330bfe3a36a72a0ad4a6d89fca7?s=96&d=mm&r=pg","caption":"bosniak"},"url":"https:\/\/sandzakpress.net\/arhiva\/author\/bosniak\/"}]}},"_links":{"self":[{"href":"https:\/\/sandzakpress.net\/arhiva\/wp-json\/wp\/v2\/posts\/102215"}],"collection":[{"href":"https:\/\/sandzakpress.net\/arhiva\/wp-json\/wp\/v2\/posts"}],"about":[{"href":"https:\/\/sandzakpress.net\/arhiva\/wp-json\/wp\/v2\/types\/post"}],"author":[{"embeddable":true,"href":"https:\/\/sandzakpress.net\/arhiva\/wp-json\/wp\/v2\/users\/83"}],"replies":[{"embeddable":true,"href":"https:\/\/sandzakpress.net\/arhiva\/wp-json\/wp\/v2\/comments?post=102215"}],"version-history":[{"count":0,"href":"https:\/\/sandzakpress.net\/arhiva\/wp-json\/wp\/v2\/posts\/102215\/revisions"}],"wp:featuredmedia":[{"embeddable":true,"href":"https:\/\/sandzakpress.net\/arhiva\/wp-json\/wp\/v2\/media\/102216"}],"wp:attachment":[{"href":"https:\/\/sandzakpress.net\/arhiva\/wp-json\/wp\/v2\/media?parent=102215"}],"wp:term":[{"taxonomy":"category","embeddable":true,"href":"https:\/\/sandzakpress.net\/arhiva\/wp-json\/wp\/v2\/categories?post=102215"},{"taxonomy":"post_tag","embeddable":true,"href":"https:\/\/sandzakpress.net\/arhiva\/wp-json\/wp\/v2\/tags?post=102215"}],"curies":[{"name":"wp","href":"https:\/\/api.w.org\/{rel}","templated":true}]}}