{"id":102185,"date":"2014-02-27T00:37:39","date_gmt":"2014-02-26T23:37:39","guid":{"rendered":"https:\/\/sandzakpress.net\/arhiva\/?p=102185"},"modified":"2014-02-27T00:37:39","modified_gmt":"2014-02-26T23:37:39","slug":"crnogorski-parlament-izglasao-sandzak-dobio-opstinu-gusinje","status":"publish","type":"post","link":"https:\/\/sandzakpress.net\/arhiva\/crnogorski-parlament-izglasao-sandzak-dobio-opstinu-gusinje\/","title":{"rendered":"Crnogorski parlament izglasao &#8211; Sand\u017eak dobio op\u0161tinu Gusinje"},"content":{"rendered":"<p><strong><img loading=\"lazy\" decoding=\"async\" class=\"alignleft\" alt=\"gusinje\" src=\"http:\/\/sandzaklive.rs\/images\/thumbnails\/images\/Ostalo\/gusinje-410x307.jpg\" width=\"410\" height=\"307\" \/>Poslanici crnogorskog parlamenta jednoglasno su usvojili izmjene Zakona o teritorijalnoj organizaciji dr\u017eave, po kojima je status nove op\u0161tine dobilo Gusinje, u sada\u0161njoj op\u0161tini Plav.<\/strong><\/p>\n<p>Gusinje je, nakon dobijanja zelenog svjetla Skup\u0161tine Crne Gore, postalo 23. op\u0161tina u toj dr\u017eavi.<\/p>\n<p>Crnogorska vlada prethodno je konstatovala da Gusinje ispunjava uslove da dobije status op\u0161tine i u tom cilju predlo\u017eila parlamentu izmjene Zakona o teritorijalnoj organizaciji.<\/p>\n<p>Na konsultativnom referendumu odr\u017eanom po\u010detkom januara pro\u0161le godine, gra\u0111ani tog podru\u010dja su apsolutnom ve\u0107inom podr\u017eali da Gusinje budu samostalna op\u0161tina.<\/p>\n<p>Status samostalne op\u0161tine pro\u0161le godine stekla je Petnica, koja se ranije nalazila u sastavu Berana.<\/p>\n<p>Zahtjev za samostalnom op\u0161tinom ranije su istakli i mje\u0161tani mjesta Tuzi, ve\u0107inski naseljenim albanskim stanovni\u0161tvom.<\/p>\n","protected":false},"excerpt":{"rendered":"<p>Poslanici crnogorskog parlamenta jednoglasno su usvojili izmjene Zakona o teritorijalnoj organizaciji dr\u017eave, po kojima je status nove op\u0161tine dobilo Gusinje, u sada\u0161njoj op\u0161tini Plav. Gusinje je, nakon dobijanja zelenog svjetla Skup\u0161tine Crne Gore, postalo 23. op\u0161tina u toj dr\u017eavi. Crnogorska vlada prethodno je konstatovala da Gusinje ispunjava uslove da dobije status op\u0161tine i u tom [&hellip;]<\/p>\n","protected":false},"author":125,"featured_media":102186,"comment_status":"open","ping_status":"open","sticky":false,"template":"","format":"standard","meta":{"footnotes":""},"categories":[800,10173,8957],"tags":[],"class_list":{"0":"post-102185","1":"post","2":"type-post","3":"status-publish","4":"format-standard","5":"has-post-thumbnail","7":"category-nacija","8":"category-gusinje-vase-vijesti","9":"category-vijesti-dana"},"yoast_head":"<!-- This site is optimized with the Yoast SEO Premium plugin v23.1 (Yoast SEO v24.9) - https:\/\/yoast.com\/wordpress\/plugins\/seo\/ -->\n<title>Crnogorski parlament izglasao - Sand\u017eak dobio op\u0161tinu Gusinje<\/title>\n<meta name=\"robots\" content=\"index, follow, max-snippet:-1, max-image-preview:large, max-video-preview:-1\" \/>\n<link rel=\"canonical\" href=\"https:\/\/sandzakpress.net\/arhiva\/crnogorski-parlament-izglasao-sandzak-dobio-opstinu-gusinje\/\" \/>\n<meta property=\"og:locale\" content=\"bs_BA\" \/>\n<meta property=\"og:type\" content=\"article\" \/>\n<meta property=\"og:title\" content=\"Crnogorski parlament izglasao - Sand\u017eak dobio op\u0161tinu Gusinje\" \/>\n<meta property=\"og:description\" content=\"Poslanici crnogorskog parlamenta jednoglasno su usvojili izmjene Zakona o teritorijalnoj organizaciji dr\u017eave, po kojima je status nove op\u0161tine dobilo Gusinje, u sada\u0161njoj op\u0161tini Plav. Gusinje je, nakon dobijanja zelenog svjetla Skup\u0161tine Crne Gore, postalo 23. op\u0161tina u toj dr\u017eavi. Crnogorska vlada prethodno je konstatovala da Gusinje ispunjava uslove da dobije status op\u0161tine i u tom [&hellip;]\" \/>\n<meta property=\"og:url\" content=\"https:\/\/sandzakpress.net\/arhiva\/crnogorski-parlament-izglasao-sandzak-dobio-opstinu-gusinje\/\" \/>\n<meta property=\"og:site_name\" content=\"Sand\u017eak PRESS\" \/>\n<meta property=\"article:published_time\" content=\"2014-02-26T23:37:39+00:00\" \/>\n<meta property=\"og:image\" content=\"https:\/\/sandzakpress.net\/arhiva\/wp-content\/uploads\/2014\/02\/gusinje-410x307.jpg\" \/>\n\t<meta property=\"og:image:width\" content=\"410\" \/>\n\t<meta property=\"og:image:height\" content=\"307\" \/>\n\t<meta property=\"og:image:type\" content=\"image\/jpeg\" \/>\n<meta name=\"author\" content=\"Korektor\" \/>\n<meta name=\"twitter:card\" content=\"summary_large_image\" \/>\n<meta name=\"twitter:label1\" content=\"Written by\" \/>\n\t<meta name=\"twitter:data1\" content=\"Korektor\" \/>\n\t<meta name=\"twitter:label2\" content=\"Est. reading time\" \/>\n\t<meta name=\"twitter:data2\" content=\"1 minuta\" \/>\n<script type=\"application\/ld+json\" class=\"yoast-schema-graph\">{\"@context\":\"https:\/\/schema.org\",\"@graph\":[{\"@type\":\"Article\",\"@id\":\"https:\/\/sandzakpress.net\/arhiva\/crnogorski-parlament-izglasao-sandzak-dobio-opstinu-gusinje\/#article\",\"isPartOf\":{\"@id\":\"https:\/\/sandzakpress.net\/arhiva\/crnogorski-parlament-izglasao-sandzak-dobio-opstinu-gusinje\/\"},\"author\":{\"name\":\"Korektor\",\"@id\":\"https:\/\/sandzakpress.net\/arhiva\/#\/schema\/person\/b71f9565a8a6ce38c0200f1cf59c368c\"},\"headline\":\"Crnogorski parlament izglasao &#8211; Sand\u017eak dobio op\u0161tinu Gusinje\",\"datePublished\":\"2014-02-26T23:37:39+00:00\",\"mainEntityOfPage\":{\"@id\":\"https:\/\/sandzakpress.net\/arhiva\/crnogorski-parlament-izglasao-sandzak-dobio-opstinu-gusinje\/\"},\"wordCount\":145,\"commentCount\":7,\"publisher\":{\"@id\":\"https:\/\/sandzakpress.net\/arhiva\/#\/schema\/person\/6e72b67d6e51910a1117b3b483ba20bd\"},\"image\":{\"@id\":\"https:\/\/sandzakpress.net\/arhiva\/crnogorski-parlament-izglasao-sandzak-dobio-opstinu-gusinje\/#primaryimage\"},\"thumbnailUrl\":\"https:\/\/sandzakpress.net\/arhiva\/wp-content\/uploads\/2014\/02\/gusinje-410x307.jpg\",\"articleSection\":[\"Nacija\",\"Gusinje\",\"VIJESTI DANA\"],\"inLanguage\":\"bs-BA\",\"potentialAction\":[{\"@type\":\"CommentAction\",\"name\":\"Comment\",\"target\":[\"https:\/\/sandzakpress.net\/arhiva\/crnogorski-parlament-izglasao-sandzak-dobio-opstinu-gusinje\/#respond\"]}]},{\"@type\":\"WebPage\",\"@id\":\"https:\/\/sandzakpress.net\/arhiva\/crnogorski-parlament-izglasao-sandzak-dobio-opstinu-gusinje\/\",\"url\":\"https:\/\/sandzakpress.net\/arhiva\/crnogorski-parlament-izglasao-sandzak-dobio-opstinu-gusinje\/\",\"name\":\"Crnogorski parlament izglasao - Sand\u017eak dobio op\u0161tinu Gusinje\",\"isPartOf\":{\"@id\":\"https:\/\/sandzakpress.net\/arhiva\/#website\"},\"primaryImageOfPage\":{\"@id\":\"https:\/\/sandzakpress.net\/arhiva\/crnogorski-parlament-izglasao-sandzak-dobio-opstinu-gusinje\/#primaryimage\"},\"image\":{\"@id\":\"https:\/\/sandzakpress.net\/arhiva\/crnogorski-parlament-izglasao-sandzak-dobio-opstinu-gusinje\/#primaryimage\"},\"thumbnailUrl\":\"https:\/\/sandzakpress.net\/arhiva\/wp-content\/uploads\/2014\/02\/gusinje-410x307.jpg\",\"datePublished\":\"2014-02-26T23:37:39+00:00\",\"breadcrumb\":{\"@id\":\"https:\/\/sandzakpress.net\/arhiva\/crnogorski-parlament-izglasao-sandzak-dobio-opstinu-gusinje\/#breadcrumb\"},\"inLanguage\":\"bs-BA\",\"potentialAction\":[{\"@type\":\"ReadAction\",\"target\":[\"https:\/\/sandzakpress.net\/arhiva\/crnogorski-parlament-izglasao-sandzak-dobio-opstinu-gusinje\/\"]}]},{\"@type\":\"ImageObject\",\"inLanguage\":\"bs-BA\",\"@id\":\"https:\/\/sandzakpress.net\/arhiva\/crnogorski-parlament-izglasao-sandzak-dobio-opstinu-gusinje\/#primaryimage\",\"url\":\"https:\/\/sandzakpress.net\/arhiva\/wp-content\/uploads\/2014\/02\/gusinje-410x307.jpg\",\"contentUrl\":\"https:\/\/sandzakpress.net\/arhiva\/wp-content\/uploads\/2014\/02\/gusinje-410x307.jpg\",\"width\":410,\"height\":307},{\"@type\":\"BreadcrumbList\",\"@id\":\"https:\/\/sandzakpress.net\/arhiva\/crnogorski-parlament-izglasao-sandzak-dobio-opstinu-gusinje\/#breadcrumb\",\"itemListElement\":[{\"@type\":\"ListItem\",\"position\":1,\"name\":\"Home\",\"item\":\"https:\/\/sandzakpress.net\/arhiva\/\"},{\"@type\":\"ListItem\",\"position\":2,\"name\":\"Crnogorski parlament izglasao &#8211; Sand\u017eak dobio op\u0161tinu Gusinje\"}]},{\"@type\":\"WebSite\",\"@id\":\"https:\/\/sandzakpress.net\/arhiva\/#website\",\"url\":\"https:\/\/sandzakpress.net\/arhiva\/\",\"name\":\"Sand\u017eak PRESS\",\"description\":\"Prve elektronske novine u Sand\u017eaku\",\"publisher\":{\"@id\":\"https:\/\/sandzakpress.net\/arhiva\/#\/schema\/person\/6e72b67d6e51910a1117b3b483ba20bd\"},\"potentialAction\":[{\"@type\":\"SearchAction\",\"target\":{\"@type\":\"EntryPoint\",\"urlTemplate\":\"https:\/\/sandzakpress.net\/arhiva\/?s={search_term_string}\"},\"query-input\":{\"@type\":\"PropertyValueSpecification\",\"valueRequired\":true,\"valueName\":\"search_term_string\"}}],\"inLanguage\":\"bs-BA\"},{\"@type\":[\"Person\",\"Organization\"],\"@id\":\"https:\/\/sandzakpress.net\/arhiva\/#\/schema\/person\/6e72b67d6e51910a1117b3b483ba20bd\",\"name\":\"Kul\",\"image\":{\"@type\":\"ImageObject\",\"inLanguage\":\"bs-BA\",\"@id\":\"https:\/\/sandzakpress.net\/arhiva\/#\/schema\/person\/image\/\",\"url\":\"https:\/\/secure.gravatar.com\/avatar\/42263f39aa27ac04c43cab85c280eb2e?s=96&d=mm&r=pg\",\"contentUrl\":\"https:\/\/secure.gravatar.com\/avatar\/42263f39aa27ac04c43cab85c280eb2e?s=96&d=mm&r=pg\",\"caption\":\"Kul\"},\"logo\":{\"@id\":\"https:\/\/sandzakpress.net\/arhiva\/#\/schema\/person\/image\/\"}},{\"@type\":\"Person\",\"@id\":\"https:\/\/sandzakpress.net\/arhiva\/#\/schema\/person\/b71f9565a8a6ce38c0200f1cf59c368c\",\"name\":\"Korektor\",\"image\":{\"@type\":\"ImageObject\",\"inLanguage\":\"bs-BA\",\"@id\":\"https:\/\/sandzakpress.net\/arhiva\/#\/schema\/person\/image\/\",\"url\":\"https:\/\/secure.gravatar.com\/avatar\/ae3388ff9b8eb74e0751a069466905f6?s=96&d=mm&r=pg\",\"contentUrl\":\"https:\/\/secure.gravatar.com\/avatar\/ae3388ff9b8eb74e0751a069466905f6?s=96&d=mm&r=pg\",\"caption\":\"Korektor\"},\"url\":\"https:\/\/sandzakpress.net\/arhiva\/author\/korektor\/\"}]}<\/script>\n<!-- \/ Yoast SEO Premium plugin. -->","yoast_head_json":{"title":"Crnogorski parlament izglasao - Sand\u017eak dobio op\u0161tinu Gusinje","robots":{"index":"index","follow":"follow","max-snippet":"max-snippet:-1","max-image-preview":"max-image-preview:large","max-video-preview":"max-video-preview:-1"},"canonical":"https:\/\/sandzakpress.net\/arhiva\/crnogorski-parlament-izglasao-sandzak-dobio-opstinu-gusinje\/","og_locale":"bs_BA","og_type":"article","og_title":"Crnogorski parlament izglasao - Sand\u017eak dobio op\u0161tinu Gusinje","og_description":"Poslanici crnogorskog parlamenta jednoglasno su usvojili izmjene Zakona o teritorijalnoj organizaciji dr\u017eave, po kojima je status nove op\u0161tine dobilo Gusinje, u sada\u0161njoj op\u0161tini Plav. Gusinje je, nakon dobijanja zelenog svjetla Skup\u0161tine Crne Gore, postalo 23. op\u0161tina u toj dr\u017eavi. Crnogorska vlada prethodno je konstatovala da Gusinje ispunjava uslove da dobije status op\u0161tine i u tom [&hellip;]","og_url":"https:\/\/sandzakpress.net\/arhiva\/crnogorski-parlament-izglasao-sandzak-dobio-opstinu-gusinje\/","og_site_name":"Sand\u017eak PRESS","article_published_time":"2014-02-26T23:37:39+00:00","og_image":[{"width":410,"height":307,"url":"https:\/\/sandzakpress.net\/arhiva\/wp-content\/uploads\/2014\/02\/gusinje-410x307.jpg","type":"image\/jpeg"}],"author":"Korektor","twitter_card":"summary_large_image","twitter_misc":{"Written by":"Korektor","Est. reading time":"1 minuta"},"schema":{"@context":"https:\/\/schema.org","@graph":[{"@type":"Article","@id":"https:\/\/sandzakpress.net\/arhiva\/crnogorski-parlament-izglasao-sandzak-dobio-opstinu-gusinje\/#article","isPartOf":{"@id":"https:\/\/sandzakpress.net\/arhiva\/crnogorski-parlament-izglasao-sandzak-dobio-opstinu-gusinje\/"},"author":{"name":"Korektor","@id":"https:\/\/sandzakpress.net\/arhiva\/#\/schema\/person\/b71f9565a8a6ce38c0200f1cf59c368c"},"headline":"Crnogorski parlament izglasao &#8211; Sand\u017eak dobio op\u0161tinu Gusinje","datePublished":"2014-02-26T23:37:39+00:00","mainEntityOfPage":{"@id":"https:\/\/sandzakpress.net\/arhiva\/crnogorski-parlament-izglasao-sandzak-dobio-opstinu-gusinje\/"},"wordCount":145,"commentCount":7,"publisher":{"@id":"https:\/\/sandzakpress.net\/arhiva\/#\/schema\/person\/6e72b67d6e51910a1117b3b483ba20bd"},"image":{"@id":"https:\/\/sandzakpress.net\/arhiva\/crnogorski-parlament-izglasao-sandzak-dobio-opstinu-gusinje\/#primaryimage"},"thumbnailUrl":"https:\/\/sandzakpress.net\/arhiva\/wp-content\/uploads\/2014\/02\/gusinje-410x307.jpg","articleSection":["Nacija","Gusinje","VIJESTI DANA"],"inLanguage":"bs-BA","potentialAction":[{"@type":"CommentAction","name":"Comment","target":["https:\/\/sandzakpress.net\/arhiva\/crnogorski-parlament-izglasao-sandzak-dobio-opstinu-gusinje\/#respond"]}]},{"@type":"WebPage","@id":"https:\/\/sandzakpress.net\/arhiva\/crnogorski-parlament-izglasao-sandzak-dobio-opstinu-gusinje\/","url":"https:\/\/sandzakpress.net\/arhiva\/crnogorski-parlament-izglasao-sandzak-dobio-opstinu-gusinje\/","name":"Crnogorski parlament izglasao - Sand\u017eak dobio op\u0161tinu Gusinje","isPartOf":{"@id":"https:\/\/sandzakpress.net\/arhiva\/#website"},"primaryImageOfPage":{"@id":"https:\/\/sandzakpress.net\/arhiva\/crnogorski-parlament-izglasao-sandzak-dobio-opstinu-gusinje\/#primaryimage"},"image":{"@id":"https:\/\/sandzakpress.net\/arhiva\/crnogorski-parlament-izglasao-sandzak-dobio-opstinu-gusinje\/#primaryimage"},"thumbnailUrl":"https:\/\/sandzakpress.net\/arhiva\/wp-content\/uploads\/2014\/02\/gusinje-410x307.jpg","datePublished":"2014-02-26T23:37:39+00:00","breadcrumb":{"@id":"https:\/\/sandzakpress.net\/arhiva\/crnogorski-parlament-izglasao-sandzak-dobio-opstinu-gusinje\/#breadcrumb"},"inLanguage":"bs-BA","potentialAction":[{"@type":"ReadAction","target":["https:\/\/sandzakpress.net\/arhiva\/crnogorski-parlament-izglasao-sandzak-dobio-opstinu-gusinje\/"]}]},{"@type":"ImageObject","inLanguage":"bs-BA","@id":"https:\/\/sandzakpress.net\/arhiva\/crnogorski-parlament-izglasao-sandzak-dobio-opstinu-gusinje\/#primaryimage","url":"https:\/\/sandzakpress.net\/arhiva\/wp-content\/uploads\/2014\/02\/gusinje-410x307.jpg","contentUrl":"https:\/\/sandzakpress.net\/arhiva\/wp-content\/uploads\/2014\/02\/gusinje-410x307.jpg","width":410,"height":307},{"@type":"BreadcrumbList","@id":"https:\/\/sandzakpress.net\/arhiva\/crnogorski-parlament-izglasao-sandzak-dobio-opstinu-gusinje\/#breadcrumb","itemListElement":[{"@type":"ListItem","position":1,"name":"Home","item":"https:\/\/sandzakpress.net\/arhiva\/"},{"@type":"ListItem","position":2,"name":"Crnogorski parlament izglasao &#8211; Sand\u017eak dobio op\u0161tinu Gusinje"}]},{"@type":"WebSite","@id":"https:\/\/sandzakpress.net\/arhiva\/#website","url":"https:\/\/sandzakpress.net\/arhiva\/","name":"Sand\u017eak PRESS","description":"Prve elektronske novine u Sand\u017eaku","publisher":{"@id":"https:\/\/sandzakpress.net\/arhiva\/#\/schema\/person\/6e72b67d6e51910a1117b3b483ba20bd"},"potentialAction":[{"@type":"SearchAction","target":{"@type":"EntryPoint","urlTemplate":"https:\/\/sandzakpress.net\/arhiva\/?s={search_term_string}"},"query-input":{"@type":"PropertyValueSpecification","valueRequired":true,"valueName":"search_term_string"}}],"inLanguage":"bs-BA"},{"@type":["Person","Organization"],"@id":"https:\/\/sandzakpress.net\/arhiva\/#\/schema\/person\/6e72b67d6e51910a1117b3b483ba20bd","name":"Kul","image":{"@type":"ImageObject","inLanguage":"bs-BA","@id":"https:\/\/sandzakpress.net\/arhiva\/#\/schema\/person\/image\/","url":"https:\/\/secure.gravatar.com\/avatar\/42263f39aa27ac04c43cab85c280eb2e?s=96&d=mm&r=pg","contentUrl":"https:\/\/secure.gravatar.com\/avatar\/42263f39aa27ac04c43cab85c280eb2e?s=96&d=mm&r=pg","caption":"Kul"},"logo":{"@id":"https:\/\/sandzakpress.net\/arhiva\/#\/schema\/person\/image\/"}},{"@type":"Person","@id":"https:\/\/sandzakpress.net\/arhiva\/#\/schema\/person\/b71f9565a8a6ce38c0200f1cf59c368c","name":"Korektor","image":{"@type":"ImageObject","inLanguage":"bs-BA","@id":"https:\/\/sandzakpress.net\/arhiva\/#\/schema\/person\/image\/","url":"https:\/\/secure.gravatar.com\/avatar\/ae3388ff9b8eb74e0751a069466905f6?s=96&d=mm&r=pg","contentUrl":"https:\/\/secure.gravatar.com\/avatar\/ae3388ff9b8eb74e0751a069466905f6?s=96&d=mm&r=pg","caption":"Korektor"},"url":"https:\/\/sandzakpress.net\/arhiva\/author\/korektor\/"}]}},"_links":{"self":[{"href":"https:\/\/sandzakpress.net\/arhiva\/wp-json\/wp\/v2\/posts\/102185"}],"collection":[{"href":"https:\/\/sandzakpress.net\/arhiva\/wp-json\/wp\/v2\/posts"}],"about":[{"href":"https:\/\/sandzakpress.net\/arhiva\/wp-json\/wp\/v2\/types\/post"}],"author":[{"embeddable":true,"href":"https:\/\/sandzakpress.net\/arhiva\/wp-json\/wp\/v2\/users\/125"}],"replies":[{"embeddable":true,"href":"https:\/\/sandzakpress.net\/arhiva\/wp-json\/wp\/v2\/comments?post=102185"}],"version-history":[{"count":0,"href":"https:\/\/sandzakpress.net\/arhiva\/wp-json\/wp\/v2\/posts\/102185\/revisions"}],"wp:featuredmedia":[{"embeddable":true,"href":"https:\/\/sandzakpress.net\/arhiva\/wp-json\/wp\/v2\/media\/102186"}],"wp:attachment":[{"href":"https:\/\/sandzakpress.net\/arhiva\/wp-json\/wp\/v2\/media?parent=102185"}],"wp:term":[{"taxonomy":"category","embeddable":true,"href":"https:\/\/sandzakpress.net\/arhiva\/wp-json\/wp\/v2\/categories?post=102185"},{"taxonomy":"post_tag","embeddable":true,"href":"https:\/\/sandzakpress.net\/arhiva\/wp-json\/wp\/v2\/tags?post=102185"}],"curies":[{"name":"wp","href":"https:\/\/api.w.org\/{rel}","templated":true}]}}