{"id":102106,"date":"2014-02-25T22:59:33","date_gmt":"2014-02-25T21:59:33","guid":{"rendered":"https:\/\/sandzakpress.net\/arhiva\/?p=102106"},"modified":"2014-02-25T22:59:33","modified_gmt":"2014-02-25T21:59:33","slug":"pejovic-pusten-iz-pritvora","status":"publish","type":"post","link":"https:\/\/sandzakpress.net\/arhiva\/pejovic-pusten-iz-pritvora\/","title":{"rendered":"Pejovi\u0107 pu\u0161ten iz pritvora"},"content":{"rendered":"<p><img loading=\"lazy\" decoding=\"async\" class=\"alignleft\" style=\"margin: 0px; border: 1px solid black;\" alt=\"Neboj\u0161a Medojevi\u0107 (Foto: Tanjug, arhiva)\" src=\"http:\/\/www.b92.net\/news\/pics\/2014\/02\/25\/504335100530cc4bf55abb674505876_orig.jpg\" width=\"294\" height=\"226\" align=\"left\" border=\"1\" hspace=\"0\" vspace=\"0\" \/><\/p>\n<p><strong>Crna Gora &#8211;\u00a0Vlasnik nik\u0161i\u0107ke firme Uniprom Veselin Pejovi\u0107, koji je u petak o\u0161amario lidera Pokreta za promjene Neboj\u0161u Medojevi\u0107a, pu\u0161ten je danas iz policijskog pritvora.<\/strong><\/p>\n<p>Pejovi\u0107 je u nedjelju poslije podne priveden po nalogu osnovnog dr\u017eavnog tu\u017eioca, koji mu je odredio pritvor od 48 sati. Njegov advokat Dra\u0161ko \u0110ukanovi\u0107 je podneo \u017ealbu na to rje\u0161enje, ali je ona odbijena.<\/p>\n<p>Pejovi\u0107u se na teret stavlja ugro\u017eavanje bezbednosti, prenose podgori\u010dki mediji.<\/p>\n<p>Pejovi\u0107 je ranije potvrdio da je\u00a0na beogradskom aerodromu nasrnuo fizi\u010dki na Medojevi\u0107a, kao i da je to u\u010dinio da bi, kako je rekao, odbranio svoje i dostojanstvo porodice.<\/p>\n<p>Medojevi\u0107 je, naime, vi\u0161e puta govorio o tome da Pejovi\u0107 ima veze za klanom odbjeglog Darka \u0160ari\u0107a, kome se u Beogradu sudi zbog \u0161verca kokaina.<\/p>\n<p>Pejovi\u0107 je, ina\u010de, potencijalni kupac podgori\u010dkog KAP-a.<\/p>\n<p>Stranke vlasti i opozicije osudile su Pejovi\u0107ev napad na Medojevi\u0107a, koji je poslanik Demokratskog fronta u crnogorskom parlamentu.<\/p>\n<p>(tanjug)<\/p>\n","protected":false},"excerpt":{"rendered":"<p>Crna Gora &#8211;\u00a0Vlasnik nik\u0161i\u0107ke firme Uniprom Veselin Pejovi\u0107, koji je u petak o\u0161amario lidera Pokreta za promjene Neboj\u0161u Medojevi\u0107a, pu\u0161ten je danas iz policijskog pritvora. Pejovi\u0107 je u nedjelju poslije podne priveden po nalogu osnovnog dr\u017eavnog tu\u017eioca, koji mu je odredio pritvor od 48 sati. Njegov advokat Dra\u0161ko \u0110ukanovi\u0107 je podneo \u017ealbu na to rje\u0161enje, [&hellip;]<\/p>\n","protected":false},"author":83,"featured_media":102107,"comment_status":"open","ping_status":"open","sticky":false,"template":"","format":"standard","meta":{"footnotes":""},"categories":[1,10308],"tags":[],"class_list":{"0":"post-102106","1":"post","2":"type-post","3":"status-publish","4":"format-standard","5":"has-post-thumbnail","7":"category-politika","8":"category-crna-gora"},"yoast_head":"<!-- This site is optimized with the Yoast SEO Premium plugin v23.1 (Yoast SEO v24.9) - https:\/\/yoast.com\/wordpress\/plugins\/seo\/ -->\n<title>Pejovi\u0107 pu\u0161ten iz pritvora<\/title>\n<meta name=\"robots\" content=\"index, follow, max-snippet:-1, max-image-preview:large, max-video-preview:-1\" \/>\n<link rel=\"canonical\" href=\"https:\/\/sandzakpress.net\/arhiva\/pejovic-pusten-iz-pritvora\/\" \/>\n<meta property=\"og:locale\" content=\"bs_BA\" \/>\n<meta property=\"og:type\" content=\"article\" \/>\n<meta property=\"og:title\" content=\"Pejovi\u0107 pu\u0161ten iz pritvora\" \/>\n<meta property=\"og:description\" content=\"Crna Gora &#8211;\u00a0Vlasnik nik\u0161i\u0107ke firme Uniprom Veselin Pejovi\u0107, koji je u petak o\u0161amario lidera Pokreta za promjene Neboj\u0161u Medojevi\u0107a, pu\u0161ten je danas iz policijskog pritvora. Pejovi\u0107 je u nedjelju poslije podne priveden po nalogu osnovnog dr\u017eavnog tu\u017eioca, koji mu je odredio pritvor od 48 sati. Njegov advokat Dra\u0161ko \u0110ukanovi\u0107 je podneo \u017ealbu na to rje\u0161enje, [&hellip;]\" \/>\n<meta property=\"og:url\" content=\"https:\/\/sandzakpress.net\/arhiva\/pejovic-pusten-iz-pritvora\/\" \/>\n<meta property=\"og:site_name\" content=\"Sand\u017eak PRESS\" \/>\n<meta property=\"article:published_time\" content=\"2014-02-25T21:59:33+00:00\" \/>\n<meta property=\"og:image\" content=\"https:\/\/sandzakpress.net\/arhiva\/wp-content\/uploads\/2014\/02\/504335100530cc4bf55abb674505876_orig.jpg\" \/>\n\t<meta property=\"og:image:width\" content=\"368\" \/>\n\t<meta property=\"og:image:height\" content=\"282\" \/>\n\t<meta property=\"og:image:type\" content=\"image\/jpeg\" \/>\n<meta name=\"author\" content=\"bosniak\" \/>\n<meta name=\"twitter:card\" content=\"summary_large_image\" \/>\n<meta name=\"twitter:label1\" content=\"Written by\" \/>\n\t<meta name=\"twitter:data1\" content=\"bosniak\" \/>\n\t<meta name=\"twitter:label2\" content=\"Est. reading time\" \/>\n\t<meta name=\"twitter:data2\" content=\"1 minuta\" \/>\n<script type=\"application\/ld+json\" class=\"yoast-schema-graph\">{\"@context\":\"https:\/\/schema.org\",\"@graph\":[{\"@type\":\"Article\",\"@id\":\"https:\/\/sandzakpress.net\/arhiva\/pejovic-pusten-iz-pritvora\/#article\",\"isPartOf\":{\"@id\":\"https:\/\/sandzakpress.net\/arhiva\/pejovic-pusten-iz-pritvora\/\"},\"author\":{\"name\":\"bosniak\",\"@id\":\"https:\/\/sandzakpress.net\/arhiva\/#\/schema\/person\/c8baee722073534b583ea7bdb2e36c02\"},\"headline\":\"Pejovi\u0107 pu\u0161ten iz pritvora\",\"datePublished\":\"2014-02-25T21:59:33+00:00\",\"mainEntityOfPage\":{\"@id\":\"https:\/\/sandzakpress.net\/arhiva\/pejovic-pusten-iz-pritvora\/\"},\"wordCount\":176,\"commentCount\":0,\"publisher\":{\"@id\":\"https:\/\/sandzakpress.net\/arhiva\/#\/schema\/person\/6e72b67d6e51910a1117b3b483ba20bd\"},\"image\":{\"@id\":\"https:\/\/sandzakpress.net\/arhiva\/pejovic-pusten-iz-pritvora\/#primaryimage\"},\"thumbnailUrl\":\"https:\/\/sandzakpress.net\/arhiva\/wp-content\/uploads\/2014\/02\/504335100530cc4bf55abb674505876_orig.jpg\",\"articleSection\":[\"Politika\",\"Crna Gora\"],\"inLanguage\":\"bs-BA\",\"potentialAction\":[{\"@type\":\"CommentAction\",\"name\":\"Comment\",\"target\":[\"https:\/\/sandzakpress.net\/arhiva\/pejovic-pusten-iz-pritvora\/#respond\"]}]},{\"@type\":\"WebPage\",\"@id\":\"https:\/\/sandzakpress.net\/arhiva\/pejovic-pusten-iz-pritvora\/\",\"url\":\"https:\/\/sandzakpress.net\/arhiva\/pejovic-pusten-iz-pritvora\/\",\"name\":\"Pejovi\u0107 pu\u0161ten iz pritvora\",\"isPartOf\":{\"@id\":\"https:\/\/sandzakpress.net\/arhiva\/#website\"},\"primaryImageOfPage\":{\"@id\":\"https:\/\/sandzakpress.net\/arhiva\/pejovic-pusten-iz-pritvora\/#primaryimage\"},\"image\":{\"@id\":\"https:\/\/sandzakpress.net\/arhiva\/pejovic-pusten-iz-pritvora\/#primaryimage\"},\"thumbnailUrl\":\"https:\/\/sandzakpress.net\/arhiva\/wp-content\/uploads\/2014\/02\/504335100530cc4bf55abb674505876_orig.jpg\",\"datePublished\":\"2014-02-25T21:59:33+00:00\",\"breadcrumb\":{\"@id\":\"https:\/\/sandzakpress.net\/arhiva\/pejovic-pusten-iz-pritvora\/#breadcrumb\"},\"inLanguage\":\"bs-BA\",\"potentialAction\":[{\"@type\":\"ReadAction\",\"target\":[\"https:\/\/sandzakpress.net\/arhiva\/pejovic-pusten-iz-pritvora\/\"]}]},{\"@type\":\"ImageObject\",\"inLanguage\":\"bs-BA\",\"@id\":\"https:\/\/sandzakpress.net\/arhiva\/pejovic-pusten-iz-pritvora\/#primaryimage\",\"url\":\"https:\/\/sandzakpress.net\/arhiva\/wp-content\/uploads\/2014\/02\/504335100530cc4bf55abb674505876_orig.jpg\",\"contentUrl\":\"https:\/\/sandzakpress.net\/arhiva\/wp-content\/uploads\/2014\/02\/504335100530cc4bf55abb674505876_orig.jpg\",\"width\":368,\"height\":282},{\"@type\":\"BreadcrumbList\",\"@id\":\"https:\/\/sandzakpress.net\/arhiva\/pejovic-pusten-iz-pritvora\/#breadcrumb\",\"itemListElement\":[{\"@type\":\"ListItem\",\"position\":1,\"name\":\"Home\",\"item\":\"https:\/\/sandzakpress.net\/arhiva\/\"},{\"@type\":\"ListItem\",\"position\":2,\"name\":\"Pejovi\u0107 pu\u0161ten iz pritvora\"}]},{\"@type\":\"WebSite\",\"@id\":\"https:\/\/sandzakpress.net\/arhiva\/#website\",\"url\":\"https:\/\/sandzakpress.net\/arhiva\/\",\"name\":\"Sand\u017eak PRESS\",\"description\":\"Prve elektronske novine u Sand\u017eaku\",\"publisher\":{\"@id\":\"https:\/\/sandzakpress.net\/arhiva\/#\/schema\/person\/6e72b67d6e51910a1117b3b483ba20bd\"},\"potentialAction\":[{\"@type\":\"SearchAction\",\"target\":{\"@type\":\"EntryPoint\",\"urlTemplate\":\"https:\/\/sandzakpress.net\/arhiva\/?s={search_term_string}\"},\"query-input\":{\"@type\":\"PropertyValueSpecification\",\"valueRequired\":true,\"valueName\":\"search_term_string\"}}],\"inLanguage\":\"bs-BA\"},{\"@type\":[\"Person\",\"Organization\"],\"@id\":\"https:\/\/sandzakpress.net\/arhiva\/#\/schema\/person\/6e72b67d6e51910a1117b3b483ba20bd\",\"name\":\"Kul\",\"image\":{\"@type\":\"ImageObject\",\"inLanguage\":\"bs-BA\",\"@id\":\"https:\/\/sandzakpress.net\/arhiva\/#\/schema\/person\/image\/\",\"url\":\"https:\/\/secure.gravatar.com\/avatar\/42263f39aa27ac04c43cab85c280eb2e?s=96&d=mm&r=pg\",\"contentUrl\":\"https:\/\/secure.gravatar.com\/avatar\/42263f39aa27ac04c43cab85c280eb2e?s=96&d=mm&r=pg\",\"caption\":\"Kul\"},\"logo\":{\"@id\":\"https:\/\/sandzakpress.net\/arhiva\/#\/schema\/person\/image\/\"}},{\"@type\":\"Person\",\"@id\":\"https:\/\/sandzakpress.net\/arhiva\/#\/schema\/person\/c8baee722073534b583ea7bdb2e36c02\",\"name\":\"bosniak\",\"image\":{\"@type\":\"ImageObject\",\"inLanguage\":\"bs-BA\",\"@id\":\"https:\/\/sandzakpress.net\/arhiva\/#\/schema\/person\/image\/\",\"url\":\"https:\/\/secure.gravatar.com\/avatar\/a04fd330bfe3a36a72a0ad4a6d89fca7?s=96&d=mm&r=pg\",\"contentUrl\":\"https:\/\/secure.gravatar.com\/avatar\/a04fd330bfe3a36a72a0ad4a6d89fca7?s=96&d=mm&r=pg\",\"caption\":\"bosniak\"},\"url\":\"https:\/\/sandzakpress.net\/arhiva\/author\/bosniak\/\"}]}<\/script>\n<!-- \/ Yoast SEO Premium plugin. -->","yoast_head_json":{"title":"Pejovi\u0107 pu\u0161ten iz pritvora","robots":{"index":"index","follow":"follow","max-snippet":"max-snippet:-1","max-image-preview":"max-image-preview:large","max-video-preview":"max-video-preview:-1"},"canonical":"https:\/\/sandzakpress.net\/arhiva\/pejovic-pusten-iz-pritvora\/","og_locale":"bs_BA","og_type":"article","og_title":"Pejovi\u0107 pu\u0161ten iz pritvora","og_description":"Crna Gora &#8211;\u00a0Vlasnik nik\u0161i\u0107ke firme Uniprom Veselin Pejovi\u0107, koji je u petak o\u0161amario lidera Pokreta za promjene Neboj\u0161u Medojevi\u0107a, pu\u0161ten je danas iz policijskog pritvora. Pejovi\u0107 je u nedjelju poslije podne priveden po nalogu osnovnog dr\u017eavnog tu\u017eioca, koji mu je odredio pritvor od 48 sati. Njegov advokat Dra\u0161ko \u0110ukanovi\u0107 je podneo \u017ealbu na to rje\u0161enje, [&hellip;]","og_url":"https:\/\/sandzakpress.net\/arhiva\/pejovic-pusten-iz-pritvora\/","og_site_name":"Sand\u017eak PRESS","article_published_time":"2014-02-25T21:59:33+00:00","og_image":[{"width":368,"height":282,"url":"https:\/\/sandzakpress.net\/arhiva\/wp-content\/uploads\/2014\/02\/504335100530cc4bf55abb674505876_orig.jpg","type":"image\/jpeg"}],"author":"bosniak","twitter_card":"summary_large_image","twitter_misc":{"Written by":"bosniak","Est. reading time":"1 minuta"},"schema":{"@context":"https:\/\/schema.org","@graph":[{"@type":"Article","@id":"https:\/\/sandzakpress.net\/arhiva\/pejovic-pusten-iz-pritvora\/#article","isPartOf":{"@id":"https:\/\/sandzakpress.net\/arhiva\/pejovic-pusten-iz-pritvora\/"},"author":{"name":"bosniak","@id":"https:\/\/sandzakpress.net\/arhiva\/#\/schema\/person\/c8baee722073534b583ea7bdb2e36c02"},"headline":"Pejovi\u0107 pu\u0161ten iz pritvora","datePublished":"2014-02-25T21:59:33+00:00","mainEntityOfPage":{"@id":"https:\/\/sandzakpress.net\/arhiva\/pejovic-pusten-iz-pritvora\/"},"wordCount":176,"commentCount":0,"publisher":{"@id":"https:\/\/sandzakpress.net\/arhiva\/#\/schema\/person\/6e72b67d6e51910a1117b3b483ba20bd"},"image":{"@id":"https:\/\/sandzakpress.net\/arhiva\/pejovic-pusten-iz-pritvora\/#primaryimage"},"thumbnailUrl":"https:\/\/sandzakpress.net\/arhiva\/wp-content\/uploads\/2014\/02\/504335100530cc4bf55abb674505876_orig.jpg","articleSection":["Politika","Crna Gora"],"inLanguage":"bs-BA","potentialAction":[{"@type":"CommentAction","name":"Comment","target":["https:\/\/sandzakpress.net\/arhiva\/pejovic-pusten-iz-pritvora\/#respond"]}]},{"@type":"WebPage","@id":"https:\/\/sandzakpress.net\/arhiva\/pejovic-pusten-iz-pritvora\/","url":"https:\/\/sandzakpress.net\/arhiva\/pejovic-pusten-iz-pritvora\/","name":"Pejovi\u0107 pu\u0161ten iz pritvora","isPartOf":{"@id":"https:\/\/sandzakpress.net\/arhiva\/#website"},"primaryImageOfPage":{"@id":"https:\/\/sandzakpress.net\/arhiva\/pejovic-pusten-iz-pritvora\/#primaryimage"},"image":{"@id":"https:\/\/sandzakpress.net\/arhiva\/pejovic-pusten-iz-pritvora\/#primaryimage"},"thumbnailUrl":"https:\/\/sandzakpress.net\/arhiva\/wp-content\/uploads\/2014\/02\/504335100530cc4bf55abb674505876_orig.jpg","datePublished":"2014-02-25T21:59:33+00:00","breadcrumb":{"@id":"https:\/\/sandzakpress.net\/arhiva\/pejovic-pusten-iz-pritvora\/#breadcrumb"},"inLanguage":"bs-BA","potentialAction":[{"@type":"ReadAction","target":["https:\/\/sandzakpress.net\/arhiva\/pejovic-pusten-iz-pritvora\/"]}]},{"@type":"ImageObject","inLanguage":"bs-BA","@id":"https:\/\/sandzakpress.net\/arhiva\/pejovic-pusten-iz-pritvora\/#primaryimage","url":"https:\/\/sandzakpress.net\/arhiva\/wp-content\/uploads\/2014\/02\/504335100530cc4bf55abb674505876_orig.jpg","contentUrl":"https:\/\/sandzakpress.net\/arhiva\/wp-content\/uploads\/2014\/02\/504335100530cc4bf55abb674505876_orig.jpg","width":368,"height":282},{"@type":"BreadcrumbList","@id":"https:\/\/sandzakpress.net\/arhiva\/pejovic-pusten-iz-pritvora\/#breadcrumb","itemListElement":[{"@type":"ListItem","position":1,"name":"Home","item":"https:\/\/sandzakpress.net\/arhiva\/"},{"@type":"ListItem","position":2,"name":"Pejovi\u0107 pu\u0161ten iz pritvora"}]},{"@type":"WebSite","@id":"https:\/\/sandzakpress.net\/arhiva\/#website","url":"https:\/\/sandzakpress.net\/arhiva\/","name":"Sand\u017eak PRESS","description":"Prve elektronske novine u Sand\u017eaku","publisher":{"@id":"https:\/\/sandzakpress.net\/arhiva\/#\/schema\/person\/6e72b67d6e51910a1117b3b483ba20bd"},"potentialAction":[{"@type":"SearchAction","target":{"@type":"EntryPoint","urlTemplate":"https:\/\/sandzakpress.net\/arhiva\/?s={search_term_string}"},"query-input":{"@type":"PropertyValueSpecification","valueRequired":true,"valueName":"search_term_string"}}],"inLanguage":"bs-BA"},{"@type":["Person","Organization"],"@id":"https:\/\/sandzakpress.net\/arhiva\/#\/schema\/person\/6e72b67d6e51910a1117b3b483ba20bd","name":"Kul","image":{"@type":"ImageObject","inLanguage":"bs-BA","@id":"https:\/\/sandzakpress.net\/arhiva\/#\/schema\/person\/image\/","url":"https:\/\/secure.gravatar.com\/avatar\/42263f39aa27ac04c43cab85c280eb2e?s=96&d=mm&r=pg","contentUrl":"https:\/\/secure.gravatar.com\/avatar\/42263f39aa27ac04c43cab85c280eb2e?s=96&d=mm&r=pg","caption":"Kul"},"logo":{"@id":"https:\/\/sandzakpress.net\/arhiva\/#\/schema\/person\/image\/"}},{"@type":"Person","@id":"https:\/\/sandzakpress.net\/arhiva\/#\/schema\/person\/c8baee722073534b583ea7bdb2e36c02","name":"bosniak","image":{"@type":"ImageObject","inLanguage":"bs-BA","@id":"https:\/\/sandzakpress.net\/arhiva\/#\/schema\/person\/image\/","url":"https:\/\/secure.gravatar.com\/avatar\/a04fd330bfe3a36a72a0ad4a6d89fca7?s=96&d=mm&r=pg","contentUrl":"https:\/\/secure.gravatar.com\/avatar\/a04fd330bfe3a36a72a0ad4a6d89fca7?s=96&d=mm&r=pg","caption":"bosniak"},"url":"https:\/\/sandzakpress.net\/arhiva\/author\/bosniak\/"}]}},"_links":{"self":[{"href":"https:\/\/sandzakpress.net\/arhiva\/wp-json\/wp\/v2\/posts\/102106"}],"collection":[{"href":"https:\/\/sandzakpress.net\/arhiva\/wp-json\/wp\/v2\/posts"}],"about":[{"href":"https:\/\/sandzakpress.net\/arhiva\/wp-json\/wp\/v2\/types\/post"}],"author":[{"embeddable":true,"href":"https:\/\/sandzakpress.net\/arhiva\/wp-json\/wp\/v2\/users\/83"}],"replies":[{"embeddable":true,"href":"https:\/\/sandzakpress.net\/arhiva\/wp-json\/wp\/v2\/comments?post=102106"}],"version-history":[{"count":0,"href":"https:\/\/sandzakpress.net\/arhiva\/wp-json\/wp\/v2\/posts\/102106\/revisions"}],"wp:featuredmedia":[{"embeddable":true,"href":"https:\/\/sandzakpress.net\/arhiva\/wp-json\/wp\/v2\/media\/102107"}],"wp:attachment":[{"href":"https:\/\/sandzakpress.net\/arhiva\/wp-json\/wp\/v2\/media?parent=102106"}],"wp:term":[{"taxonomy":"category","embeddable":true,"href":"https:\/\/sandzakpress.net\/arhiva\/wp-json\/wp\/v2\/categories?post=102106"},{"taxonomy":"post_tag","embeddable":true,"href":"https:\/\/sandzakpress.net\/arhiva\/wp-json\/wp\/v2\/tags?post=102106"}],"curies":[{"name":"wp","href":"https:\/\/api.w.org\/{rel}","templated":true}]}}