{"id":102098,"date":"2014-02-25T13:13:14","date_gmt":"2014-02-25T12:13:14","guid":{"rendered":"https:\/\/sandzakpress.net\/arhiva\/?p=102098"},"modified":"2014-02-25T13:13:14","modified_gmt":"2014-02-25T12:13:14","slug":"ljajic-najavljuje-pobjedu-na-izborima","status":"publish","type":"post","link":"https:\/\/sandzakpress.net\/arhiva\/ljajic-najavljuje-pobjedu-na-izborima\/","title":{"rendered":"Ljaji\u0107 najavljuje pobjedu na izborima"},"content":{"rendered":"<div class=\"youtube-embed\" data-video_id=\"KqwG9fFl13I#t=17\"><iframe loading=\"lazy\" title=\"Beograd, skup drugi kongres SDPS pokrivanje\" width=\"696\" height=\"522\" src=\"https:\/\/www.youtube.com\/embed\/KqwG9fFl13I?start=17&#038;feature=oembed\" frameborder=\"0\" allow=\"accelerometer; autoplay; encrypted-media; gyroscope; picture-in-picture\" allowfullscreen><\/iframe><\/div>\n<p><strong>Srbija, Novi Pazar &#8211; Socijaldemokratska partija Srbije odr\u017eala je proteklog vikenda kongres na kom je za predsednika ponovo izabran Rasim Ljaji\u0107.<\/strong><\/p>\n<p>Predsednik Socijaldemokratske partije Srbije Rasim Ljaji\u0107 poru\u010dio je tom prilikom da na predstoje\u0107im izborima nije potrebna samo pobeda nego \u201evelika pobeda\u201c, uz poruku da samo Srpska napredna stranka i njen lider Aleksdandar Vu\u010di\u0107 mogu da sprovedu reforme, a da \u0107e SDPS tome doprineti. Govore\u0107i o saradnji sa SDPS-om Rasima Ljaji\u0107a, predsednik Srpske napredne stranke Aleksandar Vu\u010di\u0107 je rekao da je ona potpuno o\u010dekivana jer dve stranke dele zajedni\u010dki cilj a to je normalna i pristojna Srbija, do koje je mogu\u0107e do\u0107i isklju\u010divo okupljanjem svih kvalitetnih ljudi.<\/p>\n<p>Drugi kongres Socijaldemokratske partije Srbije odr\u017ean je u Sali Doma sindikata. Velikom broju okupljenih obratio se predsednik partije Rasim Ljaji\u0107, koji je poru\u010dio da je na izborima 16. marta neophodna ubedljiva pobeda. On je rekao da nije svejedno s koliko procenata prednosti \u0107e lista \u201eBudu\u0107nost u koju verujemo\u201c pobediti, jer se vrlo lako mo\u017ee desiti da se posle izbora svi udru\u017ee protiv koalicije \u00a0oko.\u00a0 On je upozorio da ne treba gledati i slu\u0161ati istra\u017eivanja javnih mnjenja, jer je jedino merodavno istra\u017eivanje ono 16. marta i pozvao je gra\u0111ane da u \u0161to ve\u0107em broju iza\u0111u na izbore.<\/p>\n<p>Ljaji\u0107 je pozvao pristalice i simpatizere da u slede\u0107ih dvadeset dana daju sve od sebe i \u201cpro\u0161partaju Srbijom\u201d i da se bore kao da je u pitanju borba za cenzus.<\/p>\n<p>\u201cHo\u0107u da doprinesemo ne samo izbornoj pobedi, ve\u0107 reformama koje \u0107e nova vlada da sprovede\u201d, rekao je Ljaji\u0107. On je naveo da je premisa SDP Srbije da na\u0111e sredinu izme\u0111u pragmati\u010dnog i ideje i da ho\u0107e reforme, naglasiv\u0161i da je slogan koalicije \u201cSvom snagom u reforme\u201d.Govore\u0107i o situaciji u privredi i dru\u0161tvu, on je poru\u010dio da se mora razvijati preduzetni\u010dki, a ne slu\u017ebeni\u010dki duh i da je zato potrebno ukidati privilegije funkcionera da bi se pokazalo da nije isplativije raditi u dr\u017eavnoj slu\u017ebi u odnosu na privredu.<\/p>\n<p>Ljaji\u0107 je kao prioritet naveo ekonomiju i u tom smislu apostrofirao razvoj i ulaganja u automobilsku industriju, energetiku, IT sektor i poljoprivredu. On je dodao i da treba da se zna gde se i za \u0161ta ula\u017eu dr\u017eavne pare, kao i da je potrebno ulaganje u obrazovanje, u univerzitet i nauku. Kao jedan od prioriteta Ljaji\u0107 je nazna\u010dio stalnu vezu dr\u017eave, univerziteta i privrede kako bi se \u0161kolovao stru\u010dan i potreban kadar, kao i ja\u010danje preduzetni\u010dkog duha.<\/p>\n<p>Predsednik Srpske napredne stranke Aleksandar Vu\u010di\u0107 tako\u0111e se obratio okupljenima na kongresu i poru\u010dio je da cilj koalicije mora da bude ubedljiva pobeda u svakom mestu u Srbiji. Lider SNS-a je rekao da je cilj koalicije da, kao \u0161to je otvorena borba protiv korupcije i kriminala i kao \u0161to su otpo\u010deti pregovori sa EU, na taj na\u010din pobedi i sve ekonomske neda\u0107e i problemi i izbori druga\u010diji poslovni ambijent.<\/p>\n<p>\u010cestitaju\u0107i rukovodstvu SDP Srbije na izboru, budu\u0107i da su na radnom delu kongresa izabrani organi stranke,Vu\u010di\u0107 je naveo da po\u0161tuje sve ono \u0161to radi lider partije Rasim Ljaji\u0107.<\/p>\n<p>Na skupu su govorili i predsednik Saveza samostalnih sindikata Srbije Ljubisav Orbovi\u0107, koji je Rasimu Ljaji\u0107u uru\u010dio posebno priznanje za saradnju sa sindikatima i borbu za prava radnika.<\/p>\n<p>Velikom skupu,\u00a0 odnosno Drugom kongresu Socijaldemokratske partije Srbije u Sali Doma sindikata, osim \u010dlanova I simpatizera, prisustvovali su najvi\u0161i funkcioneri stranaka, koalicionih partnera, te istaknute javne li\u010dnosti.<\/p>\n","protected":false},"excerpt":{"rendered":"<p>Srbija, Novi Pazar &#8211; Socijaldemokratska partija Srbije odr\u017eala je proteklog vikenda kongres na kom je za predsednika ponovo izabran Rasim Ljaji\u0107. Predsednik Socijaldemokratske partije Srbije Rasim Ljaji\u0107 poru\u010dio je tom prilikom da na predstoje\u0107im izborima nije potrebna samo pobeda nego \u201evelika pobeda\u201c, uz poruku da samo Srpska napredna stranka i njen lider Aleksdandar Vu\u010di\u0107 mogu [&hellip;]<\/p>\n","protected":false},"author":83,"featured_media":102100,"comment_status":"open","ping_status":"open","sticky":false,"template":"","format":"standard","meta":{"footnotes":""},"categories":[72,1,8957],"tags":[10210],"class_list":{"0":"post-102098","1":"post","2":"type-post","3":"status-publish","4":"format-standard","5":"has-post-thumbnail","7":"category-novi-pazar","8":"category-politika","9":"category-vijesti-dana","10":"tag-rasim-ljajic"},"yoast_head":"<!-- This site is optimized with the Yoast SEO Premium plugin v23.1 (Yoast SEO v24.9) - https:\/\/yoast.com\/wordpress\/plugins\/seo\/ -->\n<title>Ljaji\u0107 najavljuje pobjedu na izborima<\/title>\n<meta name=\"robots\" content=\"index, follow, max-snippet:-1, max-image-preview:large, max-video-preview:-1\" \/>\n<link rel=\"canonical\" href=\"https:\/\/sandzakpress.net\/arhiva\/ljajic-najavljuje-pobjedu-na-izborima\/\" \/>\n<meta property=\"og:locale\" content=\"bs_BA\" \/>\n<meta property=\"og:type\" content=\"article\" \/>\n<meta property=\"og:title\" content=\"Ljaji\u0107 najavljuje pobjedu na izborima\" \/>\n<meta property=\"og:description\" content=\"Srbija, Novi Pazar &#8211; Socijaldemokratska partija Srbije odr\u017eala je proteklog vikenda kongres na kom je za predsednika ponovo izabran Rasim Ljaji\u0107. Predsednik Socijaldemokratske partije Srbije Rasim Ljaji\u0107 poru\u010dio je tom prilikom da na predstoje\u0107im izborima nije potrebna samo pobeda nego \u201evelika pobeda\u201c, uz poruku da samo Srpska napredna stranka i njen lider Aleksdandar Vu\u010di\u0107 mogu [&hellip;]\" \/>\n<meta property=\"og:url\" content=\"https:\/\/sandzakpress.net\/arhiva\/ljajic-najavljuje-pobjedu-na-izborima\/\" \/>\n<meta property=\"og:site_name\" content=\"Sand\u017eak PRESS\" \/>\n<meta property=\"article:published_time\" content=\"2014-02-25T12:13:14+00:00\" \/>\n<meta property=\"og:image\" content=\"https:\/\/sandzakpress.net\/arhiva\/wp-content\/uploads\/2014\/02\/036.jpg\" \/>\n\t<meta property=\"og:image:width\" content=\"480\" \/>\n\t<meta property=\"og:image:height\" content=\"360\" \/>\n\t<meta property=\"og:image:type\" content=\"image\/jpeg\" \/>\n<meta name=\"author\" content=\"bosniak\" \/>\n<meta name=\"twitter:card\" content=\"summary_large_image\" \/>\n<meta name=\"twitter:label1\" content=\"Written by\" \/>\n\t<meta name=\"twitter:data1\" content=\"bosniak\" \/>\n\t<meta name=\"twitter:label2\" content=\"Est. reading time\" \/>\n\t<meta name=\"twitter:data2\" content=\"3 minute\" \/>\n<script type=\"application\/ld+json\" class=\"yoast-schema-graph\">{\"@context\":\"https:\/\/schema.org\",\"@graph\":[{\"@type\":\"Article\",\"@id\":\"https:\/\/sandzakpress.net\/arhiva\/ljajic-najavljuje-pobjedu-na-izborima\/#article\",\"isPartOf\":{\"@id\":\"https:\/\/sandzakpress.net\/arhiva\/ljajic-najavljuje-pobjedu-na-izborima\/\"},\"author\":{\"name\":\"bosniak\",\"@id\":\"https:\/\/sandzakpress.net\/arhiva\/#\/schema\/person\/c8baee722073534b583ea7bdb2e36c02\"},\"headline\":\"Ljaji\u0107 najavljuje pobjedu na izborima\",\"datePublished\":\"2014-02-25T12:13:14+00:00\",\"mainEntityOfPage\":{\"@id\":\"https:\/\/sandzakpress.net\/arhiva\/ljajic-najavljuje-pobjedu-na-izborima\/\"},\"wordCount\":625,\"commentCount\":8,\"publisher\":{\"@id\":\"https:\/\/sandzakpress.net\/arhiva\/#\/schema\/person\/6e72b67d6e51910a1117b3b483ba20bd\"},\"image\":{\"@id\":\"https:\/\/sandzakpress.net\/arhiva\/ljajic-najavljuje-pobjedu-na-izborima\/#primaryimage\"},\"thumbnailUrl\":\"https:\/\/sandzakpress.net\/arhiva\/wp-content\/uploads\/2014\/02\/036.jpg\",\"keywords\":[\"Rasim Ljaji\u0107\"],\"articleSection\":[\"Novi Pazar\",\"Politika\",\"VIJESTI DANA\"],\"inLanguage\":\"bs-BA\",\"potentialAction\":[{\"@type\":\"CommentAction\",\"name\":\"Comment\",\"target\":[\"https:\/\/sandzakpress.net\/arhiva\/ljajic-najavljuje-pobjedu-na-izborima\/#respond\"]}]},{\"@type\":\"WebPage\",\"@id\":\"https:\/\/sandzakpress.net\/arhiva\/ljajic-najavljuje-pobjedu-na-izborima\/\",\"url\":\"https:\/\/sandzakpress.net\/arhiva\/ljajic-najavljuje-pobjedu-na-izborima\/\",\"name\":\"Ljaji\u0107 najavljuje pobjedu na izborima\",\"isPartOf\":{\"@id\":\"https:\/\/sandzakpress.net\/arhiva\/#website\"},\"primaryImageOfPage\":{\"@id\":\"https:\/\/sandzakpress.net\/arhiva\/ljajic-najavljuje-pobjedu-na-izborima\/#primaryimage\"},\"image\":{\"@id\":\"https:\/\/sandzakpress.net\/arhiva\/ljajic-najavljuje-pobjedu-na-izborima\/#primaryimage\"},\"thumbnailUrl\":\"https:\/\/sandzakpress.net\/arhiva\/wp-content\/uploads\/2014\/02\/036.jpg\",\"datePublished\":\"2014-02-25T12:13:14+00:00\",\"breadcrumb\":{\"@id\":\"https:\/\/sandzakpress.net\/arhiva\/ljajic-najavljuje-pobjedu-na-izborima\/#breadcrumb\"},\"inLanguage\":\"bs-BA\",\"potentialAction\":[{\"@type\":\"ReadAction\",\"target\":[\"https:\/\/sandzakpress.net\/arhiva\/ljajic-najavljuje-pobjedu-na-izborima\/\"]}]},{\"@type\":\"ImageObject\",\"inLanguage\":\"bs-BA\",\"@id\":\"https:\/\/sandzakpress.net\/arhiva\/ljajic-najavljuje-pobjedu-na-izborima\/#primaryimage\",\"url\":\"https:\/\/sandzakpress.net\/arhiva\/wp-content\/uploads\/2014\/02\/036.jpg\",\"contentUrl\":\"https:\/\/sandzakpress.net\/arhiva\/wp-content\/uploads\/2014\/02\/036.jpg\",\"width\":480,\"height\":360},{\"@type\":\"BreadcrumbList\",\"@id\":\"https:\/\/sandzakpress.net\/arhiva\/ljajic-najavljuje-pobjedu-na-izborima\/#breadcrumb\",\"itemListElement\":[{\"@type\":\"ListItem\",\"position\":1,\"name\":\"Home\",\"item\":\"https:\/\/sandzakpress.net\/arhiva\/\"},{\"@type\":\"ListItem\",\"position\":2,\"name\":\"Ljaji\u0107 najavljuje pobjedu na izborima\"}]},{\"@type\":\"WebSite\",\"@id\":\"https:\/\/sandzakpress.net\/arhiva\/#website\",\"url\":\"https:\/\/sandzakpress.net\/arhiva\/\",\"name\":\"Sand\u017eak PRESS\",\"description\":\"Prve elektronske novine u Sand\u017eaku\",\"publisher\":{\"@id\":\"https:\/\/sandzakpress.net\/arhiva\/#\/schema\/person\/6e72b67d6e51910a1117b3b483ba20bd\"},\"potentialAction\":[{\"@type\":\"SearchAction\",\"target\":{\"@type\":\"EntryPoint\",\"urlTemplate\":\"https:\/\/sandzakpress.net\/arhiva\/?s={search_term_string}\"},\"query-input\":{\"@type\":\"PropertyValueSpecification\",\"valueRequired\":true,\"valueName\":\"search_term_string\"}}],\"inLanguage\":\"bs-BA\"},{\"@type\":[\"Person\",\"Organization\"],\"@id\":\"https:\/\/sandzakpress.net\/arhiva\/#\/schema\/person\/6e72b67d6e51910a1117b3b483ba20bd\",\"name\":\"Kul\",\"image\":{\"@type\":\"ImageObject\",\"inLanguage\":\"bs-BA\",\"@id\":\"https:\/\/sandzakpress.net\/arhiva\/#\/schema\/person\/image\/\",\"url\":\"https:\/\/secure.gravatar.com\/avatar\/42263f39aa27ac04c43cab85c280eb2e?s=96&d=mm&r=pg\",\"contentUrl\":\"https:\/\/secure.gravatar.com\/avatar\/42263f39aa27ac04c43cab85c280eb2e?s=96&d=mm&r=pg\",\"caption\":\"Kul\"},\"logo\":{\"@id\":\"https:\/\/sandzakpress.net\/arhiva\/#\/schema\/person\/image\/\"}},{\"@type\":\"Person\",\"@id\":\"https:\/\/sandzakpress.net\/arhiva\/#\/schema\/person\/c8baee722073534b583ea7bdb2e36c02\",\"name\":\"bosniak\",\"image\":{\"@type\":\"ImageObject\",\"inLanguage\":\"bs-BA\",\"@id\":\"https:\/\/sandzakpress.net\/arhiva\/#\/schema\/person\/image\/\",\"url\":\"https:\/\/secure.gravatar.com\/avatar\/a04fd330bfe3a36a72a0ad4a6d89fca7?s=96&d=mm&r=pg\",\"contentUrl\":\"https:\/\/secure.gravatar.com\/avatar\/a04fd330bfe3a36a72a0ad4a6d89fca7?s=96&d=mm&r=pg\",\"caption\":\"bosniak\"},\"url\":\"https:\/\/sandzakpress.net\/arhiva\/author\/bosniak\/\"}]}<\/script>\n<!-- \/ Yoast SEO Premium plugin. -->","yoast_head_json":{"title":"Ljaji\u0107 najavljuje pobjedu na izborima","robots":{"index":"index","follow":"follow","max-snippet":"max-snippet:-1","max-image-preview":"max-image-preview:large","max-video-preview":"max-video-preview:-1"},"canonical":"https:\/\/sandzakpress.net\/arhiva\/ljajic-najavljuje-pobjedu-na-izborima\/","og_locale":"bs_BA","og_type":"article","og_title":"Ljaji\u0107 najavljuje pobjedu na izborima","og_description":"Srbija, Novi Pazar &#8211; Socijaldemokratska partija Srbije odr\u017eala je proteklog vikenda kongres na kom je za predsednika ponovo izabran Rasim Ljaji\u0107. Predsednik Socijaldemokratske partije Srbije Rasim Ljaji\u0107 poru\u010dio je tom prilikom da na predstoje\u0107im izborima nije potrebna samo pobeda nego \u201evelika pobeda\u201c, uz poruku da samo Srpska napredna stranka i njen lider Aleksdandar Vu\u010di\u0107 mogu [&hellip;]","og_url":"https:\/\/sandzakpress.net\/arhiva\/ljajic-najavljuje-pobjedu-na-izborima\/","og_site_name":"Sand\u017eak PRESS","article_published_time":"2014-02-25T12:13:14+00:00","og_image":[{"width":480,"height":360,"url":"https:\/\/sandzakpress.net\/arhiva\/wp-content\/uploads\/2014\/02\/036.jpg","type":"image\/jpeg"}],"author":"bosniak","twitter_card":"summary_large_image","twitter_misc":{"Written by":"bosniak","Est. reading time":"3 minute"},"schema":{"@context":"https:\/\/schema.org","@graph":[{"@type":"Article","@id":"https:\/\/sandzakpress.net\/arhiva\/ljajic-najavljuje-pobjedu-na-izborima\/#article","isPartOf":{"@id":"https:\/\/sandzakpress.net\/arhiva\/ljajic-najavljuje-pobjedu-na-izborima\/"},"author":{"name":"bosniak","@id":"https:\/\/sandzakpress.net\/arhiva\/#\/schema\/person\/c8baee722073534b583ea7bdb2e36c02"},"headline":"Ljaji\u0107 najavljuje pobjedu na izborima","datePublished":"2014-02-25T12:13:14+00:00","mainEntityOfPage":{"@id":"https:\/\/sandzakpress.net\/arhiva\/ljajic-najavljuje-pobjedu-na-izborima\/"},"wordCount":625,"commentCount":8,"publisher":{"@id":"https:\/\/sandzakpress.net\/arhiva\/#\/schema\/person\/6e72b67d6e51910a1117b3b483ba20bd"},"image":{"@id":"https:\/\/sandzakpress.net\/arhiva\/ljajic-najavljuje-pobjedu-na-izborima\/#primaryimage"},"thumbnailUrl":"https:\/\/sandzakpress.net\/arhiva\/wp-content\/uploads\/2014\/02\/036.jpg","keywords":["Rasim Ljaji\u0107"],"articleSection":["Novi Pazar","Politika","VIJESTI DANA"],"inLanguage":"bs-BA","potentialAction":[{"@type":"CommentAction","name":"Comment","target":["https:\/\/sandzakpress.net\/arhiva\/ljajic-najavljuje-pobjedu-na-izborima\/#respond"]}]},{"@type":"WebPage","@id":"https:\/\/sandzakpress.net\/arhiva\/ljajic-najavljuje-pobjedu-na-izborima\/","url":"https:\/\/sandzakpress.net\/arhiva\/ljajic-najavljuje-pobjedu-na-izborima\/","name":"Ljaji\u0107 najavljuje pobjedu na izborima","isPartOf":{"@id":"https:\/\/sandzakpress.net\/arhiva\/#website"},"primaryImageOfPage":{"@id":"https:\/\/sandzakpress.net\/arhiva\/ljajic-najavljuje-pobjedu-na-izborima\/#primaryimage"},"image":{"@id":"https:\/\/sandzakpress.net\/arhiva\/ljajic-najavljuje-pobjedu-na-izborima\/#primaryimage"},"thumbnailUrl":"https:\/\/sandzakpress.net\/arhiva\/wp-content\/uploads\/2014\/02\/036.jpg","datePublished":"2014-02-25T12:13:14+00:00","breadcrumb":{"@id":"https:\/\/sandzakpress.net\/arhiva\/ljajic-najavljuje-pobjedu-na-izborima\/#breadcrumb"},"inLanguage":"bs-BA","potentialAction":[{"@type":"ReadAction","target":["https:\/\/sandzakpress.net\/arhiva\/ljajic-najavljuje-pobjedu-na-izborima\/"]}]},{"@type":"ImageObject","inLanguage":"bs-BA","@id":"https:\/\/sandzakpress.net\/arhiva\/ljajic-najavljuje-pobjedu-na-izborima\/#primaryimage","url":"https:\/\/sandzakpress.net\/arhiva\/wp-content\/uploads\/2014\/02\/036.jpg","contentUrl":"https:\/\/sandzakpress.net\/arhiva\/wp-content\/uploads\/2014\/02\/036.jpg","width":480,"height":360},{"@type":"BreadcrumbList","@id":"https:\/\/sandzakpress.net\/arhiva\/ljajic-najavljuje-pobjedu-na-izborima\/#breadcrumb","itemListElement":[{"@type":"ListItem","position":1,"name":"Home","item":"https:\/\/sandzakpress.net\/arhiva\/"},{"@type":"ListItem","position":2,"name":"Ljaji\u0107 najavljuje pobjedu na izborima"}]},{"@type":"WebSite","@id":"https:\/\/sandzakpress.net\/arhiva\/#website","url":"https:\/\/sandzakpress.net\/arhiva\/","name":"Sand\u017eak PRESS","description":"Prve elektronske novine u Sand\u017eaku","publisher":{"@id":"https:\/\/sandzakpress.net\/arhiva\/#\/schema\/person\/6e72b67d6e51910a1117b3b483ba20bd"},"potentialAction":[{"@type":"SearchAction","target":{"@type":"EntryPoint","urlTemplate":"https:\/\/sandzakpress.net\/arhiva\/?s={search_term_string}"},"query-input":{"@type":"PropertyValueSpecification","valueRequired":true,"valueName":"search_term_string"}}],"inLanguage":"bs-BA"},{"@type":["Person","Organization"],"@id":"https:\/\/sandzakpress.net\/arhiva\/#\/schema\/person\/6e72b67d6e51910a1117b3b483ba20bd","name":"Kul","image":{"@type":"ImageObject","inLanguage":"bs-BA","@id":"https:\/\/sandzakpress.net\/arhiva\/#\/schema\/person\/image\/","url":"https:\/\/secure.gravatar.com\/avatar\/42263f39aa27ac04c43cab85c280eb2e?s=96&d=mm&r=pg","contentUrl":"https:\/\/secure.gravatar.com\/avatar\/42263f39aa27ac04c43cab85c280eb2e?s=96&d=mm&r=pg","caption":"Kul"},"logo":{"@id":"https:\/\/sandzakpress.net\/arhiva\/#\/schema\/person\/image\/"}},{"@type":"Person","@id":"https:\/\/sandzakpress.net\/arhiva\/#\/schema\/person\/c8baee722073534b583ea7bdb2e36c02","name":"bosniak","image":{"@type":"ImageObject","inLanguage":"bs-BA","@id":"https:\/\/sandzakpress.net\/arhiva\/#\/schema\/person\/image\/","url":"https:\/\/secure.gravatar.com\/avatar\/a04fd330bfe3a36a72a0ad4a6d89fca7?s=96&d=mm&r=pg","contentUrl":"https:\/\/secure.gravatar.com\/avatar\/a04fd330bfe3a36a72a0ad4a6d89fca7?s=96&d=mm&r=pg","caption":"bosniak"},"url":"https:\/\/sandzakpress.net\/arhiva\/author\/bosniak\/"}]}},"_links":{"self":[{"href":"https:\/\/sandzakpress.net\/arhiva\/wp-json\/wp\/v2\/posts\/102098"}],"collection":[{"href":"https:\/\/sandzakpress.net\/arhiva\/wp-json\/wp\/v2\/posts"}],"about":[{"href":"https:\/\/sandzakpress.net\/arhiva\/wp-json\/wp\/v2\/types\/post"}],"author":[{"embeddable":true,"href":"https:\/\/sandzakpress.net\/arhiva\/wp-json\/wp\/v2\/users\/83"}],"replies":[{"embeddable":true,"href":"https:\/\/sandzakpress.net\/arhiva\/wp-json\/wp\/v2\/comments?post=102098"}],"version-history":[{"count":0,"href":"https:\/\/sandzakpress.net\/arhiva\/wp-json\/wp\/v2\/posts\/102098\/revisions"}],"wp:featuredmedia":[{"embeddable":true,"href":"https:\/\/sandzakpress.net\/arhiva\/wp-json\/wp\/v2\/media\/102100"}],"wp:attachment":[{"href":"https:\/\/sandzakpress.net\/arhiva\/wp-json\/wp\/v2\/media?parent=102098"}],"wp:term":[{"taxonomy":"category","embeddable":true,"href":"https:\/\/sandzakpress.net\/arhiva\/wp-json\/wp\/v2\/categories?post=102098"},{"taxonomy":"post_tag","embeddable":true,"href":"https:\/\/sandzakpress.net\/arhiva\/wp-json\/wp\/v2\/tags?post=102098"}],"curies":[{"name":"wp","href":"https:\/\/api.w.org\/{rel}","templated":true}]}}