{"id":102058,"date":"2014-02-24T11:03:03","date_gmt":"2014-02-24T10:03:03","guid":{"rendered":"https:\/\/sandzakpress.net\/arhiva\/?p=102058"},"modified":"2014-02-24T19:03:45","modified_gmt":"2014-02-24T18:03:45","slug":"iunp-organizje-medunarodnu-naucno-strucnu-konferenciju","status":"publish","type":"post","link":"https:\/\/sandzakpress.net\/arhiva\/iunp-organizje-medunarodnu-naucno-strucnu-konferenciju\/","title":{"rendered":"IUNP organizje me\u0111unarodnu nau\u010dno-stru\u010dnu konferenciju"},"content":{"rendered":"<p><img loading=\"lazy\" decoding=\"async\" class=\"alignleft\" style=\"font-size: 14px; line-height: 1.5em; -webkit-user-select: none;\" alt=\"\" src=\"http:\/\/upload.wikimedia.org\/wikipedia\/commons\/b\/bb\/Zgrada-uninp.jpg\" width=\"330\" height=\"241\" \/><strong>Novi Pazar &#8211;\u00a0Departman za pravne nauke Internacionalnog Univerziteta u Novom Pazaru<\/strong><\/p>\n<div>\n<p>Internacionalna asocijacija kriminalista Banja Luka<\/p>\n<p>POZIV<\/p>\n<p>ME\u0110UNARODNA NAU\u010cNO-STRU\u010cNA KONFERENCIJA<\/p>\n<p>Razmena teorijskih znanja i prakti\u010dnih iskustava vezanih za rad po modelu tu\u017eila\u010dke istrage i konceptu adverzalnog krivi\u010dnog postupka<\/p>\n<p><strong>4.<\/strong>\u00a0i 5. april 2014. godine Sjenica, hotel \u201eBori\u0107i\u201c<\/p>\n<h4>UVOD<\/h4>\n<p>U svim javnim tu\u017eila\u0161tvima i sudovima u Republici Srbiji od 01. oktobra 2013. po\u010deo je da se primenjuje novi Zakonik o krivi\u010dnom postupku \u010dime se uvodi model krivi\u010dnog pravosu\u0111a koji ima vi\u0161e elemenata adverzalnog sistema, \u0161to podrazumeva vi\u0161e novina (poput ukidanja funkcije istra\u017enog sudije i prebacivanje najve\u0107eg dela odgovornosti za istra\u017ene radnje, pripremu i vo\u0111enje sudskih procesa na tu\u017eioce; prebacivanje ve\u0107eg dela odgovornosti u vezi sa promovisanjem prava na pravi\u010dno su\u0111enje za sve optu\u017eene na advokate (branioce); na samom glavnom pretresu postupak je adverzalan po svojoj prirodi, \u0161to zna\u010di da je sada zadatak tu\u017eioca i branioca da iznesu argumente, izvedu dokaze, unakrsno ispitaju svedoke i aktivno ula\u017eu prigovore).<\/p>\n<p>S obzirom da se radi o promenama koje u znatnoj meri menjaju rad na otkrivanju, procesuiranju i dokazivanju krivi\u010dnih dela, name\u0107e se potreba za edukacijom subjekata koji u\u010destvuju u pretkrivi\u010dnom i krivi\u010dnom postupku, kako bi se obezbedila \u0161to efikasnija primena odredaba novog Zakonika o krivi\u010dnom postupku. Shodno tome, Departman za pravne nauke Internacionalnog univerziteta u Novom Pazaru u saradnji sa Internacionalnom asocijacijom kriminalista sa sedi\u0161tem u Banja Luci, a uz finansijsku podr\u0161ku OSCE-a Misije u Srbiji, organizuje dvodnevnu nau\u010dno-stru\u010dnu konferenciju u svetlu po\u010detka primene novog ZKP-a u Republici Srbiji, a na temu: \u201c<em>Razmena teorijskih znanja i prakti\u010dnih iskustava vezanih za rad po modelu tu\u017eila\u010dke istrage i konceptu adverzalnog krivi\u010dnog postupka<\/em>\u201d.<\/p>\n<p>Kao i svaka nova stvar, primena novog Zakonika o krivi\u010dnom postupku predstavlja veliki izazov za srpsko sudstvo i ne\u0161to vi\u0161e za srpsko tu\u017eila\u0161tvo, jer ono postaje nose\u0107i faktor u krivi\u010dnom postupku i preuzima dobar deo nadle\u017enosti koji je do sada pripadao istra\u017enim sudijama. Shodno tome, sasvim je opravdano o\u010dekivati da \u0107e se u prvom periodu primene novog ZKP-a javljati odre\u0111ene novine u smislu kvaliteta, ali i odre\u0111enih problema.<\/p>\n<p>Naime, u Republici Crnoj Gori, BiH i Hrvatskoj su u primeni modeli tu\u017eila\u010dke istrage, u raznim periodima, pa i vi\u0161e od 10 godina sprovodi se tu\u017eila\u010dka istraga i koncept adverzalnog krivi\u010dnog postupka, i u ovim zemljama je najvi\u0161e u prvoj i drugoj godini primene bilo problema, \u0161to mo\u017ee da se o\u010dekuje i u Srbiji. S tim u vezi, konferencija ima za cilj da se kroz li\u010dni, odnosno neposredni kontakt izme\u0111u teoreti\u010dara (iz Republike Srbije, Crne Gore, BiH i Hrvatske) koji su se sa nau\u010dnog aspekta bavili ovim problemima i prakti\u010dara (policajaca, sudija, tu\u017eilaca i advokata) koji su postupali u istra\u017enoj materiji u Crnoj Gori, BiH i Hrvatskoj sa jedne strane, i pripadnika policije, sudstva i tu\u017eila\u0161va i advokata sa prostora op\u0161tine Novi Pazar, Tutin, Sjenica, Nova Varo\u0161, Priboj i Prijepolje sa druge strane, razmene znanja i iskustva na koji na\u010din se ti problemi mogu prevazi\u0107i.<\/p>\n<p>Tako\u0111e, tu\u017eioci, u \u010dije je ruke s novim Zakonikom pre\u0161lo najvi\u0161e posla, advokati kao predstavnici odbrane optu\u017eenih, ali i predstavnici policije i suda bi na osnovu saznanja ste\u010denih u\u010de\u0161\u0107em u diskusiji po izlo\u017eenim referatima i na bazi li\u010dnih iskustava mogli da konstatutuju odre\u0111ene manjkavosti koje se javljaju u primeni ZKP-a i daju konkretne predloge za izmene odredbi Zakonika o krivi\u010dnom postupku, odnosno za njegovo prilago\u0111avanje realnim potrebama i mogu\u0107nostima srpskog pravosu\u0111a.<\/p>\n<p>Pozivaju se zainteresovani nau\u010dni radnici i istra\u017eiva\u010di, predstavnici zakonodavne, izvr\u0161ne i sudske vlasti, kao i ostali zainteresovani, da dostave svoje radove, koji \u0107e otvoriti nova istra\u017eiva\u010dka pitanja i dati odgovore iz slede\u0107ih oblasti:<\/p>\n<p>&#8211; Saradnja policije i tu\u017eila\u0161tva u istrazi;<\/p>\n<p>&#8211; Kriminalisti\u010dke i krivi\u010dno procesne karakteristike istra\u017enih radnji;<\/p>\n<p>&#8211; Pozitivna i negativna iskustva u realizaciji tu\u017eila\u010dke istrage;<\/p>\n<p>&#8211; Komparativna analiza ranijeg i aktuelnog koncepta istrage;<\/p>\n<p>&#8211; Inostrana iskustva u vo\u0111enju istrage krivi\u010dnih dela;<\/p>\n<p>&#8211; Polo\u017eaj branioca u modelu tu\u017eila\u010dke istrage;<\/p>\n<p>&#8211; Pravo odbrane na paralelnu istragu;<\/p>\n<p>&#8211; Osobenosti strana\u010dkih sporazuma u krivi\u010dnom postupku;<\/p>\n<p>&#8211; Postupak dokazivanja (nastupanje, izvo\u0111enje, ocena dokaza).<\/p>\n<h4>PRIJAVA RADOVA<\/h4>\n<p>Prijava (obrazac prijave) u\u010de\u0161\u0107a na Konferenciji i Uputstvo za autore mo\u017eete preuzeti ovde:\u00a0<span style=\"text-decoration: underline;\">prijava<\/span>\u00a0&#8211;\u00a0<span style=\"text-decoration: underline;\">uputstvo<\/span>.<\/p>\n<p>Apstrakt i radovi dostavljaju se na e-mail adresu:<\/p>\n<p align=\"center\"><span style=\"text-decoration: underline;\">d.prava@uninp.edu.rs<\/span><\/p>\n<p>Uz prijavu dostaviti fotografiju i biografiju do 100 re\u010di.<\/p>\n<p>Kontakt osoba: Doc. dr. Aleksandar R. Ivanovi\u0107, Rukovodilac departmana za pravne nauke<\/p>\n<p>Tel: +381\/ 64 13 111 75<\/p>\n<h4>ZNA\u010cAJNI DATUMI<\/h4>\n<p>Prijava apstrakta radova:&#8230;&#8230;&#8230;&#8230;&#8230;&#8230;&#8230;&#8230;&#8230;&#8230;&#8230;&#8230;&#8230;&#8230;&#8230;&#8230;&#8230;&#8230;&#8230;&#8230;&#8230;&#8230;&#8230;&#8230;&#8230;&#8230;&#8230;&#8230;&#8230;&#8230;&#8230;&#8230;&#8230;&#8230;&#8230;. 2. mart 2014.<\/p>\n<p>Obave\u0161tenje o prihvatanju apstrakta:&#8230;&#8230;&#8230;&#8230;&#8230;&#8230;&#8230;&#8230;&#8230;&#8230;&#8230;&#8230;&#8230;&#8230;&#8230;&#8230;&#8230;&#8230;&#8230;&#8230;&#8230;&#8230;&#8230;&#8230;&#8230;&#8230;&#8230; 4. mart 2014.<\/p>\n<p>Prijava kompletnog rada:&#8230;&#8230;&#8230;&#8230;&#8230;&#8230;&#8230;&#8230;&#8230;&#8230;&#8230;&#8230;&#8230;&#8230;&#8230;&#8230;&#8230;&#8230;&#8230;&#8230;&#8230;&#8230;&#8230;&#8230;&#8230;&#8230;&#8230;&#8230;&#8230;&#8230;&#8230;&#8230;&#8230;&#8230;&#8230;. 21. mart 2014.<\/p>\n<p>Obave\u0161tenje o prihvatanju radova:&#8230;&#8230;&#8230;&#8230;&#8230;&#8230;&#8230;&#8230;&#8230;&#8230;&#8230;&#8230;&#8230;&#8230;&#8230;&#8230;&#8230;&#8230;&#8230;&#8230;&#8230;&#8230;&#8230;&#8230;&#8230;&#8230;&#8230;&#8230;&#8230; 23. mart 2014.<\/p>\n<p>Datum odr\u017eavanja konferencije:&#8230;&#8230;&#8230;&#8230;&#8230;&#8230;&#8230;&#8230;&#8230;&#8230;&#8230;&#8230;&#8230;&#8230;&#8230;&#8230;&#8230;&#8230;&#8230;&#8230;&#8230;&#8230;&#8230;&#8230;&#8230;&#8230;&#8230;&#8230; 04. i 05. april 2014.<\/p>\n<h4>TRO\u0160KOVI KONFERENCIJE<\/h4>\n<p>Organizatori snose tro\u0161kove kotizacije za u\u010destvovanje na konferenciji. Kotizacija obuhvata tro\u0161kove slu\u017ebene registracije, informativni i promotivni materijal, Zbornik radova, certifikate za u\u010de\u0161\u0107e na konferenciji, ugostiteljske usluge tokom trajanja konferencije, te sme\u0161taj (jedno no\u0107enje) za referente (autore, koautore, izlaga\u010de) i \u010dlanove Nau\u010dnog, Organizacionog i Programskog odbora. Konferenciju finansijski podr\u017eala Msija OEBS u Srbiji.<\/p>\n<p>KONTAKT<\/p>\n<\/div>\n<div>\n<p align=\"left\">Kontakt osoba:\u00a0\u00a0\u00a0\u00a0\u00a0\u00a0\u00a0\u00a0\u00a0\u00a0\u00a0\u00a0\u00a0\u00a0\u00a0\u00a0\u00a0\u00a0\u00a0\u00a0\u00a0\u00a0\u00a0\u00a0\u00a0\u00a0\u00a0\u00a0\u00a0\u00a0\u00a0\u00a0 \u00a0\u00a0\u00a0\u00a0\u00a0\u00a0\u00a0\u00a0\u00a0\u00a0\u00a0\u00a0\u00a0\u00a0\u00a0\u00a0\u00a0\u00a0\u00a0\u00a0\u00a0\u00a0\u00a0\u00a0\u00a0\u00a0\u00a0\u00a0\u00a0\u00a0\u00a0\u00a0\u00a0\u00a0\u00a0\u00a0\u00a0\u00a0\u00a0\u00a0\u00a0\u00a0\u00a0\u00a0\u00a0\u00a0\u00a0\u00a0\u00a0\u00a0\u00a0\u00a0\u00a0\u00a0\u00a0\u00a0\u00a0\u00a0\u00a0\u00a0\u00a0\u00a0\u00a0\u00a0\u00a0\u00a0\u00a0\u00a0\u00a0\u00a0\u00a0\u00a0\u00a0\u00a0\u00a0\u00a0\u00a0\u00a0\u00a0\u00a0\u00a0\u00a0\u00a0\u00a0\u00a0\u00a0\u00a0\u00a0\u00a0\u00a0\u00a0\u00a0\u00a0E-mail adresa:<\/p>\n<\/div>\n<div>\n<p>Doc. dr Aleksandar R. Ivanovi\u0107 \u00a0\u00a0\u00a0\u00a0\u00a0\u00a0\u00a0\u00a0\u00a0\u00a0\u00a0\u00a0\u00a0\u00a0\u00a0\u00a0\u00a0\u00a0\u00a0\u00a0\u00a0\u00a0\u00a0\u00a0\u00a0\u00a0\u00a0\u00a0\u00a0\u00a0\u00a0\u00a0\u00a0\u00a0\u00a0\u00a0\u00a0\u00a0\u00a0\u00a0\u00a0\u00a0\u00a0\u00a0\u00a0\u00a0\u00a0\u00a0\u00a0\u00a0\u00a0\u00a0\u00a0\u00a0\u00a0\u00a0\u00a0\u00a0\u00a0\u00a0\u00a0\u00a0\u00a0\u00a0\u00a0\u00a0\u00a0\u00a0\u00a0\u00a0\u00a0\u00a0\u00a0\u00a0\u00a0\u00a0\u00a0\u00a0\u00a0\u00a0\u00a0\u00a0\u00a0\u00a0\u00a0\u00a0\u00a0\u00a0<span style=\"text-decoration: underline;\">d.prava@uninp.edu.rs<\/span><\/p>\n<p>Rukovodilac departmana za pravne nauke IUNP-a<\/p>\n<p>Kontakt telefon:<\/p>\n<p>+381\/ 64 13 111 75<\/p>\n<p>(uninp)<\/p>\n<\/div>\n","protected":false},"excerpt":{"rendered":"<p>Novi Pazar &#8211;\u00a0Departman za pravne nauke Internacionalnog Univerziteta u Novom Pazaru Internacionalna asocijacija kriminalista Banja Luka POZIV ME\u0110UNARODNA NAU\u010cNO-STRU\u010cNA KONFERENCIJA Razmena teorijskih znanja i prakti\u010dnih iskustava vezanih za rad po modelu tu\u017eila\u010dke istrage i konceptu adverzalnog krivi\u010dnog postupka 4.\u00a0i 5. april 2014. godine Sjenica, hotel \u201eBori\u0107i\u201c UVOD U svim javnim tu\u017eila\u0161tvima i sudovima u Republici [&hellip;]<\/p>\n","protected":false},"author":83,"featured_media":102059,"comment_status":"open","ping_status":"open","sticky":false,"template":"","format":"standard","meta":{"footnotes":""},"categories":[72,4,8957],"tags":[],"class_list":{"0":"post-102058","1":"post","2":"type-post","3":"status-publish","4":"format-standard","5":"has-post-thumbnail","7":"category-novi-pazar","8":"category-obrazovanje","9":"category-vijesti-dana"},"yoast_head":"<!-- This site is optimized with the Yoast SEO Premium plugin v23.1 (Yoast SEO v24.9) - https:\/\/yoast.com\/wordpress\/plugins\/seo\/ -->\n<title>IUNP organizje me\u0111unarodnu nau\u010dno-stru\u010dnu konferenciju<\/title>\n<meta name=\"robots\" content=\"index, follow, max-snippet:-1, max-image-preview:large, max-video-preview:-1\" \/>\n<link rel=\"canonical\" href=\"https:\/\/sandzakpress.net\/arhiva\/iunp-organizje-medunarodnu-naucno-strucnu-konferenciju\/\" \/>\n<meta property=\"og:locale\" content=\"bs_BA\" \/>\n<meta property=\"og:type\" content=\"article\" \/>\n<meta property=\"og:title\" content=\"IUNP organizje me\u0111unarodnu nau\u010dno-stru\u010dnu konferenciju\" \/>\n<meta property=\"og:description\" content=\"Novi Pazar &#8211;\u00a0Departman za pravne nauke Internacionalnog Univerziteta u Novom Pazaru Internacionalna asocijacija kriminalista Banja Luka POZIV ME\u0110UNARODNA NAU\u010cNO-STRU\u010cNA KONFERENCIJA Razmena teorijskih znanja i prakti\u010dnih iskustava vezanih za rad po modelu tu\u017eila\u010dke istrage i konceptu adverzalnog krivi\u010dnog postupka 4.\u00a0i 5. april 2014. godine Sjenica, hotel \u201eBori\u0107i\u201c UVOD U svim javnim tu\u017eila\u0161tvima i sudovima u Republici [&hellip;]\" \/>\n<meta property=\"og:url\" content=\"https:\/\/sandzakpress.net\/arhiva\/iunp-organizje-medunarodnu-naucno-strucnu-konferenciju\/\" \/>\n<meta property=\"og:site_name\" content=\"Sand\u017eak PRESS\" \/>\n<meta property=\"article:published_time\" content=\"2014-02-24T10:03:03+00:00\" \/>\n<meta property=\"article:modified_time\" content=\"2014-02-24T18:03:45+00:00\" \/>\n<meta property=\"og:image\" content=\"https:\/\/sandzakpress.net\/arhiva\/wp-content\/uploads\/2014\/02\/Zgrada-uninp.jpg\" \/>\n\t<meta property=\"og:image:width\" content=\"550\" \/>\n\t<meta property=\"og:image:height\" content=\"402\" \/>\n\t<meta property=\"og:image:type\" content=\"image\/jpeg\" \/>\n<meta name=\"author\" content=\"bosniak\" \/>\n<meta name=\"twitter:card\" content=\"summary_large_image\" \/>\n<meta name=\"twitter:label1\" content=\"Written by\" \/>\n\t<meta name=\"twitter:data1\" content=\"bosniak\" \/>\n\t<meta name=\"twitter:label2\" content=\"Est. reading time\" \/>\n\t<meta name=\"twitter:data2\" content=\"5 minuta\" \/>\n<script type=\"application\/ld+json\" class=\"yoast-schema-graph\">{\"@context\":\"https:\/\/schema.org\",\"@graph\":[{\"@type\":\"Article\",\"@id\":\"https:\/\/sandzakpress.net\/arhiva\/iunp-organizje-medunarodnu-naucno-strucnu-konferenciju\/#article\",\"isPartOf\":{\"@id\":\"https:\/\/sandzakpress.net\/arhiva\/iunp-organizje-medunarodnu-naucno-strucnu-konferenciju\/\"},\"author\":{\"name\":\"bosniak\",\"@id\":\"https:\/\/sandzakpress.net\/arhiva\/#\/schema\/person\/c8baee722073534b583ea7bdb2e36c02\"},\"headline\":\"IUNP organizje me\u0111unarodnu nau\u010dno-stru\u010dnu konferenciju\",\"datePublished\":\"2014-02-24T10:03:03+00:00\",\"dateModified\":\"2014-02-24T18:03:45+00:00\",\"mainEntityOfPage\":{\"@id\":\"https:\/\/sandzakpress.net\/arhiva\/iunp-organizje-medunarodnu-naucno-strucnu-konferenciju\/\"},\"wordCount\":941,\"commentCount\":0,\"publisher\":{\"@id\":\"https:\/\/sandzakpress.net\/arhiva\/#\/schema\/person\/6e72b67d6e51910a1117b3b483ba20bd\"},\"image\":{\"@id\":\"https:\/\/sandzakpress.net\/arhiva\/iunp-organizje-medunarodnu-naucno-strucnu-konferenciju\/#primaryimage\"},\"thumbnailUrl\":\"https:\/\/sandzakpress.net\/arhiva\/wp-content\/uploads\/2014\/02\/Zgrada-uninp.jpg\",\"articleSection\":[\"Novi Pazar\",\"Obrazovanje\",\"VIJESTI DANA\"],\"inLanguage\":\"bs-BA\",\"potentialAction\":[{\"@type\":\"CommentAction\",\"name\":\"Comment\",\"target\":[\"https:\/\/sandzakpress.net\/arhiva\/iunp-organizje-medunarodnu-naucno-strucnu-konferenciju\/#respond\"]}]},{\"@type\":\"WebPage\",\"@id\":\"https:\/\/sandzakpress.net\/arhiva\/iunp-organizje-medunarodnu-naucno-strucnu-konferenciju\/\",\"url\":\"https:\/\/sandzakpress.net\/arhiva\/iunp-organizje-medunarodnu-naucno-strucnu-konferenciju\/\",\"name\":\"IUNP organizje me\u0111unarodnu nau\u010dno-stru\u010dnu konferenciju\",\"isPartOf\":{\"@id\":\"https:\/\/sandzakpress.net\/arhiva\/#website\"},\"primaryImageOfPage\":{\"@id\":\"https:\/\/sandzakpress.net\/arhiva\/iunp-organizje-medunarodnu-naucno-strucnu-konferenciju\/#primaryimage\"},\"image\":{\"@id\":\"https:\/\/sandzakpress.net\/arhiva\/iunp-organizje-medunarodnu-naucno-strucnu-konferenciju\/#primaryimage\"},\"thumbnailUrl\":\"https:\/\/sandzakpress.net\/arhiva\/wp-content\/uploads\/2014\/02\/Zgrada-uninp.jpg\",\"datePublished\":\"2014-02-24T10:03:03+00:00\",\"dateModified\":\"2014-02-24T18:03:45+00:00\",\"breadcrumb\":{\"@id\":\"https:\/\/sandzakpress.net\/arhiva\/iunp-organizje-medunarodnu-naucno-strucnu-konferenciju\/#breadcrumb\"},\"inLanguage\":\"bs-BA\",\"potentialAction\":[{\"@type\":\"ReadAction\",\"target\":[\"https:\/\/sandzakpress.net\/arhiva\/iunp-organizje-medunarodnu-naucno-strucnu-konferenciju\/\"]}]},{\"@type\":\"ImageObject\",\"inLanguage\":\"bs-BA\",\"@id\":\"https:\/\/sandzakpress.net\/arhiva\/iunp-organizje-medunarodnu-naucno-strucnu-konferenciju\/#primaryimage\",\"url\":\"https:\/\/sandzakpress.net\/arhiva\/wp-content\/uploads\/2014\/02\/Zgrada-uninp.jpg\",\"contentUrl\":\"https:\/\/sandzakpress.net\/arhiva\/wp-content\/uploads\/2014\/02\/Zgrada-uninp.jpg\",\"width\":550,\"height\":402},{\"@type\":\"BreadcrumbList\",\"@id\":\"https:\/\/sandzakpress.net\/arhiva\/iunp-organizje-medunarodnu-naucno-strucnu-konferenciju\/#breadcrumb\",\"itemListElement\":[{\"@type\":\"ListItem\",\"position\":1,\"name\":\"Home\",\"item\":\"https:\/\/sandzakpress.net\/arhiva\/\"},{\"@type\":\"ListItem\",\"position\":2,\"name\":\"IUNP organizje me\u0111unarodnu nau\u010dno-stru\u010dnu konferenciju\"}]},{\"@type\":\"WebSite\",\"@id\":\"https:\/\/sandzakpress.net\/arhiva\/#website\",\"url\":\"https:\/\/sandzakpress.net\/arhiva\/\",\"name\":\"Sand\u017eak PRESS\",\"description\":\"Prve elektronske novine u Sand\u017eaku\",\"publisher\":{\"@id\":\"https:\/\/sandzakpress.net\/arhiva\/#\/schema\/person\/6e72b67d6e51910a1117b3b483ba20bd\"},\"potentialAction\":[{\"@type\":\"SearchAction\",\"target\":{\"@type\":\"EntryPoint\",\"urlTemplate\":\"https:\/\/sandzakpress.net\/arhiva\/?s={search_term_string}\"},\"query-input\":{\"@type\":\"PropertyValueSpecification\",\"valueRequired\":true,\"valueName\":\"search_term_string\"}}],\"inLanguage\":\"bs-BA\"},{\"@type\":[\"Person\",\"Organization\"],\"@id\":\"https:\/\/sandzakpress.net\/arhiva\/#\/schema\/person\/6e72b67d6e51910a1117b3b483ba20bd\",\"name\":\"Kul\",\"image\":{\"@type\":\"ImageObject\",\"inLanguage\":\"bs-BA\",\"@id\":\"https:\/\/sandzakpress.net\/arhiva\/#\/schema\/person\/image\/\",\"url\":\"https:\/\/secure.gravatar.com\/avatar\/42263f39aa27ac04c43cab85c280eb2e?s=96&d=mm&r=pg\",\"contentUrl\":\"https:\/\/secure.gravatar.com\/avatar\/42263f39aa27ac04c43cab85c280eb2e?s=96&d=mm&r=pg\",\"caption\":\"Kul\"},\"logo\":{\"@id\":\"https:\/\/sandzakpress.net\/arhiva\/#\/schema\/person\/image\/\"}},{\"@type\":\"Person\",\"@id\":\"https:\/\/sandzakpress.net\/arhiva\/#\/schema\/person\/c8baee722073534b583ea7bdb2e36c02\",\"name\":\"bosniak\",\"image\":{\"@type\":\"ImageObject\",\"inLanguage\":\"bs-BA\",\"@id\":\"https:\/\/sandzakpress.net\/arhiva\/#\/schema\/person\/image\/\",\"url\":\"https:\/\/secure.gravatar.com\/avatar\/a04fd330bfe3a36a72a0ad4a6d89fca7?s=96&d=mm&r=pg\",\"contentUrl\":\"https:\/\/secure.gravatar.com\/avatar\/a04fd330bfe3a36a72a0ad4a6d89fca7?s=96&d=mm&r=pg\",\"caption\":\"bosniak\"},\"url\":\"https:\/\/sandzakpress.net\/arhiva\/author\/bosniak\/\"}]}<\/script>\n<!-- \/ Yoast SEO Premium plugin. -->","yoast_head_json":{"title":"IUNP organizje me\u0111unarodnu nau\u010dno-stru\u010dnu konferenciju","robots":{"index":"index","follow":"follow","max-snippet":"max-snippet:-1","max-image-preview":"max-image-preview:large","max-video-preview":"max-video-preview:-1"},"canonical":"https:\/\/sandzakpress.net\/arhiva\/iunp-organizje-medunarodnu-naucno-strucnu-konferenciju\/","og_locale":"bs_BA","og_type":"article","og_title":"IUNP organizje me\u0111unarodnu nau\u010dno-stru\u010dnu konferenciju","og_description":"Novi Pazar &#8211;\u00a0Departman za pravne nauke Internacionalnog Univerziteta u Novom Pazaru Internacionalna asocijacija kriminalista Banja Luka POZIV ME\u0110UNARODNA NAU\u010cNO-STRU\u010cNA KONFERENCIJA Razmena teorijskih znanja i prakti\u010dnih iskustava vezanih za rad po modelu tu\u017eila\u010dke istrage i konceptu adverzalnog krivi\u010dnog postupka 4.\u00a0i 5. april 2014. godine Sjenica, hotel \u201eBori\u0107i\u201c UVOD U svim javnim tu\u017eila\u0161tvima i sudovima u Republici [&hellip;]","og_url":"https:\/\/sandzakpress.net\/arhiva\/iunp-organizje-medunarodnu-naucno-strucnu-konferenciju\/","og_site_name":"Sand\u017eak PRESS","article_published_time":"2014-02-24T10:03:03+00:00","article_modified_time":"2014-02-24T18:03:45+00:00","og_image":[{"width":550,"height":402,"url":"https:\/\/sandzakpress.net\/arhiva\/wp-content\/uploads\/2014\/02\/Zgrada-uninp.jpg","type":"image\/jpeg"}],"author":"bosniak","twitter_card":"summary_large_image","twitter_misc":{"Written by":"bosniak","Est. reading time":"5 minuta"},"schema":{"@context":"https:\/\/schema.org","@graph":[{"@type":"Article","@id":"https:\/\/sandzakpress.net\/arhiva\/iunp-organizje-medunarodnu-naucno-strucnu-konferenciju\/#article","isPartOf":{"@id":"https:\/\/sandzakpress.net\/arhiva\/iunp-organizje-medunarodnu-naucno-strucnu-konferenciju\/"},"author":{"name":"bosniak","@id":"https:\/\/sandzakpress.net\/arhiva\/#\/schema\/person\/c8baee722073534b583ea7bdb2e36c02"},"headline":"IUNP organizje me\u0111unarodnu nau\u010dno-stru\u010dnu konferenciju","datePublished":"2014-02-24T10:03:03+00:00","dateModified":"2014-02-24T18:03:45+00:00","mainEntityOfPage":{"@id":"https:\/\/sandzakpress.net\/arhiva\/iunp-organizje-medunarodnu-naucno-strucnu-konferenciju\/"},"wordCount":941,"commentCount":0,"publisher":{"@id":"https:\/\/sandzakpress.net\/arhiva\/#\/schema\/person\/6e72b67d6e51910a1117b3b483ba20bd"},"image":{"@id":"https:\/\/sandzakpress.net\/arhiva\/iunp-organizje-medunarodnu-naucno-strucnu-konferenciju\/#primaryimage"},"thumbnailUrl":"https:\/\/sandzakpress.net\/arhiva\/wp-content\/uploads\/2014\/02\/Zgrada-uninp.jpg","articleSection":["Novi Pazar","Obrazovanje","VIJESTI DANA"],"inLanguage":"bs-BA","potentialAction":[{"@type":"CommentAction","name":"Comment","target":["https:\/\/sandzakpress.net\/arhiva\/iunp-organizje-medunarodnu-naucno-strucnu-konferenciju\/#respond"]}]},{"@type":"WebPage","@id":"https:\/\/sandzakpress.net\/arhiva\/iunp-organizje-medunarodnu-naucno-strucnu-konferenciju\/","url":"https:\/\/sandzakpress.net\/arhiva\/iunp-organizje-medunarodnu-naucno-strucnu-konferenciju\/","name":"IUNP organizje me\u0111unarodnu nau\u010dno-stru\u010dnu konferenciju","isPartOf":{"@id":"https:\/\/sandzakpress.net\/arhiva\/#website"},"primaryImageOfPage":{"@id":"https:\/\/sandzakpress.net\/arhiva\/iunp-organizje-medunarodnu-naucno-strucnu-konferenciju\/#primaryimage"},"image":{"@id":"https:\/\/sandzakpress.net\/arhiva\/iunp-organizje-medunarodnu-naucno-strucnu-konferenciju\/#primaryimage"},"thumbnailUrl":"https:\/\/sandzakpress.net\/arhiva\/wp-content\/uploads\/2014\/02\/Zgrada-uninp.jpg","datePublished":"2014-02-24T10:03:03+00:00","dateModified":"2014-02-24T18:03:45+00:00","breadcrumb":{"@id":"https:\/\/sandzakpress.net\/arhiva\/iunp-organizje-medunarodnu-naucno-strucnu-konferenciju\/#breadcrumb"},"inLanguage":"bs-BA","potentialAction":[{"@type":"ReadAction","target":["https:\/\/sandzakpress.net\/arhiva\/iunp-organizje-medunarodnu-naucno-strucnu-konferenciju\/"]}]},{"@type":"ImageObject","inLanguage":"bs-BA","@id":"https:\/\/sandzakpress.net\/arhiva\/iunp-organizje-medunarodnu-naucno-strucnu-konferenciju\/#primaryimage","url":"https:\/\/sandzakpress.net\/arhiva\/wp-content\/uploads\/2014\/02\/Zgrada-uninp.jpg","contentUrl":"https:\/\/sandzakpress.net\/arhiva\/wp-content\/uploads\/2014\/02\/Zgrada-uninp.jpg","width":550,"height":402},{"@type":"BreadcrumbList","@id":"https:\/\/sandzakpress.net\/arhiva\/iunp-organizje-medunarodnu-naucno-strucnu-konferenciju\/#breadcrumb","itemListElement":[{"@type":"ListItem","position":1,"name":"Home","item":"https:\/\/sandzakpress.net\/arhiva\/"},{"@type":"ListItem","position":2,"name":"IUNP organizje me\u0111unarodnu nau\u010dno-stru\u010dnu konferenciju"}]},{"@type":"WebSite","@id":"https:\/\/sandzakpress.net\/arhiva\/#website","url":"https:\/\/sandzakpress.net\/arhiva\/","name":"Sand\u017eak PRESS","description":"Prve elektronske novine u Sand\u017eaku","publisher":{"@id":"https:\/\/sandzakpress.net\/arhiva\/#\/schema\/person\/6e72b67d6e51910a1117b3b483ba20bd"},"potentialAction":[{"@type":"SearchAction","target":{"@type":"EntryPoint","urlTemplate":"https:\/\/sandzakpress.net\/arhiva\/?s={search_term_string}"},"query-input":{"@type":"PropertyValueSpecification","valueRequired":true,"valueName":"search_term_string"}}],"inLanguage":"bs-BA"},{"@type":["Person","Organization"],"@id":"https:\/\/sandzakpress.net\/arhiva\/#\/schema\/person\/6e72b67d6e51910a1117b3b483ba20bd","name":"Kul","image":{"@type":"ImageObject","inLanguage":"bs-BA","@id":"https:\/\/sandzakpress.net\/arhiva\/#\/schema\/person\/image\/","url":"https:\/\/secure.gravatar.com\/avatar\/42263f39aa27ac04c43cab85c280eb2e?s=96&d=mm&r=pg","contentUrl":"https:\/\/secure.gravatar.com\/avatar\/42263f39aa27ac04c43cab85c280eb2e?s=96&d=mm&r=pg","caption":"Kul"},"logo":{"@id":"https:\/\/sandzakpress.net\/arhiva\/#\/schema\/person\/image\/"}},{"@type":"Person","@id":"https:\/\/sandzakpress.net\/arhiva\/#\/schema\/person\/c8baee722073534b583ea7bdb2e36c02","name":"bosniak","image":{"@type":"ImageObject","inLanguage":"bs-BA","@id":"https:\/\/sandzakpress.net\/arhiva\/#\/schema\/person\/image\/","url":"https:\/\/secure.gravatar.com\/avatar\/a04fd330bfe3a36a72a0ad4a6d89fca7?s=96&d=mm&r=pg","contentUrl":"https:\/\/secure.gravatar.com\/avatar\/a04fd330bfe3a36a72a0ad4a6d89fca7?s=96&d=mm&r=pg","caption":"bosniak"},"url":"https:\/\/sandzakpress.net\/arhiva\/author\/bosniak\/"}]}},"_links":{"self":[{"href":"https:\/\/sandzakpress.net\/arhiva\/wp-json\/wp\/v2\/posts\/102058"}],"collection":[{"href":"https:\/\/sandzakpress.net\/arhiva\/wp-json\/wp\/v2\/posts"}],"about":[{"href":"https:\/\/sandzakpress.net\/arhiva\/wp-json\/wp\/v2\/types\/post"}],"author":[{"embeddable":true,"href":"https:\/\/sandzakpress.net\/arhiva\/wp-json\/wp\/v2\/users\/83"}],"replies":[{"embeddable":true,"href":"https:\/\/sandzakpress.net\/arhiva\/wp-json\/wp\/v2\/comments?post=102058"}],"version-history":[{"count":0,"href":"https:\/\/sandzakpress.net\/arhiva\/wp-json\/wp\/v2\/posts\/102058\/revisions"}],"wp:featuredmedia":[{"embeddable":true,"href":"https:\/\/sandzakpress.net\/arhiva\/wp-json\/wp\/v2\/media\/102059"}],"wp:attachment":[{"href":"https:\/\/sandzakpress.net\/arhiva\/wp-json\/wp\/v2\/media?parent=102058"}],"wp:term":[{"taxonomy":"category","embeddable":true,"href":"https:\/\/sandzakpress.net\/arhiva\/wp-json\/wp\/v2\/categories?post=102058"},{"taxonomy":"post_tag","embeddable":true,"href":"https:\/\/sandzakpress.net\/arhiva\/wp-json\/wp\/v2\/tags?post=102058"}],"curies":[{"name":"wp","href":"https:\/\/api.w.org\/{rel}","templated":true}]}}