{"id":10204,"date":"2010-12-06T23:05:13","date_gmt":"2010-12-06T22:05:13","guid":{"rendered":"https:\/\/sandzakpress.net\/arhiva\/?p=10204"},"modified":"2010-12-06T23:06:02","modified_gmt":"2010-12-06T22:06:02","slug":"drzava-zaboravila-na-brdske-krajeve","status":"publish","type":"post","link":"https:\/\/sandzakpress.net\/arhiva\/drzava-zaboravila-na-brdske-krajeve\/","title":{"rendered":"Dr\u017eava zaboravila na brdske krajeve"},"content":{"rendered":"<p><strong><a href=\"https:\/\/sandzakpress.net\/arhiva\/wp-content\/uploads\/2010\/12\/8827871034cfbb153c11b8992920573_450x295.jpg\"><img loading=\"lazy\" decoding=\"async\" class=\"alignleft size-medium wp-image-10205\" title=\"8827871034cfbb153c11b8992920573_450x295\" src=\"https:\/\/sandzakpress.net\/arhiva\/wp-content\/uploads\/2010\/12\/8827871034cfbb153c11b8992920573_450x295-300x196.jpg\" alt=\"\" width=\"300\" height=\"196\" \/><\/a>Sjenica &#8211; Poljoprivrednici u zaba\u010denim brdsko-planinskim krajevima \u017eale se da su diskriminisani u dr\u017eavnoj politici subvencionisanja.<\/strong><strong> <\/strong><\/p>\n<p>Zbog birokratije ne mogu da ostvare \u010dak ni premije na koje imaju pravo i izme\u0111u ostalog, napu\u0161taju sela u potrazi za lak\u0161im i sigurnijim poslom.<\/p>\n<p>Na Sjeni\u010dko-pe\u0161terskoj visoravni, na 1.200 metara nadmorske visine, temepratura preko zime pada na minus 40 stepeni, a preko leta se penje do plus 30. Vegetacija tokom koje mo\u017ee da se proizvede sto\u010dna hrana traje svega 6 mjeseci.<\/p>\n<p>I stoka i sto\u010dari poput Rajka Grbovi\u0107 i Kasima Taji\u0107a, prilago\u0111eni su ekstremnim uslovima. Me\u0111utim, nije priroda ta koja tjera ljude iz ovog kraja nego, kako tvrde, na\u010din raspodjela subvencija u bud\u017eetu.<\/p>\n<p>Najve\u0107i dio premija u Srbiji se izdvaja za oranice, ali ovdje, zbog nepovoljnih vremenskih uslova, oranica gotovo i da nema, a stoka se uglavnom dr\u017ei na pa\u0161njacima.<\/p>\n<p><strong>Rajko Grbovovi\u0107<\/strong><strong> <\/strong>ka\u017ee da je najgore to \u0161to u njegovom kraju kukuruz ne uspijeva, zato \u0161to u junu padne slana i, kako ka\u017ee, pokosi ga.<\/p>\n<p><strong>Kasim Taji\u0107<\/strong><strong> <\/strong>tvrdi da su sto\u010dari iz sjeni\u010dkog kraja u nepovoljnijem polo\u017eaju jer dr\u017eava daje subvencije za oranice, a oni uglavnom imaju pa\u0161njake.<\/p>\n<p>Na drugom kraju Srbije, nekih 400 kilometara od Sjenice ali tako\u0111er na 1.200 metara nadmorske visine nalazi se op\u0161tina Bosilegrad. Nekada je ovdje \u017eivjelo 50.000 ljudi, a za vrijeme Turaka na poljima oko Bosilegrada paslo je 200.000 ovaca. Danas ovaj grad ima tek 10.000 stanovnika i samo 12.000 ovaca.<\/p>\n<p>Jedan od uzroka propadanja sto\u010darstva posljednjih godina je \u0161to Bosilegrad nema veterinarsku stanicu i zato nema obilje\u017eavanja \u017eivotinja i niko iz op\u0161tine ne mo\u017ee da naplati premije koje propisuje dr\u017eava.<\/p>\n<p>Veterinar Emil Pej\u010dev tvrdi da su zbog zapostavljanja ovog kraja cijene lo\u0161e, da nema veterinarske stanice i da nema premija.<\/p>\n<p>Bosilegradska jagnjad i sir proizveden na obroncima Ostrogovskih planina dobili su ekolo\u0161ki sertifikat od SGS &#8211; za organsku proizvodnju ali je ipak zbog udaljenosti od Beograda cijena jagnjadi za 10-20 odsto ni\u017ea nego u ostatku Srbije.<\/p>\n<p>I pored \u017eivopisnih krajeva i velikih prirodnih resursa, iseljavanje stanovni\u0161ta iz Sjenice i Bosilegrada \u0107e se nastaviti ako se ne\u0161to ne preduzme, tvrde poljoprivrednici.<\/p>\n<p><embed src=\"http:\/\/blip.tv\/play\/hKYmgpH%2BdgI\" type=\"application\/x-shockwave-flash\" width=\"616\" height=\"500\" allowscriptaccess=\"always\" allowfullscreen=\"true\"><\/embed><\/p>\n<p>Izvor: <strong>B92.net<\/strong><\/p>\n","protected":false},"excerpt":{"rendered":"<p>Sjenica &#8211; Poljoprivrednici u zaba\u010denim brdsko-planinskim krajevima \u017eale se da su diskriminisani u dr\u017eavnoj politici subvencionisanja. Zbog birokratije ne mogu da ostvare \u010dak ni premije na koje imaju pravo i izme\u0111u ostalog, napu\u0161taju sela u potrazi za lak\u0161im i sigurnijim poslom. Na Sjeni\u010dko-pe\u0161terskoj visoravni, na 1.200 metara nadmorske visine, temepratura preko zime pada na minus [&hellip;]<\/p>\n","protected":false},"author":83,"featured_media":10205,"comment_status":"open","ping_status":"open","sticky":false,"template":"","format":"standard","meta":{"footnotes":""},"categories":[52,3],"tags":[],"class_list":{"0":"post-10204","1":"post","2":"type-post","3":"status-publish","4":"format-standard","5":"has-post-thumbnail","7":"category-sjenica","8":"category-privreda"},"yoast_head":"<!-- This site is optimized with the Yoast SEO Premium plugin v23.1 (Yoast SEO v24.9) - https:\/\/yoast.com\/wordpress\/plugins\/seo\/ -->\n<title>Dr\u017eava zaboravila na brdske krajeve<\/title>\n<meta name=\"robots\" content=\"index, follow, max-snippet:-1, max-image-preview:large, max-video-preview:-1\" \/>\n<link rel=\"canonical\" href=\"https:\/\/sandzakpress.net\/arhiva\/drzava-zaboravila-na-brdske-krajeve\/\" \/>\n<meta property=\"og:locale\" content=\"bs_BA\" \/>\n<meta property=\"og:type\" content=\"article\" \/>\n<meta property=\"og:title\" content=\"Dr\u017eava zaboravila na brdske krajeve\" \/>\n<meta property=\"og:description\" content=\"Sjenica &#8211; Poljoprivrednici u zaba\u010denim brdsko-planinskim krajevima \u017eale se da su diskriminisani u dr\u017eavnoj politici subvencionisanja. Zbog birokratije ne mogu da ostvare \u010dak ni premije na koje imaju pravo i izme\u0111u ostalog, napu\u0161taju sela u potrazi za lak\u0161im i sigurnijim poslom. Na Sjeni\u010dko-pe\u0161terskoj visoravni, na 1.200 metara nadmorske visine, temepratura preko zime pada na minus [&hellip;]\" \/>\n<meta property=\"og:url\" content=\"https:\/\/sandzakpress.net\/arhiva\/drzava-zaboravila-na-brdske-krajeve\/\" \/>\n<meta property=\"og:site_name\" content=\"Sand\u017eak PRESS\" \/>\n<meta property=\"article:published_time\" content=\"2010-12-06T22:05:13+00:00\" \/>\n<meta property=\"article:modified_time\" content=\"2010-12-06T22:06:02+00:00\" \/>\n<meta property=\"og:image\" content=\"https:\/\/sandzakpress.net\/arhiva\/wp-content\/uploads\/2010\/12\/8827871034cfbb153c11b8992920573_450x295.jpg\" \/>\n\t<meta property=\"og:image:width\" content=\"450\" \/>\n\t<meta property=\"og:image:height\" content=\"295\" \/>\n\t<meta property=\"og:image:type\" content=\"image\/jpeg\" \/>\n<meta name=\"author\" content=\"bosniak\" \/>\n<meta name=\"twitter:card\" content=\"summary_large_image\" \/>\n<meta name=\"twitter:label1\" content=\"Written by\" \/>\n\t<meta name=\"twitter:data1\" content=\"bosniak\" \/>\n\t<meta name=\"twitter:label2\" content=\"Est. reading time\" \/>\n\t<meta name=\"twitter:data2\" content=\"2 minute\" \/>\n<script type=\"application\/ld+json\" class=\"yoast-schema-graph\">{\"@context\":\"https:\/\/schema.org\",\"@graph\":[{\"@type\":\"Article\",\"@id\":\"https:\/\/sandzakpress.net\/arhiva\/drzava-zaboravila-na-brdske-krajeve\/#article\",\"isPartOf\":{\"@id\":\"https:\/\/sandzakpress.net\/arhiva\/drzava-zaboravila-na-brdske-krajeve\/\"},\"author\":{\"name\":\"bosniak\",\"@id\":\"https:\/\/sandzakpress.net\/arhiva\/#\/schema\/person\/c8baee722073534b583ea7bdb2e36c02\"},\"headline\":\"Dr\u017eava zaboravila na brdske krajeve\",\"datePublished\":\"2010-12-06T22:05:13+00:00\",\"dateModified\":\"2010-12-06T22:06:02+00:00\",\"mainEntityOfPage\":{\"@id\":\"https:\/\/sandzakpress.net\/arhiva\/drzava-zaboravila-na-brdske-krajeve\/\"},\"wordCount\":381,\"commentCount\":0,\"publisher\":{\"@id\":\"https:\/\/sandzakpress.net\/arhiva\/#\/schema\/person\/6e72b67d6e51910a1117b3b483ba20bd\"},\"image\":{\"@id\":\"https:\/\/sandzakpress.net\/arhiva\/drzava-zaboravila-na-brdske-krajeve\/#primaryimage\"},\"thumbnailUrl\":\"https:\/\/sandzakpress.net\/arhiva\/wp-content\/uploads\/2010\/12\/8827871034cfbb153c11b8992920573_450x295.jpg\",\"articleSection\":[\"Sjenica\",\"Privreda\"],\"inLanguage\":\"bs-BA\",\"potentialAction\":[{\"@type\":\"CommentAction\",\"name\":\"Comment\",\"target\":[\"https:\/\/sandzakpress.net\/arhiva\/drzava-zaboravila-na-brdske-krajeve\/#respond\"]}]},{\"@type\":\"WebPage\",\"@id\":\"https:\/\/sandzakpress.net\/arhiva\/drzava-zaboravila-na-brdske-krajeve\/\",\"url\":\"https:\/\/sandzakpress.net\/arhiva\/drzava-zaboravila-na-brdske-krajeve\/\",\"name\":\"Dr\u017eava zaboravila na brdske krajeve\",\"isPartOf\":{\"@id\":\"https:\/\/sandzakpress.net\/arhiva\/#website\"},\"primaryImageOfPage\":{\"@id\":\"https:\/\/sandzakpress.net\/arhiva\/drzava-zaboravila-na-brdske-krajeve\/#primaryimage\"},\"image\":{\"@id\":\"https:\/\/sandzakpress.net\/arhiva\/drzava-zaboravila-na-brdske-krajeve\/#primaryimage\"},\"thumbnailUrl\":\"https:\/\/sandzakpress.net\/arhiva\/wp-content\/uploads\/2010\/12\/8827871034cfbb153c11b8992920573_450x295.jpg\",\"datePublished\":\"2010-12-06T22:05:13+00:00\",\"dateModified\":\"2010-12-06T22:06:02+00:00\",\"breadcrumb\":{\"@id\":\"https:\/\/sandzakpress.net\/arhiva\/drzava-zaboravila-na-brdske-krajeve\/#breadcrumb\"},\"inLanguage\":\"bs-BA\",\"potentialAction\":[{\"@type\":\"ReadAction\",\"target\":[\"https:\/\/sandzakpress.net\/arhiva\/drzava-zaboravila-na-brdske-krajeve\/\"]}]},{\"@type\":\"ImageObject\",\"inLanguage\":\"bs-BA\",\"@id\":\"https:\/\/sandzakpress.net\/arhiva\/drzava-zaboravila-na-brdske-krajeve\/#primaryimage\",\"url\":\"https:\/\/sandzakpress.net\/arhiva\/wp-content\/uploads\/2010\/12\/8827871034cfbb153c11b8992920573_450x295.jpg\",\"contentUrl\":\"https:\/\/sandzakpress.net\/arhiva\/wp-content\/uploads\/2010\/12\/8827871034cfbb153c11b8992920573_450x295.jpg\",\"width\":450,\"height\":295},{\"@type\":\"BreadcrumbList\",\"@id\":\"https:\/\/sandzakpress.net\/arhiva\/drzava-zaboravila-na-brdske-krajeve\/#breadcrumb\",\"itemListElement\":[{\"@type\":\"ListItem\",\"position\":1,\"name\":\"Home\",\"item\":\"https:\/\/sandzakpress.net\/arhiva\/\"},{\"@type\":\"ListItem\",\"position\":2,\"name\":\"Dr\u017eava zaboravila na brdske krajeve\"}]},{\"@type\":\"WebSite\",\"@id\":\"https:\/\/sandzakpress.net\/arhiva\/#website\",\"url\":\"https:\/\/sandzakpress.net\/arhiva\/\",\"name\":\"Sand\u017eak PRESS\",\"description\":\"Prve elektronske novine u Sand\u017eaku\",\"publisher\":{\"@id\":\"https:\/\/sandzakpress.net\/arhiva\/#\/schema\/person\/6e72b67d6e51910a1117b3b483ba20bd\"},\"potentialAction\":[{\"@type\":\"SearchAction\",\"target\":{\"@type\":\"EntryPoint\",\"urlTemplate\":\"https:\/\/sandzakpress.net\/arhiva\/?s={search_term_string}\"},\"query-input\":{\"@type\":\"PropertyValueSpecification\",\"valueRequired\":true,\"valueName\":\"search_term_string\"}}],\"inLanguage\":\"bs-BA\"},{\"@type\":[\"Person\",\"Organization\"],\"@id\":\"https:\/\/sandzakpress.net\/arhiva\/#\/schema\/person\/6e72b67d6e51910a1117b3b483ba20bd\",\"name\":\"Kul\",\"image\":{\"@type\":\"ImageObject\",\"inLanguage\":\"bs-BA\",\"@id\":\"https:\/\/sandzakpress.net\/arhiva\/#\/schema\/person\/image\/\",\"url\":\"https:\/\/secure.gravatar.com\/avatar\/42263f39aa27ac04c43cab85c280eb2e?s=96&d=mm&r=pg\",\"contentUrl\":\"https:\/\/secure.gravatar.com\/avatar\/42263f39aa27ac04c43cab85c280eb2e?s=96&d=mm&r=pg\",\"caption\":\"Kul\"},\"logo\":{\"@id\":\"https:\/\/sandzakpress.net\/arhiva\/#\/schema\/person\/image\/\"}},{\"@type\":\"Person\",\"@id\":\"https:\/\/sandzakpress.net\/arhiva\/#\/schema\/person\/c8baee722073534b583ea7bdb2e36c02\",\"name\":\"bosniak\",\"image\":{\"@type\":\"ImageObject\",\"inLanguage\":\"bs-BA\",\"@id\":\"https:\/\/sandzakpress.net\/arhiva\/#\/schema\/person\/image\/\",\"url\":\"https:\/\/secure.gravatar.com\/avatar\/a04fd330bfe3a36a72a0ad4a6d89fca7?s=96&d=mm&r=pg\",\"contentUrl\":\"https:\/\/secure.gravatar.com\/avatar\/a04fd330bfe3a36a72a0ad4a6d89fca7?s=96&d=mm&r=pg\",\"caption\":\"bosniak\"},\"url\":\"https:\/\/sandzakpress.net\/arhiva\/author\/bosniak\/\"}]}<\/script>\n<!-- \/ Yoast SEO Premium plugin. -->","yoast_head_json":{"title":"Dr\u017eava zaboravila na brdske krajeve","robots":{"index":"index","follow":"follow","max-snippet":"max-snippet:-1","max-image-preview":"max-image-preview:large","max-video-preview":"max-video-preview:-1"},"canonical":"https:\/\/sandzakpress.net\/arhiva\/drzava-zaboravila-na-brdske-krajeve\/","og_locale":"bs_BA","og_type":"article","og_title":"Dr\u017eava zaboravila na brdske krajeve","og_description":"Sjenica &#8211; Poljoprivrednici u zaba\u010denim brdsko-planinskim krajevima \u017eale se da su diskriminisani u dr\u017eavnoj politici subvencionisanja. Zbog birokratije ne mogu da ostvare \u010dak ni premije na koje imaju pravo i izme\u0111u ostalog, napu\u0161taju sela u potrazi za lak\u0161im i sigurnijim poslom. Na Sjeni\u010dko-pe\u0161terskoj visoravni, na 1.200 metara nadmorske visine, temepratura preko zime pada na minus [&hellip;]","og_url":"https:\/\/sandzakpress.net\/arhiva\/drzava-zaboravila-na-brdske-krajeve\/","og_site_name":"Sand\u017eak PRESS","article_published_time":"2010-12-06T22:05:13+00:00","article_modified_time":"2010-12-06T22:06:02+00:00","og_image":[{"width":450,"height":295,"url":"https:\/\/sandzakpress.net\/arhiva\/wp-content\/uploads\/2010\/12\/8827871034cfbb153c11b8992920573_450x295.jpg","type":"image\/jpeg"}],"author":"bosniak","twitter_card":"summary_large_image","twitter_misc":{"Written by":"bosniak","Est. reading time":"2 minute"},"schema":{"@context":"https:\/\/schema.org","@graph":[{"@type":"Article","@id":"https:\/\/sandzakpress.net\/arhiva\/drzava-zaboravila-na-brdske-krajeve\/#article","isPartOf":{"@id":"https:\/\/sandzakpress.net\/arhiva\/drzava-zaboravila-na-brdske-krajeve\/"},"author":{"name":"bosniak","@id":"https:\/\/sandzakpress.net\/arhiva\/#\/schema\/person\/c8baee722073534b583ea7bdb2e36c02"},"headline":"Dr\u017eava zaboravila na brdske krajeve","datePublished":"2010-12-06T22:05:13+00:00","dateModified":"2010-12-06T22:06:02+00:00","mainEntityOfPage":{"@id":"https:\/\/sandzakpress.net\/arhiva\/drzava-zaboravila-na-brdske-krajeve\/"},"wordCount":381,"commentCount":0,"publisher":{"@id":"https:\/\/sandzakpress.net\/arhiva\/#\/schema\/person\/6e72b67d6e51910a1117b3b483ba20bd"},"image":{"@id":"https:\/\/sandzakpress.net\/arhiva\/drzava-zaboravila-na-brdske-krajeve\/#primaryimage"},"thumbnailUrl":"https:\/\/sandzakpress.net\/arhiva\/wp-content\/uploads\/2010\/12\/8827871034cfbb153c11b8992920573_450x295.jpg","articleSection":["Sjenica","Privreda"],"inLanguage":"bs-BA","potentialAction":[{"@type":"CommentAction","name":"Comment","target":["https:\/\/sandzakpress.net\/arhiva\/drzava-zaboravila-na-brdske-krajeve\/#respond"]}]},{"@type":"WebPage","@id":"https:\/\/sandzakpress.net\/arhiva\/drzava-zaboravila-na-brdske-krajeve\/","url":"https:\/\/sandzakpress.net\/arhiva\/drzava-zaboravila-na-brdske-krajeve\/","name":"Dr\u017eava zaboravila na brdske krajeve","isPartOf":{"@id":"https:\/\/sandzakpress.net\/arhiva\/#website"},"primaryImageOfPage":{"@id":"https:\/\/sandzakpress.net\/arhiva\/drzava-zaboravila-na-brdske-krajeve\/#primaryimage"},"image":{"@id":"https:\/\/sandzakpress.net\/arhiva\/drzava-zaboravila-na-brdske-krajeve\/#primaryimage"},"thumbnailUrl":"https:\/\/sandzakpress.net\/arhiva\/wp-content\/uploads\/2010\/12\/8827871034cfbb153c11b8992920573_450x295.jpg","datePublished":"2010-12-06T22:05:13+00:00","dateModified":"2010-12-06T22:06:02+00:00","breadcrumb":{"@id":"https:\/\/sandzakpress.net\/arhiva\/drzava-zaboravila-na-brdske-krajeve\/#breadcrumb"},"inLanguage":"bs-BA","potentialAction":[{"@type":"ReadAction","target":["https:\/\/sandzakpress.net\/arhiva\/drzava-zaboravila-na-brdske-krajeve\/"]}]},{"@type":"ImageObject","inLanguage":"bs-BA","@id":"https:\/\/sandzakpress.net\/arhiva\/drzava-zaboravila-na-brdske-krajeve\/#primaryimage","url":"https:\/\/sandzakpress.net\/arhiva\/wp-content\/uploads\/2010\/12\/8827871034cfbb153c11b8992920573_450x295.jpg","contentUrl":"https:\/\/sandzakpress.net\/arhiva\/wp-content\/uploads\/2010\/12\/8827871034cfbb153c11b8992920573_450x295.jpg","width":450,"height":295},{"@type":"BreadcrumbList","@id":"https:\/\/sandzakpress.net\/arhiva\/drzava-zaboravila-na-brdske-krajeve\/#breadcrumb","itemListElement":[{"@type":"ListItem","position":1,"name":"Home","item":"https:\/\/sandzakpress.net\/arhiva\/"},{"@type":"ListItem","position":2,"name":"Dr\u017eava zaboravila na brdske krajeve"}]},{"@type":"WebSite","@id":"https:\/\/sandzakpress.net\/arhiva\/#website","url":"https:\/\/sandzakpress.net\/arhiva\/","name":"Sand\u017eak PRESS","description":"Prve elektronske novine u Sand\u017eaku","publisher":{"@id":"https:\/\/sandzakpress.net\/arhiva\/#\/schema\/person\/6e72b67d6e51910a1117b3b483ba20bd"},"potentialAction":[{"@type":"SearchAction","target":{"@type":"EntryPoint","urlTemplate":"https:\/\/sandzakpress.net\/arhiva\/?s={search_term_string}"},"query-input":{"@type":"PropertyValueSpecification","valueRequired":true,"valueName":"search_term_string"}}],"inLanguage":"bs-BA"},{"@type":["Person","Organization"],"@id":"https:\/\/sandzakpress.net\/arhiva\/#\/schema\/person\/6e72b67d6e51910a1117b3b483ba20bd","name":"Kul","image":{"@type":"ImageObject","inLanguage":"bs-BA","@id":"https:\/\/sandzakpress.net\/arhiva\/#\/schema\/person\/image\/","url":"https:\/\/secure.gravatar.com\/avatar\/42263f39aa27ac04c43cab85c280eb2e?s=96&d=mm&r=pg","contentUrl":"https:\/\/secure.gravatar.com\/avatar\/42263f39aa27ac04c43cab85c280eb2e?s=96&d=mm&r=pg","caption":"Kul"},"logo":{"@id":"https:\/\/sandzakpress.net\/arhiva\/#\/schema\/person\/image\/"}},{"@type":"Person","@id":"https:\/\/sandzakpress.net\/arhiva\/#\/schema\/person\/c8baee722073534b583ea7bdb2e36c02","name":"bosniak","image":{"@type":"ImageObject","inLanguage":"bs-BA","@id":"https:\/\/sandzakpress.net\/arhiva\/#\/schema\/person\/image\/","url":"https:\/\/secure.gravatar.com\/avatar\/a04fd330bfe3a36a72a0ad4a6d89fca7?s=96&d=mm&r=pg","contentUrl":"https:\/\/secure.gravatar.com\/avatar\/a04fd330bfe3a36a72a0ad4a6d89fca7?s=96&d=mm&r=pg","caption":"bosniak"},"url":"https:\/\/sandzakpress.net\/arhiva\/author\/bosniak\/"}]}},"_links":{"self":[{"href":"https:\/\/sandzakpress.net\/arhiva\/wp-json\/wp\/v2\/posts\/10204"}],"collection":[{"href":"https:\/\/sandzakpress.net\/arhiva\/wp-json\/wp\/v2\/posts"}],"about":[{"href":"https:\/\/sandzakpress.net\/arhiva\/wp-json\/wp\/v2\/types\/post"}],"author":[{"embeddable":true,"href":"https:\/\/sandzakpress.net\/arhiva\/wp-json\/wp\/v2\/users\/83"}],"replies":[{"embeddable":true,"href":"https:\/\/sandzakpress.net\/arhiva\/wp-json\/wp\/v2\/comments?post=10204"}],"version-history":[{"count":0,"href":"https:\/\/sandzakpress.net\/arhiva\/wp-json\/wp\/v2\/posts\/10204\/revisions"}],"wp:featuredmedia":[{"embeddable":true,"href":"https:\/\/sandzakpress.net\/arhiva\/wp-json\/wp\/v2\/media\/10205"}],"wp:attachment":[{"href":"https:\/\/sandzakpress.net\/arhiva\/wp-json\/wp\/v2\/media?parent=10204"}],"wp:term":[{"taxonomy":"category","embeddable":true,"href":"https:\/\/sandzakpress.net\/arhiva\/wp-json\/wp\/v2\/categories?post=10204"},{"taxonomy":"post_tag","embeddable":true,"href":"https:\/\/sandzakpress.net\/arhiva\/wp-json\/wp\/v2\/tags?post=10204"}],"curies":[{"name":"wp","href":"https:\/\/api.w.org\/{rel}","templated":true}]}}