{"id":10201,"date":"2010-12-06T22:58:16","date_gmt":"2010-12-06T21:58:16","guid":{"rendered":"https:\/\/sandzakpress.net\/arhiva\/?p=10201"},"modified":"2010-12-06T22:58:16","modified_gmt":"2010-12-06T21:58:16","slug":"lim-u-koritu-ali-i-u-kucama","status":"publish","type":"post","link":"https:\/\/sandzakpress.net\/arhiva\/lim-u-koritu-ali-i-u-kucama\/","title":{"rendered":"Lim u koritu, ali i u ku\u0107ama"},"content":{"rendered":"<p><strong><a href=\"https:\/\/sandzakpress.net\/arhiva\/wp-content\/uploads\/2010\/12\/9569995654cfd200692b4a015698815_450x300.jpg\"><img loading=\"lazy\" decoding=\"async\" class=\"alignleft size-medium wp-image-10202\" title=\"9569995654cfd200692b4a015698815_450x300\" src=\"https:\/\/sandzakpress.net\/arhiva\/wp-content\/uploads\/2010\/12\/9569995654cfd200692b4a015698815_450x300-300x200.jpg\" alt=\"\" width=\"300\" height=\"200\" \/><\/a>Prijepolje &#8211; Lim je u opadanju, me\u0111utim, jo\u0161 nekoliko porodica u op\u0161tini Prijepolje ne mo\u017ee da se vrati u svoje ku\u0107e, jer su voda i mulj i dalje u njihovim objektima.<\/strong><strong> <\/strong><\/p>\n<p>Vodena stihija odsjekla je i nekoliko sela, zbog o\u0161te\u0107enja mosta, a snje\u017ene padavine mogle bi dodatno da iskomplikuju komunikaciju sa ovim dijelom op\u0161tine Prijepolje.<\/p>\n<p>Iako se Lim povukao u svoje korito, vodena stihija je ostavila za sobom vidljive tragove.<\/p>\n<p>Voda i mulj jo\u0161 su u ku\u0107i i pomo\u0107nim objektima\u00a0\u0160abana Gojaka. On je na najgori na\u010din iskusio koliko Lim mo\u017ee da bude razoran.<\/p>\n<p><em>\u201dNije bilo ne\u0161to ekstra, ali sve \u0161to sam stekao, ku\u0107io toliko godina i ovdje preselio da \u017eivim, to je sve uni\u0161teno. Odne\u0161eno tamo, eno tamo se vidi ima klupa po onim ogradama &#8230;\u201d,<\/em><em> <\/em>pri\u010da Gojak pokazuju\u0107i ka mjestu gdje je voda odnijela njegovu imovinu.<\/p>\n<p><em>\u201cFri\u017eideri, odnijelo dva fri\u017eidera, zamrziva\u010de, to je ne\u0161to \u0161to je bilo, tako da vam ja ne bih sve pojedina\u010dno mogao nabrojiti nikad. Ovamo je bila radionica, evo ga alata, ne\u0161to je preostalo, sitno\u201c,<\/em><em> <\/em>navodi on.<\/p>\n<p>Na\u010delnik Sektora za vanredne situacije u Prijepolju Goran Posrka\u010da ka\u017ee da je ova slu\u017eba uspela da se izbori s poplavom, i to bez ljudskih \u017ertava<\/p>\n<p><em>\u201dU poplavnom talasu na podru\u010dju op\u0161tine Prijepolje, ugro\u017eeno je bilo oko 300 objekata, od \u010dega 150 neposredno ugro\u017eeno, zna\u010di bilo okru\u017eeno vodenom stihijom\u201c,<\/em> obja\u0161njava on.<\/p>\n<p>Za neke porodice, u \u010dijim ku\u0107ama je nemogu\u0107e \u017eivjeti, op\u0161tina je obezbijedila privremeni smje\u0161taj u privatnom smje\u0161taju ili hotelu. Kako \u0107e prezimiti neizvjesno je za porodicu Esada \u010cuturi\u0107a.<\/p>\n<p><em>\u201dNe radimo ni ja, ni supruga. Na Zavodu smo, imamo primanja, tih 5.000 dinara sa zavoda, i to je to\u201c<\/em>, ka\u017ee Esad.<\/p>\n<p>Me\u0111utim, hrabrost im ulijevaju mla\u0111i \u010dlanovi porodice, koji ka\u017eu da ih vodena stihija nije upla\u0161ila.<\/p>\n<p><embed src=\"http:\/\/blip.tv\/play\/hKYmgpKhCwI\" type=\"application\/x-shockwave-flash\" width=\"616\" height=\"500\" allowscriptaccess=\"always\" allowfullscreen=\"true\"><\/embed><\/p>\n<p>Izvor: <strong>B92.net<\/strong><\/p>\n","protected":false},"excerpt":{"rendered":"<p>Prijepolje &#8211; Lim je u opadanju, me\u0111utim, jo\u0161 nekoliko porodica u op\u0161tini Prijepolje ne mo\u017ee da se vrati u svoje ku\u0107e, jer su voda i mulj i dalje u njihovim objektima. Vodena stihija odsjekla je i nekoliko sela, zbog o\u0161te\u0107enja mosta, a snje\u017ene padavine mogle bi dodatno da iskomplikuju komunikaciju sa ovim dijelom op\u0161tine Prijepolje. [&hellip;]<\/p>\n","protected":false},"author":83,"featured_media":10202,"comment_status":"open","ping_status":"open","sticky":false,"template":"","format":"standard","meta":{"footnotes":""},"categories":[392,801],"tags":[],"class_list":{"0":"post-10201","1":"post","2":"type-post","3":"status-publish","4":"format-standard","5":"has-post-thumbnail","7":"category-prijepolje_","8":"category-crna_hronika"},"yoast_head":"<!-- This site is optimized with the Yoast SEO Premium plugin v23.1 (Yoast SEO v24.9) - https:\/\/yoast.com\/wordpress\/plugins\/seo\/ -->\n<title>Lim u koritu, ali i u ku\u0107ama<\/title>\n<meta name=\"robots\" content=\"index, follow, max-snippet:-1, max-image-preview:large, max-video-preview:-1\" \/>\n<link rel=\"canonical\" href=\"https:\/\/sandzakpress.net\/arhiva\/lim-u-koritu-ali-i-u-kucama\/\" \/>\n<meta property=\"og:locale\" content=\"bs_BA\" \/>\n<meta property=\"og:type\" content=\"article\" \/>\n<meta property=\"og:title\" content=\"Lim u koritu, ali i u ku\u0107ama\" \/>\n<meta property=\"og:description\" content=\"Prijepolje &#8211; Lim je u opadanju, me\u0111utim, jo\u0161 nekoliko porodica u op\u0161tini Prijepolje ne mo\u017ee da se vrati u svoje ku\u0107e, jer su voda i mulj i dalje u njihovim objektima. Vodena stihija odsjekla je i nekoliko sela, zbog o\u0161te\u0107enja mosta, a snje\u017ene padavine mogle bi dodatno da iskomplikuju komunikaciju sa ovim dijelom op\u0161tine Prijepolje. [&hellip;]\" \/>\n<meta property=\"og:url\" content=\"https:\/\/sandzakpress.net\/arhiva\/lim-u-koritu-ali-i-u-kucama\/\" \/>\n<meta property=\"og:site_name\" content=\"Sand\u017eak PRESS\" \/>\n<meta property=\"article:published_time\" content=\"2010-12-06T21:58:16+00:00\" \/>\n<meta property=\"og:image\" content=\"https:\/\/sandzakpress.net\/arhiva\/wp-content\/uploads\/2010\/12\/9569995654cfd200692b4a015698815_450x300.jpg\" \/>\n\t<meta property=\"og:image:width\" content=\"450\" \/>\n\t<meta property=\"og:image:height\" content=\"300\" \/>\n\t<meta property=\"og:image:type\" content=\"image\/jpeg\" \/>\n<meta name=\"author\" content=\"bosniak\" \/>\n<meta name=\"twitter:card\" content=\"summary_large_image\" \/>\n<meta name=\"twitter:label1\" content=\"Written by\" \/>\n\t<meta name=\"twitter:data1\" content=\"bosniak\" \/>\n\t<meta name=\"twitter:label2\" content=\"Est. reading time\" \/>\n\t<meta name=\"twitter:data2\" content=\"2 minute\" \/>\n<script type=\"application\/ld+json\" class=\"yoast-schema-graph\">{\"@context\":\"https:\/\/schema.org\",\"@graph\":[{\"@type\":\"Article\",\"@id\":\"https:\/\/sandzakpress.net\/arhiva\/lim-u-koritu-ali-i-u-kucama\/#article\",\"isPartOf\":{\"@id\":\"https:\/\/sandzakpress.net\/arhiva\/lim-u-koritu-ali-i-u-kucama\/\"},\"author\":{\"name\":\"bosniak\",\"@id\":\"https:\/\/sandzakpress.net\/arhiva\/#\/schema\/person\/c8baee722073534b583ea7bdb2e36c02\"},\"headline\":\"Lim u koritu, ali i u ku\u0107ama\",\"datePublished\":\"2010-12-06T21:58:16+00:00\",\"mainEntityOfPage\":{\"@id\":\"https:\/\/sandzakpress.net\/arhiva\/lim-u-koritu-ali-i-u-kucama\/\"},\"wordCount\":341,\"commentCount\":0,\"publisher\":{\"@id\":\"https:\/\/sandzakpress.net\/arhiva\/#\/schema\/person\/6e72b67d6e51910a1117b3b483ba20bd\"},\"image\":{\"@id\":\"https:\/\/sandzakpress.net\/arhiva\/lim-u-koritu-ali-i-u-kucama\/#primaryimage\"},\"thumbnailUrl\":\"https:\/\/sandzakpress.net\/arhiva\/wp-content\/uploads\/2010\/12\/9569995654cfd200692b4a015698815_450x300.jpg\",\"articleSection\":[\"Prijepolje\",\"Hronika\"],\"inLanguage\":\"bs-BA\",\"potentialAction\":[{\"@type\":\"CommentAction\",\"name\":\"Comment\",\"target\":[\"https:\/\/sandzakpress.net\/arhiva\/lim-u-koritu-ali-i-u-kucama\/#respond\"]}]},{\"@type\":\"WebPage\",\"@id\":\"https:\/\/sandzakpress.net\/arhiva\/lim-u-koritu-ali-i-u-kucama\/\",\"url\":\"https:\/\/sandzakpress.net\/arhiva\/lim-u-koritu-ali-i-u-kucama\/\",\"name\":\"Lim u koritu, ali i u ku\u0107ama\",\"isPartOf\":{\"@id\":\"https:\/\/sandzakpress.net\/arhiva\/#website\"},\"primaryImageOfPage\":{\"@id\":\"https:\/\/sandzakpress.net\/arhiva\/lim-u-koritu-ali-i-u-kucama\/#primaryimage\"},\"image\":{\"@id\":\"https:\/\/sandzakpress.net\/arhiva\/lim-u-koritu-ali-i-u-kucama\/#primaryimage\"},\"thumbnailUrl\":\"https:\/\/sandzakpress.net\/arhiva\/wp-content\/uploads\/2010\/12\/9569995654cfd200692b4a015698815_450x300.jpg\",\"datePublished\":\"2010-12-06T21:58:16+00:00\",\"breadcrumb\":{\"@id\":\"https:\/\/sandzakpress.net\/arhiva\/lim-u-koritu-ali-i-u-kucama\/#breadcrumb\"},\"inLanguage\":\"bs-BA\",\"potentialAction\":[{\"@type\":\"ReadAction\",\"target\":[\"https:\/\/sandzakpress.net\/arhiva\/lim-u-koritu-ali-i-u-kucama\/\"]}]},{\"@type\":\"ImageObject\",\"inLanguage\":\"bs-BA\",\"@id\":\"https:\/\/sandzakpress.net\/arhiva\/lim-u-koritu-ali-i-u-kucama\/#primaryimage\",\"url\":\"https:\/\/sandzakpress.net\/arhiva\/wp-content\/uploads\/2010\/12\/9569995654cfd200692b4a015698815_450x300.jpg\",\"contentUrl\":\"https:\/\/sandzakpress.net\/arhiva\/wp-content\/uploads\/2010\/12\/9569995654cfd200692b4a015698815_450x300.jpg\",\"width\":450,\"height\":300},{\"@type\":\"BreadcrumbList\",\"@id\":\"https:\/\/sandzakpress.net\/arhiva\/lim-u-koritu-ali-i-u-kucama\/#breadcrumb\",\"itemListElement\":[{\"@type\":\"ListItem\",\"position\":1,\"name\":\"Home\",\"item\":\"https:\/\/sandzakpress.net\/arhiva\/\"},{\"@type\":\"ListItem\",\"position\":2,\"name\":\"Lim u koritu, ali i u ku\u0107ama\"}]},{\"@type\":\"WebSite\",\"@id\":\"https:\/\/sandzakpress.net\/arhiva\/#website\",\"url\":\"https:\/\/sandzakpress.net\/arhiva\/\",\"name\":\"Sand\u017eak PRESS\",\"description\":\"Prve elektronske novine u Sand\u017eaku\",\"publisher\":{\"@id\":\"https:\/\/sandzakpress.net\/arhiva\/#\/schema\/person\/6e72b67d6e51910a1117b3b483ba20bd\"},\"potentialAction\":[{\"@type\":\"SearchAction\",\"target\":{\"@type\":\"EntryPoint\",\"urlTemplate\":\"https:\/\/sandzakpress.net\/arhiva\/?s={search_term_string}\"},\"query-input\":{\"@type\":\"PropertyValueSpecification\",\"valueRequired\":true,\"valueName\":\"search_term_string\"}}],\"inLanguage\":\"bs-BA\"},{\"@type\":[\"Person\",\"Organization\"],\"@id\":\"https:\/\/sandzakpress.net\/arhiva\/#\/schema\/person\/6e72b67d6e51910a1117b3b483ba20bd\",\"name\":\"Kul\",\"image\":{\"@type\":\"ImageObject\",\"inLanguage\":\"bs-BA\",\"@id\":\"https:\/\/sandzakpress.net\/arhiva\/#\/schema\/person\/image\/\",\"url\":\"https:\/\/secure.gravatar.com\/avatar\/42263f39aa27ac04c43cab85c280eb2e?s=96&d=mm&r=pg\",\"contentUrl\":\"https:\/\/secure.gravatar.com\/avatar\/42263f39aa27ac04c43cab85c280eb2e?s=96&d=mm&r=pg\",\"caption\":\"Kul\"},\"logo\":{\"@id\":\"https:\/\/sandzakpress.net\/arhiva\/#\/schema\/person\/image\/\"}},{\"@type\":\"Person\",\"@id\":\"https:\/\/sandzakpress.net\/arhiva\/#\/schema\/person\/c8baee722073534b583ea7bdb2e36c02\",\"name\":\"bosniak\",\"image\":{\"@type\":\"ImageObject\",\"inLanguage\":\"bs-BA\",\"@id\":\"https:\/\/sandzakpress.net\/arhiva\/#\/schema\/person\/image\/\",\"url\":\"https:\/\/secure.gravatar.com\/avatar\/a04fd330bfe3a36a72a0ad4a6d89fca7?s=96&d=mm&r=pg\",\"contentUrl\":\"https:\/\/secure.gravatar.com\/avatar\/a04fd330bfe3a36a72a0ad4a6d89fca7?s=96&d=mm&r=pg\",\"caption\":\"bosniak\"},\"url\":\"https:\/\/sandzakpress.net\/arhiva\/author\/bosniak\/\"}]}<\/script>\n<!-- \/ Yoast SEO Premium plugin. -->","yoast_head_json":{"title":"Lim u koritu, ali i u ku\u0107ama","robots":{"index":"index","follow":"follow","max-snippet":"max-snippet:-1","max-image-preview":"max-image-preview:large","max-video-preview":"max-video-preview:-1"},"canonical":"https:\/\/sandzakpress.net\/arhiva\/lim-u-koritu-ali-i-u-kucama\/","og_locale":"bs_BA","og_type":"article","og_title":"Lim u koritu, ali i u ku\u0107ama","og_description":"Prijepolje &#8211; Lim je u opadanju, me\u0111utim, jo\u0161 nekoliko porodica u op\u0161tini Prijepolje ne mo\u017ee da se vrati u svoje ku\u0107e, jer su voda i mulj i dalje u njihovim objektima. Vodena stihija odsjekla je i nekoliko sela, zbog o\u0161te\u0107enja mosta, a snje\u017ene padavine mogle bi dodatno da iskomplikuju komunikaciju sa ovim dijelom op\u0161tine Prijepolje. [&hellip;]","og_url":"https:\/\/sandzakpress.net\/arhiva\/lim-u-koritu-ali-i-u-kucama\/","og_site_name":"Sand\u017eak PRESS","article_published_time":"2010-12-06T21:58:16+00:00","og_image":[{"width":450,"height":300,"url":"https:\/\/sandzakpress.net\/arhiva\/wp-content\/uploads\/2010\/12\/9569995654cfd200692b4a015698815_450x300.jpg","type":"image\/jpeg"}],"author":"bosniak","twitter_card":"summary_large_image","twitter_misc":{"Written by":"bosniak","Est. reading time":"2 minute"},"schema":{"@context":"https:\/\/schema.org","@graph":[{"@type":"Article","@id":"https:\/\/sandzakpress.net\/arhiva\/lim-u-koritu-ali-i-u-kucama\/#article","isPartOf":{"@id":"https:\/\/sandzakpress.net\/arhiva\/lim-u-koritu-ali-i-u-kucama\/"},"author":{"name":"bosniak","@id":"https:\/\/sandzakpress.net\/arhiva\/#\/schema\/person\/c8baee722073534b583ea7bdb2e36c02"},"headline":"Lim u koritu, ali i u ku\u0107ama","datePublished":"2010-12-06T21:58:16+00:00","mainEntityOfPage":{"@id":"https:\/\/sandzakpress.net\/arhiva\/lim-u-koritu-ali-i-u-kucama\/"},"wordCount":341,"commentCount":0,"publisher":{"@id":"https:\/\/sandzakpress.net\/arhiva\/#\/schema\/person\/6e72b67d6e51910a1117b3b483ba20bd"},"image":{"@id":"https:\/\/sandzakpress.net\/arhiva\/lim-u-koritu-ali-i-u-kucama\/#primaryimage"},"thumbnailUrl":"https:\/\/sandzakpress.net\/arhiva\/wp-content\/uploads\/2010\/12\/9569995654cfd200692b4a015698815_450x300.jpg","articleSection":["Prijepolje","Hronika"],"inLanguage":"bs-BA","potentialAction":[{"@type":"CommentAction","name":"Comment","target":["https:\/\/sandzakpress.net\/arhiva\/lim-u-koritu-ali-i-u-kucama\/#respond"]}]},{"@type":"WebPage","@id":"https:\/\/sandzakpress.net\/arhiva\/lim-u-koritu-ali-i-u-kucama\/","url":"https:\/\/sandzakpress.net\/arhiva\/lim-u-koritu-ali-i-u-kucama\/","name":"Lim u koritu, ali i u ku\u0107ama","isPartOf":{"@id":"https:\/\/sandzakpress.net\/arhiva\/#website"},"primaryImageOfPage":{"@id":"https:\/\/sandzakpress.net\/arhiva\/lim-u-koritu-ali-i-u-kucama\/#primaryimage"},"image":{"@id":"https:\/\/sandzakpress.net\/arhiva\/lim-u-koritu-ali-i-u-kucama\/#primaryimage"},"thumbnailUrl":"https:\/\/sandzakpress.net\/arhiva\/wp-content\/uploads\/2010\/12\/9569995654cfd200692b4a015698815_450x300.jpg","datePublished":"2010-12-06T21:58:16+00:00","breadcrumb":{"@id":"https:\/\/sandzakpress.net\/arhiva\/lim-u-koritu-ali-i-u-kucama\/#breadcrumb"},"inLanguage":"bs-BA","potentialAction":[{"@type":"ReadAction","target":["https:\/\/sandzakpress.net\/arhiva\/lim-u-koritu-ali-i-u-kucama\/"]}]},{"@type":"ImageObject","inLanguage":"bs-BA","@id":"https:\/\/sandzakpress.net\/arhiva\/lim-u-koritu-ali-i-u-kucama\/#primaryimage","url":"https:\/\/sandzakpress.net\/arhiva\/wp-content\/uploads\/2010\/12\/9569995654cfd200692b4a015698815_450x300.jpg","contentUrl":"https:\/\/sandzakpress.net\/arhiva\/wp-content\/uploads\/2010\/12\/9569995654cfd200692b4a015698815_450x300.jpg","width":450,"height":300},{"@type":"BreadcrumbList","@id":"https:\/\/sandzakpress.net\/arhiva\/lim-u-koritu-ali-i-u-kucama\/#breadcrumb","itemListElement":[{"@type":"ListItem","position":1,"name":"Home","item":"https:\/\/sandzakpress.net\/arhiva\/"},{"@type":"ListItem","position":2,"name":"Lim u koritu, ali i u ku\u0107ama"}]},{"@type":"WebSite","@id":"https:\/\/sandzakpress.net\/arhiva\/#website","url":"https:\/\/sandzakpress.net\/arhiva\/","name":"Sand\u017eak PRESS","description":"Prve elektronske novine u Sand\u017eaku","publisher":{"@id":"https:\/\/sandzakpress.net\/arhiva\/#\/schema\/person\/6e72b67d6e51910a1117b3b483ba20bd"},"potentialAction":[{"@type":"SearchAction","target":{"@type":"EntryPoint","urlTemplate":"https:\/\/sandzakpress.net\/arhiva\/?s={search_term_string}"},"query-input":{"@type":"PropertyValueSpecification","valueRequired":true,"valueName":"search_term_string"}}],"inLanguage":"bs-BA"},{"@type":["Person","Organization"],"@id":"https:\/\/sandzakpress.net\/arhiva\/#\/schema\/person\/6e72b67d6e51910a1117b3b483ba20bd","name":"Kul","image":{"@type":"ImageObject","inLanguage":"bs-BA","@id":"https:\/\/sandzakpress.net\/arhiva\/#\/schema\/person\/image\/","url":"https:\/\/secure.gravatar.com\/avatar\/42263f39aa27ac04c43cab85c280eb2e?s=96&d=mm&r=pg","contentUrl":"https:\/\/secure.gravatar.com\/avatar\/42263f39aa27ac04c43cab85c280eb2e?s=96&d=mm&r=pg","caption":"Kul"},"logo":{"@id":"https:\/\/sandzakpress.net\/arhiva\/#\/schema\/person\/image\/"}},{"@type":"Person","@id":"https:\/\/sandzakpress.net\/arhiva\/#\/schema\/person\/c8baee722073534b583ea7bdb2e36c02","name":"bosniak","image":{"@type":"ImageObject","inLanguage":"bs-BA","@id":"https:\/\/sandzakpress.net\/arhiva\/#\/schema\/person\/image\/","url":"https:\/\/secure.gravatar.com\/avatar\/a04fd330bfe3a36a72a0ad4a6d89fca7?s=96&d=mm&r=pg","contentUrl":"https:\/\/secure.gravatar.com\/avatar\/a04fd330bfe3a36a72a0ad4a6d89fca7?s=96&d=mm&r=pg","caption":"bosniak"},"url":"https:\/\/sandzakpress.net\/arhiva\/author\/bosniak\/"}]}},"_links":{"self":[{"href":"https:\/\/sandzakpress.net\/arhiva\/wp-json\/wp\/v2\/posts\/10201"}],"collection":[{"href":"https:\/\/sandzakpress.net\/arhiva\/wp-json\/wp\/v2\/posts"}],"about":[{"href":"https:\/\/sandzakpress.net\/arhiva\/wp-json\/wp\/v2\/types\/post"}],"author":[{"embeddable":true,"href":"https:\/\/sandzakpress.net\/arhiva\/wp-json\/wp\/v2\/users\/83"}],"replies":[{"embeddable":true,"href":"https:\/\/sandzakpress.net\/arhiva\/wp-json\/wp\/v2\/comments?post=10201"}],"version-history":[{"count":0,"href":"https:\/\/sandzakpress.net\/arhiva\/wp-json\/wp\/v2\/posts\/10201\/revisions"}],"wp:featuredmedia":[{"embeddable":true,"href":"https:\/\/sandzakpress.net\/arhiva\/wp-json\/wp\/v2\/media\/10202"}],"wp:attachment":[{"href":"https:\/\/sandzakpress.net\/arhiva\/wp-json\/wp\/v2\/media?parent=10201"}],"wp:term":[{"taxonomy":"category","embeddable":true,"href":"https:\/\/sandzakpress.net\/arhiva\/wp-json\/wp\/v2\/categories?post=10201"},{"taxonomy":"post_tag","embeddable":true,"href":"https:\/\/sandzakpress.net\/arhiva\/wp-json\/wp\/v2\/tags?post=10201"}],"curies":[{"name":"wp","href":"https:\/\/api.w.org\/{rel}","templated":true}]}}