{"id":101990,"date":"2014-02-23T11:38:27","date_gmt":"2014-02-23T10:38:27","guid":{"rendered":"https:\/\/sandzakpress.net\/arhiva\/?p=101990"},"modified":"2014-02-23T13:39:16","modified_gmt":"2014-02-23T12:39:16","slug":"politicki-savjet-sdps-rasima-ljajica-dao-ostavku","status":"publish","type":"post","link":"https:\/\/sandzakpress.net\/arhiva\/politicki-savjet-sdps-rasima-ljajica-dao-ostavku\/","title":{"rendered":"Politi\u010dki savjet SDPS Rasima Ljaji\u0107a dao ostavku"},"content":{"rendered":"<p><img decoding=\"async\" alt=\"SDPS Rasima Ljaji\u0107a se raspada \u2013 Politi\u010dki savet dao ostavku\" src=\"http:\/\/sandzakavaz.rs\/wp-content\/uploads\/2014\/01\/SDPS-Rasim-Ljajic-600x330.jpg\" \/><\/p>\n<p><strong>Srbija &#8211; Predsednik Politi\u010dkog saveta Socijaldemokratske partije Srbije (SDPS) Neven Cveti\u0107anin danas je podneo ostavku na tu strana\u010dku funkciju.<\/strong><\/p>\n<p>Cveti\u0107anin je rekao da ostavke podnose i ostali \u010dlanovi Politi\u010dkog saveta SDPS.<\/p>\n<p>U njegovoj, sada biv\u0161oj partiji, to je ocenjeno kao \u201cu najmanju ruku nekorektno\u201d, s obzirom na to da je u toku izborna kampanja.<\/p>\n<p>Cveti\u0107anin je saop\u0161tio da \u201costavke podnose i svi ostali \u010dlanovi Politi\u010dkog saveta SDPS\u201d a \u0161to, prema re\u010dima portparola stranke Ivana Bauera \u201capsolutno ne\u0107e uticati na rad stranke\u201d.<\/p>\n<p>Bauer ka\u017ee da u \u201cnajmanju ruku nije korektno\u201d da se ostavka podnosi u izbornoj kampanji i uo\u010di drugog kongresa stranke, a smatra \u201cda su razlozi na nekoj drugoj strani \u2013 mo\u017eda nekim nezadovljstvom zbog toga \u0161to se neko nije na\u0161ao na pokrajinskoj listi\u201d.<\/p>\n<p>\u201cSDPS nastavlja da funkcioni\u0161e kao \u0161to je do sada funkcionisala i svako ima pravo na sopstveni izbor \u2013 jedino mislim da se mo\u017eda mogao birati neki drugi na\u010din i drugi trenutak za ostvarivanje svog prava na izbor\u201d, rekao je Bauer.<\/p>\n<p><strong>Cveti\u0107anin\u00a0je u saop\u0161tenju objasnio da je ostvaku podneo \u201czbog toga \u0161to ne vidi trenutno sebe unutar pravca kojim je SDPS odlu\u010dila da ide u narednom periodu\u201d.\u00a0<\/strong><\/p>\n<p><strong>\u201cSmatrao sam korektnim da se povu\u010dem sa jedne od najvi\u0161ih strana\u010dkih funkcija kada sam procenio da SDPS, u postoje\u0107em momentu, u odbrani tih vrednosti ne mo\u017ee dati maksimum\u201d, naveo je on.\u00a0<\/strong><\/p>\n<p>-SDPS \u0107e odr\u017eati sutra drugi Kongres, na kome \u0107e biti izabrano strana\u010dko rukovodstvo, a jedini kandidat za predsednika je aktuelni lider stranke Rasim Ljaji\u0107.<\/p>\n<p>Na Kongresu SDPS-a \u0107e, izme\u0111u \u0161est kandidata, biti izabrana i tri potpredsednika stranke, kao i novi \u010dlanovi Glavnog odbora.<\/p>\n<p>(B92)<\/p>\n","protected":false},"excerpt":{"rendered":"<p>Srbija &#8211; Predsednik Politi\u010dkog saveta Socijaldemokratske partije Srbije (SDPS) Neven Cveti\u0107anin danas je podneo ostavku na tu strana\u010dku funkciju. Cveti\u0107anin je rekao da ostavke podnose i ostali \u010dlanovi Politi\u010dkog saveta SDPS. U njegovoj, sada biv\u0161oj partiji, to je ocenjeno kao \u201cu najmanju ruku nekorektno\u201d, s obzirom na to da je u toku izborna kampanja. Cveti\u0107anin [&hellip;]<\/p>\n","protected":false},"author":83,"featured_media":101991,"comment_status":"open","ping_status":"open","sticky":false,"template":"","format":"standard","meta":{"footnotes":""},"categories":[72,52,1,392,8957],"tags":[10210],"class_list":{"0":"post-101990","1":"post","2":"type-post","3":"status-publish","4":"format-standard","5":"has-post-thumbnail","7":"category-novi-pazar","8":"category-sjenica","9":"category-politika","10":"category-prijepolje_","11":"category-vijesti-dana","12":"tag-rasim-ljajic"},"yoast_head":"<!-- This site is optimized with the Yoast SEO Premium plugin v23.1 (Yoast SEO v24.9) - https:\/\/yoast.com\/wordpress\/plugins\/seo\/ -->\n<title>Politi\u010dki savjet SDPS Rasima Ljaji\u0107a dao ostavku<\/title>\n<meta name=\"robots\" content=\"index, follow, max-snippet:-1, max-image-preview:large, max-video-preview:-1\" \/>\n<link rel=\"canonical\" href=\"https:\/\/sandzakpress.net\/arhiva\/politicki-savjet-sdps-rasima-ljajica-dao-ostavku\/\" \/>\n<meta property=\"og:locale\" content=\"bs_BA\" \/>\n<meta property=\"og:type\" content=\"article\" \/>\n<meta property=\"og:title\" content=\"Politi\u010dki savjet SDPS Rasima Ljaji\u0107a dao ostavku\" \/>\n<meta property=\"og:description\" content=\"Srbija &#8211; Predsednik Politi\u010dkog saveta Socijaldemokratske partije Srbije (SDPS) Neven Cveti\u0107anin danas je podneo ostavku na tu strana\u010dku funkciju. Cveti\u0107anin je rekao da ostavke podnose i ostali \u010dlanovi Politi\u010dkog saveta SDPS. U njegovoj, sada biv\u0161oj partiji, to je ocenjeno kao \u201cu najmanju ruku nekorektno\u201d, s obzirom na to da je u toku izborna kampanja. Cveti\u0107anin [&hellip;]\" \/>\n<meta property=\"og:url\" content=\"https:\/\/sandzakpress.net\/arhiva\/politicki-savjet-sdps-rasima-ljajica-dao-ostavku\/\" \/>\n<meta property=\"og:site_name\" content=\"Sand\u017eak PRESS\" \/>\n<meta property=\"article:published_time\" content=\"2014-02-23T10:38:27+00:00\" \/>\n<meta property=\"article:modified_time\" content=\"2014-02-23T12:39:16+00:00\" \/>\n<meta property=\"og:image\" content=\"https:\/\/sandzakpress.net\/arhiva\/wp-content\/uploads\/2014\/02\/SDPS-Rasim-Ljajic-600x330.jpg\" \/>\n\t<meta property=\"og:image:width\" content=\"600\" \/>\n\t<meta property=\"og:image:height\" content=\"330\" \/>\n\t<meta property=\"og:image:type\" content=\"image\/jpeg\" \/>\n<meta name=\"author\" content=\"bosniak\" \/>\n<meta name=\"twitter:card\" content=\"summary_large_image\" \/>\n<meta name=\"twitter:label1\" content=\"Written by\" \/>\n\t<meta name=\"twitter:data1\" content=\"bosniak\" \/>\n\t<meta name=\"twitter:label2\" content=\"Est. reading time\" \/>\n\t<meta name=\"twitter:data2\" content=\"1 minuta\" \/>\n<script type=\"application\/ld+json\" class=\"yoast-schema-graph\">{\"@context\":\"https:\/\/schema.org\",\"@graph\":[{\"@type\":\"Article\",\"@id\":\"https:\/\/sandzakpress.net\/arhiva\/politicki-savjet-sdps-rasima-ljajica-dao-ostavku\/#article\",\"isPartOf\":{\"@id\":\"https:\/\/sandzakpress.net\/arhiva\/politicki-savjet-sdps-rasima-ljajica-dao-ostavku\/\"},\"author\":{\"name\":\"bosniak\",\"@id\":\"https:\/\/sandzakpress.net\/arhiva\/#\/schema\/person\/c8baee722073534b583ea7bdb2e36c02\"},\"headline\":\"Politi\u010dki savjet SDPS Rasima Ljaji\u0107a dao ostavku\",\"datePublished\":\"2014-02-23T10:38:27+00:00\",\"dateModified\":\"2014-02-23T12:39:16+00:00\",\"mainEntityOfPage\":{\"@id\":\"https:\/\/sandzakpress.net\/arhiva\/politicki-savjet-sdps-rasima-ljajica-dao-ostavku\/\"},\"wordCount\":302,\"commentCount\":5,\"publisher\":{\"@id\":\"https:\/\/sandzakpress.net\/arhiva\/#\/schema\/person\/6e72b67d6e51910a1117b3b483ba20bd\"},\"image\":{\"@id\":\"https:\/\/sandzakpress.net\/arhiva\/politicki-savjet-sdps-rasima-ljajica-dao-ostavku\/#primaryimage\"},\"thumbnailUrl\":\"https:\/\/sandzakpress.net\/arhiva\/wp-content\/uploads\/2014\/02\/SDPS-Rasim-Ljajic-600x330.jpg\",\"keywords\":[\"Rasim Ljaji\u0107\"],\"articleSection\":[\"Novi Pazar\",\"Sjenica\",\"Politika\",\"Prijepolje\",\"VIJESTI DANA\"],\"inLanguage\":\"bs-BA\",\"potentialAction\":[{\"@type\":\"CommentAction\",\"name\":\"Comment\",\"target\":[\"https:\/\/sandzakpress.net\/arhiva\/politicki-savjet-sdps-rasima-ljajica-dao-ostavku\/#respond\"]}]},{\"@type\":\"WebPage\",\"@id\":\"https:\/\/sandzakpress.net\/arhiva\/politicki-savjet-sdps-rasima-ljajica-dao-ostavku\/\",\"url\":\"https:\/\/sandzakpress.net\/arhiva\/politicki-savjet-sdps-rasima-ljajica-dao-ostavku\/\",\"name\":\"Politi\u010dki savjet SDPS Rasima Ljaji\u0107a dao ostavku\",\"isPartOf\":{\"@id\":\"https:\/\/sandzakpress.net\/arhiva\/#website\"},\"primaryImageOfPage\":{\"@id\":\"https:\/\/sandzakpress.net\/arhiva\/politicki-savjet-sdps-rasima-ljajica-dao-ostavku\/#primaryimage\"},\"image\":{\"@id\":\"https:\/\/sandzakpress.net\/arhiva\/politicki-savjet-sdps-rasima-ljajica-dao-ostavku\/#primaryimage\"},\"thumbnailUrl\":\"https:\/\/sandzakpress.net\/arhiva\/wp-content\/uploads\/2014\/02\/SDPS-Rasim-Ljajic-600x330.jpg\",\"datePublished\":\"2014-02-23T10:38:27+00:00\",\"dateModified\":\"2014-02-23T12:39:16+00:00\",\"breadcrumb\":{\"@id\":\"https:\/\/sandzakpress.net\/arhiva\/politicki-savjet-sdps-rasima-ljajica-dao-ostavku\/#breadcrumb\"},\"inLanguage\":\"bs-BA\",\"potentialAction\":[{\"@type\":\"ReadAction\",\"target\":[\"https:\/\/sandzakpress.net\/arhiva\/politicki-savjet-sdps-rasima-ljajica-dao-ostavku\/\"]}]},{\"@type\":\"ImageObject\",\"inLanguage\":\"bs-BA\",\"@id\":\"https:\/\/sandzakpress.net\/arhiva\/politicki-savjet-sdps-rasima-ljajica-dao-ostavku\/#primaryimage\",\"url\":\"https:\/\/sandzakpress.net\/arhiva\/wp-content\/uploads\/2014\/02\/SDPS-Rasim-Ljajic-600x330.jpg\",\"contentUrl\":\"https:\/\/sandzakpress.net\/arhiva\/wp-content\/uploads\/2014\/02\/SDPS-Rasim-Ljajic-600x330.jpg\",\"width\":600,\"height\":330},{\"@type\":\"BreadcrumbList\",\"@id\":\"https:\/\/sandzakpress.net\/arhiva\/politicki-savjet-sdps-rasima-ljajica-dao-ostavku\/#breadcrumb\",\"itemListElement\":[{\"@type\":\"ListItem\",\"position\":1,\"name\":\"Home\",\"item\":\"https:\/\/sandzakpress.net\/arhiva\/\"},{\"@type\":\"ListItem\",\"position\":2,\"name\":\"Politi\u010dki savjet SDPS Rasima Ljaji\u0107a dao ostavku\"}]},{\"@type\":\"WebSite\",\"@id\":\"https:\/\/sandzakpress.net\/arhiva\/#website\",\"url\":\"https:\/\/sandzakpress.net\/arhiva\/\",\"name\":\"Sand\u017eak PRESS\",\"description\":\"Prve elektronske novine u Sand\u017eaku\",\"publisher\":{\"@id\":\"https:\/\/sandzakpress.net\/arhiva\/#\/schema\/person\/6e72b67d6e51910a1117b3b483ba20bd\"},\"potentialAction\":[{\"@type\":\"SearchAction\",\"target\":{\"@type\":\"EntryPoint\",\"urlTemplate\":\"https:\/\/sandzakpress.net\/arhiva\/?s={search_term_string}\"},\"query-input\":{\"@type\":\"PropertyValueSpecification\",\"valueRequired\":true,\"valueName\":\"search_term_string\"}}],\"inLanguage\":\"bs-BA\"},{\"@type\":[\"Person\",\"Organization\"],\"@id\":\"https:\/\/sandzakpress.net\/arhiva\/#\/schema\/person\/6e72b67d6e51910a1117b3b483ba20bd\",\"name\":\"Kul\",\"image\":{\"@type\":\"ImageObject\",\"inLanguage\":\"bs-BA\",\"@id\":\"https:\/\/sandzakpress.net\/arhiva\/#\/schema\/person\/image\/\",\"url\":\"https:\/\/secure.gravatar.com\/avatar\/42263f39aa27ac04c43cab85c280eb2e?s=96&d=mm&r=pg\",\"contentUrl\":\"https:\/\/secure.gravatar.com\/avatar\/42263f39aa27ac04c43cab85c280eb2e?s=96&d=mm&r=pg\",\"caption\":\"Kul\"},\"logo\":{\"@id\":\"https:\/\/sandzakpress.net\/arhiva\/#\/schema\/person\/image\/\"}},{\"@type\":\"Person\",\"@id\":\"https:\/\/sandzakpress.net\/arhiva\/#\/schema\/person\/c8baee722073534b583ea7bdb2e36c02\",\"name\":\"bosniak\",\"image\":{\"@type\":\"ImageObject\",\"inLanguage\":\"bs-BA\",\"@id\":\"https:\/\/sandzakpress.net\/arhiva\/#\/schema\/person\/image\/\",\"url\":\"https:\/\/secure.gravatar.com\/avatar\/a04fd330bfe3a36a72a0ad4a6d89fca7?s=96&d=mm&r=pg\",\"contentUrl\":\"https:\/\/secure.gravatar.com\/avatar\/a04fd330bfe3a36a72a0ad4a6d89fca7?s=96&d=mm&r=pg\",\"caption\":\"bosniak\"},\"url\":\"https:\/\/sandzakpress.net\/arhiva\/author\/bosniak\/\"}]}<\/script>\n<!-- \/ Yoast SEO Premium plugin. -->","yoast_head_json":{"title":"Politi\u010dki savjet SDPS Rasima Ljaji\u0107a dao ostavku","robots":{"index":"index","follow":"follow","max-snippet":"max-snippet:-1","max-image-preview":"max-image-preview:large","max-video-preview":"max-video-preview:-1"},"canonical":"https:\/\/sandzakpress.net\/arhiva\/politicki-savjet-sdps-rasima-ljajica-dao-ostavku\/","og_locale":"bs_BA","og_type":"article","og_title":"Politi\u010dki savjet SDPS Rasima Ljaji\u0107a dao ostavku","og_description":"Srbija &#8211; Predsednik Politi\u010dkog saveta Socijaldemokratske partije Srbije (SDPS) Neven Cveti\u0107anin danas je podneo ostavku na tu strana\u010dku funkciju. Cveti\u0107anin je rekao da ostavke podnose i ostali \u010dlanovi Politi\u010dkog saveta SDPS. U njegovoj, sada biv\u0161oj partiji, to je ocenjeno kao \u201cu najmanju ruku nekorektno\u201d, s obzirom na to da je u toku izborna kampanja. Cveti\u0107anin [&hellip;]","og_url":"https:\/\/sandzakpress.net\/arhiva\/politicki-savjet-sdps-rasima-ljajica-dao-ostavku\/","og_site_name":"Sand\u017eak PRESS","article_published_time":"2014-02-23T10:38:27+00:00","article_modified_time":"2014-02-23T12:39:16+00:00","og_image":[{"width":600,"height":330,"url":"https:\/\/sandzakpress.net\/arhiva\/wp-content\/uploads\/2014\/02\/SDPS-Rasim-Ljajic-600x330.jpg","type":"image\/jpeg"}],"author":"bosniak","twitter_card":"summary_large_image","twitter_misc":{"Written by":"bosniak","Est. reading time":"1 minuta"},"schema":{"@context":"https:\/\/schema.org","@graph":[{"@type":"Article","@id":"https:\/\/sandzakpress.net\/arhiva\/politicki-savjet-sdps-rasima-ljajica-dao-ostavku\/#article","isPartOf":{"@id":"https:\/\/sandzakpress.net\/arhiva\/politicki-savjet-sdps-rasima-ljajica-dao-ostavku\/"},"author":{"name":"bosniak","@id":"https:\/\/sandzakpress.net\/arhiva\/#\/schema\/person\/c8baee722073534b583ea7bdb2e36c02"},"headline":"Politi\u010dki savjet SDPS Rasima Ljaji\u0107a dao ostavku","datePublished":"2014-02-23T10:38:27+00:00","dateModified":"2014-02-23T12:39:16+00:00","mainEntityOfPage":{"@id":"https:\/\/sandzakpress.net\/arhiva\/politicki-savjet-sdps-rasima-ljajica-dao-ostavku\/"},"wordCount":302,"commentCount":5,"publisher":{"@id":"https:\/\/sandzakpress.net\/arhiva\/#\/schema\/person\/6e72b67d6e51910a1117b3b483ba20bd"},"image":{"@id":"https:\/\/sandzakpress.net\/arhiva\/politicki-savjet-sdps-rasima-ljajica-dao-ostavku\/#primaryimage"},"thumbnailUrl":"https:\/\/sandzakpress.net\/arhiva\/wp-content\/uploads\/2014\/02\/SDPS-Rasim-Ljajic-600x330.jpg","keywords":["Rasim Ljaji\u0107"],"articleSection":["Novi Pazar","Sjenica","Politika","Prijepolje","VIJESTI DANA"],"inLanguage":"bs-BA","potentialAction":[{"@type":"CommentAction","name":"Comment","target":["https:\/\/sandzakpress.net\/arhiva\/politicki-savjet-sdps-rasima-ljajica-dao-ostavku\/#respond"]}]},{"@type":"WebPage","@id":"https:\/\/sandzakpress.net\/arhiva\/politicki-savjet-sdps-rasima-ljajica-dao-ostavku\/","url":"https:\/\/sandzakpress.net\/arhiva\/politicki-savjet-sdps-rasima-ljajica-dao-ostavku\/","name":"Politi\u010dki savjet SDPS Rasima Ljaji\u0107a dao ostavku","isPartOf":{"@id":"https:\/\/sandzakpress.net\/arhiva\/#website"},"primaryImageOfPage":{"@id":"https:\/\/sandzakpress.net\/arhiva\/politicki-savjet-sdps-rasima-ljajica-dao-ostavku\/#primaryimage"},"image":{"@id":"https:\/\/sandzakpress.net\/arhiva\/politicki-savjet-sdps-rasima-ljajica-dao-ostavku\/#primaryimage"},"thumbnailUrl":"https:\/\/sandzakpress.net\/arhiva\/wp-content\/uploads\/2014\/02\/SDPS-Rasim-Ljajic-600x330.jpg","datePublished":"2014-02-23T10:38:27+00:00","dateModified":"2014-02-23T12:39:16+00:00","breadcrumb":{"@id":"https:\/\/sandzakpress.net\/arhiva\/politicki-savjet-sdps-rasima-ljajica-dao-ostavku\/#breadcrumb"},"inLanguage":"bs-BA","potentialAction":[{"@type":"ReadAction","target":["https:\/\/sandzakpress.net\/arhiva\/politicki-savjet-sdps-rasima-ljajica-dao-ostavku\/"]}]},{"@type":"ImageObject","inLanguage":"bs-BA","@id":"https:\/\/sandzakpress.net\/arhiva\/politicki-savjet-sdps-rasima-ljajica-dao-ostavku\/#primaryimage","url":"https:\/\/sandzakpress.net\/arhiva\/wp-content\/uploads\/2014\/02\/SDPS-Rasim-Ljajic-600x330.jpg","contentUrl":"https:\/\/sandzakpress.net\/arhiva\/wp-content\/uploads\/2014\/02\/SDPS-Rasim-Ljajic-600x330.jpg","width":600,"height":330},{"@type":"BreadcrumbList","@id":"https:\/\/sandzakpress.net\/arhiva\/politicki-savjet-sdps-rasima-ljajica-dao-ostavku\/#breadcrumb","itemListElement":[{"@type":"ListItem","position":1,"name":"Home","item":"https:\/\/sandzakpress.net\/arhiva\/"},{"@type":"ListItem","position":2,"name":"Politi\u010dki savjet SDPS Rasima Ljaji\u0107a dao ostavku"}]},{"@type":"WebSite","@id":"https:\/\/sandzakpress.net\/arhiva\/#website","url":"https:\/\/sandzakpress.net\/arhiva\/","name":"Sand\u017eak PRESS","description":"Prve elektronske novine u Sand\u017eaku","publisher":{"@id":"https:\/\/sandzakpress.net\/arhiva\/#\/schema\/person\/6e72b67d6e51910a1117b3b483ba20bd"},"potentialAction":[{"@type":"SearchAction","target":{"@type":"EntryPoint","urlTemplate":"https:\/\/sandzakpress.net\/arhiva\/?s={search_term_string}"},"query-input":{"@type":"PropertyValueSpecification","valueRequired":true,"valueName":"search_term_string"}}],"inLanguage":"bs-BA"},{"@type":["Person","Organization"],"@id":"https:\/\/sandzakpress.net\/arhiva\/#\/schema\/person\/6e72b67d6e51910a1117b3b483ba20bd","name":"Kul","image":{"@type":"ImageObject","inLanguage":"bs-BA","@id":"https:\/\/sandzakpress.net\/arhiva\/#\/schema\/person\/image\/","url":"https:\/\/secure.gravatar.com\/avatar\/42263f39aa27ac04c43cab85c280eb2e?s=96&d=mm&r=pg","contentUrl":"https:\/\/secure.gravatar.com\/avatar\/42263f39aa27ac04c43cab85c280eb2e?s=96&d=mm&r=pg","caption":"Kul"},"logo":{"@id":"https:\/\/sandzakpress.net\/arhiva\/#\/schema\/person\/image\/"}},{"@type":"Person","@id":"https:\/\/sandzakpress.net\/arhiva\/#\/schema\/person\/c8baee722073534b583ea7bdb2e36c02","name":"bosniak","image":{"@type":"ImageObject","inLanguage":"bs-BA","@id":"https:\/\/sandzakpress.net\/arhiva\/#\/schema\/person\/image\/","url":"https:\/\/secure.gravatar.com\/avatar\/a04fd330bfe3a36a72a0ad4a6d89fca7?s=96&d=mm&r=pg","contentUrl":"https:\/\/secure.gravatar.com\/avatar\/a04fd330bfe3a36a72a0ad4a6d89fca7?s=96&d=mm&r=pg","caption":"bosniak"},"url":"https:\/\/sandzakpress.net\/arhiva\/author\/bosniak\/"}]}},"_links":{"self":[{"href":"https:\/\/sandzakpress.net\/arhiva\/wp-json\/wp\/v2\/posts\/101990"}],"collection":[{"href":"https:\/\/sandzakpress.net\/arhiva\/wp-json\/wp\/v2\/posts"}],"about":[{"href":"https:\/\/sandzakpress.net\/arhiva\/wp-json\/wp\/v2\/types\/post"}],"author":[{"embeddable":true,"href":"https:\/\/sandzakpress.net\/arhiva\/wp-json\/wp\/v2\/users\/83"}],"replies":[{"embeddable":true,"href":"https:\/\/sandzakpress.net\/arhiva\/wp-json\/wp\/v2\/comments?post=101990"}],"version-history":[{"count":0,"href":"https:\/\/sandzakpress.net\/arhiva\/wp-json\/wp\/v2\/posts\/101990\/revisions"}],"wp:featuredmedia":[{"embeddable":true,"href":"https:\/\/sandzakpress.net\/arhiva\/wp-json\/wp\/v2\/media\/101991"}],"wp:attachment":[{"href":"https:\/\/sandzakpress.net\/arhiva\/wp-json\/wp\/v2\/media?parent=101990"}],"wp:term":[{"taxonomy":"category","embeddable":true,"href":"https:\/\/sandzakpress.net\/arhiva\/wp-json\/wp\/v2\/categories?post=101990"},{"taxonomy":"post_tag","embeddable":true,"href":"https:\/\/sandzakpress.net\/arhiva\/wp-json\/wp\/v2\/tags?post=101990"}],"curies":[{"name":"wp","href":"https:\/\/api.w.org\/{rel}","templated":true}]}}