{"id":101963,"date":"2014-02-22T18:00:59","date_gmt":"2014-02-22T17:00:59","guid":{"rendered":"https:\/\/sandzakpress.net\/arhiva\/?p=101963"},"modified":"2014-02-23T13:20:55","modified_gmt":"2014-02-23T12:20:55","slug":"intervju-sa-kenanom-hajdarevicem-dindic-je-izabrao-muftiju-za-partnera-mi-slijedimo-njegov-put","status":"publish","type":"post","link":"https:\/\/sandzakpress.net\/arhiva\/intervju-sa-kenanom-hajdarevicem-dindic-je-izabrao-muftiju-za-partnera-mi-slijedimo-njegov-put\/","title":{"rendered":"Intervju sa Kenanom Hajdarevi\u0107em: &#8216;\u0110in\u0111i\u0107 je izabrao Muftiju za partnera, mi slijedimo njegov put&#8217;"},"content":{"rendered":"<p style=\"text-align: left;\" align=\"center\"><b style=\"font-size: 14px; line-height: 1.5em;\"><img decoding=\"async\" class=\" wp-image-101968 alignleft\" alt=\"kenan hajdarevic\" src=\"https:\/\/sandzakpress.net\/arhiva\/wp-content\/uploads\/2014\/02\/kenan-hajdarevic.jpg\" width=\"300\" \/>U povodu predstoje\u0107ih Parlamentarnih izbora u Srbiji Nacionalna revija za politiku i kulturu \u201eSand\u017eak\u201c razgovarala je sa narodnim poslanikom LDP-a Kenanom Hajdarevi\u0107em.<\/b><\/p>\n<p><b><!--more--><\/b><\/p>\n<h2><b>\u0110IN\u0110I\u0106 JE IZABRAO MUFTIJU, MI SLIJEDIMO \u0110IN\u0110I\u0106EV PUT<\/b><\/h2>\n<p><b>Sand\u017eak: <\/b>Gospodine Hajdarevi\u0107u hvala \u0161to ste se odazvali na\u0161em pozivu. Moja pitanja \u0107e biti usmjerena u pravcu onoga \u0161to bi gra\u0111ani Sand\u017eaka od Vas kao predstavnika LDP-a \u017eeleli da \u010duju.<\/p>\n<p>Moje prvo pitanje je kako je mogu\u0107e praviti koaliciju izme\u0111u stranke liberalne orjentacije i stranke nacionalnog karaktera?<\/p>\n<p><b>Hajdarevi\u0107: <\/b>Ako je Zoran \u0110in\u0111i\u0107 izabrao muftiju Muamera Zukorli\u0107a, kao partnera u Sand\u017eaku, za\u0161to bi onda bilo \u010dudno da i mi to uradimo. Ipak se mi kao partija zala\u017eemo za ostvarenje politi\u010dkih ideja pokojnog premijera.<\/p>\n<p>Mislim da treba re\u0107i da imamo iste stavove u vezi svih pitanja koja se ti\u010du Sand\u017eaka, a da se sla\u017eemo oko svega bili bismo jedna partija. LDP je jedini koji se godinama bori za prava svih manjina. Gra\u0111ani Sand\u017eaka prepoznaju principijelne stavove LDP-a koji je jedini zastupao njihove interese u Skup\u0161tini Srbije. To zalaganje su znali da cijene i ljudi iz BDZ-a.<\/p>\n<p>Mi nismo ista partija ve\u0107 koalicija, pa smo negdje sli\u010dni, negdje se i razlikujemo. Ljudi \u0107e glasati za na\u0161e sli\u010dnosti, oni kojima smetaju na\u0161e razlike ne\u0107e. Ali su na\u0161e sli\u010dnosti mnogo va\u017enije: po\u0161tovanje prava nacionalnih manjina, po\u0161tovanje svake vjere i nacionalne kulture, pravo na lokalnu samoupravu. I \u0161to je najva\u017enije, obje na\u0161e partije su pokazale maksimalnu principijelnost u ovim stavovima, mnogo ve\u0107u od onih koji nam zamjeraju na na\u0161im razlikama. Liberalni predstavnici ve\u0107ine i principijelni predstavnici manjine najlak\u0161e se slo\u017ee.<\/p>\n<p>Svaka liberalna partija uva\u017eava razli\u010dite stavove partnera predstavnika nacionalnih manjina, liberalne partije su najotvorenije mogu\u0107e za saradnju. Koliko ja razumijem i poznajem islam, principijelnost islama je da se po\u0161tuje volja drugoga, a najvi\u0161e ako je ta volja \u010dvrsta i principijelna, uz to da nije usmjerena ka ugro\u017eavanju drugih i ne tra\u017ei da volja ve\u0107ine bude volja svih, ve\u0107 suprotno.<\/p>\n<h2><b>SLO\u017dILI SMO SE DA SE NE SLA\u017dEMO<\/b><\/h2>\n<p><b>Sand\u017eak: <\/b>Kako je mogu\u0107e praviti koaliciju izme\u0111u stranke liberalne orjentacije koja podr\u017eava prava LGBT populacije i organizacije koja ovu populaciju smatra \u201edevijantnom\u201c?<\/p>\n<p><b>Hajdarevi\u0107: <\/b>Na\u0161a koalicija je najdemokratskija mogu\u0107a, \u010dim razlika u pogledu takvog pitanja nije prepreka saradnji. Mi smo se slo\u017eili da se oko toga ne sla\u017eemo. I na\u0161a sloga po tom pitanju neslaganja treba da bude primjer kako ljudi sa tako razli\u010ditim stavovima ipak mogu zajedno. Da je sre\u0107e da je tako bilo u proteklim decenijama po mnogim drugim pitanjima, manje bi muka u ovom delu Balkana bilo. Politi\u010dka tolerancija i saradnja me\u0111u partijama sa razli\u010ditim stanovi\u0161tima je ono \u0161to treba, a obzirom na iskustvo netolerancije na ovim prostorima, ne\u0161to \u0161to treba pozdraviti, a ne osu\u0111ivati.<\/p>\n<h2><b>DRA\u0160KOVI\u0106 JE NA\u0160A GRE\u0160KA, A BDZ POGODAK<\/b><\/h2>\n<p><b>Sand\u017eak: <\/b>U Preokretu ste bili sa Vukom Dra\u0161kovi\u0107em, a sada sa BDZ-om, strankom bliskom Muftiji Zukorli\u0107u. Gdje su sli\u010dnosti i kako to opravdavate?<\/p>\n<p><b>Hajdarevi\u0107: <\/b>Mislimo da smo tada pogrije\u0161ili, a \u010dvrsto vjerujemo da sada nismo. Mislimo da nas je raniji partner prevario, a znamo na osnovu poznavanja ljudi, vjere i kulture da sada\u0161nji partner prevaru svake vrste ne praktikuje, ne zagovara, ne podnosi i ne toleri\u0161e.<\/p>\n<h2><b>UGLJANINU DOSADA\u0160NJI POLITI\u010cKI STAVOVI LDP<\/b><b>-a<\/b><b> <\/b><b>NISU BILI PREPREKA ZA PREGOVORE<\/b><\/h2>\n<p><b>Sand\u017eak: <\/b>Pregovarali ste o koaliciji i sa Sulejmanom Ugljaninom, za\u0161to je izostao dogovor?<\/p>\n<p><b>Hajdarevi\u0107: <\/b>Razgovarali smo sa svima, a izabrali samo jedne. Niko tokom pregovora, pa ni Sulejman Ugljanin, nije pokretao ni jedno od pitanja koja su sada odjednom sporna. Sa Ugljaninom nismo oti\u0161li u koaliciju jer je tra\u017eio vi\u0161e nego \u0161to zaslu\u017euje. \u0160to mu je nakon nas ponudio Tadi\u0107, zbog \u010dega je on odustao od dogovora sa nama. Odlu\u010dili smo se za na\u0161eg sada\u0161njeg partnera, jer oni kao ni mi nemaju dosije gre\u0161aka napravljenih na vlasti.<\/p>\n<p>Odlu\u010dili smo se za sada\u0161njeg partnera zato \u0161to mislimo da smo odabrali one koji se sa najve\u0107im integritetom i vjerom zala\u017eu za prava svoje manjine, a nama samo takav partner u Sand\u017eaku ne\u0161to zna\u010di. Odlu\u010dili smo se za sada\u0161njeg partnera zato \u0161to odluka ba\u0161 ove partije da ima predstavnika u Republi\u010dkom Parlamentu predstavlja najja\u010di izraz htijenja da se svi problemi rje\u0161avaju na jedinom mogu\u0107em mjestu koje demokratija dozvoljava. I mi to htijenje iskreno po\u0161tujemo i maksimalno podr\u017eavamo.<\/p>\n<h2><b>NISMO HTJELI U KOALICIJU SA SNS-om<\/b><\/h2>\n<p><b>Sand\u017eak: <\/b>U Priboju i Sjenici ste u koaliciji na lokalu sa Ljaji\u0107em? Kako u tim gradovima sara\u0111ujete sa njim i za\u0161to niste mogli napraviti sa njim koaliciju i na republi\u010dkom nivou?<\/p>\n<p><b>Hajdarevi\u0107: <\/b>Zato \u0161to nismo htjeli da u\u0111emo u koaliciju sa SNS-om, a u konkretnim gradovima smo upu\u0107eni jedni na druge odnosom u lokalnim parlamentima. Na lokalnom nivou se koalicije sklapaju na osnovu odnosa snaga u lokalnim parlamentima i to sa republi\u010dkim nivoom nema nikakve veze, a \u0161to mo\u017eete da utvrdite na osnovu mnogih lokalnih koalicija u Srbiji. U Beogradu je, recimo, do skoro prije neki dan u koaliciji bio DS i SPS. A nije djelovalo da su ne\u0161to u \u201eljubavi\u201c na republi\u010dkom nivou.<\/p>\n<h2><b>BOLJE JE GLASATI ZA 20, NEGO ZA NAJVI\u0160E 2 POSLANIKA KOJI \u0106E ZASTUPATI BO\u0160NJAKE<\/b><\/h2>\n<p><b>Sand\u017eak: <\/b>Za\u0161to bi neko u Sand\u017eaku od Bo\u0161njaka glasao za Va\u0161u koalicionu listu, kad SDA Sulejmana Ugljanina sama izlazi na izbore kao jedina bo\u0161nja\u010dka stranka i kad SDP Rasima Ljaji\u0107a \u0107e biti dio vlasti Naprednjaka?<\/p>\n<p><b>Hajdarevi\u0107: <\/b>Zato \u0161to je Ugljanin ministar \u0161est godina, a u Sand\u017eaku je sve gore. Zato \u0161to ni mi ni na\u0161i koalicioni partneri nismo bili na republi\u010dkoj vlasti i nemamo hipoteku na to, niti \u0107emo imati, da ni\u0161ta za Sand\u017eak nismo uradili i da smo Sand\u017eak, vozikaju\u0107i se po Beogradu, vratili u doba Osmanskog carstva. A Carstva nigdje.<b><\/b><\/p>\n<p>Glasa\u0107e se za na\u0161u listu zato \u0161to je bolje da se za interese Bo\u0161njaka zala\u017ee vi\u0161e od 20 poslanika, nego najvi\u0161e 2. Zato \u0161to \u0107e na na\u0161oj listi biti vi\u0161e predstavnika koji su Bo\u0161njaci nego \u0161to Ugljanin mo\u017ee da osvoji pa da svi Bo\u0161njaci glasaju za njega. I zato \u0161to se ni jedan od kandidata sa na\u0161e liste nije kandidovao za polo\u017eaj beskorisnog ambasadora Sand\u017eaka u Beogradu. Glasanje za Ugljanina je glasanje za njihove beogradske plate, a ne za smanjenje nezaposlenosti me\u0111u Bo\u0161njacima u Sand\u017eaku.<\/p>\n<p style=\"text-align: right;\" align=\"left\">Za nacionalnu reviju za politiku i kulturu \u201eSand\u017eak\u201c razgovarao:<\/p>\n<p style=\"text-align: right;\" align=\"left\"><b>Salahudin Feti\u0107<\/b>, glavni i odgovorni urednik<\/p>\n","protected":false},"excerpt":{"rendered":"<p>Razgovarao: Salahudin Feti\u0107<\/p>\n","protected":false},"author":83,"featured_media":101968,"comment_status":"open","ping_status":"open","sticky":false,"template":"","format":"standard","meta":{"footnotes":""},"categories":[72,8957],"tags":[10428],"class_list":{"0":"post-101963","1":"post","2":"type-post","3":"status-publish","4":"format-standard","5":"has-post-thumbnail","7":"category-novi-pazar","8":"category-vijesti-dana","9":"tag-salahudin-fetic"},"yoast_head":"<!-- This site is optimized with the Yoast SEO Premium plugin v23.1 (Yoast SEO v24.9) - https:\/\/yoast.com\/wordpress\/plugins\/seo\/ -->\n<title>Intervju sa Kenanom Hajdarevi\u0107em: &#039;\u0110in\u0111i\u0107 je izabrao Muftiju za partnera, mi slijedimo njegov put&#039;<\/title>\n<meta name=\"robots\" content=\"index, follow, max-snippet:-1, max-image-preview:large, max-video-preview:-1\" \/>\n<link rel=\"canonical\" href=\"https:\/\/sandzakpress.net\/arhiva\/intervju-sa-kenanom-hajdarevicem-dindic-je-izabrao-muftiju-za-partnera-mi-slijedimo-njegov-put\/\" \/>\n<meta property=\"og:locale\" content=\"bs_BA\" \/>\n<meta property=\"og:type\" content=\"article\" \/>\n<meta property=\"og:title\" content=\"Intervju sa Kenanom Hajdarevi\u0107em: &#039;\u0110in\u0111i\u0107 je izabrao Muftiju za partnera, mi slijedimo njegov put&#039;\" \/>\n<meta property=\"og:description\" content=\"Razgovarao: Salahudin Feti\u0107\" \/>\n<meta property=\"og:url\" content=\"https:\/\/sandzakpress.net\/arhiva\/intervju-sa-kenanom-hajdarevicem-dindic-je-izabrao-muftiju-za-partnera-mi-slijedimo-njegov-put\/\" \/>\n<meta property=\"og:site_name\" content=\"Sand\u017eak PRESS\" \/>\n<meta property=\"article:published_time\" content=\"2014-02-22T17:00:59+00:00\" \/>\n<meta property=\"article:modified_time\" content=\"2014-02-23T12:20:55+00:00\" \/>\n<meta property=\"og:image\" content=\"https:\/\/sandzakpress.net\/arhiva\/wp-content\/uploads\/2014\/02\/kenan-hajdarevic.jpg\" \/>\n\t<meta property=\"og:image:width\" content=\"500\" \/>\n\t<meta property=\"og:image:height\" content=\"413\" \/>\n\t<meta property=\"og:image:type\" content=\"image\/jpeg\" \/>\n<meta name=\"author\" content=\"bosniak\" \/>\n<meta name=\"twitter:card\" content=\"summary_large_image\" \/>\n<meta name=\"twitter:label1\" content=\"Written by\" \/>\n\t<meta name=\"twitter:data1\" content=\"bosniak\" \/>\n\t<meta name=\"twitter:label2\" content=\"Est. reading time\" \/>\n\t<meta name=\"twitter:data2\" content=\"6 minuta\" \/>\n<script type=\"application\/ld+json\" class=\"yoast-schema-graph\">{\"@context\":\"https:\/\/schema.org\",\"@graph\":[{\"@type\":\"Article\",\"@id\":\"https:\/\/sandzakpress.net\/arhiva\/intervju-sa-kenanom-hajdarevicem-dindic-je-izabrao-muftiju-za-partnera-mi-slijedimo-njegov-put\/#article\",\"isPartOf\":{\"@id\":\"https:\/\/sandzakpress.net\/arhiva\/intervju-sa-kenanom-hajdarevicem-dindic-je-izabrao-muftiju-za-partnera-mi-slijedimo-njegov-put\/\"},\"author\":{\"name\":\"bosniak\",\"@id\":\"https:\/\/sandzakpress.net\/arhiva\/#\/schema\/person\/c8baee722073534b583ea7bdb2e36c02\"},\"headline\":\"Intervju sa Kenanom Hajdarevi\u0107em: &#8216;\u0110in\u0111i\u0107 je izabrao Muftiju za partnera, mi slijedimo njegov put&#8217;\",\"datePublished\":\"2014-02-22T17:00:59+00:00\",\"dateModified\":\"2014-02-23T12:20:55+00:00\",\"mainEntityOfPage\":{\"@id\":\"https:\/\/sandzakpress.net\/arhiva\/intervju-sa-kenanom-hajdarevicem-dindic-je-izabrao-muftiju-za-partnera-mi-slijedimo-njegov-put\/\"},\"wordCount\":1177,\"commentCount\":15,\"publisher\":{\"@id\":\"https:\/\/sandzakpress.net\/arhiva\/#\/schema\/person\/6e72b67d6e51910a1117b3b483ba20bd\"},\"image\":{\"@id\":\"https:\/\/sandzakpress.net\/arhiva\/intervju-sa-kenanom-hajdarevicem-dindic-je-izabrao-muftiju-za-partnera-mi-slijedimo-njegov-put\/#primaryimage\"},\"thumbnailUrl\":\"https:\/\/sandzakpress.net\/arhiva\/wp-content\/uploads\/2014\/02\/kenan-hajdarevic.jpg\",\"keywords\":[\"Salahudin Feti\u0107\"],\"articleSection\":[\"Novi Pazar\",\"VIJESTI DANA\"],\"inLanguage\":\"bs-BA\",\"potentialAction\":[{\"@type\":\"CommentAction\",\"name\":\"Comment\",\"target\":[\"https:\/\/sandzakpress.net\/arhiva\/intervju-sa-kenanom-hajdarevicem-dindic-je-izabrao-muftiju-za-partnera-mi-slijedimo-njegov-put\/#respond\"]}]},{\"@type\":\"WebPage\",\"@id\":\"https:\/\/sandzakpress.net\/arhiva\/intervju-sa-kenanom-hajdarevicem-dindic-je-izabrao-muftiju-za-partnera-mi-slijedimo-njegov-put\/\",\"url\":\"https:\/\/sandzakpress.net\/arhiva\/intervju-sa-kenanom-hajdarevicem-dindic-je-izabrao-muftiju-za-partnera-mi-slijedimo-njegov-put\/\",\"name\":\"Intervju sa Kenanom Hajdarevi\u0107em: '\u0110in\u0111i\u0107 je izabrao Muftiju za partnera, mi slijedimo njegov put'\",\"isPartOf\":{\"@id\":\"https:\/\/sandzakpress.net\/arhiva\/#website\"},\"primaryImageOfPage\":{\"@id\":\"https:\/\/sandzakpress.net\/arhiva\/intervju-sa-kenanom-hajdarevicem-dindic-je-izabrao-muftiju-za-partnera-mi-slijedimo-njegov-put\/#primaryimage\"},\"image\":{\"@id\":\"https:\/\/sandzakpress.net\/arhiva\/intervju-sa-kenanom-hajdarevicem-dindic-je-izabrao-muftiju-za-partnera-mi-slijedimo-njegov-put\/#primaryimage\"},\"thumbnailUrl\":\"https:\/\/sandzakpress.net\/arhiva\/wp-content\/uploads\/2014\/02\/kenan-hajdarevic.jpg\",\"datePublished\":\"2014-02-22T17:00:59+00:00\",\"dateModified\":\"2014-02-23T12:20:55+00:00\",\"breadcrumb\":{\"@id\":\"https:\/\/sandzakpress.net\/arhiva\/intervju-sa-kenanom-hajdarevicem-dindic-je-izabrao-muftiju-za-partnera-mi-slijedimo-njegov-put\/#breadcrumb\"},\"inLanguage\":\"bs-BA\",\"potentialAction\":[{\"@type\":\"ReadAction\",\"target\":[\"https:\/\/sandzakpress.net\/arhiva\/intervju-sa-kenanom-hajdarevicem-dindic-je-izabrao-muftiju-za-partnera-mi-slijedimo-njegov-put\/\"]}]},{\"@type\":\"ImageObject\",\"inLanguage\":\"bs-BA\",\"@id\":\"https:\/\/sandzakpress.net\/arhiva\/intervju-sa-kenanom-hajdarevicem-dindic-je-izabrao-muftiju-za-partnera-mi-slijedimo-njegov-put\/#primaryimage\",\"url\":\"https:\/\/sandzakpress.net\/arhiva\/wp-content\/uploads\/2014\/02\/kenan-hajdarevic.jpg\",\"contentUrl\":\"https:\/\/sandzakpress.net\/arhiva\/wp-content\/uploads\/2014\/02\/kenan-hajdarevic.jpg\",\"width\":500,\"height\":413},{\"@type\":\"BreadcrumbList\",\"@id\":\"https:\/\/sandzakpress.net\/arhiva\/intervju-sa-kenanom-hajdarevicem-dindic-je-izabrao-muftiju-za-partnera-mi-slijedimo-njegov-put\/#breadcrumb\",\"itemListElement\":[{\"@type\":\"ListItem\",\"position\":1,\"name\":\"Home\",\"item\":\"https:\/\/sandzakpress.net\/arhiva\/\"},{\"@type\":\"ListItem\",\"position\":2,\"name\":\"Intervju sa Kenanom Hajdarevi\u0107em: &#8216;\u0110in\u0111i\u0107 je izabrao Muftiju za partnera, mi slijedimo njegov put&#8217;\"}]},{\"@type\":\"WebSite\",\"@id\":\"https:\/\/sandzakpress.net\/arhiva\/#website\",\"url\":\"https:\/\/sandzakpress.net\/arhiva\/\",\"name\":\"Sand\u017eak PRESS\",\"description\":\"Prve elektronske novine u Sand\u017eaku\",\"publisher\":{\"@id\":\"https:\/\/sandzakpress.net\/arhiva\/#\/schema\/person\/6e72b67d6e51910a1117b3b483ba20bd\"},\"potentialAction\":[{\"@type\":\"SearchAction\",\"target\":{\"@type\":\"EntryPoint\",\"urlTemplate\":\"https:\/\/sandzakpress.net\/arhiva\/?s={search_term_string}\"},\"query-input\":{\"@type\":\"PropertyValueSpecification\",\"valueRequired\":true,\"valueName\":\"search_term_string\"}}],\"inLanguage\":\"bs-BA\"},{\"@type\":[\"Person\",\"Organization\"],\"@id\":\"https:\/\/sandzakpress.net\/arhiva\/#\/schema\/person\/6e72b67d6e51910a1117b3b483ba20bd\",\"name\":\"Kul\",\"image\":{\"@type\":\"ImageObject\",\"inLanguage\":\"bs-BA\",\"@id\":\"https:\/\/sandzakpress.net\/arhiva\/#\/schema\/person\/image\/\",\"url\":\"https:\/\/secure.gravatar.com\/avatar\/42263f39aa27ac04c43cab85c280eb2e?s=96&d=mm&r=pg\",\"contentUrl\":\"https:\/\/secure.gravatar.com\/avatar\/42263f39aa27ac04c43cab85c280eb2e?s=96&d=mm&r=pg\",\"caption\":\"Kul\"},\"logo\":{\"@id\":\"https:\/\/sandzakpress.net\/arhiva\/#\/schema\/person\/image\/\"}},{\"@type\":\"Person\",\"@id\":\"https:\/\/sandzakpress.net\/arhiva\/#\/schema\/person\/c8baee722073534b583ea7bdb2e36c02\",\"name\":\"bosniak\",\"image\":{\"@type\":\"ImageObject\",\"inLanguage\":\"bs-BA\",\"@id\":\"https:\/\/sandzakpress.net\/arhiva\/#\/schema\/person\/image\/\",\"url\":\"https:\/\/secure.gravatar.com\/avatar\/a04fd330bfe3a36a72a0ad4a6d89fca7?s=96&d=mm&r=pg\",\"contentUrl\":\"https:\/\/secure.gravatar.com\/avatar\/a04fd330bfe3a36a72a0ad4a6d89fca7?s=96&d=mm&r=pg\",\"caption\":\"bosniak\"},\"url\":\"https:\/\/sandzakpress.net\/arhiva\/author\/bosniak\/\"}]}<\/script>\n<!-- \/ Yoast SEO Premium plugin. -->","yoast_head_json":{"title":"Intervju sa Kenanom Hajdarevi\u0107em: '\u0110in\u0111i\u0107 je izabrao Muftiju za partnera, mi slijedimo njegov put'","robots":{"index":"index","follow":"follow","max-snippet":"max-snippet:-1","max-image-preview":"max-image-preview:large","max-video-preview":"max-video-preview:-1"},"canonical":"https:\/\/sandzakpress.net\/arhiva\/intervju-sa-kenanom-hajdarevicem-dindic-je-izabrao-muftiju-za-partnera-mi-slijedimo-njegov-put\/","og_locale":"bs_BA","og_type":"article","og_title":"Intervju sa Kenanom Hajdarevi\u0107em: '\u0110in\u0111i\u0107 je izabrao Muftiju za partnera, mi slijedimo njegov put'","og_description":"Razgovarao: Salahudin Feti\u0107","og_url":"https:\/\/sandzakpress.net\/arhiva\/intervju-sa-kenanom-hajdarevicem-dindic-je-izabrao-muftiju-za-partnera-mi-slijedimo-njegov-put\/","og_site_name":"Sand\u017eak PRESS","article_published_time":"2014-02-22T17:00:59+00:00","article_modified_time":"2014-02-23T12:20:55+00:00","og_image":[{"width":500,"height":413,"url":"https:\/\/sandzakpress.net\/arhiva\/wp-content\/uploads\/2014\/02\/kenan-hajdarevic.jpg","type":"image\/jpeg"}],"author":"bosniak","twitter_card":"summary_large_image","twitter_misc":{"Written by":"bosniak","Est. reading time":"6 minuta"},"schema":{"@context":"https:\/\/schema.org","@graph":[{"@type":"Article","@id":"https:\/\/sandzakpress.net\/arhiva\/intervju-sa-kenanom-hajdarevicem-dindic-je-izabrao-muftiju-za-partnera-mi-slijedimo-njegov-put\/#article","isPartOf":{"@id":"https:\/\/sandzakpress.net\/arhiva\/intervju-sa-kenanom-hajdarevicem-dindic-je-izabrao-muftiju-za-partnera-mi-slijedimo-njegov-put\/"},"author":{"name":"bosniak","@id":"https:\/\/sandzakpress.net\/arhiva\/#\/schema\/person\/c8baee722073534b583ea7bdb2e36c02"},"headline":"Intervju sa Kenanom Hajdarevi\u0107em: &#8216;\u0110in\u0111i\u0107 je izabrao Muftiju za partnera, mi slijedimo njegov put&#8217;","datePublished":"2014-02-22T17:00:59+00:00","dateModified":"2014-02-23T12:20:55+00:00","mainEntityOfPage":{"@id":"https:\/\/sandzakpress.net\/arhiva\/intervju-sa-kenanom-hajdarevicem-dindic-je-izabrao-muftiju-za-partnera-mi-slijedimo-njegov-put\/"},"wordCount":1177,"commentCount":15,"publisher":{"@id":"https:\/\/sandzakpress.net\/arhiva\/#\/schema\/person\/6e72b67d6e51910a1117b3b483ba20bd"},"image":{"@id":"https:\/\/sandzakpress.net\/arhiva\/intervju-sa-kenanom-hajdarevicem-dindic-je-izabrao-muftiju-za-partnera-mi-slijedimo-njegov-put\/#primaryimage"},"thumbnailUrl":"https:\/\/sandzakpress.net\/arhiva\/wp-content\/uploads\/2014\/02\/kenan-hajdarevic.jpg","keywords":["Salahudin Feti\u0107"],"articleSection":["Novi Pazar","VIJESTI DANA"],"inLanguage":"bs-BA","potentialAction":[{"@type":"CommentAction","name":"Comment","target":["https:\/\/sandzakpress.net\/arhiva\/intervju-sa-kenanom-hajdarevicem-dindic-je-izabrao-muftiju-za-partnera-mi-slijedimo-njegov-put\/#respond"]}]},{"@type":"WebPage","@id":"https:\/\/sandzakpress.net\/arhiva\/intervju-sa-kenanom-hajdarevicem-dindic-je-izabrao-muftiju-za-partnera-mi-slijedimo-njegov-put\/","url":"https:\/\/sandzakpress.net\/arhiva\/intervju-sa-kenanom-hajdarevicem-dindic-je-izabrao-muftiju-za-partnera-mi-slijedimo-njegov-put\/","name":"Intervju sa Kenanom Hajdarevi\u0107em: '\u0110in\u0111i\u0107 je izabrao Muftiju za partnera, mi slijedimo njegov put'","isPartOf":{"@id":"https:\/\/sandzakpress.net\/arhiva\/#website"},"primaryImageOfPage":{"@id":"https:\/\/sandzakpress.net\/arhiva\/intervju-sa-kenanom-hajdarevicem-dindic-je-izabrao-muftiju-za-partnera-mi-slijedimo-njegov-put\/#primaryimage"},"image":{"@id":"https:\/\/sandzakpress.net\/arhiva\/intervju-sa-kenanom-hajdarevicem-dindic-je-izabrao-muftiju-za-partnera-mi-slijedimo-njegov-put\/#primaryimage"},"thumbnailUrl":"https:\/\/sandzakpress.net\/arhiva\/wp-content\/uploads\/2014\/02\/kenan-hajdarevic.jpg","datePublished":"2014-02-22T17:00:59+00:00","dateModified":"2014-02-23T12:20:55+00:00","breadcrumb":{"@id":"https:\/\/sandzakpress.net\/arhiva\/intervju-sa-kenanom-hajdarevicem-dindic-je-izabrao-muftiju-za-partnera-mi-slijedimo-njegov-put\/#breadcrumb"},"inLanguage":"bs-BA","potentialAction":[{"@type":"ReadAction","target":["https:\/\/sandzakpress.net\/arhiva\/intervju-sa-kenanom-hajdarevicem-dindic-je-izabrao-muftiju-za-partnera-mi-slijedimo-njegov-put\/"]}]},{"@type":"ImageObject","inLanguage":"bs-BA","@id":"https:\/\/sandzakpress.net\/arhiva\/intervju-sa-kenanom-hajdarevicem-dindic-je-izabrao-muftiju-za-partnera-mi-slijedimo-njegov-put\/#primaryimage","url":"https:\/\/sandzakpress.net\/arhiva\/wp-content\/uploads\/2014\/02\/kenan-hajdarevic.jpg","contentUrl":"https:\/\/sandzakpress.net\/arhiva\/wp-content\/uploads\/2014\/02\/kenan-hajdarevic.jpg","width":500,"height":413},{"@type":"BreadcrumbList","@id":"https:\/\/sandzakpress.net\/arhiva\/intervju-sa-kenanom-hajdarevicem-dindic-je-izabrao-muftiju-za-partnera-mi-slijedimo-njegov-put\/#breadcrumb","itemListElement":[{"@type":"ListItem","position":1,"name":"Home","item":"https:\/\/sandzakpress.net\/arhiva\/"},{"@type":"ListItem","position":2,"name":"Intervju sa Kenanom Hajdarevi\u0107em: &#8216;\u0110in\u0111i\u0107 je izabrao Muftiju za partnera, mi slijedimo njegov put&#8217;"}]},{"@type":"WebSite","@id":"https:\/\/sandzakpress.net\/arhiva\/#website","url":"https:\/\/sandzakpress.net\/arhiva\/","name":"Sand\u017eak PRESS","description":"Prve elektronske novine u Sand\u017eaku","publisher":{"@id":"https:\/\/sandzakpress.net\/arhiva\/#\/schema\/person\/6e72b67d6e51910a1117b3b483ba20bd"},"potentialAction":[{"@type":"SearchAction","target":{"@type":"EntryPoint","urlTemplate":"https:\/\/sandzakpress.net\/arhiva\/?s={search_term_string}"},"query-input":{"@type":"PropertyValueSpecification","valueRequired":true,"valueName":"search_term_string"}}],"inLanguage":"bs-BA"},{"@type":["Person","Organization"],"@id":"https:\/\/sandzakpress.net\/arhiva\/#\/schema\/person\/6e72b67d6e51910a1117b3b483ba20bd","name":"Kul","image":{"@type":"ImageObject","inLanguage":"bs-BA","@id":"https:\/\/sandzakpress.net\/arhiva\/#\/schema\/person\/image\/","url":"https:\/\/secure.gravatar.com\/avatar\/42263f39aa27ac04c43cab85c280eb2e?s=96&d=mm&r=pg","contentUrl":"https:\/\/secure.gravatar.com\/avatar\/42263f39aa27ac04c43cab85c280eb2e?s=96&d=mm&r=pg","caption":"Kul"},"logo":{"@id":"https:\/\/sandzakpress.net\/arhiva\/#\/schema\/person\/image\/"}},{"@type":"Person","@id":"https:\/\/sandzakpress.net\/arhiva\/#\/schema\/person\/c8baee722073534b583ea7bdb2e36c02","name":"bosniak","image":{"@type":"ImageObject","inLanguage":"bs-BA","@id":"https:\/\/sandzakpress.net\/arhiva\/#\/schema\/person\/image\/","url":"https:\/\/secure.gravatar.com\/avatar\/a04fd330bfe3a36a72a0ad4a6d89fca7?s=96&d=mm&r=pg","contentUrl":"https:\/\/secure.gravatar.com\/avatar\/a04fd330bfe3a36a72a0ad4a6d89fca7?s=96&d=mm&r=pg","caption":"bosniak"},"url":"https:\/\/sandzakpress.net\/arhiva\/author\/bosniak\/"}]}},"_links":{"self":[{"href":"https:\/\/sandzakpress.net\/arhiva\/wp-json\/wp\/v2\/posts\/101963"}],"collection":[{"href":"https:\/\/sandzakpress.net\/arhiva\/wp-json\/wp\/v2\/posts"}],"about":[{"href":"https:\/\/sandzakpress.net\/arhiva\/wp-json\/wp\/v2\/types\/post"}],"author":[{"embeddable":true,"href":"https:\/\/sandzakpress.net\/arhiva\/wp-json\/wp\/v2\/users\/83"}],"replies":[{"embeddable":true,"href":"https:\/\/sandzakpress.net\/arhiva\/wp-json\/wp\/v2\/comments?post=101963"}],"version-history":[{"count":0,"href":"https:\/\/sandzakpress.net\/arhiva\/wp-json\/wp\/v2\/posts\/101963\/revisions"}],"wp:featuredmedia":[{"embeddable":true,"href":"https:\/\/sandzakpress.net\/arhiva\/wp-json\/wp\/v2\/media\/101968"}],"wp:attachment":[{"href":"https:\/\/sandzakpress.net\/arhiva\/wp-json\/wp\/v2\/media?parent=101963"}],"wp:term":[{"taxonomy":"category","embeddable":true,"href":"https:\/\/sandzakpress.net\/arhiva\/wp-json\/wp\/v2\/categories?post=101963"},{"taxonomy":"post_tag","embeddable":true,"href":"https:\/\/sandzakpress.net\/arhiva\/wp-json\/wp\/v2\/tags?post=101963"}],"curies":[{"name":"wp","href":"https:\/\/api.w.org\/{rel}","templated":true}]}}