{"id":101961,"date":"2014-02-22T17:54:50","date_gmt":"2014-02-22T16:54:50","guid":{"rendered":"https:\/\/sandzakpress.net\/arhiva\/?p=101961"},"modified":"2014-02-22T17:54:50","modified_gmt":"2014-02-22T16:54:50","slug":"saopcenje-za-javnost-vezano-za-projekat-islamskog-kulturnog-centra-u-ljubljani","status":"publish","type":"post","link":"https:\/\/sandzakpress.net\/arhiva\/saopcenje-za-javnost-vezano-za-projekat-islamskog-kulturnog-centra-u-ljubljani\/","title":{"rendered":"Saop\u0107enje za javnost vezano za projekat Islamskog kulturnog centra u Ljubljani"},"content":{"rendered":"<p><img loading=\"lazy\" decoding=\"async\" class=\"alignleft\" style=\"font-size: 14px; line-height: 1.5em;\" alt=\"ic-ljub-rad-02-2014-1\" src=\"http:\/\/www.rijaset.ba\/images\/stories\/1aktuelnosti3\/ic-ljub-rad-02-2014-1.jpg\" width=\"300\" height=\"225\" \/><strong>Slovenija &#8211;\u00a0Povodom po\u010detka priprema za po\u010detak izgradnje Islamskog kulturnog centra u Ljubljani, obavje\u0161tavamo \u010dlanove Islamske zajednice u Republici Sloveniji i javnost da je Islamska zajednica u Republici Sloveniji u proteklom period (od polaganja kamena temeljca do danas) intenzivno radila na pripremama za po\u010detak izgradnje d\u017eamije u Ljubljani.<\/strong><\/p>\n<p>Nakon polo\u017eenog kamena temeljca, bavili smo se odabirom firme za nadzor i in\u017einjering projekta. U suradnji sa stru\u010dnjacima iz Katara, izabrali smo, izme\u0111u \u010detiri firme, najboljeg. Odlu\u010deno je da se za taj dio projekta potpi\u0161e ugovor sa firmom Elea iC, projektiranje i savjetovanje, d.o.o., iz Ljubljane.<\/p>\n<p>Stru\u010dnjaci iz spomenute firme, odmah su zapo\u010deli pripreme za tender za izvo\u0111a\u010da radova. Prije toga uradili su recenziju projekta i u suradnji sa arhitektima pripremili odgovaraju\u0107e i stru\u010dne nacrte koji su podloga za objavljivanje tendera. Uskla\u0111ivanje sa arhitektima koje je jo\u0161 uvijek u toku, zahtijeva vrijeme.<\/p>\n<p>Dogovoreno je da se tender objavi u dva dijela. S obzirom na to da po zemlji\u0161tu, na kojem je predvi\u0111ena izgradnja d\u017eamije, ide kolektor (kanal) za meteorne vode koji povezuje \u0160i\u0161ku sa Be\u017eigradom (dva dijela Ljubljane), objavit \u0107emo prvi dio tendera koji \u0107e obuhvatati pomjeranje kolektora, djelomi\u010dna izgradnja zida za za\u0161titu gra\u0111evinske jame, pomjeranje elektri\u010dnih vodova koji teku po zemlji\u0161tu i sami iskop gra\u0111evinske jame.<\/p>\n<p>U drugim dijelu objavit \u0107emo tender za glavnog izvo\u0111a\u010da radova.<\/p>\n<p>Ovih dana uradili smo dodatna istra\u017eivanja zemlji\u0161ta i poru\u0161ili postoje\u0107e objekte na zemlji\u0161tu. Ubrzo \u0107emo postaviti ogradu oko zemlji\u0161ta. Firma Elea iC, d.o.o., ubrzo \u0107e objaviti prvi dio tendera. O\u010dekujemo, ako Bog da, da \u0107emo na prolje\u0107e po\u010deti sa gra\u0111evinskim radovima na projektu Islamskog kulturnog centra u Ljubljani.<\/p>\n<p>Vjerske aktivnosti koje smo obavljali na zemlji\u0161tu za d\u017eamiju, ne obavljaju se vi\u0161e na toj lokaciji. Od petka, 21. februara 2014. godine, izvode se na novoj lokaciji, na ljubljanskim Fu\u017einama, Zalo\u0161ka 217a, u unajmljenim prostorijama. Nakon izgradnje d\u017eamije, sve aktivnosti ponovo \u0107e se odr\u017eavati na Kurilni\u0161koj 18, stoji u saop\u0107enju za javnost Ureda muftije za Sloveniju.<\/p>\n<p>(rijaset)<\/p>\n","protected":false},"excerpt":{"rendered":"<p>Slovenija &#8211;\u00a0Povodom po\u010detka priprema za po\u010detak izgradnje Islamskog kulturnog centra u Ljubljani, obavje\u0161tavamo \u010dlanove Islamske zajednice u Republici Sloveniji i javnost da je Islamska zajednica u Republici Sloveniji u proteklom period (od polaganja kamena temeljca do danas) intenzivno radila na pripremama za po\u010detak izgradnje d\u017eamije u Ljubljani. Nakon polo\u017eenog kamena temeljca, bavili smo se odabirom [&hellip;]<\/p>\n","protected":false},"author":83,"featured_media":101962,"comment_status":"open","ping_status":"open","sticky":false,"template":"","format":"standard","meta":{"footnotes":""},"categories":[802,10305],"tags":[],"class_list":{"0":"post-101961","1":"post","2":"type-post","3":"status-publish","4":"format-standard","5":"has-post-thumbnail","7":"category-islamska_zajednica","8":"category-slovenija"},"yoast_head":"<!-- This site is optimized with the Yoast SEO Premium plugin v23.1 (Yoast SEO v24.9) - https:\/\/yoast.com\/wordpress\/plugins\/seo\/ -->\n<title>Saop\u0107enje za javnost vezano za projekat Islamskog kulturnog centra u Ljubljani<\/title>\n<meta name=\"robots\" content=\"index, follow, max-snippet:-1, max-image-preview:large, max-video-preview:-1\" \/>\n<link rel=\"canonical\" href=\"https:\/\/sandzakpress.net\/arhiva\/saopcenje-za-javnost-vezano-za-projekat-islamskog-kulturnog-centra-u-ljubljani\/\" \/>\n<meta property=\"og:locale\" content=\"bs_BA\" \/>\n<meta property=\"og:type\" content=\"article\" \/>\n<meta property=\"og:title\" content=\"Saop\u0107enje za javnost vezano za projekat Islamskog kulturnog centra u Ljubljani\" \/>\n<meta property=\"og:description\" content=\"Slovenija &#8211;\u00a0Povodom po\u010detka priprema za po\u010detak izgradnje Islamskog kulturnog centra u Ljubljani, obavje\u0161tavamo \u010dlanove Islamske zajednice u Republici Sloveniji i javnost da je Islamska zajednica u Republici Sloveniji u proteklom period (od polaganja kamena temeljca do danas) intenzivno radila na pripremama za po\u010detak izgradnje d\u017eamije u Ljubljani. Nakon polo\u017eenog kamena temeljca, bavili smo se odabirom [&hellip;]\" \/>\n<meta property=\"og:url\" content=\"https:\/\/sandzakpress.net\/arhiva\/saopcenje-za-javnost-vezano-za-projekat-islamskog-kulturnog-centra-u-ljubljani\/\" \/>\n<meta property=\"og:site_name\" content=\"Sand\u017eak PRESS\" \/>\n<meta property=\"article:published_time\" content=\"2014-02-22T16:54:50+00:00\" \/>\n<meta property=\"og:image\" content=\"https:\/\/sandzakpress.net\/arhiva\/wp-content\/uploads\/2014\/02\/ic-ljub-rad-02-2014-1.jpg\" \/>\n\t<meta property=\"og:image:width\" content=\"722\" \/>\n\t<meta property=\"og:image:height\" content=\"542\" \/>\n\t<meta property=\"og:image:type\" content=\"image\/jpeg\" \/>\n<meta name=\"author\" content=\"bosniak\" \/>\n<meta name=\"twitter:card\" content=\"summary_large_image\" \/>\n<meta name=\"twitter:label1\" content=\"Written by\" \/>\n\t<meta name=\"twitter:data1\" content=\"bosniak\" \/>\n\t<meta name=\"twitter:label2\" content=\"Est. reading time\" \/>\n\t<meta name=\"twitter:data2\" content=\"2 minute\" \/>\n<script type=\"application\/ld+json\" class=\"yoast-schema-graph\">{\"@context\":\"https:\/\/schema.org\",\"@graph\":[{\"@type\":\"Article\",\"@id\":\"https:\/\/sandzakpress.net\/arhiva\/saopcenje-za-javnost-vezano-za-projekat-islamskog-kulturnog-centra-u-ljubljani\/#article\",\"isPartOf\":{\"@id\":\"https:\/\/sandzakpress.net\/arhiva\/saopcenje-za-javnost-vezano-za-projekat-islamskog-kulturnog-centra-u-ljubljani\/\"},\"author\":{\"name\":\"bosniak\",\"@id\":\"https:\/\/sandzakpress.net\/arhiva\/#\/schema\/person\/c8baee722073534b583ea7bdb2e36c02\"},\"headline\":\"Saop\u0107enje za javnost vezano za projekat Islamskog kulturnog centra u Ljubljani\",\"datePublished\":\"2014-02-22T16:54:50+00:00\",\"mainEntityOfPage\":{\"@id\":\"https:\/\/sandzakpress.net\/arhiva\/saopcenje-za-javnost-vezano-za-projekat-islamskog-kulturnog-centra-u-ljubljani\/\"},\"wordCount\":383,\"commentCount\":1,\"publisher\":{\"@id\":\"https:\/\/sandzakpress.net\/arhiva\/#\/schema\/person\/6e72b67d6e51910a1117b3b483ba20bd\"},\"image\":{\"@id\":\"https:\/\/sandzakpress.net\/arhiva\/saopcenje-za-javnost-vezano-za-projekat-islamskog-kulturnog-centra-u-ljubljani\/#primaryimage\"},\"thumbnailUrl\":\"https:\/\/sandzakpress.net\/arhiva\/wp-content\/uploads\/2014\/02\/ic-ljub-rad-02-2014-1.jpg\",\"articleSection\":[\"Islamska zajednica\",\"Slovenija\"],\"inLanguage\":\"bs-BA\",\"potentialAction\":[{\"@type\":\"CommentAction\",\"name\":\"Comment\",\"target\":[\"https:\/\/sandzakpress.net\/arhiva\/saopcenje-za-javnost-vezano-za-projekat-islamskog-kulturnog-centra-u-ljubljani\/#respond\"]}]},{\"@type\":\"WebPage\",\"@id\":\"https:\/\/sandzakpress.net\/arhiva\/saopcenje-za-javnost-vezano-za-projekat-islamskog-kulturnog-centra-u-ljubljani\/\",\"url\":\"https:\/\/sandzakpress.net\/arhiva\/saopcenje-za-javnost-vezano-za-projekat-islamskog-kulturnog-centra-u-ljubljani\/\",\"name\":\"Saop\u0107enje za javnost vezano za projekat Islamskog kulturnog centra u Ljubljani\",\"isPartOf\":{\"@id\":\"https:\/\/sandzakpress.net\/arhiva\/#website\"},\"primaryImageOfPage\":{\"@id\":\"https:\/\/sandzakpress.net\/arhiva\/saopcenje-za-javnost-vezano-za-projekat-islamskog-kulturnog-centra-u-ljubljani\/#primaryimage\"},\"image\":{\"@id\":\"https:\/\/sandzakpress.net\/arhiva\/saopcenje-za-javnost-vezano-za-projekat-islamskog-kulturnog-centra-u-ljubljani\/#primaryimage\"},\"thumbnailUrl\":\"https:\/\/sandzakpress.net\/arhiva\/wp-content\/uploads\/2014\/02\/ic-ljub-rad-02-2014-1.jpg\",\"datePublished\":\"2014-02-22T16:54:50+00:00\",\"breadcrumb\":{\"@id\":\"https:\/\/sandzakpress.net\/arhiva\/saopcenje-za-javnost-vezano-za-projekat-islamskog-kulturnog-centra-u-ljubljani\/#breadcrumb\"},\"inLanguage\":\"bs-BA\",\"potentialAction\":[{\"@type\":\"ReadAction\",\"target\":[\"https:\/\/sandzakpress.net\/arhiva\/saopcenje-za-javnost-vezano-za-projekat-islamskog-kulturnog-centra-u-ljubljani\/\"]}]},{\"@type\":\"ImageObject\",\"inLanguage\":\"bs-BA\",\"@id\":\"https:\/\/sandzakpress.net\/arhiva\/saopcenje-za-javnost-vezano-za-projekat-islamskog-kulturnog-centra-u-ljubljani\/#primaryimage\",\"url\":\"https:\/\/sandzakpress.net\/arhiva\/wp-content\/uploads\/2014\/02\/ic-ljub-rad-02-2014-1.jpg\",\"contentUrl\":\"https:\/\/sandzakpress.net\/arhiva\/wp-content\/uploads\/2014\/02\/ic-ljub-rad-02-2014-1.jpg\",\"width\":722,\"height\":542},{\"@type\":\"BreadcrumbList\",\"@id\":\"https:\/\/sandzakpress.net\/arhiva\/saopcenje-za-javnost-vezano-za-projekat-islamskog-kulturnog-centra-u-ljubljani\/#breadcrumb\",\"itemListElement\":[{\"@type\":\"ListItem\",\"position\":1,\"name\":\"Home\",\"item\":\"https:\/\/sandzakpress.net\/arhiva\/\"},{\"@type\":\"ListItem\",\"position\":2,\"name\":\"Saop\u0107enje za javnost vezano za projekat Islamskog kulturnog centra u Ljubljani\"}]},{\"@type\":\"WebSite\",\"@id\":\"https:\/\/sandzakpress.net\/arhiva\/#website\",\"url\":\"https:\/\/sandzakpress.net\/arhiva\/\",\"name\":\"Sand\u017eak PRESS\",\"description\":\"Prve elektronske novine u Sand\u017eaku\",\"publisher\":{\"@id\":\"https:\/\/sandzakpress.net\/arhiva\/#\/schema\/person\/6e72b67d6e51910a1117b3b483ba20bd\"},\"potentialAction\":[{\"@type\":\"SearchAction\",\"target\":{\"@type\":\"EntryPoint\",\"urlTemplate\":\"https:\/\/sandzakpress.net\/arhiva\/?s={search_term_string}\"},\"query-input\":{\"@type\":\"PropertyValueSpecification\",\"valueRequired\":true,\"valueName\":\"search_term_string\"}}],\"inLanguage\":\"bs-BA\"},{\"@type\":[\"Person\",\"Organization\"],\"@id\":\"https:\/\/sandzakpress.net\/arhiva\/#\/schema\/person\/6e72b67d6e51910a1117b3b483ba20bd\",\"name\":\"Kul\",\"image\":{\"@type\":\"ImageObject\",\"inLanguage\":\"bs-BA\",\"@id\":\"https:\/\/sandzakpress.net\/arhiva\/#\/schema\/person\/image\/\",\"url\":\"https:\/\/secure.gravatar.com\/avatar\/42263f39aa27ac04c43cab85c280eb2e?s=96&d=mm&r=pg\",\"contentUrl\":\"https:\/\/secure.gravatar.com\/avatar\/42263f39aa27ac04c43cab85c280eb2e?s=96&d=mm&r=pg\",\"caption\":\"Kul\"},\"logo\":{\"@id\":\"https:\/\/sandzakpress.net\/arhiva\/#\/schema\/person\/image\/\"}},{\"@type\":\"Person\",\"@id\":\"https:\/\/sandzakpress.net\/arhiva\/#\/schema\/person\/c8baee722073534b583ea7bdb2e36c02\",\"name\":\"bosniak\",\"image\":{\"@type\":\"ImageObject\",\"inLanguage\":\"bs-BA\",\"@id\":\"https:\/\/sandzakpress.net\/arhiva\/#\/schema\/person\/image\/\",\"url\":\"https:\/\/secure.gravatar.com\/avatar\/a04fd330bfe3a36a72a0ad4a6d89fca7?s=96&d=mm&r=pg\",\"contentUrl\":\"https:\/\/secure.gravatar.com\/avatar\/a04fd330bfe3a36a72a0ad4a6d89fca7?s=96&d=mm&r=pg\",\"caption\":\"bosniak\"},\"url\":\"https:\/\/sandzakpress.net\/arhiva\/author\/bosniak\/\"}]}<\/script>\n<!-- \/ Yoast SEO Premium plugin. -->","yoast_head_json":{"title":"Saop\u0107enje za javnost vezano za projekat Islamskog kulturnog centra u Ljubljani","robots":{"index":"index","follow":"follow","max-snippet":"max-snippet:-1","max-image-preview":"max-image-preview:large","max-video-preview":"max-video-preview:-1"},"canonical":"https:\/\/sandzakpress.net\/arhiva\/saopcenje-za-javnost-vezano-za-projekat-islamskog-kulturnog-centra-u-ljubljani\/","og_locale":"bs_BA","og_type":"article","og_title":"Saop\u0107enje za javnost vezano za projekat Islamskog kulturnog centra u Ljubljani","og_description":"Slovenija &#8211;\u00a0Povodom po\u010detka priprema za po\u010detak izgradnje Islamskog kulturnog centra u Ljubljani, obavje\u0161tavamo \u010dlanove Islamske zajednice u Republici Sloveniji i javnost da je Islamska zajednica u Republici Sloveniji u proteklom period (od polaganja kamena temeljca do danas) intenzivno radila na pripremama za po\u010detak izgradnje d\u017eamije u Ljubljani. Nakon polo\u017eenog kamena temeljca, bavili smo se odabirom [&hellip;]","og_url":"https:\/\/sandzakpress.net\/arhiva\/saopcenje-za-javnost-vezano-za-projekat-islamskog-kulturnog-centra-u-ljubljani\/","og_site_name":"Sand\u017eak PRESS","article_published_time":"2014-02-22T16:54:50+00:00","og_image":[{"width":722,"height":542,"url":"https:\/\/sandzakpress.net\/arhiva\/wp-content\/uploads\/2014\/02\/ic-ljub-rad-02-2014-1.jpg","type":"image\/jpeg"}],"author":"bosniak","twitter_card":"summary_large_image","twitter_misc":{"Written by":"bosniak","Est. reading time":"2 minute"},"schema":{"@context":"https:\/\/schema.org","@graph":[{"@type":"Article","@id":"https:\/\/sandzakpress.net\/arhiva\/saopcenje-za-javnost-vezano-za-projekat-islamskog-kulturnog-centra-u-ljubljani\/#article","isPartOf":{"@id":"https:\/\/sandzakpress.net\/arhiva\/saopcenje-za-javnost-vezano-za-projekat-islamskog-kulturnog-centra-u-ljubljani\/"},"author":{"name":"bosniak","@id":"https:\/\/sandzakpress.net\/arhiva\/#\/schema\/person\/c8baee722073534b583ea7bdb2e36c02"},"headline":"Saop\u0107enje za javnost vezano za projekat Islamskog kulturnog centra u Ljubljani","datePublished":"2014-02-22T16:54:50+00:00","mainEntityOfPage":{"@id":"https:\/\/sandzakpress.net\/arhiva\/saopcenje-za-javnost-vezano-za-projekat-islamskog-kulturnog-centra-u-ljubljani\/"},"wordCount":383,"commentCount":1,"publisher":{"@id":"https:\/\/sandzakpress.net\/arhiva\/#\/schema\/person\/6e72b67d6e51910a1117b3b483ba20bd"},"image":{"@id":"https:\/\/sandzakpress.net\/arhiva\/saopcenje-za-javnost-vezano-za-projekat-islamskog-kulturnog-centra-u-ljubljani\/#primaryimage"},"thumbnailUrl":"https:\/\/sandzakpress.net\/arhiva\/wp-content\/uploads\/2014\/02\/ic-ljub-rad-02-2014-1.jpg","articleSection":["Islamska zajednica","Slovenija"],"inLanguage":"bs-BA","potentialAction":[{"@type":"CommentAction","name":"Comment","target":["https:\/\/sandzakpress.net\/arhiva\/saopcenje-za-javnost-vezano-za-projekat-islamskog-kulturnog-centra-u-ljubljani\/#respond"]}]},{"@type":"WebPage","@id":"https:\/\/sandzakpress.net\/arhiva\/saopcenje-za-javnost-vezano-za-projekat-islamskog-kulturnog-centra-u-ljubljani\/","url":"https:\/\/sandzakpress.net\/arhiva\/saopcenje-za-javnost-vezano-za-projekat-islamskog-kulturnog-centra-u-ljubljani\/","name":"Saop\u0107enje za javnost vezano za projekat Islamskog kulturnog centra u Ljubljani","isPartOf":{"@id":"https:\/\/sandzakpress.net\/arhiva\/#website"},"primaryImageOfPage":{"@id":"https:\/\/sandzakpress.net\/arhiva\/saopcenje-za-javnost-vezano-za-projekat-islamskog-kulturnog-centra-u-ljubljani\/#primaryimage"},"image":{"@id":"https:\/\/sandzakpress.net\/arhiva\/saopcenje-za-javnost-vezano-za-projekat-islamskog-kulturnog-centra-u-ljubljani\/#primaryimage"},"thumbnailUrl":"https:\/\/sandzakpress.net\/arhiva\/wp-content\/uploads\/2014\/02\/ic-ljub-rad-02-2014-1.jpg","datePublished":"2014-02-22T16:54:50+00:00","breadcrumb":{"@id":"https:\/\/sandzakpress.net\/arhiva\/saopcenje-za-javnost-vezano-za-projekat-islamskog-kulturnog-centra-u-ljubljani\/#breadcrumb"},"inLanguage":"bs-BA","potentialAction":[{"@type":"ReadAction","target":["https:\/\/sandzakpress.net\/arhiva\/saopcenje-za-javnost-vezano-za-projekat-islamskog-kulturnog-centra-u-ljubljani\/"]}]},{"@type":"ImageObject","inLanguage":"bs-BA","@id":"https:\/\/sandzakpress.net\/arhiva\/saopcenje-za-javnost-vezano-za-projekat-islamskog-kulturnog-centra-u-ljubljani\/#primaryimage","url":"https:\/\/sandzakpress.net\/arhiva\/wp-content\/uploads\/2014\/02\/ic-ljub-rad-02-2014-1.jpg","contentUrl":"https:\/\/sandzakpress.net\/arhiva\/wp-content\/uploads\/2014\/02\/ic-ljub-rad-02-2014-1.jpg","width":722,"height":542},{"@type":"BreadcrumbList","@id":"https:\/\/sandzakpress.net\/arhiva\/saopcenje-za-javnost-vezano-za-projekat-islamskog-kulturnog-centra-u-ljubljani\/#breadcrumb","itemListElement":[{"@type":"ListItem","position":1,"name":"Home","item":"https:\/\/sandzakpress.net\/arhiva\/"},{"@type":"ListItem","position":2,"name":"Saop\u0107enje za javnost vezano za projekat Islamskog kulturnog centra u Ljubljani"}]},{"@type":"WebSite","@id":"https:\/\/sandzakpress.net\/arhiva\/#website","url":"https:\/\/sandzakpress.net\/arhiva\/","name":"Sand\u017eak PRESS","description":"Prve elektronske novine u Sand\u017eaku","publisher":{"@id":"https:\/\/sandzakpress.net\/arhiva\/#\/schema\/person\/6e72b67d6e51910a1117b3b483ba20bd"},"potentialAction":[{"@type":"SearchAction","target":{"@type":"EntryPoint","urlTemplate":"https:\/\/sandzakpress.net\/arhiva\/?s={search_term_string}"},"query-input":{"@type":"PropertyValueSpecification","valueRequired":true,"valueName":"search_term_string"}}],"inLanguage":"bs-BA"},{"@type":["Person","Organization"],"@id":"https:\/\/sandzakpress.net\/arhiva\/#\/schema\/person\/6e72b67d6e51910a1117b3b483ba20bd","name":"Kul","image":{"@type":"ImageObject","inLanguage":"bs-BA","@id":"https:\/\/sandzakpress.net\/arhiva\/#\/schema\/person\/image\/","url":"https:\/\/secure.gravatar.com\/avatar\/42263f39aa27ac04c43cab85c280eb2e?s=96&d=mm&r=pg","contentUrl":"https:\/\/secure.gravatar.com\/avatar\/42263f39aa27ac04c43cab85c280eb2e?s=96&d=mm&r=pg","caption":"Kul"},"logo":{"@id":"https:\/\/sandzakpress.net\/arhiva\/#\/schema\/person\/image\/"}},{"@type":"Person","@id":"https:\/\/sandzakpress.net\/arhiva\/#\/schema\/person\/c8baee722073534b583ea7bdb2e36c02","name":"bosniak","image":{"@type":"ImageObject","inLanguage":"bs-BA","@id":"https:\/\/sandzakpress.net\/arhiva\/#\/schema\/person\/image\/","url":"https:\/\/secure.gravatar.com\/avatar\/a04fd330bfe3a36a72a0ad4a6d89fca7?s=96&d=mm&r=pg","contentUrl":"https:\/\/secure.gravatar.com\/avatar\/a04fd330bfe3a36a72a0ad4a6d89fca7?s=96&d=mm&r=pg","caption":"bosniak"},"url":"https:\/\/sandzakpress.net\/arhiva\/author\/bosniak\/"}]}},"_links":{"self":[{"href":"https:\/\/sandzakpress.net\/arhiva\/wp-json\/wp\/v2\/posts\/101961"}],"collection":[{"href":"https:\/\/sandzakpress.net\/arhiva\/wp-json\/wp\/v2\/posts"}],"about":[{"href":"https:\/\/sandzakpress.net\/arhiva\/wp-json\/wp\/v2\/types\/post"}],"author":[{"embeddable":true,"href":"https:\/\/sandzakpress.net\/arhiva\/wp-json\/wp\/v2\/users\/83"}],"replies":[{"embeddable":true,"href":"https:\/\/sandzakpress.net\/arhiva\/wp-json\/wp\/v2\/comments?post=101961"}],"version-history":[{"count":0,"href":"https:\/\/sandzakpress.net\/arhiva\/wp-json\/wp\/v2\/posts\/101961\/revisions"}],"wp:featuredmedia":[{"embeddable":true,"href":"https:\/\/sandzakpress.net\/arhiva\/wp-json\/wp\/v2\/media\/101962"}],"wp:attachment":[{"href":"https:\/\/sandzakpress.net\/arhiva\/wp-json\/wp\/v2\/media?parent=101961"}],"wp:term":[{"taxonomy":"category","embeddable":true,"href":"https:\/\/sandzakpress.net\/arhiva\/wp-json\/wp\/v2\/categories?post=101961"},{"taxonomy":"post_tag","embeddable":true,"href":"https:\/\/sandzakpress.net\/arhiva\/wp-json\/wp\/v2\/tags?post=101961"}],"curies":[{"name":"wp","href":"https:\/\/api.w.org\/{rel}","templated":true}]}}