{"id":101918,"date":"2014-02-21T17:37:19","date_gmt":"2014-02-21T16:37:19","guid":{"rendered":"https:\/\/sandzakpress.net\/arhiva\/?p=101918"},"modified":"2014-02-21T17:37:19","modified_gmt":"2014-02-21T16:37:19","slug":"koja-frizura-je-prava-za-vas-oblik-lica-i-teksturu-kose","status":"publish","type":"post","link":"https:\/\/sandzakpress.net\/arhiva\/koja-frizura-je-prava-za-vas-oblik-lica-i-teksturu-kose\/","title":{"rendered":"Koja frizura je prava za va\u0161 oblik lica i teksturu kose?"},"content":{"rendered":"<p><strong><img loading=\"lazy\" decoding=\"async\" class=\"alignleft\" alt=\"\" src=\"http:\/\/2.bp.blogspot.com\/-h91KYzTVAkE\/UDdgX-MEf2I\/AAAAAAAABdE\/rnRxCXyhSZA\/s1600\/Curly-Hair-Extensions.jpg\" width=\"356\" height=\"238\" \/>Vrlo je va\u017eno prilagoditi frizuru teksturi kose i obliku lica. Uz pomo\u0107 savjeta, prona\u0111ite svoju idealnu frizuru!<\/strong><\/p>\n<p><strong>Ravna kosa, okruglo lice<\/strong><\/p>\n<p>Idealna du\u017eina kose je do ramena jer \u0107ete na taj na\u010din vizuelno izdu\u017eiti lice, a guste i ravno pod\u0161i\u0161ane \u0161i\u0161ke istaknu\u0107e vam jagodice.<\/p>\n<p><strong>Ravna kosa, \u010detvrtasto lice<\/strong><\/p>\n<p>Kao i kod okruglog lica, idealna du\u017eina kose je do ramena. Postepeno o\u0161i\u0161ana kosa od brade omek\u0161ava sna\u017enu vilicu. Kako biste vizuelno smanjili \u0161iroko \u010delo.<\/p>\n<p><strong>Ravna kosa, srcoliko lice<\/strong><\/p>\n<p>Mega popularna piksi frizurica upravo je savr\u0161ena za vas jer \u0107ete s njom ista\u0107i o\u010di i jagodice. Druga varijanta je bob s nekoliko du\u017eih slojeva.<\/p>\n<p><strong>Ravna kosa, ovalno lice<\/strong><\/p>\n<p>Slojevi koji po\u010dinju odmah ispod o\u010diju u\u010dini\u0107e da va\u0161e lice izgleda punije. \u017dene s ovalnim licem treba da izbjegavaju jednoli\u010dnu ravnu dugu kosu.<\/p>\n<p><strong>Talasasta ili kovrd\u017eava kosa, okruglo lice<\/strong><\/p>\n<p>Du\u017eina kose mo\u017ee biti do ramena ili malo du\u017ea, ali uvijek u slojevima kako bi se dobio piramidalni oblik koji \u0107e kontrirati okruglom licu. Na taj na\u010din bi\u0107e nagla\u0161ena struktura kostiju lica.<\/p>\n<p><strong>Talasasta ili kovrd\u017eava kosa, \u010detvrtasto lice<\/strong><\/p>\n<p>Idealna du\u017eina kose je ona do ramena, slojevito \u0161i\u0161ana od uva do kraja. Preporu\u010dljivo je i o\u0161i\u0161ati i nekoliko kra\u0107ih pramenova koji padaju preko \u010dela.<\/p>\n<p><strong>Talasasta ili kovrd\u017eava kosa, srcoliko lice<\/strong><\/p>\n<p>Kako bi se pomo\u0107u kovrd\u017ea postigla ravnote\u017ea zbog \u0161irokog \u010dela, tako\u0111e je potrebno slojevito o\u0161i\u0161ati kosu.<\/p>\n<p><strong>Talasasta ili kovrd\u017eava kosa, ovalno lice<\/strong><\/p>\n<p>Slojevito o\u0161i\u0161ana kosa do ramena naglasi\u0107e jagodice.<\/p>\n<p><strong>Sitno kovrd\u017eava kosa, okruglo lice<\/strong><\/p>\n<p>Du\u017eina kose bi trebalo da bude do brade ili ramena, ne du\u017ea. Dijagonalni slojevi ukloni\u0107e te\u017einu kose i stanjiti lice.<\/p>\n<p><strong>Sitno kovrd\u017eava kosa, \u010detvrtasto lice<\/strong><\/p>\n<p>Odaberite bilo koji stil, bilo iznad ili ispod brade. Rezovi koje zavr\u0161avaju kod vilice da\u0107e \u0161irinu va\u0161em licu.<\/p>\n<p><strong>Sitno kovrd\u017eava kosa, srcoliko lice<\/strong><\/p>\n<p>Bob frizura du\u017eine do brade stvara laskavu puno\u0107u oko vilice. Izbjegavajte trimere, oni \u0107e stanjiti kosu i stvoriti kovrd\u017ee.<\/p>\n<p><strong>Sitno kovrd\u017eava, ovalno lice<\/strong><\/p>\n<p>Afro frizure, super kratke i super guste, da\u0107e va\u0161em licu savr\u0161enu ravnote\u017eu.<\/p>\n<p>&nbsp;<\/p>\n<p>&nbsp;<\/p>\n<p>Izvor: <strong>frizure.hr<\/strong><\/p>\n<p>(ljepotaizdravlje.ba)<\/p>\n","protected":false},"excerpt":{"rendered":"<p>Vrlo je va\u017eno prilagoditi frizuru teksturi kose i obliku lica. Uz pomo\u0107 savjeta, prona\u0111ite svoju idealnu frizuru! Ravna kosa, okruglo lice Idealna du\u017eina kose je do ramena jer \u0107ete na taj na\u010din vizuelno izdu\u017eiti lice, a guste i ravno pod\u0161i\u0161ane \u0161i\u0161ke istaknu\u0107e vam jagodice. Ravna kosa, \u010detvrtasto lice Kao i kod okruglog lica, idealna du\u017eina [&hellip;]<\/p>\n","protected":false},"author":83,"featured_media":101919,"comment_status":"open","ping_status":"open","sticky":false,"template":"","format":"standard","meta":{"footnotes":""},"categories":[10303],"tags":[],"class_list":{"0":"post-101918","1":"post","2":"type-post","3":"status-publish","4":"format-standard","5":"has-post-thumbnail","7":"category-zena-i-njen-svijet"},"yoast_head":"<!-- This site is optimized with the Yoast SEO Premium plugin v23.1 (Yoast SEO v24.9) - https:\/\/yoast.com\/wordpress\/plugins\/seo\/ -->\n<title>Koja frizura je prava za va\u0161 oblik lica i teksturu kose?<\/title>\n<meta name=\"robots\" content=\"index, follow, max-snippet:-1, max-image-preview:large, max-video-preview:-1\" \/>\n<link rel=\"canonical\" href=\"https:\/\/sandzakpress.net\/arhiva\/koja-frizura-je-prava-za-vas-oblik-lica-i-teksturu-kose\/\" \/>\n<meta property=\"og:locale\" content=\"bs_BA\" \/>\n<meta property=\"og:type\" content=\"article\" \/>\n<meta property=\"og:title\" content=\"Koja frizura je prava za va\u0161 oblik lica i teksturu kose?\" \/>\n<meta property=\"og:description\" content=\"Vrlo je va\u017eno prilagoditi frizuru teksturi kose i obliku lica. Uz pomo\u0107 savjeta, prona\u0111ite svoju idealnu frizuru! Ravna kosa, okruglo lice Idealna du\u017eina kose je do ramena jer \u0107ete na taj na\u010din vizuelno izdu\u017eiti lice, a guste i ravno pod\u0161i\u0161ane \u0161i\u0161ke istaknu\u0107e vam jagodice. Ravna kosa, \u010detvrtasto lice Kao i kod okruglog lica, idealna du\u017eina [&hellip;]\" \/>\n<meta property=\"og:url\" content=\"https:\/\/sandzakpress.net\/arhiva\/koja-frizura-je-prava-za-vas-oblik-lica-i-teksturu-kose\/\" \/>\n<meta property=\"og:site_name\" content=\"Sand\u017eak PRESS\" \/>\n<meta property=\"article:published_time\" content=\"2014-02-21T16:37:19+00:00\" \/>\n<meta property=\"og:image\" content=\"https:\/\/sandzakpress.net\/arhiva\/wp-content\/uploads\/2014\/02\/Curly-Hair-Extensions.jpg\" \/>\n\t<meta property=\"og:image:width\" content=\"849\" \/>\n\t<meta property=\"og:image:height\" content=\"566\" \/>\n\t<meta property=\"og:image:type\" content=\"image\/jpeg\" \/>\n<meta name=\"author\" content=\"bosniak\" \/>\n<meta name=\"twitter:card\" content=\"summary_large_image\" \/>\n<meta name=\"twitter:label1\" content=\"Written by\" \/>\n\t<meta name=\"twitter:data1\" content=\"bosniak\" \/>\n\t<meta name=\"twitter:label2\" content=\"Est. reading time\" \/>\n\t<meta name=\"twitter:data2\" content=\"2 minute\" \/>\n<script type=\"application\/ld+json\" class=\"yoast-schema-graph\">{\"@context\":\"https:\/\/schema.org\",\"@graph\":[{\"@type\":\"Article\",\"@id\":\"https:\/\/sandzakpress.net\/arhiva\/koja-frizura-je-prava-za-vas-oblik-lica-i-teksturu-kose\/#article\",\"isPartOf\":{\"@id\":\"https:\/\/sandzakpress.net\/arhiva\/koja-frizura-je-prava-za-vas-oblik-lica-i-teksturu-kose\/\"},\"author\":{\"name\":\"bosniak\",\"@id\":\"https:\/\/sandzakpress.net\/arhiva\/#\/schema\/person\/c8baee722073534b583ea7bdb2e36c02\"},\"headline\":\"Koja frizura je prava za va\u0161 oblik lica i teksturu kose?\",\"datePublished\":\"2014-02-21T16:37:19+00:00\",\"mainEntityOfPage\":{\"@id\":\"https:\/\/sandzakpress.net\/arhiva\/koja-frizura-je-prava-za-vas-oblik-lica-i-teksturu-kose\/\"},\"wordCount\":406,\"commentCount\":0,\"publisher\":{\"@id\":\"https:\/\/sandzakpress.net\/arhiva\/#\/schema\/person\/6e72b67d6e51910a1117b3b483ba20bd\"},\"image\":{\"@id\":\"https:\/\/sandzakpress.net\/arhiva\/koja-frizura-je-prava-za-vas-oblik-lica-i-teksturu-kose\/#primaryimage\"},\"thumbnailUrl\":\"https:\/\/sandzakpress.net\/arhiva\/wp-content\/uploads\/2014\/02\/Curly-Hair-Extensions.jpg\",\"articleSection\":[\"\u017dena i njen svijet\"],\"inLanguage\":\"bs-BA\",\"potentialAction\":[{\"@type\":\"CommentAction\",\"name\":\"Comment\",\"target\":[\"https:\/\/sandzakpress.net\/arhiva\/koja-frizura-je-prava-za-vas-oblik-lica-i-teksturu-kose\/#respond\"]}]},{\"@type\":\"WebPage\",\"@id\":\"https:\/\/sandzakpress.net\/arhiva\/koja-frizura-je-prava-za-vas-oblik-lica-i-teksturu-kose\/\",\"url\":\"https:\/\/sandzakpress.net\/arhiva\/koja-frizura-je-prava-za-vas-oblik-lica-i-teksturu-kose\/\",\"name\":\"Koja frizura je prava za va\u0161 oblik lica i teksturu kose?\",\"isPartOf\":{\"@id\":\"https:\/\/sandzakpress.net\/arhiva\/#website\"},\"primaryImageOfPage\":{\"@id\":\"https:\/\/sandzakpress.net\/arhiva\/koja-frizura-je-prava-za-vas-oblik-lica-i-teksturu-kose\/#primaryimage\"},\"image\":{\"@id\":\"https:\/\/sandzakpress.net\/arhiva\/koja-frizura-je-prava-za-vas-oblik-lica-i-teksturu-kose\/#primaryimage\"},\"thumbnailUrl\":\"https:\/\/sandzakpress.net\/arhiva\/wp-content\/uploads\/2014\/02\/Curly-Hair-Extensions.jpg\",\"datePublished\":\"2014-02-21T16:37:19+00:00\",\"breadcrumb\":{\"@id\":\"https:\/\/sandzakpress.net\/arhiva\/koja-frizura-je-prava-za-vas-oblik-lica-i-teksturu-kose\/#breadcrumb\"},\"inLanguage\":\"bs-BA\",\"potentialAction\":[{\"@type\":\"ReadAction\",\"target\":[\"https:\/\/sandzakpress.net\/arhiva\/koja-frizura-je-prava-za-vas-oblik-lica-i-teksturu-kose\/\"]}]},{\"@type\":\"ImageObject\",\"inLanguage\":\"bs-BA\",\"@id\":\"https:\/\/sandzakpress.net\/arhiva\/koja-frizura-je-prava-za-vas-oblik-lica-i-teksturu-kose\/#primaryimage\",\"url\":\"https:\/\/sandzakpress.net\/arhiva\/wp-content\/uploads\/2014\/02\/Curly-Hair-Extensions.jpg\",\"contentUrl\":\"https:\/\/sandzakpress.net\/arhiva\/wp-content\/uploads\/2014\/02\/Curly-Hair-Extensions.jpg\",\"width\":849,\"height\":566},{\"@type\":\"BreadcrumbList\",\"@id\":\"https:\/\/sandzakpress.net\/arhiva\/koja-frizura-je-prava-za-vas-oblik-lica-i-teksturu-kose\/#breadcrumb\",\"itemListElement\":[{\"@type\":\"ListItem\",\"position\":1,\"name\":\"Home\",\"item\":\"https:\/\/sandzakpress.net\/arhiva\/\"},{\"@type\":\"ListItem\",\"position\":2,\"name\":\"Koja frizura je prava za va\u0161 oblik lica i teksturu kose?\"}]},{\"@type\":\"WebSite\",\"@id\":\"https:\/\/sandzakpress.net\/arhiva\/#website\",\"url\":\"https:\/\/sandzakpress.net\/arhiva\/\",\"name\":\"Sand\u017eak PRESS\",\"description\":\"Prve elektronske novine u Sand\u017eaku\",\"publisher\":{\"@id\":\"https:\/\/sandzakpress.net\/arhiva\/#\/schema\/person\/6e72b67d6e51910a1117b3b483ba20bd\"},\"potentialAction\":[{\"@type\":\"SearchAction\",\"target\":{\"@type\":\"EntryPoint\",\"urlTemplate\":\"https:\/\/sandzakpress.net\/arhiva\/?s={search_term_string}\"},\"query-input\":{\"@type\":\"PropertyValueSpecification\",\"valueRequired\":true,\"valueName\":\"search_term_string\"}}],\"inLanguage\":\"bs-BA\"},{\"@type\":[\"Person\",\"Organization\"],\"@id\":\"https:\/\/sandzakpress.net\/arhiva\/#\/schema\/person\/6e72b67d6e51910a1117b3b483ba20bd\",\"name\":\"Kul\",\"image\":{\"@type\":\"ImageObject\",\"inLanguage\":\"bs-BA\",\"@id\":\"https:\/\/sandzakpress.net\/arhiva\/#\/schema\/person\/image\/\",\"url\":\"https:\/\/secure.gravatar.com\/avatar\/42263f39aa27ac04c43cab85c280eb2e?s=96&d=mm&r=pg\",\"contentUrl\":\"https:\/\/secure.gravatar.com\/avatar\/42263f39aa27ac04c43cab85c280eb2e?s=96&d=mm&r=pg\",\"caption\":\"Kul\"},\"logo\":{\"@id\":\"https:\/\/sandzakpress.net\/arhiva\/#\/schema\/person\/image\/\"}},{\"@type\":\"Person\",\"@id\":\"https:\/\/sandzakpress.net\/arhiva\/#\/schema\/person\/c8baee722073534b583ea7bdb2e36c02\",\"name\":\"bosniak\",\"image\":{\"@type\":\"ImageObject\",\"inLanguage\":\"bs-BA\",\"@id\":\"https:\/\/sandzakpress.net\/arhiva\/#\/schema\/person\/image\/\",\"url\":\"https:\/\/secure.gravatar.com\/avatar\/a04fd330bfe3a36a72a0ad4a6d89fca7?s=96&d=mm&r=pg\",\"contentUrl\":\"https:\/\/secure.gravatar.com\/avatar\/a04fd330bfe3a36a72a0ad4a6d89fca7?s=96&d=mm&r=pg\",\"caption\":\"bosniak\"},\"url\":\"https:\/\/sandzakpress.net\/arhiva\/author\/bosniak\/\"}]}<\/script>\n<!-- \/ Yoast SEO Premium plugin. -->","yoast_head_json":{"title":"Koja frizura je prava za va\u0161 oblik lica i teksturu kose?","robots":{"index":"index","follow":"follow","max-snippet":"max-snippet:-1","max-image-preview":"max-image-preview:large","max-video-preview":"max-video-preview:-1"},"canonical":"https:\/\/sandzakpress.net\/arhiva\/koja-frizura-je-prava-za-vas-oblik-lica-i-teksturu-kose\/","og_locale":"bs_BA","og_type":"article","og_title":"Koja frizura je prava za va\u0161 oblik lica i teksturu kose?","og_description":"Vrlo je va\u017eno prilagoditi frizuru teksturi kose i obliku lica. Uz pomo\u0107 savjeta, prona\u0111ite svoju idealnu frizuru! Ravna kosa, okruglo lice Idealna du\u017eina kose je do ramena jer \u0107ete na taj na\u010din vizuelno izdu\u017eiti lice, a guste i ravno pod\u0161i\u0161ane \u0161i\u0161ke istaknu\u0107e vam jagodice. Ravna kosa, \u010detvrtasto lice Kao i kod okruglog lica, idealna du\u017eina [&hellip;]","og_url":"https:\/\/sandzakpress.net\/arhiva\/koja-frizura-je-prava-za-vas-oblik-lica-i-teksturu-kose\/","og_site_name":"Sand\u017eak PRESS","article_published_time":"2014-02-21T16:37:19+00:00","og_image":[{"width":849,"height":566,"url":"https:\/\/sandzakpress.net\/arhiva\/wp-content\/uploads\/2014\/02\/Curly-Hair-Extensions.jpg","type":"image\/jpeg"}],"author":"bosniak","twitter_card":"summary_large_image","twitter_misc":{"Written by":"bosniak","Est. reading time":"2 minute"},"schema":{"@context":"https:\/\/schema.org","@graph":[{"@type":"Article","@id":"https:\/\/sandzakpress.net\/arhiva\/koja-frizura-je-prava-za-vas-oblik-lica-i-teksturu-kose\/#article","isPartOf":{"@id":"https:\/\/sandzakpress.net\/arhiva\/koja-frizura-je-prava-za-vas-oblik-lica-i-teksturu-kose\/"},"author":{"name":"bosniak","@id":"https:\/\/sandzakpress.net\/arhiva\/#\/schema\/person\/c8baee722073534b583ea7bdb2e36c02"},"headline":"Koja frizura je prava za va\u0161 oblik lica i teksturu kose?","datePublished":"2014-02-21T16:37:19+00:00","mainEntityOfPage":{"@id":"https:\/\/sandzakpress.net\/arhiva\/koja-frizura-je-prava-za-vas-oblik-lica-i-teksturu-kose\/"},"wordCount":406,"commentCount":0,"publisher":{"@id":"https:\/\/sandzakpress.net\/arhiva\/#\/schema\/person\/6e72b67d6e51910a1117b3b483ba20bd"},"image":{"@id":"https:\/\/sandzakpress.net\/arhiva\/koja-frizura-je-prava-za-vas-oblik-lica-i-teksturu-kose\/#primaryimage"},"thumbnailUrl":"https:\/\/sandzakpress.net\/arhiva\/wp-content\/uploads\/2014\/02\/Curly-Hair-Extensions.jpg","articleSection":["\u017dena i njen svijet"],"inLanguage":"bs-BA","potentialAction":[{"@type":"CommentAction","name":"Comment","target":["https:\/\/sandzakpress.net\/arhiva\/koja-frizura-je-prava-za-vas-oblik-lica-i-teksturu-kose\/#respond"]}]},{"@type":"WebPage","@id":"https:\/\/sandzakpress.net\/arhiva\/koja-frizura-je-prava-za-vas-oblik-lica-i-teksturu-kose\/","url":"https:\/\/sandzakpress.net\/arhiva\/koja-frizura-je-prava-za-vas-oblik-lica-i-teksturu-kose\/","name":"Koja frizura je prava za va\u0161 oblik lica i teksturu kose?","isPartOf":{"@id":"https:\/\/sandzakpress.net\/arhiva\/#website"},"primaryImageOfPage":{"@id":"https:\/\/sandzakpress.net\/arhiva\/koja-frizura-je-prava-za-vas-oblik-lica-i-teksturu-kose\/#primaryimage"},"image":{"@id":"https:\/\/sandzakpress.net\/arhiva\/koja-frizura-je-prava-za-vas-oblik-lica-i-teksturu-kose\/#primaryimage"},"thumbnailUrl":"https:\/\/sandzakpress.net\/arhiva\/wp-content\/uploads\/2014\/02\/Curly-Hair-Extensions.jpg","datePublished":"2014-02-21T16:37:19+00:00","breadcrumb":{"@id":"https:\/\/sandzakpress.net\/arhiva\/koja-frizura-je-prava-za-vas-oblik-lica-i-teksturu-kose\/#breadcrumb"},"inLanguage":"bs-BA","potentialAction":[{"@type":"ReadAction","target":["https:\/\/sandzakpress.net\/arhiva\/koja-frizura-je-prava-za-vas-oblik-lica-i-teksturu-kose\/"]}]},{"@type":"ImageObject","inLanguage":"bs-BA","@id":"https:\/\/sandzakpress.net\/arhiva\/koja-frizura-je-prava-za-vas-oblik-lica-i-teksturu-kose\/#primaryimage","url":"https:\/\/sandzakpress.net\/arhiva\/wp-content\/uploads\/2014\/02\/Curly-Hair-Extensions.jpg","contentUrl":"https:\/\/sandzakpress.net\/arhiva\/wp-content\/uploads\/2014\/02\/Curly-Hair-Extensions.jpg","width":849,"height":566},{"@type":"BreadcrumbList","@id":"https:\/\/sandzakpress.net\/arhiva\/koja-frizura-je-prava-za-vas-oblik-lica-i-teksturu-kose\/#breadcrumb","itemListElement":[{"@type":"ListItem","position":1,"name":"Home","item":"https:\/\/sandzakpress.net\/arhiva\/"},{"@type":"ListItem","position":2,"name":"Koja frizura je prava za va\u0161 oblik lica i teksturu kose?"}]},{"@type":"WebSite","@id":"https:\/\/sandzakpress.net\/arhiva\/#website","url":"https:\/\/sandzakpress.net\/arhiva\/","name":"Sand\u017eak PRESS","description":"Prve elektronske novine u Sand\u017eaku","publisher":{"@id":"https:\/\/sandzakpress.net\/arhiva\/#\/schema\/person\/6e72b67d6e51910a1117b3b483ba20bd"},"potentialAction":[{"@type":"SearchAction","target":{"@type":"EntryPoint","urlTemplate":"https:\/\/sandzakpress.net\/arhiva\/?s={search_term_string}"},"query-input":{"@type":"PropertyValueSpecification","valueRequired":true,"valueName":"search_term_string"}}],"inLanguage":"bs-BA"},{"@type":["Person","Organization"],"@id":"https:\/\/sandzakpress.net\/arhiva\/#\/schema\/person\/6e72b67d6e51910a1117b3b483ba20bd","name":"Kul","image":{"@type":"ImageObject","inLanguage":"bs-BA","@id":"https:\/\/sandzakpress.net\/arhiva\/#\/schema\/person\/image\/","url":"https:\/\/secure.gravatar.com\/avatar\/42263f39aa27ac04c43cab85c280eb2e?s=96&d=mm&r=pg","contentUrl":"https:\/\/secure.gravatar.com\/avatar\/42263f39aa27ac04c43cab85c280eb2e?s=96&d=mm&r=pg","caption":"Kul"},"logo":{"@id":"https:\/\/sandzakpress.net\/arhiva\/#\/schema\/person\/image\/"}},{"@type":"Person","@id":"https:\/\/sandzakpress.net\/arhiva\/#\/schema\/person\/c8baee722073534b583ea7bdb2e36c02","name":"bosniak","image":{"@type":"ImageObject","inLanguage":"bs-BA","@id":"https:\/\/sandzakpress.net\/arhiva\/#\/schema\/person\/image\/","url":"https:\/\/secure.gravatar.com\/avatar\/a04fd330bfe3a36a72a0ad4a6d89fca7?s=96&d=mm&r=pg","contentUrl":"https:\/\/secure.gravatar.com\/avatar\/a04fd330bfe3a36a72a0ad4a6d89fca7?s=96&d=mm&r=pg","caption":"bosniak"},"url":"https:\/\/sandzakpress.net\/arhiva\/author\/bosniak\/"}]}},"_links":{"self":[{"href":"https:\/\/sandzakpress.net\/arhiva\/wp-json\/wp\/v2\/posts\/101918"}],"collection":[{"href":"https:\/\/sandzakpress.net\/arhiva\/wp-json\/wp\/v2\/posts"}],"about":[{"href":"https:\/\/sandzakpress.net\/arhiva\/wp-json\/wp\/v2\/types\/post"}],"author":[{"embeddable":true,"href":"https:\/\/sandzakpress.net\/arhiva\/wp-json\/wp\/v2\/users\/83"}],"replies":[{"embeddable":true,"href":"https:\/\/sandzakpress.net\/arhiva\/wp-json\/wp\/v2\/comments?post=101918"}],"version-history":[{"count":0,"href":"https:\/\/sandzakpress.net\/arhiva\/wp-json\/wp\/v2\/posts\/101918\/revisions"}],"wp:featuredmedia":[{"embeddable":true,"href":"https:\/\/sandzakpress.net\/arhiva\/wp-json\/wp\/v2\/media\/101919"}],"wp:attachment":[{"href":"https:\/\/sandzakpress.net\/arhiva\/wp-json\/wp\/v2\/media?parent=101918"}],"wp:term":[{"taxonomy":"category","embeddable":true,"href":"https:\/\/sandzakpress.net\/arhiva\/wp-json\/wp\/v2\/categories?post=101918"},{"taxonomy":"post_tag","embeddable":true,"href":"https:\/\/sandzakpress.net\/arhiva\/wp-json\/wp\/v2\/tags?post=101918"}],"curies":[{"name":"wp","href":"https:\/\/api.w.org\/{rel}","templated":true}]}}