{"id":101866,"date":"2014-02-20T22:12:18","date_gmt":"2014-02-20T21:12:18","guid":{"rendered":"https:\/\/sandzakpress.net\/arhiva\/?p=101866"},"modified":"2014-02-20T22:12:18","modified_gmt":"2014-02-20T21:12:18","slug":"alivodic-mec-u-pazaru-odreduje-tok-super-lige","status":"publish","type":"post","link":"https:\/\/sandzakpress.net\/arhiva\/alivodic-mec-u-pazaru-odreduje-tok-super-lige\/","title":{"rendered":"Alivodi\u0107: Me\u010d u Pazaru odre\u0111uje tok Super lige"},"content":{"rendered":"<p><strong><img loading=\"lazy\" decoding=\"async\" class=\"alignleft\" style=\"width: 310px; height: auto;\" alt=\"Alivodi\u0107: Me\u010d u Pazaru odre\u0111uje tok Super lige\" src=\"http:\/\/www.radiostoplus.com\/media\/k2\/items\/cache\/1878a02e18ae4f7cd78d920950310d34_M.jpg\" width=\"310\" height=\"192\" \/>Novi Pazar &#8211;\u00a0Fudbaler Vojvodine Enver Alivodi\u0107 izjavio je danas da \u0107e subotnja utakmica izme\u0111u Novog Pazara i Partizana biti veoma zna\u010dajna za dalji tok Super lige Srbije.<\/strong><\/p>\n<p>&#8220;Crno-beli na startu prolje\u0107nog dijela imaju te\u017eak zadatak. Novi Pazar se stabilizovao, na \u010delo kluba do\u0161ao je \u010dovek koji zna \u0161ta ho\u0107e i imaju \u0161ansu da se bore za izlazak u Evropu. Od te utakmice puno toga zavisi&#8221;, rekao je Alivodi\u0107 radiju Sto plus.<\/p>\n<p>Ovaj 29-godi\u0161nji Novopazarac ocijenio je da \u0107e se Partizan i Crvena zvezda ravnopravno boriti za titulu.<\/p>\n<p>&#8220;Partizan ima minimalnu prednost, a tokom zimskog prelaznog roka doveo je najbolje \u0161to je nudilo doma\u0107e tr\u017ei\u0161te. Mislim da \u0107e borba za prvo mjesto biti neizvesna, ali sigurno je da oba kandidata za titulu ne\u0107e lako pobe\u0111ivati&#8221;, kazao je Alivodi\u0107.<\/p>\n<p>Novosa\u0111ani \u0107e u subotu od 13.30, u utakmici 16. kola Super lige, gostovati Donjem Sremu iz Pe\u0107inaca.<\/p>\n<p>&#8220;Idemo ekipi koja se bori za opstanak, \u0161to zna\u010di da ne\u0107e biti lako. Jesenas je Donji Srem uspeo da nas iznenadi i sa\u010duva mre\u017eu na na\u0161em stadionu. Osim toga, uvijek je u drugom dijelu sezone te\u017ee osvajati bodove&#8221;, ocijenio je Alivodi\u0107.<\/p>\n<p>Vojvodina je peta na na tabeli sa 24 boda, devet manje od vode\u0107eg Partizana, dok je Donji Srem pretposlednji sa 14 bodova.<\/p>\n<p>&#8220;Proba\u0107emo da, uprkos odlascima nekih va\u017enih igra\u010da, budemo bolji u nastavku prvenstva. Ne bih da obe\u0107avam puno, ali \u0107emo sigurno poku\u0161ati da osvojimo Kup Srbije. Ipak, i preostala tri tima vide svoju \u0161ansu, posebno jer dva na\u0161a najve\u0107a kluba nisu vi\u0161e u igri za trofej u najmasovnijem takmi\u010denju&#8221;, kazao je Alivodi\u0107.<\/p>\n<p>On je tokom jeseni odigrao 26 utakmica u svim takmi\u010denjima, a zabele\u017eio je sedam golova i \u0161est asistencija.<\/p>\n<p>&#8220;Imao sam nekoliko ponuda, ali je maksimalno korektan odnos sportskog menad\u017eera kluba Zorana Pavlovi\u0107a uticao da ne razmi\u0161ljam ozbiljno o odlasku&#8221;, rekao je Alivodi\u0107.<\/p>\n<p>(radio100+)<\/p>\n","protected":false},"excerpt":{"rendered":"<p>Novi Pazar &#8211;\u00a0Fudbaler Vojvodine Enver Alivodi\u0107 izjavio je danas da \u0107e subotnja utakmica izme\u0111u Novog Pazara i Partizana biti veoma zna\u010dajna za dalji tok Super lige Srbije. &#8220;Crno-beli na startu prolje\u0107nog dijela imaju te\u017eak zadatak. Novi Pazar se stabilizovao, na \u010delo kluba do\u0161ao je \u010dovek koji zna \u0161ta ho\u0107e i imaju \u0161ansu da se bore [&hellip;]<\/p>\n","protected":false},"author":83,"featured_media":101867,"comment_status":"open","ping_status":"open","sticky":false,"template":"","format":"standard","meta":{"footnotes":""},"categories":[72,13],"tags":[],"class_list":{"0":"post-101866","1":"post","2":"type-post","3":"status-publish","4":"format-standard","5":"has-post-thumbnail","7":"category-novi-pazar","8":"category-sport"},"yoast_head":"<!-- This site is optimized with the Yoast SEO Premium plugin v23.1 (Yoast SEO v24.9) - https:\/\/yoast.com\/wordpress\/plugins\/seo\/ -->\n<title>Alivodi\u0107: Me\u010d u Pazaru odre\u0111uje tok Super lige<\/title>\n<meta name=\"robots\" content=\"index, follow, max-snippet:-1, max-image-preview:large, max-video-preview:-1\" \/>\n<link rel=\"canonical\" href=\"https:\/\/sandzakpress.net\/arhiva\/alivodic-mec-u-pazaru-odreduje-tok-super-lige\/\" \/>\n<meta property=\"og:locale\" content=\"bs_BA\" \/>\n<meta property=\"og:type\" content=\"article\" \/>\n<meta property=\"og:title\" content=\"Alivodi\u0107: Me\u010d u Pazaru odre\u0111uje tok Super lige\" \/>\n<meta property=\"og:description\" content=\"Novi Pazar &#8211;\u00a0Fudbaler Vojvodine Enver Alivodi\u0107 izjavio je danas da \u0107e subotnja utakmica izme\u0111u Novog Pazara i Partizana biti veoma zna\u010dajna za dalji tok Super lige Srbije. &#8220;Crno-beli na startu prolje\u0107nog dijela imaju te\u017eak zadatak. Novi Pazar se stabilizovao, na \u010delo kluba do\u0161ao je \u010dovek koji zna \u0161ta ho\u0107e i imaju \u0161ansu da se bore [&hellip;]\" \/>\n<meta property=\"og:url\" content=\"https:\/\/sandzakpress.net\/arhiva\/alivodic-mec-u-pazaru-odreduje-tok-super-lige\/\" \/>\n<meta property=\"og:site_name\" content=\"Sand\u017eak PRESS\" \/>\n<meta property=\"article:published_time\" content=\"2014-02-20T21:12:18+00:00\" \/>\n<meta property=\"og:image\" content=\"https:\/\/sandzakpress.net\/arhiva\/wp-content\/uploads\/2014\/02\/1878a02e18ae4f7cd78d920950310d34_M.jpg\" \/>\n\t<meta property=\"og:image:width\" content=\"310\" \/>\n\t<meta property=\"og:image:height\" content=\"192\" \/>\n\t<meta property=\"og:image:type\" content=\"image\/jpeg\" \/>\n<meta name=\"author\" content=\"bosniak\" \/>\n<meta name=\"twitter:card\" content=\"summary_large_image\" \/>\n<meta name=\"twitter:label1\" content=\"Written by\" \/>\n\t<meta name=\"twitter:data1\" content=\"bosniak\" \/>\n\t<meta name=\"twitter:label2\" content=\"Est. reading time\" \/>\n\t<meta name=\"twitter:data2\" content=\"2 minute\" \/>\n<script type=\"application\/ld+json\" class=\"yoast-schema-graph\">{\"@context\":\"https:\/\/schema.org\",\"@graph\":[{\"@type\":\"Article\",\"@id\":\"https:\/\/sandzakpress.net\/arhiva\/alivodic-mec-u-pazaru-odreduje-tok-super-lige\/#article\",\"isPartOf\":{\"@id\":\"https:\/\/sandzakpress.net\/arhiva\/alivodic-mec-u-pazaru-odreduje-tok-super-lige\/\"},\"author\":{\"name\":\"bosniak\",\"@id\":\"https:\/\/sandzakpress.net\/arhiva\/#\/schema\/person\/c8baee722073534b583ea7bdb2e36c02\"},\"headline\":\"Alivodi\u0107: Me\u010d u Pazaru odre\u0111uje tok Super lige\",\"datePublished\":\"2014-02-20T21:12:18+00:00\",\"mainEntityOfPage\":{\"@id\":\"https:\/\/sandzakpress.net\/arhiva\/alivodic-mec-u-pazaru-odreduje-tok-super-lige\/\"},\"wordCount\":341,\"commentCount\":0,\"publisher\":{\"@id\":\"https:\/\/sandzakpress.net\/arhiva\/#\/schema\/person\/6e72b67d6e51910a1117b3b483ba20bd\"},\"image\":{\"@id\":\"https:\/\/sandzakpress.net\/arhiva\/alivodic-mec-u-pazaru-odreduje-tok-super-lige\/#primaryimage\"},\"thumbnailUrl\":\"https:\/\/sandzakpress.net\/arhiva\/wp-content\/uploads\/2014\/02\/1878a02e18ae4f7cd78d920950310d34_M.jpg\",\"articleSection\":[\"Novi Pazar\",\"Sport\"],\"inLanguage\":\"bs-BA\",\"potentialAction\":[{\"@type\":\"CommentAction\",\"name\":\"Comment\",\"target\":[\"https:\/\/sandzakpress.net\/arhiva\/alivodic-mec-u-pazaru-odreduje-tok-super-lige\/#respond\"]}]},{\"@type\":\"WebPage\",\"@id\":\"https:\/\/sandzakpress.net\/arhiva\/alivodic-mec-u-pazaru-odreduje-tok-super-lige\/\",\"url\":\"https:\/\/sandzakpress.net\/arhiva\/alivodic-mec-u-pazaru-odreduje-tok-super-lige\/\",\"name\":\"Alivodi\u0107: Me\u010d u Pazaru odre\u0111uje tok Super lige\",\"isPartOf\":{\"@id\":\"https:\/\/sandzakpress.net\/arhiva\/#website\"},\"primaryImageOfPage\":{\"@id\":\"https:\/\/sandzakpress.net\/arhiva\/alivodic-mec-u-pazaru-odreduje-tok-super-lige\/#primaryimage\"},\"image\":{\"@id\":\"https:\/\/sandzakpress.net\/arhiva\/alivodic-mec-u-pazaru-odreduje-tok-super-lige\/#primaryimage\"},\"thumbnailUrl\":\"https:\/\/sandzakpress.net\/arhiva\/wp-content\/uploads\/2014\/02\/1878a02e18ae4f7cd78d920950310d34_M.jpg\",\"datePublished\":\"2014-02-20T21:12:18+00:00\",\"breadcrumb\":{\"@id\":\"https:\/\/sandzakpress.net\/arhiva\/alivodic-mec-u-pazaru-odreduje-tok-super-lige\/#breadcrumb\"},\"inLanguage\":\"bs-BA\",\"potentialAction\":[{\"@type\":\"ReadAction\",\"target\":[\"https:\/\/sandzakpress.net\/arhiva\/alivodic-mec-u-pazaru-odreduje-tok-super-lige\/\"]}]},{\"@type\":\"ImageObject\",\"inLanguage\":\"bs-BA\",\"@id\":\"https:\/\/sandzakpress.net\/arhiva\/alivodic-mec-u-pazaru-odreduje-tok-super-lige\/#primaryimage\",\"url\":\"https:\/\/sandzakpress.net\/arhiva\/wp-content\/uploads\/2014\/02\/1878a02e18ae4f7cd78d920950310d34_M.jpg\",\"contentUrl\":\"https:\/\/sandzakpress.net\/arhiva\/wp-content\/uploads\/2014\/02\/1878a02e18ae4f7cd78d920950310d34_M.jpg\",\"width\":310,\"height\":192},{\"@type\":\"BreadcrumbList\",\"@id\":\"https:\/\/sandzakpress.net\/arhiva\/alivodic-mec-u-pazaru-odreduje-tok-super-lige\/#breadcrumb\",\"itemListElement\":[{\"@type\":\"ListItem\",\"position\":1,\"name\":\"Home\",\"item\":\"https:\/\/sandzakpress.net\/arhiva\/\"},{\"@type\":\"ListItem\",\"position\":2,\"name\":\"Alivodi\u0107: Me\u010d u Pazaru odre\u0111uje tok Super lige\"}]},{\"@type\":\"WebSite\",\"@id\":\"https:\/\/sandzakpress.net\/arhiva\/#website\",\"url\":\"https:\/\/sandzakpress.net\/arhiva\/\",\"name\":\"Sand\u017eak PRESS\",\"description\":\"Prve elektronske novine u Sand\u017eaku\",\"publisher\":{\"@id\":\"https:\/\/sandzakpress.net\/arhiva\/#\/schema\/person\/6e72b67d6e51910a1117b3b483ba20bd\"},\"potentialAction\":[{\"@type\":\"SearchAction\",\"target\":{\"@type\":\"EntryPoint\",\"urlTemplate\":\"https:\/\/sandzakpress.net\/arhiva\/?s={search_term_string}\"},\"query-input\":{\"@type\":\"PropertyValueSpecification\",\"valueRequired\":true,\"valueName\":\"search_term_string\"}}],\"inLanguage\":\"bs-BA\"},{\"@type\":[\"Person\",\"Organization\"],\"@id\":\"https:\/\/sandzakpress.net\/arhiva\/#\/schema\/person\/6e72b67d6e51910a1117b3b483ba20bd\",\"name\":\"Kul\",\"image\":{\"@type\":\"ImageObject\",\"inLanguage\":\"bs-BA\",\"@id\":\"https:\/\/sandzakpress.net\/arhiva\/#\/schema\/person\/image\/\",\"url\":\"https:\/\/secure.gravatar.com\/avatar\/42263f39aa27ac04c43cab85c280eb2e?s=96&d=mm&r=pg\",\"contentUrl\":\"https:\/\/secure.gravatar.com\/avatar\/42263f39aa27ac04c43cab85c280eb2e?s=96&d=mm&r=pg\",\"caption\":\"Kul\"},\"logo\":{\"@id\":\"https:\/\/sandzakpress.net\/arhiva\/#\/schema\/person\/image\/\"}},{\"@type\":\"Person\",\"@id\":\"https:\/\/sandzakpress.net\/arhiva\/#\/schema\/person\/c8baee722073534b583ea7bdb2e36c02\",\"name\":\"bosniak\",\"image\":{\"@type\":\"ImageObject\",\"inLanguage\":\"bs-BA\",\"@id\":\"https:\/\/sandzakpress.net\/arhiva\/#\/schema\/person\/image\/\",\"url\":\"https:\/\/secure.gravatar.com\/avatar\/a04fd330bfe3a36a72a0ad4a6d89fca7?s=96&d=mm&r=pg\",\"contentUrl\":\"https:\/\/secure.gravatar.com\/avatar\/a04fd330bfe3a36a72a0ad4a6d89fca7?s=96&d=mm&r=pg\",\"caption\":\"bosniak\"},\"url\":\"https:\/\/sandzakpress.net\/arhiva\/author\/bosniak\/\"}]}<\/script>\n<!-- \/ Yoast SEO Premium plugin. -->","yoast_head_json":{"title":"Alivodi\u0107: Me\u010d u Pazaru odre\u0111uje tok Super lige","robots":{"index":"index","follow":"follow","max-snippet":"max-snippet:-1","max-image-preview":"max-image-preview:large","max-video-preview":"max-video-preview:-1"},"canonical":"https:\/\/sandzakpress.net\/arhiva\/alivodic-mec-u-pazaru-odreduje-tok-super-lige\/","og_locale":"bs_BA","og_type":"article","og_title":"Alivodi\u0107: Me\u010d u Pazaru odre\u0111uje tok Super lige","og_description":"Novi Pazar &#8211;\u00a0Fudbaler Vojvodine Enver Alivodi\u0107 izjavio je danas da \u0107e subotnja utakmica izme\u0111u Novog Pazara i Partizana biti veoma zna\u010dajna za dalji tok Super lige Srbije. &#8220;Crno-beli na startu prolje\u0107nog dijela imaju te\u017eak zadatak. Novi Pazar se stabilizovao, na \u010delo kluba do\u0161ao je \u010dovek koji zna \u0161ta ho\u0107e i imaju \u0161ansu da se bore [&hellip;]","og_url":"https:\/\/sandzakpress.net\/arhiva\/alivodic-mec-u-pazaru-odreduje-tok-super-lige\/","og_site_name":"Sand\u017eak PRESS","article_published_time":"2014-02-20T21:12:18+00:00","og_image":[{"width":310,"height":192,"url":"https:\/\/sandzakpress.net\/arhiva\/wp-content\/uploads\/2014\/02\/1878a02e18ae4f7cd78d920950310d34_M.jpg","type":"image\/jpeg"}],"author":"bosniak","twitter_card":"summary_large_image","twitter_misc":{"Written by":"bosniak","Est. reading time":"2 minute"},"schema":{"@context":"https:\/\/schema.org","@graph":[{"@type":"Article","@id":"https:\/\/sandzakpress.net\/arhiva\/alivodic-mec-u-pazaru-odreduje-tok-super-lige\/#article","isPartOf":{"@id":"https:\/\/sandzakpress.net\/arhiva\/alivodic-mec-u-pazaru-odreduje-tok-super-lige\/"},"author":{"name":"bosniak","@id":"https:\/\/sandzakpress.net\/arhiva\/#\/schema\/person\/c8baee722073534b583ea7bdb2e36c02"},"headline":"Alivodi\u0107: Me\u010d u Pazaru odre\u0111uje tok Super lige","datePublished":"2014-02-20T21:12:18+00:00","mainEntityOfPage":{"@id":"https:\/\/sandzakpress.net\/arhiva\/alivodic-mec-u-pazaru-odreduje-tok-super-lige\/"},"wordCount":341,"commentCount":0,"publisher":{"@id":"https:\/\/sandzakpress.net\/arhiva\/#\/schema\/person\/6e72b67d6e51910a1117b3b483ba20bd"},"image":{"@id":"https:\/\/sandzakpress.net\/arhiva\/alivodic-mec-u-pazaru-odreduje-tok-super-lige\/#primaryimage"},"thumbnailUrl":"https:\/\/sandzakpress.net\/arhiva\/wp-content\/uploads\/2014\/02\/1878a02e18ae4f7cd78d920950310d34_M.jpg","articleSection":["Novi Pazar","Sport"],"inLanguage":"bs-BA","potentialAction":[{"@type":"CommentAction","name":"Comment","target":["https:\/\/sandzakpress.net\/arhiva\/alivodic-mec-u-pazaru-odreduje-tok-super-lige\/#respond"]}]},{"@type":"WebPage","@id":"https:\/\/sandzakpress.net\/arhiva\/alivodic-mec-u-pazaru-odreduje-tok-super-lige\/","url":"https:\/\/sandzakpress.net\/arhiva\/alivodic-mec-u-pazaru-odreduje-tok-super-lige\/","name":"Alivodi\u0107: Me\u010d u Pazaru odre\u0111uje tok Super lige","isPartOf":{"@id":"https:\/\/sandzakpress.net\/arhiva\/#website"},"primaryImageOfPage":{"@id":"https:\/\/sandzakpress.net\/arhiva\/alivodic-mec-u-pazaru-odreduje-tok-super-lige\/#primaryimage"},"image":{"@id":"https:\/\/sandzakpress.net\/arhiva\/alivodic-mec-u-pazaru-odreduje-tok-super-lige\/#primaryimage"},"thumbnailUrl":"https:\/\/sandzakpress.net\/arhiva\/wp-content\/uploads\/2014\/02\/1878a02e18ae4f7cd78d920950310d34_M.jpg","datePublished":"2014-02-20T21:12:18+00:00","breadcrumb":{"@id":"https:\/\/sandzakpress.net\/arhiva\/alivodic-mec-u-pazaru-odreduje-tok-super-lige\/#breadcrumb"},"inLanguage":"bs-BA","potentialAction":[{"@type":"ReadAction","target":["https:\/\/sandzakpress.net\/arhiva\/alivodic-mec-u-pazaru-odreduje-tok-super-lige\/"]}]},{"@type":"ImageObject","inLanguage":"bs-BA","@id":"https:\/\/sandzakpress.net\/arhiva\/alivodic-mec-u-pazaru-odreduje-tok-super-lige\/#primaryimage","url":"https:\/\/sandzakpress.net\/arhiva\/wp-content\/uploads\/2014\/02\/1878a02e18ae4f7cd78d920950310d34_M.jpg","contentUrl":"https:\/\/sandzakpress.net\/arhiva\/wp-content\/uploads\/2014\/02\/1878a02e18ae4f7cd78d920950310d34_M.jpg","width":310,"height":192},{"@type":"BreadcrumbList","@id":"https:\/\/sandzakpress.net\/arhiva\/alivodic-mec-u-pazaru-odreduje-tok-super-lige\/#breadcrumb","itemListElement":[{"@type":"ListItem","position":1,"name":"Home","item":"https:\/\/sandzakpress.net\/arhiva\/"},{"@type":"ListItem","position":2,"name":"Alivodi\u0107: Me\u010d u Pazaru odre\u0111uje tok Super lige"}]},{"@type":"WebSite","@id":"https:\/\/sandzakpress.net\/arhiva\/#website","url":"https:\/\/sandzakpress.net\/arhiva\/","name":"Sand\u017eak PRESS","description":"Prve elektronske novine u Sand\u017eaku","publisher":{"@id":"https:\/\/sandzakpress.net\/arhiva\/#\/schema\/person\/6e72b67d6e51910a1117b3b483ba20bd"},"potentialAction":[{"@type":"SearchAction","target":{"@type":"EntryPoint","urlTemplate":"https:\/\/sandzakpress.net\/arhiva\/?s={search_term_string}"},"query-input":{"@type":"PropertyValueSpecification","valueRequired":true,"valueName":"search_term_string"}}],"inLanguage":"bs-BA"},{"@type":["Person","Organization"],"@id":"https:\/\/sandzakpress.net\/arhiva\/#\/schema\/person\/6e72b67d6e51910a1117b3b483ba20bd","name":"Kul","image":{"@type":"ImageObject","inLanguage":"bs-BA","@id":"https:\/\/sandzakpress.net\/arhiva\/#\/schema\/person\/image\/","url":"https:\/\/secure.gravatar.com\/avatar\/42263f39aa27ac04c43cab85c280eb2e?s=96&d=mm&r=pg","contentUrl":"https:\/\/secure.gravatar.com\/avatar\/42263f39aa27ac04c43cab85c280eb2e?s=96&d=mm&r=pg","caption":"Kul"},"logo":{"@id":"https:\/\/sandzakpress.net\/arhiva\/#\/schema\/person\/image\/"}},{"@type":"Person","@id":"https:\/\/sandzakpress.net\/arhiva\/#\/schema\/person\/c8baee722073534b583ea7bdb2e36c02","name":"bosniak","image":{"@type":"ImageObject","inLanguage":"bs-BA","@id":"https:\/\/sandzakpress.net\/arhiva\/#\/schema\/person\/image\/","url":"https:\/\/secure.gravatar.com\/avatar\/a04fd330bfe3a36a72a0ad4a6d89fca7?s=96&d=mm&r=pg","contentUrl":"https:\/\/secure.gravatar.com\/avatar\/a04fd330bfe3a36a72a0ad4a6d89fca7?s=96&d=mm&r=pg","caption":"bosniak"},"url":"https:\/\/sandzakpress.net\/arhiva\/author\/bosniak\/"}]}},"_links":{"self":[{"href":"https:\/\/sandzakpress.net\/arhiva\/wp-json\/wp\/v2\/posts\/101866"}],"collection":[{"href":"https:\/\/sandzakpress.net\/arhiva\/wp-json\/wp\/v2\/posts"}],"about":[{"href":"https:\/\/sandzakpress.net\/arhiva\/wp-json\/wp\/v2\/types\/post"}],"author":[{"embeddable":true,"href":"https:\/\/sandzakpress.net\/arhiva\/wp-json\/wp\/v2\/users\/83"}],"replies":[{"embeddable":true,"href":"https:\/\/sandzakpress.net\/arhiva\/wp-json\/wp\/v2\/comments?post=101866"}],"version-history":[{"count":0,"href":"https:\/\/sandzakpress.net\/arhiva\/wp-json\/wp\/v2\/posts\/101866\/revisions"}],"wp:featuredmedia":[{"embeddable":true,"href":"https:\/\/sandzakpress.net\/arhiva\/wp-json\/wp\/v2\/media\/101867"}],"wp:attachment":[{"href":"https:\/\/sandzakpress.net\/arhiva\/wp-json\/wp\/v2\/media?parent=101866"}],"wp:term":[{"taxonomy":"category","embeddable":true,"href":"https:\/\/sandzakpress.net\/arhiva\/wp-json\/wp\/v2\/categories?post=101866"},{"taxonomy":"post_tag","embeddable":true,"href":"https:\/\/sandzakpress.net\/arhiva\/wp-json\/wp\/v2\/tags?post=101866"}],"curies":[{"name":"wp","href":"https:\/\/api.w.org\/{rel}","templated":true}]}}