{"id":101776,"date":"2014-02-19T17:31:53","date_gmt":"2014-02-19T16:31:53","guid":{"rendered":"https:\/\/sandzakpress.net\/arhiva\/?p=101776"},"modified":"2014-02-19T17:31:53","modified_gmt":"2014-02-19T16:31:53","slug":"reis-kavazovic-porucio-ugljanin-i-ljajic-moraju-doprinijeti-jedinstvu-islamske-zajednice","status":"publish","type":"post","link":"https:\/\/sandzakpress.net\/arhiva\/reis-kavazovic-porucio-ugljanin-i-ljajic-moraju-doprinijeti-jedinstvu-islamske-zajednice\/","title":{"rendered":"Reis Kavazovi\u0107 poru\u010dio: &#8216;Ugljanin i Ljaji\u0107 moraju doprinijeti jedinstvu Islamske zajednice&#8217;"},"content":{"rendered":"<p><span style=\"font-size: 14px; line-height: 1.5em;\"><strong><img loading=\"lazy\" decoding=\"async\" class=\"alignleft size-medium wp-image-101777\" alt=\"DSC_0513\" src=\"https:\/\/sandzakpress.net\/arhiva\/wp-content\/uploads\/2014\/02\/DSC_0513-300x220.jpg\" width=\"300\" height=\"220\" \/>Novi Pazar &#8211; Nakon uspje\u0161nog vo\u0111stva muftije Muamera ef. Zukroli\u0107a i jake borbe za prava Bo\u0161njaka, emanet je preuzeo Mevlud ef. Dudi\u0107. U otvaranje nove etape ka ujedinjenju Bo\u0161njaka moraju u\u010destvovati svi muslimani, kazao je reis Husein ef. Kavazovi\u0107.<\/strong><!--more--><\/span><\/p>\n<p>\u201eOd prvog \u010dovjeka ne zavisi sve ali u kreiranju procesa mora u\u010destvovati vjerski poglavar. Izborom novog predsjednika na \u010delu Islamske zajednice u Srbiji \u017eelimo i ostaviti po strani sve negativne stvari i turbolencije koje su se de\u0161avale Bo\u0161njacima u posljednje vrijeme, a to su ove podjele koje imamo. Uz sna\u017eno vo\u0111stvo predstavnika Islamske zajednice nadamo se da \u0107e do\u0107i do jedinstva muslimana\u201c, istakao je reis Kavazovi\u0107.<\/p>\n<p>Reis je pozvao Sulejmana Ugljanina i Rasima Ljaji\u0107a da doprinesu jedinstvu muslimana.<\/p>\n<p>\u201eKao vjerski poglavar du\u017ean sam ih pozvati da se ujedinimo. Njihova odgovornost je velika kada je u pitanju podjela Bo\u0161njaka ali ne i presudna. O svemu trebaju da odlu\u010duju samo muslimani\u201c, naglasio je Kavazovi\u0107.<\/p>\n<p>Kada je u pitanju odnos Bosne i Hercegovine prema Bo\u0161njacima Sand\u017eaka, reis je u izjavi za Sand\u017eak televiziju kazao da je to jedna zajednica.<\/p>\n<p><strong>Meka De\u010dkovi\u0107 (Sandzak.TV)<\/strong><\/p>\n","protected":false},"excerpt":{"rendered":"<p>Novi Pazar &#8211; Nakon uspje\u0161nog vo\u0111stva muftije Muamera ef. Zukroli\u0107a i jake borbe za prava Bo\u0161njaka, emanet je preuzeo Mevlud ef. Dudi\u0107. U otvaranje nove etape ka ujedinjenju Bo\u0161njaka moraju u\u010destvovati svi muslimani, kazao je reis Husein ef. Kavazovi\u0107.<\/p>\n","protected":false},"author":83,"featured_media":101778,"comment_status":"open","ping_status":"open","sticky":false,"template":"","format":"standard","meta":{"footnotes":""},"categories":[72,802,8957],"tags":[10204,10232,10271],"class_list":{"0":"post-101776","1":"post","2":"type-post","3":"status-publish","4":"format-standard","5":"has-post-thumbnail","7":"category-novi-pazar","8":"category-islamska_zajednica","9":"category-vijesti-dana","10":"tag-muftija-muamer-zukorlic","11":"tag-reisu-l-uleme-husein-kavazovic","12":"tag-mevlud-dudic"},"yoast_head":"<!-- This site is optimized with the Yoast SEO Premium plugin v23.1 (Yoast SEO v24.9) - https:\/\/yoast.com\/wordpress\/plugins\/seo\/ -->\n<title>Reis Kavazovi\u0107 poru\u010dio: &#039;Ugljanin i Ljaji\u0107 moraju doprinijeti jedinstvu Islamske zajednice&#039;<\/title>\n<meta name=\"robots\" content=\"index, follow, max-snippet:-1, max-image-preview:large, max-video-preview:-1\" \/>\n<link rel=\"canonical\" href=\"https:\/\/sandzakpress.net\/arhiva\/reis-kavazovic-porucio-ugljanin-i-ljajic-moraju-doprinijeti-jedinstvu-islamske-zajednice\/\" \/>\n<meta property=\"og:locale\" content=\"bs_BA\" \/>\n<meta property=\"og:type\" content=\"article\" \/>\n<meta property=\"og:title\" content=\"Reis Kavazovi\u0107 poru\u010dio: &#039;Ugljanin i Ljaji\u0107 moraju doprinijeti jedinstvu Islamske zajednice&#039;\" \/>\n<meta property=\"og:description\" content=\"Novi Pazar &#8211; Nakon uspje\u0161nog vo\u0111stva muftije Muamera ef. Zukroli\u0107a i jake borbe za prava Bo\u0161njaka, emanet je preuzeo Mevlud ef. Dudi\u0107. U otvaranje nove etape ka ujedinjenju Bo\u0161njaka moraju u\u010destvovati svi muslimani, kazao je reis Husein ef. Kavazovi\u0107.\" \/>\n<meta property=\"og:url\" content=\"https:\/\/sandzakpress.net\/arhiva\/reis-kavazovic-porucio-ugljanin-i-ljajic-moraju-doprinijeti-jedinstvu-islamske-zajednice\/\" \/>\n<meta property=\"og:site_name\" content=\"Sand\u017eak PRESS\" \/>\n<meta property=\"article:published_time\" content=\"2014-02-19T16:31:53+00:00\" \/>\n<meta property=\"og:image\" content=\"https:\/\/sandzakpress.net\/arhiva\/wp-content\/uploads\/2014\/02\/DSC_0513-300x2201.jpg\" \/>\n\t<meta property=\"og:image:width\" content=\"300\" \/>\n\t<meta property=\"og:image:height\" content=\"220\" \/>\n\t<meta property=\"og:image:type\" content=\"image\/jpeg\" \/>\n<meta name=\"author\" content=\"bosniak\" \/>\n<meta name=\"twitter:card\" content=\"summary_large_image\" \/>\n<meta name=\"twitter:label1\" content=\"Written by\" \/>\n\t<meta name=\"twitter:data1\" content=\"bosniak\" \/>\n\t<meta name=\"twitter:label2\" content=\"Est. reading time\" \/>\n\t<meta name=\"twitter:data2\" content=\"1 minuta\" \/>\n<script type=\"application\/ld+json\" class=\"yoast-schema-graph\">{\"@context\":\"https:\/\/schema.org\",\"@graph\":[{\"@type\":\"Article\",\"@id\":\"https:\/\/sandzakpress.net\/arhiva\/reis-kavazovic-porucio-ugljanin-i-ljajic-moraju-doprinijeti-jedinstvu-islamske-zajednice\/#article\",\"isPartOf\":{\"@id\":\"https:\/\/sandzakpress.net\/arhiva\/reis-kavazovic-porucio-ugljanin-i-ljajic-moraju-doprinijeti-jedinstvu-islamske-zajednice\/\"},\"author\":{\"name\":\"bosniak\",\"@id\":\"https:\/\/sandzakpress.net\/arhiva\/#\/schema\/person\/c8baee722073534b583ea7bdb2e36c02\"},\"headline\":\"Reis Kavazovi\u0107 poru\u010dio: &#8216;Ugljanin i Ljaji\u0107 moraju doprinijeti jedinstvu Islamske zajednice&#8217;\",\"datePublished\":\"2014-02-19T16:31:53+00:00\",\"mainEntityOfPage\":{\"@id\":\"https:\/\/sandzakpress.net\/arhiva\/reis-kavazovic-porucio-ugljanin-i-ljajic-moraju-doprinijeti-jedinstvu-islamske-zajednice\/\"},\"wordCount\":211,\"commentCount\":17,\"publisher\":{\"@id\":\"https:\/\/sandzakpress.net\/arhiva\/#\/schema\/person\/6e72b67d6e51910a1117b3b483ba20bd\"},\"image\":{\"@id\":\"https:\/\/sandzakpress.net\/arhiva\/reis-kavazovic-porucio-ugljanin-i-ljajic-moraju-doprinijeti-jedinstvu-islamske-zajednice\/#primaryimage\"},\"thumbnailUrl\":\"https:\/\/sandzakpress.net\/arhiva\/wp-content\/uploads\/2014\/02\/DSC_0513-300x2201.jpg\",\"keywords\":[\"muftija Muamer Zukorli\u0107\",\"Reisu-l-uleme Husein Kavazovi\u0107\",\"Mevlud Dudi\u0107\"],\"articleSection\":[\"Novi Pazar\",\"Islamska zajednica\",\"VIJESTI DANA\"],\"inLanguage\":\"bs-BA\",\"potentialAction\":[{\"@type\":\"CommentAction\",\"name\":\"Comment\",\"target\":[\"https:\/\/sandzakpress.net\/arhiva\/reis-kavazovic-porucio-ugljanin-i-ljajic-moraju-doprinijeti-jedinstvu-islamske-zajednice\/#respond\"]}]},{\"@type\":\"WebPage\",\"@id\":\"https:\/\/sandzakpress.net\/arhiva\/reis-kavazovic-porucio-ugljanin-i-ljajic-moraju-doprinijeti-jedinstvu-islamske-zajednice\/\",\"url\":\"https:\/\/sandzakpress.net\/arhiva\/reis-kavazovic-porucio-ugljanin-i-ljajic-moraju-doprinijeti-jedinstvu-islamske-zajednice\/\",\"name\":\"Reis Kavazovi\u0107 poru\u010dio: 'Ugljanin i Ljaji\u0107 moraju doprinijeti jedinstvu Islamske zajednice'\",\"isPartOf\":{\"@id\":\"https:\/\/sandzakpress.net\/arhiva\/#website\"},\"primaryImageOfPage\":{\"@id\":\"https:\/\/sandzakpress.net\/arhiva\/reis-kavazovic-porucio-ugljanin-i-ljajic-moraju-doprinijeti-jedinstvu-islamske-zajednice\/#primaryimage\"},\"image\":{\"@id\":\"https:\/\/sandzakpress.net\/arhiva\/reis-kavazovic-porucio-ugljanin-i-ljajic-moraju-doprinijeti-jedinstvu-islamske-zajednice\/#primaryimage\"},\"thumbnailUrl\":\"https:\/\/sandzakpress.net\/arhiva\/wp-content\/uploads\/2014\/02\/DSC_0513-300x2201.jpg\",\"datePublished\":\"2014-02-19T16:31:53+00:00\",\"breadcrumb\":{\"@id\":\"https:\/\/sandzakpress.net\/arhiva\/reis-kavazovic-porucio-ugljanin-i-ljajic-moraju-doprinijeti-jedinstvu-islamske-zajednice\/#breadcrumb\"},\"inLanguage\":\"bs-BA\",\"potentialAction\":[{\"@type\":\"ReadAction\",\"target\":[\"https:\/\/sandzakpress.net\/arhiva\/reis-kavazovic-porucio-ugljanin-i-ljajic-moraju-doprinijeti-jedinstvu-islamske-zajednice\/\"]}]},{\"@type\":\"ImageObject\",\"inLanguage\":\"bs-BA\",\"@id\":\"https:\/\/sandzakpress.net\/arhiva\/reis-kavazovic-porucio-ugljanin-i-ljajic-moraju-doprinijeti-jedinstvu-islamske-zajednice\/#primaryimage\",\"url\":\"https:\/\/sandzakpress.net\/arhiva\/wp-content\/uploads\/2014\/02\/DSC_0513-300x2201.jpg\",\"contentUrl\":\"https:\/\/sandzakpress.net\/arhiva\/wp-content\/uploads\/2014\/02\/DSC_0513-300x2201.jpg\",\"width\":300,\"height\":220},{\"@type\":\"BreadcrumbList\",\"@id\":\"https:\/\/sandzakpress.net\/arhiva\/reis-kavazovic-porucio-ugljanin-i-ljajic-moraju-doprinijeti-jedinstvu-islamske-zajednice\/#breadcrumb\",\"itemListElement\":[{\"@type\":\"ListItem\",\"position\":1,\"name\":\"Home\",\"item\":\"https:\/\/sandzakpress.net\/arhiva\/\"},{\"@type\":\"ListItem\",\"position\":2,\"name\":\"Reis Kavazovi\u0107 poru\u010dio: &#8216;Ugljanin i Ljaji\u0107 moraju doprinijeti jedinstvu Islamske zajednice&#8217;\"}]},{\"@type\":\"WebSite\",\"@id\":\"https:\/\/sandzakpress.net\/arhiva\/#website\",\"url\":\"https:\/\/sandzakpress.net\/arhiva\/\",\"name\":\"Sand\u017eak PRESS\",\"description\":\"Prve elektronske novine u Sand\u017eaku\",\"publisher\":{\"@id\":\"https:\/\/sandzakpress.net\/arhiva\/#\/schema\/person\/6e72b67d6e51910a1117b3b483ba20bd\"},\"potentialAction\":[{\"@type\":\"SearchAction\",\"target\":{\"@type\":\"EntryPoint\",\"urlTemplate\":\"https:\/\/sandzakpress.net\/arhiva\/?s={search_term_string}\"},\"query-input\":{\"@type\":\"PropertyValueSpecification\",\"valueRequired\":true,\"valueName\":\"search_term_string\"}}],\"inLanguage\":\"bs-BA\"},{\"@type\":[\"Person\",\"Organization\"],\"@id\":\"https:\/\/sandzakpress.net\/arhiva\/#\/schema\/person\/6e72b67d6e51910a1117b3b483ba20bd\",\"name\":\"Kul\",\"image\":{\"@type\":\"ImageObject\",\"inLanguage\":\"bs-BA\",\"@id\":\"https:\/\/sandzakpress.net\/arhiva\/#\/schema\/person\/image\/\",\"url\":\"https:\/\/secure.gravatar.com\/avatar\/42263f39aa27ac04c43cab85c280eb2e?s=96&d=mm&r=pg\",\"contentUrl\":\"https:\/\/secure.gravatar.com\/avatar\/42263f39aa27ac04c43cab85c280eb2e?s=96&d=mm&r=pg\",\"caption\":\"Kul\"},\"logo\":{\"@id\":\"https:\/\/sandzakpress.net\/arhiva\/#\/schema\/person\/image\/\"}},{\"@type\":\"Person\",\"@id\":\"https:\/\/sandzakpress.net\/arhiva\/#\/schema\/person\/c8baee722073534b583ea7bdb2e36c02\",\"name\":\"bosniak\",\"image\":{\"@type\":\"ImageObject\",\"inLanguage\":\"bs-BA\",\"@id\":\"https:\/\/sandzakpress.net\/arhiva\/#\/schema\/person\/image\/\",\"url\":\"https:\/\/secure.gravatar.com\/avatar\/a04fd330bfe3a36a72a0ad4a6d89fca7?s=96&d=mm&r=pg\",\"contentUrl\":\"https:\/\/secure.gravatar.com\/avatar\/a04fd330bfe3a36a72a0ad4a6d89fca7?s=96&d=mm&r=pg\",\"caption\":\"bosniak\"},\"url\":\"https:\/\/sandzakpress.net\/arhiva\/author\/bosniak\/\"}]}<\/script>\n<!-- \/ Yoast SEO Premium plugin. -->","yoast_head_json":{"title":"Reis Kavazovi\u0107 poru\u010dio: 'Ugljanin i Ljaji\u0107 moraju doprinijeti jedinstvu Islamske zajednice'","robots":{"index":"index","follow":"follow","max-snippet":"max-snippet:-1","max-image-preview":"max-image-preview:large","max-video-preview":"max-video-preview:-1"},"canonical":"https:\/\/sandzakpress.net\/arhiva\/reis-kavazovic-porucio-ugljanin-i-ljajic-moraju-doprinijeti-jedinstvu-islamske-zajednice\/","og_locale":"bs_BA","og_type":"article","og_title":"Reis Kavazovi\u0107 poru\u010dio: 'Ugljanin i Ljaji\u0107 moraju doprinijeti jedinstvu Islamske zajednice'","og_description":"Novi Pazar &#8211; Nakon uspje\u0161nog vo\u0111stva muftije Muamera ef. Zukroli\u0107a i jake borbe za prava Bo\u0161njaka, emanet je preuzeo Mevlud ef. Dudi\u0107. U otvaranje nove etape ka ujedinjenju Bo\u0161njaka moraju u\u010destvovati svi muslimani, kazao je reis Husein ef. Kavazovi\u0107.","og_url":"https:\/\/sandzakpress.net\/arhiva\/reis-kavazovic-porucio-ugljanin-i-ljajic-moraju-doprinijeti-jedinstvu-islamske-zajednice\/","og_site_name":"Sand\u017eak PRESS","article_published_time":"2014-02-19T16:31:53+00:00","og_image":[{"width":300,"height":220,"url":"https:\/\/sandzakpress.net\/arhiva\/wp-content\/uploads\/2014\/02\/DSC_0513-300x2201.jpg","type":"image\/jpeg"}],"author":"bosniak","twitter_card":"summary_large_image","twitter_misc":{"Written by":"bosniak","Est. reading time":"1 minuta"},"schema":{"@context":"https:\/\/schema.org","@graph":[{"@type":"Article","@id":"https:\/\/sandzakpress.net\/arhiva\/reis-kavazovic-porucio-ugljanin-i-ljajic-moraju-doprinijeti-jedinstvu-islamske-zajednice\/#article","isPartOf":{"@id":"https:\/\/sandzakpress.net\/arhiva\/reis-kavazovic-porucio-ugljanin-i-ljajic-moraju-doprinijeti-jedinstvu-islamske-zajednice\/"},"author":{"name":"bosniak","@id":"https:\/\/sandzakpress.net\/arhiva\/#\/schema\/person\/c8baee722073534b583ea7bdb2e36c02"},"headline":"Reis Kavazovi\u0107 poru\u010dio: &#8216;Ugljanin i Ljaji\u0107 moraju doprinijeti jedinstvu Islamske zajednice&#8217;","datePublished":"2014-02-19T16:31:53+00:00","mainEntityOfPage":{"@id":"https:\/\/sandzakpress.net\/arhiva\/reis-kavazovic-porucio-ugljanin-i-ljajic-moraju-doprinijeti-jedinstvu-islamske-zajednice\/"},"wordCount":211,"commentCount":17,"publisher":{"@id":"https:\/\/sandzakpress.net\/arhiva\/#\/schema\/person\/6e72b67d6e51910a1117b3b483ba20bd"},"image":{"@id":"https:\/\/sandzakpress.net\/arhiva\/reis-kavazovic-porucio-ugljanin-i-ljajic-moraju-doprinijeti-jedinstvu-islamske-zajednice\/#primaryimage"},"thumbnailUrl":"https:\/\/sandzakpress.net\/arhiva\/wp-content\/uploads\/2014\/02\/DSC_0513-300x2201.jpg","keywords":["muftija Muamer Zukorli\u0107","Reisu-l-uleme Husein Kavazovi\u0107","Mevlud Dudi\u0107"],"articleSection":["Novi Pazar","Islamska zajednica","VIJESTI DANA"],"inLanguage":"bs-BA","potentialAction":[{"@type":"CommentAction","name":"Comment","target":["https:\/\/sandzakpress.net\/arhiva\/reis-kavazovic-porucio-ugljanin-i-ljajic-moraju-doprinijeti-jedinstvu-islamske-zajednice\/#respond"]}]},{"@type":"WebPage","@id":"https:\/\/sandzakpress.net\/arhiva\/reis-kavazovic-porucio-ugljanin-i-ljajic-moraju-doprinijeti-jedinstvu-islamske-zajednice\/","url":"https:\/\/sandzakpress.net\/arhiva\/reis-kavazovic-porucio-ugljanin-i-ljajic-moraju-doprinijeti-jedinstvu-islamske-zajednice\/","name":"Reis Kavazovi\u0107 poru\u010dio: 'Ugljanin i Ljaji\u0107 moraju doprinijeti jedinstvu Islamske zajednice'","isPartOf":{"@id":"https:\/\/sandzakpress.net\/arhiva\/#website"},"primaryImageOfPage":{"@id":"https:\/\/sandzakpress.net\/arhiva\/reis-kavazovic-porucio-ugljanin-i-ljajic-moraju-doprinijeti-jedinstvu-islamske-zajednice\/#primaryimage"},"image":{"@id":"https:\/\/sandzakpress.net\/arhiva\/reis-kavazovic-porucio-ugljanin-i-ljajic-moraju-doprinijeti-jedinstvu-islamske-zajednice\/#primaryimage"},"thumbnailUrl":"https:\/\/sandzakpress.net\/arhiva\/wp-content\/uploads\/2014\/02\/DSC_0513-300x2201.jpg","datePublished":"2014-02-19T16:31:53+00:00","breadcrumb":{"@id":"https:\/\/sandzakpress.net\/arhiva\/reis-kavazovic-porucio-ugljanin-i-ljajic-moraju-doprinijeti-jedinstvu-islamske-zajednice\/#breadcrumb"},"inLanguage":"bs-BA","potentialAction":[{"@type":"ReadAction","target":["https:\/\/sandzakpress.net\/arhiva\/reis-kavazovic-porucio-ugljanin-i-ljajic-moraju-doprinijeti-jedinstvu-islamske-zajednice\/"]}]},{"@type":"ImageObject","inLanguage":"bs-BA","@id":"https:\/\/sandzakpress.net\/arhiva\/reis-kavazovic-porucio-ugljanin-i-ljajic-moraju-doprinijeti-jedinstvu-islamske-zajednice\/#primaryimage","url":"https:\/\/sandzakpress.net\/arhiva\/wp-content\/uploads\/2014\/02\/DSC_0513-300x2201.jpg","contentUrl":"https:\/\/sandzakpress.net\/arhiva\/wp-content\/uploads\/2014\/02\/DSC_0513-300x2201.jpg","width":300,"height":220},{"@type":"BreadcrumbList","@id":"https:\/\/sandzakpress.net\/arhiva\/reis-kavazovic-porucio-ugljanin-i-ljajic-moraju-doprinijeti-jedinstvu-islamske-zajednice\/#breadcrumb","itemListElement":[{"@type":"ListItem","position":1,"name":"Home","item":"https:\/\/sandzakpress.net\/arhiva\/"},{"@type":"ListItem","position":2,"name":"Reis Kavazovi\u0107 poru\u010dio: &#8216;Ugljanin i Ljaji\u0107 moraju doprinijeti jedinstvu Islamske zajednice&#8217;"}]},{"@type":"WebSite","@id":"https:\/\/sandzakpress.net\/arhiva\/#website","url":"https:\/\/sandzakpress.net\/arhiva\/","name":"Sand\u017eak PRESS","description":"Prve elektronske novine u Sand\u017eaku","publisher":{"@id":"https:\/\/sandzakpress.net\/arhiva\/#\/schema\/person\/6e72b67d6e51910a1117b3b483ba20bd"},"potentialAction":[{"@type":"SearchAction","target":{"@type":"EntryPoint","urlTemplate":"https:\/\/sandzakpress.net\/arhiva\/?s={search_term_string}"},"query-input":{"@type":"PropertyValueSpecification","valueRequired":true,"valueName":"search_term_string"}}],"inLanguage":"bs-BA"},{"@type":["Person","Organization"],"@id":"https:\/\/sandzakpress.net\/arhiva\/#\/schema\/person\/6e72b67d6e51910a1117b3b483ba20bd","name":"Kul","image":{"@type":"ImageObject","inLanguage":"bs-BA","@id":"https:\/\/sandzakpress.net\/arhiva\/#\/schema\/person\/image\/","url":"https:\/\/secure.gravatar.com\/avatar\/42263f39aa27ac04c43cab85c280eb2e?s=96&d=mm&r=pg","contentUrl":"https:\/\/secure.gravatar.com\/avatar\/42263f39aa27ac04c43cab85c280eb2e?s=96&d=mm&r=pg","caption":"Kul"},"logo":{"@id":"https:\/\/sandzakpress.net\/arhiva\/#\/schema\/person\/image\/"}},{"@type":"Person","@id":"https:\/\/sandzakpress.net\/arhiva\/#\/schema\/person\/c8baee722073534b583ea7bdb2e36c02","name":"bosniak","image":{"@type":"ImageObject","inLanguage":"bs-BA","@id":"https:\/\/sandzakpress.net\/arhiva\/#\/schema\/person\/image\/","url":"https:\/\/secure.gravatar.com\/avatar\/a04fd330bfe3a36a72a0ad4a6d89fca7?s=96&d=mm&r=pg","contentUrl":"https:\/\/secure.gravatar.com\/avatar\/a04fd330bfe3a36a72a0ad4a6d89fca7?s=96&d=mm&r=pg","caption":"bosniak"},"url":"https:\/\/sandzakpress.net\/arhiva\/author\/bosniak\/"}]}},"_links":{"self":[{"href":"https:\/\/sandzakpress.net\/arhiva\/wp-json\/wp\/v2\/posts\/101776"}],"collection":[{"href":"https:\/\/sandzakpress.net\/arhiva\/wp-json\/wp\/v2\/posts"}],"about":[{"href":"https:\/\/sandzakpress.net\/arhiva\/wp-json\/wp\/v2\/types\/post"}],"author":[{"embeddable":true,"href":"https:\/\/sandzakpress.net\/arhiva\/wp-json\/wp\/v2\/users\/83"}],"replies":[{"embeddable":true,"href":"https:\/\/sandzakpress.net\/arhiva\/wp-json\/wp\/v2\/comments?post=101776"}],"version-history":[{"count":0,"href":"https:\/\/sandzakpress.net\/arhiva\/wp-json\/wp\/v2\/posts\/101776\/revisions"}],"wp:featuredmedia":[{"embeddable":true,"href":"https:\/\/sandzakpress.net\/arhiva\/wp-json\/wp\/v2\/media\/101778"}],"wp:attachment":[{"href":"https:\/\/sandzakpress.net\/arhiva\/wp-json\/wp\/v2\/media?parent=101776"}],"wp:term":[{"taxonomy":"category","embeddable":true,"href":"https:\/\/sandzakpress.net\/arhiva\/wp-json\/wp\/v2\/categories?post=101776"},{"taxonomy":"post_tag","embeddable":true,"href":"https:\/\/sandzakpress.net\/arhiva\/wp-json\/wp\/v2\/tags?post=101776"}],"curies":[{"name":"wp","href":"https:\/\/api.w.org\/{rel}","templated":true}]}}