{"id":101630,"date":"2014-02-15T23:05:36","date_gmt":"2014-02-15T22:05:36","guid":{"rendered":"https:\/\/sandzakpress.net\/arhiva\/?p=101630"},"modified":"2014-02-15T23:14:33","modified_gmt":"2014-02-15T22:14:33","slug":"autonomija-sandzaka-i-kraj-epohe-zlocina-iii","status":"publish","type":"post","link":"https:\/\/sandzakpress.net\/arhiva\/autonomija-sandzaka-i-kraj-epohe-zlocina-iii\/","title":{"rendered":"Autonomija Sand\u017eaka i kraj epohe zlo\u010dina (III)"},"content":{"rendered":"<figure id=\"attachment_101631\" aria-describedby=\"caption-attachment-101631\" style=\"width: 300px\" class=\"wp-caption alignleft\"><a href=\"https:\/\/sandzakpress.net\/arhiva\/wp-content\/uploads\/2014\/02\/admir-muratovic.jpg\"><img loading=\"lazy\" decoding=\"async\" class=\"size-full wp-image-101631\" alt=\"dr. Admir Muratovi\u0107\" src=\"https:\/\/sandzakpress.net\/arhiva\/wp-content\/uploads\/2014\/02\/admir-muratovic.jpg\" width=\"300\" height=\"300\" srcset=\"https:\/\/sandzakpress.net\/arhiva\/wp-content\/uploads\/2014\/02\/admir-muratovic.jpg 300w, https:\/\/sandzakpress.net\/arhiva\/wp-content\/uploads\/2014\/02\/admir-muratovic-150x150.jpg 150w, https:\/\/sandzakpress.net\/arhiva\/wp-content\/uploads\/2014\/02\/admir-muratovic-90x90.jpg 90w, https:\/\/sandzakpress.net\/arhiva\/wp-content\/uploads\/2014\/02\/admir-muratovic-125x125.jpg 125w\" sizes=\"(max-width: 300px) 100vw, 300px\" \/><\/a><figcaption id=\"caption-attachment-101631\" class=\"wp-caption-text\">dr. Admir Muratovi\u0107<\/figcaption><\/figure>\n<h2>Sand\u017eak u Drugom svjetskom ratu<\/h2>\n<p>U vrijeme Drugog svjetskog rata Bo\u0161njaci Sand\u017eaka nisu bili posve jedinstveni u odnosu na situaciju koju je sa sobom donio ratni vihor. Jedni su bili opredijeljeni za Muslimansku miliciju, vo\u0111eni brigom za svoj napa\u0107eni i s pravom prepla\u0161eni\u00a0narod, dok su se drugi aktivno uklju\u010dili u partizanski pokret, vidjev\u0161i u tome \u0161ansu da dugoro\u010dno rije\u0161e pitanje svog identiteta i \u017eivotnog prostora.<\/p>\n<p>Pripadnici bo\u0161nja\u010dkog naroda, osvjedo\u010deni aktivisti radni\u010dkih i studenskih pokreta, po\u010detkom rata sele se na teritoriju Sand\u017eaka i organizuju logistiku komunisti\u010dkog pokreta. Glavni nosioci ovog pokreta u Sand\u017eaku su Rifat Burd\u017eovi\u0107 Tr\u0161o, Hakija Zejnelovi\u0107, Muhamed Abdagi\u0107 i dr. Oni jo\u0161 tokom boravka na studijama u Beogradu rade na razvijanju svijesti o posebnosti regije Sand\u017eak. Odbijaju da se udru\u017euju u zavi\u010dajna udru\u017eenja studenata iz Crne Gore i Srbije i formiraju posebno udru\u017eenje studenata Sand\u017eaka, koje je nosilo naziv \u201cZlatar\u201d.\u00a0 U prolje\u0107e 1939. godine obra\u0107aju se narodima Sand\u017eaka, posebno spominju\u0107i Bo\u0161njake u njemu, smatraju\u0107i ih posebnim subjektom u Sand\u017eaku, \u0161to je osporavano ve\u0107 vi\u0161e od 27 godina, reafirmi\u0161u\u0107i na taj na\u010din Sand\u017eak kao posebnu dru\u0161tveno-politi\u010dku zajednicu. Istupanje Rifata Burd\u017eovi\u0107a na marksisti\u010dkim kru\u017eocima u Beogradu, na kojima je pokretao pitanje nacionalnog subjektiviteta Bo\u0161njaka, bilo je tako\u0111er prilog reafirmaciji bo\u0161nja\u010dko-muslimanskog nacionalnog identiteta i autonomnosti Sand\u017eaka. Jedan od elemenata afirmacije sand\u017ea\u010dke autonomije proizilazi i iz organizovanja 15-dnevnog lista pod naslovom \u00abGlas Sand\u017eaka\u00bb, koje je izlazio i nakon \u0161to je zabranjen.<\/p>\n<h2>Osnivanje ZAVNOS-a<\/h2>\n<p>Na osnovu platforme o posebnosti regije Sand\u017eak i mjesta koje ovaj prostor ima u odnosu svih naroda koji tu \u017eive, u Pljevljima je, 20. novembra 1943. godine, u prisustvu 252 delegata, odr\u017eano zasjedanje Zemaljskog antifa\u0161isti\u010dkog vije\u0107a, na kojem je obrazovan ZAVNO Sand\u017eak \u00abkao najvi\u0161i pokrajinski organ narodne vlasti\u00bb.\u00a0 Neposredna inicijativa za sazivanje skup\u0161tine i formiranje ZAVNOS-a potekla je od strane Vrhovnog komandanta NOV Jugoslavije Josipa Broza Tita. U obrazlo\u017eenju\u00a0Inicijativnog odbora za sazivanje Skup\u0161tine ZAVNOS-a, kojeg su predvodili profesor Beogradskog univerziteta i narodni poslanik Sreten Vukosavljevi\u0107 i prijepoljski muftija i sudija Vrhovnog \u0161eriatskog suda u Skoplju Murat-ef. \u0160e\u0107eragi\u0107, pored ostalog stoji: da su polo\u017eaj naroda Sand\u017eaka u biv\u0161oj Jugoslaviji i njegova historijska pro\u0161lost u cjelini bili veoma te\u0161ki; da je Sand\u017eak tokom 1941. i 1942. godine dao zna\u010dajan doprinos u razvoju NOB-a; da je sazrela svijest i \u017eelja naroda Sand\u017eaka u vezi organizovanja i konstituisanja ZAVNOS-a nai\u0161la na razumijevanje i odobravanje Predsjedni\u0161tva AVNOJ-a i\u00a0 Vrhovnog \u0161taba NOV i POJ.\u00a0 Na skup\u0161tini ZAVNOS-a nisu u\u010destvovali delegati iz Novopazarskog, Sjeni\u010dkog i Tutinskog sreza, niti je na tom podru\u010dju vr\u0161en izborni postupak za delagate, iako je na podru\u010dju pomenuta tri sreza \u017eivjelo preko 54% svih muslimana Sand\u017eaka. Taj nedostatak se nije\u00a0 bitno odra\u017eavao na kvalitet i pravi\u010dnost donesenih odluka, sve do posljednje sjednice ZAVNOS-a od 29. marta 1945. godine kada je donijeta odluka o njegovom raspu\u0161tanju, \u0161to je bilo protivno interesima i \u017eeljama naroda u Sand\u017eaku u cjelini, posebno \u017eeljama i interesima Bo\u0161njaka muslimana.<\/p>\n<p>Vukosavljevi\u0107 je sli\u010dne stavove o posebnosti Sand\u017eaka iznosio i prilikom rasprave o Sand\u017eaku u Predsjedni\u0161tvu AVNOJ-a februara 1945. godine: \u201eJa sam mi\u0161ljenja da Sand\u017eak ne treba cijepati, jer je to ipak cjelina. To je oblast, to je pojam sa svojim specifi\u010dnim politi\u010dkim i privrednim obilje\u017ejima. To je historijski ta\u010dno.Takvo je i narodno shvatanje. Zato sam ja za rje\u0161enje da se cio Sand\u017eak pripoji ili Srbiji ili Crnoj Gori, vode\u0107i ra\u010duna o onome \u0161ta sam ve\u0107 rekao.\u201c (Dr. Zoran Laki\u0107,\u00a0<i>Partizanska autonomija Sand\u017eaka,<\/i>\u00a0Podgorica, 1992.)<\/p>\n<p>Ovakav stav Vukosavljevi\u0107a podr\u017eao je i Oblasni komitet KPJ za Sand\u017eak, koji pri obra\u0107anju Centralnom komitetu KPJ, izme\u0111u ostalog, saop\u0107ava: \u201ePrema raspolo\u017eenju koje se sada jasno ispoljava kod Muslimana, oni bi bili veoma pogo\u0111eni ako bi Sand\u017eak bio pocijepan, a oni odvojeni. O tome se zaista mora voditi ra\u010duna, pogotovu ako se ima u vidu njihov sada\u0161nji stav i dobro dr\u017eanje. \u010cak ni Srbi ne bi rado primili cijepanje Sand\u017eaka.\u201c (Slobodan Ne\u0161ovi\u0107,\u00a0<i>Stvaranje nove Jugoslavije<\/i>, Beograd, 1981.)<\/p>\n<p>O autonomiji Sand\u017eaka, u 2-3. broju \u201eGlasa Sand\u017eaka\u201c pisao je i Mi\u0161o Pavi\u0107evi\u0107: \u201eSand\u017eak je u na\u0161oj narodnooslobodila\u010dkoj borbi zauzeo \u010dasno mjesto. On je me\u0111u prvima ispalio pu\u0161ku na okupatora i u toku ove tri godine dao znatan doprinos stvari narodnog oslobo\u0111enja, doprinos u krvi i \u017eivotima svojih naj\u010destitijih sinova, u stradanju i patnjama svog naroda. Sand\u017eak je u jezgro Narodno-oslobodila\u010dke vojske dao cvijet svoje omladine, ponos na\u0161eg kraja \u2013 Tre\u0107u sand\u017ea\u010dku brigadu\u2026 Zahvaljuju\u0107i nenarodnim re\u017eimima beogradske gospode i \u0161pekulantskoj politici sand\u017ea\u010dkih \u0161i\u0107ard\u017eija, Sand\u017eak je ostao ne samo pastor\u010de, ve\u0107 je postao pojam zaostalosti, neznanja i nazadnosti. On je u Jugoslaviji (Kraljevina) dobio samo drugo ime \u2013 Jugoslovenski Sibir \u2013 koje su mu dali oni isti koji su ga i u\u010dinili Sibirom\u2026 Narod Sand\u017eaka jasno je pokazao da ne \u017eeli i ne\u0107e da mu slobodu drugi poklanjaju, jer je poslije svog gorkog iskustva svjestan da to ne bi bila ona sloboda koju on \u017eeli. Sloboda Sand\u017eaka izrasta iz njegove borbe, iz krvi i \u017eivota njegove djece. Ona \u0107e biti potpuna i niko ga ne\u0107e mo\u0107i prekoriti. Jo\u0161 manje \u0107e mu je mo\u0107i iz ruku otrgnuti. O polo\u017eaju Sand\u017eaka u demokratskoj federativnoj Jugoslaviji donijet \u0107e odluku sam narod Sand\u017eaka preko svojih slobodno izabranih predstavnika, sutra, kada zemlja bude slobodna. (Dr. Zoran Laki\u0107,<i>Partizanska autonomija Sand\u017eaka<\/i>)<\/p>\n<h2>Likvidacija sand\u017ea\u010dke autonomije<\/h2>\n<p>Iako se to \u010desto predstavlja druga\u010dije, odluka o ukidanju autonomije Sand\u017eaka donijeta je u Beogradu, 24. februara 1945. godine, mjesec dana prije nego \u0107e u Novom Pazaru ta odluka, na posljednjoj sjednici ZAVNOS-a, \u201ebiti prihva\u0107ena\u201c.\u00a0 Svoje vi\u0111enje odluke Predsjedni\u0161tva AVNOJ-a o ukidanju autonomije Sand\u017eaka, u \u201eIlustrovanoj politici\u201c, februara 1992. godine, iznosi Ranko \u0110uki\u0107, koji opisuju\u0107i tok sjednice ukazuje na brzopletost i neutemeljenost inicijative o ukidanju sand\u017ea\u010dke autonomije. Obrazlo\u017eenje odluke bilo je sljede\u0107e:<\/p>\n<p>&#8211;\u00a0da Sand\u017eak nema nacionalnu podlogu za dobijanje takvog statusa;<\/p>\n<p>&#8211;\u00a0da bi insistiranje i zadr\u017eavanje autonomnog Sand\u017eaka, navodno, zna\u010dilo sada izli\u0161no i neracionalno drobljenje srpske i crnogorske cjeline, kao i Jugoslavije uop\u0107e;<\/p>\n<p>&#8211; da i nakon cijepanja Sand\u017eaka Muslimani, navodno, ne bi bili nacionalno ogro\u017eeni, jer kako se isti\u010de \u201eoni bi mogli da u\u017eivaju ista prava u Crnoj Gori i Srbiji\u201c, napu\u0161taju\u0107i na taj na\u010din prava koja su stekli u narodnooslobodila\u010dkoj borbi.<\/p>\n<p>Vra\u0107anjem na granice iz 1913. godine sankcionisan je princip da se putem osvajanja i okupacije vr\u0161i podjela teritorija na kojima \u017eivi vi\u0161e naroda i zanemareni nacionalni i drugi interesi jednog od tri naroda koji na tim teritorijama vjekovima \u017eivi. Subjektivno opredjeljenje da, navodno, Sand\u017eak nema statusa te da bi to zna\u010dilo, navodno, \u201eizli\u0161no i neracionalno drobljenje srpske i crnogorske cjeline\u201c, objektivno se svodilo na nepriznavanje Bo\u0161njaka kao naroda. Opravdanja za ovakvu odluku, osim nacionalnog ili nacionalisti\u010dkog, nikakvog nije bilo.\u00a0Poznati bo\u0161nja\u010dko-muslimanski intelektualac Muhammed Abdagi\u0107 ka\u017ee:\u00a0\u201eO\u010digledno je time Srbiji u\u010dinjen ustupak, koja je o\u010dekivala da \u0107e joj se priznati granice Kraljevine Srbije, a zbog rje\u0161enja makedonskog nacionalnog pitanja izgubila je Makedoniju, ali je kao kompenzaciju dobila Vojvodinu, za koju je, prema stavu KP na po\u010detku rata, bio predvi\u0111en federalni status, kao i za sve biv\u0161e dijelove Austrougarske (Slovenija, Hrvatska, Bosna i Hercegovina).<\/p>\n<p>Autor: dr. Admir Muratovi\u0107<br \/>\nrevija SAND\u017dAK | 1. februar 2014. | br. 176 | <a href=\"http:\/\/revijasandzak.com\/\">RevijaSANDZAK.com<\/a><\/p>\n<p>(Nastavit \u0107e se)<\/p>\n","protected":false},"excerpt":{"rendered":"<p>dr. Admir Muratovi\u0107<\/p>\n","protected":false},"author":83,"featured_media":101631,"comment_status":"open","ping_status":"open","sticky":false,"template":"","format":"standard","meta":{"footnotes":""},"categories":[14,10196],"tags":[10242,10452],"class_list":{"0":"post-101630","1":"post","2":"type-post","3":"status-publish","4":"format-standard","5":"has-post-thumbnail","7":"category-sandzak-historija","8":"category-iz-pera-nasih-autora","9":"tag-dr-admir-muratovic","10":"tag-revija-sandzak"},"yoast_head":"<!-- This site is optimized with the Yoast SEO Premium plugin v23.1 (Yoast SEO v24.9) - https:\/\/yoast.com\/wordpress\/plugins\/seo\/ -->\n<title>Autonomija Sand\u017eaka i kraj epohe zlo\u010dina (III)<\/title>\n<meta name=\"robots\" content=\"index, follow, max-snippet:-1, max-image-preview:large, max-video-preview:-1\" \/>\n<link rel=\"canonical\" href=\"https:\/\/sandzakpress.net\/arhiva\/autonomija-sandzaka-i-kraj-epohe-zlocina-iii\/\" \/>\n<meta property=\"og:locale\" content=\"bs_BA\" \/>\n<meta property=\"og:type\" content=\"article\" \/>\n<meta property=\"og:title\" content=\"Autonomija Sand\u017eaka i kraj epohe zlo\u010dina (III)\" \/>\n<meta property=\"og:description\" content=\"dr. Admir Muratovi\u0107\" \/>\n<meta property=\"og:url\" content=\"https:\/\/sandzakpress.net\/arhiva\/autonomija-sandzaka-i-kraj-epohe-zlocina-iii\/\" \/>\n<meta property=\"og:site_name\" content=\"Sand\u017eak PRESS\" \/>\n<meta property=\"article:published_time\" content=\"2014-02-15T22:05:36+00:00\" \/>\n<meta property=\"article:modified_time\" content=\"2014-02-15T22:14:33+00:00\" \/>\n<meta property=\"og:image\" content=\"https:\/\/sandzakpress.net\/arhiva\/wp-content\/uploads\/2014\/02\/admir-muratovic.jpg\" \/>\n\t<meta property=\"og:image:width\" content=\"300\" \/>\n\t<meta property=\"og:image:height\" content=\"300\" \/>\n\t<meta property=\"og:image:type\" content=\"image\/jpeg\" \/>\n<meta name=\"author\" content=\"bosniak\" \/>\n<meta name=\"twitter:card\" content=\"summary_large_image\" \/>\n<meta name=\"twitter:label1\" content=\"Written by\" \/>\n\t<meta name=\"twitter:data1\" content=\"bosniak\" \/>\n\t<meta name=\"twitter:label2\" content=\"Est. reading time\" \/>\n\t<meta name=\"twitter:data2\" content=\"7 minuta\" \/>\n<script type=\"application\/ld+json\" class=\"yoast-schema-graph\">{\"@context\":\"https:\/\/schema.org\",\"@graph\":[{\"@type\":\"Article\",\"@id\":\"https:\/\/sandzakpress.net\/arhiva\/autonomija-sandzaka-i-kraj-epohe-zlocina-iii\/#article\",\"isPartOf\":{\"@id\":\"https:\/\/sandzakpress.net\/arhiva\/autonomija-sandzaka-i-kraj-epohe-zlocina-iii\/\"},\"author\":{\"name\":\"bosniak\",\"@id\":\"https:\/\/sandzakpress.net\/arhiva\/#\/schema\/person\/c8baee722073534b583ea7bdb2e36c02\"},\"headline\":\"Autonomija Sand\u017eaka i kraj epohe zlo\u010dina (III)\",\"datePublished\":\"2014-02-15T22:05:36+00:00\",\"dateModified\":\"2014-02-15T22:14:33+00:00\",\"mainEntityOfPage\":{\"@id\":\"https:\/\/sandzakpress.net\/arhiva\/autonomija-sandzaka-i-kraj-epohe-zlocina-iii\/\"},\"wordCount\":1347,\"commentCount\":38,\"publisher\":{\"@id\":\"https:\/\/sandzakpress.net\/arhiva\/#\/schema\/person\/6e72b67d6e51910a1117b3b483ba20bd\"},\"image\":{\"@id\":\"https:\/\/sandzakpress.net\/arhiva\/autonomija-sandzaka-i-kraj-epohe-zlocina-iii\/#primaryimage\"},\"thumbnailUrl\":\"https:\/\/sandzakpress.net\/arhiva\/wp-content\/uploads\/2014\/02\/admir-muratovic.jpg\",\"keywords\":[\"Dr. Admir Muratovi\u0107\",\"Revija Sand\u017eak\"],\"articleSection\":[\"Sand\u017eak HISTORIJA\",\"Iz pera na\u0161ih autora\"],\"inLanguage\":\"bs-BA\",\"potentialAction\":[{\"@type\":\"CommentAction\",\"name\":\"Comment\",\"target\":[\"https:\/\/sandzakpress.net\/arhiva\/autonomija-sandzaka-i-kraj-epohe-zlocina-iii\/#respond\"]}]},{\"@type\":\"WebPage\",\"@id\":\"https:\/\/sandzakpress.net\/arhiva\/autonomija-sandzaka-i-kraj-epohe-zlocina-iii\/\",\"url\":\"https:\/\/sandzakpress.net\/arhiva\/autonomija-sandzaka-i-kraj-epohe-zlocina-iii\/\",\"name\":\"Autonomija Sand\u017eaka i kraj epohe zlo\u010dina (III)\",\"isPartOf\":{\"@id\":\"https:\/\/sandzakpress.net\/arhiva\/#website\"},\"primaryImageOfPage\":{\"@id\":\"https:\/\/sandzakpress.net\/arhiva\/autonomija-sandzaka-i-kraj-epohe-zlocina-iii\/#primaryimage\"},\"image\":{\"@id\":\"https:\/\/sandzakpress.net\/arhiva\/autonomija-sandzaka-i-kraj-epohe-zlocina-iii\/#primaryimage\"},\"thumbnailUrl\":\"https:\/\/sandzakpress.net\/arhiva\/wp-content\/uploads\/2014\/02\/admir-muratovic.jpg\",\"datePublished\":\"2014-02-15T22:05:36+00:00\",\"dateModified\":\"2014-02-15T22:14:33+00:00\",\"breadcrumb\":{\"@id\":\"https:\/\/sandzakpress.net\/arhiva\/autonomija-sandzaka-i-kraj-epohe-zlocina-iii\/#breadcrumb\"},\"inLanguage\":\"bs-BA\",\"potentialAction\":[{\"@type\":\"ReadAction\",\"target\":[\"https:\/\/sandzakpress.net\/arhiva\/autonomija-sandzaka-i-kraj-epohe-zlocina-iii\/\"]}]},{\"@type\":\"ImageObject\",\"inLanguage\":\"bs-BA\",\"@id\":\"https:\/\/sandzakpress.net\/arhiva\/autonomija-sandzaka-i-kraj-epohe-zlocina-iii\/#primaryimage\",\"url\":\"https:\/\/sandzakpress.net\/arhiva\/wp-content\/uploads\/2014\/02\/admir-muratovic.jpg\",\"contentUrl\":\"https:\/\/sandzakpress.net\/arhiva\/wp-content\/uploads\/2014\/02\/admir-muratovic.jpg\",\"width\":300,\"height\":300,\"caption\":\"dr. Admir Muratovi\u0107\"},{\"@type\":\"BreadcrumbList\",\"@id\":\"https:\/\/sandzakpress.net\/arhiva\/autonomija-sandzaka-i-kraj-epohe-zlocina-iii\/#breadcrumb\",\"itemListElement\":[{\"@type\":\"ListItem\",\"position\":1,\"name\":\"Home\",\"item\":\"https:\/\/sandzakpress.net\/arhiva\/\"},{\"@type\":\"ListItem\",\"position\":2,\"name\":\"Autonomija Sand\u017eaka i kraj epohe zlo\u010dina (III)\"}]},{\"@type\":\"WebSite\",\"@id\":\"https:\/\/sandzakpress.net\/arhiva\/#website\",\"url\":\"https:\/\/sandzakpress.net\/arhiva\/\",\"name\":\"Sand\u017eak PRESS\",\"description\":\"Prve elektronske novine u Sand\u017eaku\",\"publisher\":{\"@id\":\"https:\/\/sandzakpress.net\/arhiva\/#\/schema\/person\/6e72b67d6e51910a1117b3b483ba20bd\"},\"potentialAction\":[{\"@type\":\"SearchAction\",\"target\":{\"@type\":\"EntryPoint\",\"urlTemplate\":\"https:\/\/sandzakpress.net\/arhiva\/?s={search_term_string}\"},\"query-input\":{\"@type\":\"PropertyValueSpecification\",\"valueRequired\":true,\"valueName\":\"search_term_string\"}}],\"inLanguage\":\"bs-BA\"},{\"@type\":[\"Person\",\"Organization\"],\"@id\":\"https:\/\/sandzakpress.net\/arhiva\/#\/schema\/person\/6e72b67d6e51910a1117b3b483ba20bd\",\"name\":\"Kul\",\"image\":{\"@type\":\"ImageObject\",\"inLanguage\":\"bs-BA\",\"@id\":\"https:\/\/sandzakpress.net\/arhiva\/#\/schema\/person\/image\/\",\"url\":\"https:\/\/secure.gravatar.com\/avatar\/42263f39aa27ac04c43cab85c280eb2e?s=96&d=mm&r=pg\",\"contentUrl\":\"https:\/\/secure.gravatar.com\/avatar\/42263f39aa27ac04c43cab85c280eb2e?s=96&d=mm&r=pg\",\"caption\":\"Kul\"},\"logo\":{\"@id\":\"https:\/\/sandzakpress.net\/arhiva\/#\/schema\/person\/image\/\"}},{\"@type\":\"Person\",\"@id\":\"https:\/\/sandzakpress.net\/arhiva\/#\/schema\/person\/c8baee722073534b583ea7bdb2e36c02\",\"name\":\"bosniak\",\"image\":{\"@type\":\"ImageObject\",\"inLanguage\":\"bs-BA\",\"@id\":\"https:\/\/sandzakpress.net\/arhiva\/#\/schema\/person\/image\/\",\"url\":\"https:\/\/secure.gravatar.com\/avatar\/a04fd330bfe3a36a72a0ad4a6d89fca7?s=96&d=mm&r=pg\",\"contentUrl\":\"https:\/\/secure.gravatar.com\/avatar\/a04fd330bfe3a36a72a0ad4a6d89fca7?s=96&d=mm&r=pg\",\"caption\":\"bosniak\"},\"url\":\"https:\/\/sandzakpress.net\/arhiva\/author\/bosniak\/\"}]}<\/script>\n<!-- \/ Yoast SEO Premium plugin. -->","yoast_head_json":{"title":"Autonomija Sand\u017eaka i kraj epohe zlo\u010dina (III)","robots":{"index":"index","follow":"follow","max-snippet":"max-snippet:-1","max-image-preview":"max-image-preview:large","max-video-preview":"max-video-preview:-1"},"canonical":"https:\/\/sandzakpress.net\/arhiva\/autonomija-sandzaka-i-kraj-epohe-zlocina-iii\/","og_locale":"bs_BA","og_type":"article","og_title":"Autonomija Sand\u017eaka i kraj epohe zlo\u010dina (III)","og_description":"dr. Admir Muratovi\u0107","og_url":"https:\/\/sandzakpress.net\/arhiva\/autonomija-sandzaka-i-kraj-epohe-zlocina-iii\/","og_site_name":"Sand\u017eak PRESS","article_published_time":"2014-02-15T22:05:36+00:00","article_modified_time":"2014-02-15T22:14:33+00:00","og_image":[{"width":300,"height":300,"url":"https:\/\/sandzakpress.net\/arhiva\/wp-content\/uploads\/2014\/02\/admir-muratovic.jpg","type":"image\/jpeg"}],"author":"bosniak","twitter_card":"summary_large_image","twitter_misc":{"Written by":"bosniak","Est. reading time":"7 minuta"},"schema":{"@context":"https:\/\/schema.org","@graph":[{"@type":"Article","@id":"https:\/\/sandzakpress.net\/arhiva\/autonomija-sandzaka-i-kraj-epohe-zlocina-iii\/#article","isPartOf":{"@id":"https:\/\/sandzakpress.net\/arhiva\/autonomija-sandzaka-i-kraj-epohe-zlocina-iii\/"},"author":{"name":"bosniak","@id":"https:\/\/sandzakpress.net\/arhiva\/#\/schema\/person\/c8baee722073534b583ea7bdb2e36c02"},"headline":"Autonomija Sand\u017eaka i kraj epohe zlo\u010dina (III)","datePublished":"2014-02-15T22:05:36+00:00","dateModified":"2014-02-15T22:14:33+00:00","mainEntityOfPage":{"@id":"https:\/\/sandzakpress.net\/arhiva\/autonomija-sandzaka-i-kraj-epohe-zlocina-iii\/"},"wordCount":1347,"commentCount":38,"publisher":{"@id":"https:\/\/sandzakpress.net\/arhiva\/#\/schema\/person\/6e72b67d6e51910a1117b3b483ba20bd"},"image":{"@id":"https:\/\/sandzakpress.net\/arhiva\/autonomija-sandzaka-i-kraj-epohe-zlocina-iii\/#primaryimage"},"thumbnailUrl":"https:\/\/sandzakpress.net\/arhiva\/wp-content\/uploads\/2014\/02\/admir-muratovic.jpg","keywords":["Dr. Admir Muratovi\u0107","Revija Sand\u017eak"],"articleSection":["Sand\u017eak HISTORIJA","Iz pera na\u0161ih autora"],"inLanguage":"bs-BA","potentialAction":[{"@type":"CommentAction","name":"Comment","target":["https:\/\/sandzakpress.net\/arhiva\/autonomija-sandzaka-i-kraj-epohe-zlocina-iii\/#respond"]}]},{"@type":"WebPage","@id":"https:\/\/sandzakpress.net\/arhiva\/autonomija-sandzaka-i-kraj-epohe-zlocina-iii\/","url":"https:\/\/sandzakpress.net\/arhiva\/autonomija-sandzaka-i-kraj-epohe-zlocina-iii\/","name":"Autonomija Sand\u017eaka i kraj epohe zlo\u010dina (III)","isPartOf":{"@id":"https:\/\/sandzakpress.net\/arhiva\/#website"},"primaryImageOfPage":{"@id":"https:\/\/sandzakpress.net\/arhiva\/autonomija-sandzaka-i-kraj-epohe-zlocina-iii\/#primaryimage"},"image":{"@id":"https:\/\/sandzakpress.net\/arhiva\/autonomija-sandzaka-i-kraj-epohe-zlocina-iii\/#primaryimage"},"thumbnailUrl":"https:\/\/sandzakpress.net\/arhiva\/wp-content\/uploads\/2014\/02\/admir-muratovic.jpg","datePublished":"2014-02-15T22:05:36+00:00","dateModified":"2014-02-15T22:14:33+00:00","breadcrumb":{"@id":"https:\/\/sandzakpress.net\/arhiva\/autonomija-sandzaka-i-kraj-epohe-zlocina-iii\/#breadcrumb"},"inLanguage":"bs-BA","potentialAction":[{"@type":"ReadAction","target":["https:\/\/sandzakpress.net\/arhiva\/autonomija-sandzaka-i-kraj-epohe-zlocina-iii\/"]}]},{"@type":"ImageObject","inLanguage":"bs-BA","@id":"https:\/\/sandzakpress.net\/arhiva\/autonomija-sandzaka-i-kraj-epohe-zlocina-iii\/#primaryimage","url":"https:\/\/sandzakpress.net\/arhiva\/wp-content\/uploads\/2014\/02\/admir-muratovic.jpg","contentUrl":"https:\/\/sandzakpress.net\/arhiva\/wp-content\/uploads\/2014\/02\/admir-muratovic.jpg","width":300,"height":300,"caption":"dr. Admir Muratovi\u0107"},{"@type":"BreadcrumbList","@id":"https:\/\/sandzakpress.net\/arhiva\/autonomija-sandzaka-i-kraj-epohe-zlocina-iii\/#breadcrumb","itemListElement":[{"@type":"ListItem","position":1,"name":"Home","item":"https:\/\/sandzakpress.net\/arhiva\/"},{"@type":"ListItem","position":2,"name":"Autonomija Sand\u017eaka i kraj epohe zlo\u010dina (III)"}]},{"@type":"WebSite","@id":"https:\/\/sandzakpress.net\/arhiva\/#website","url":"https:\/\/sandzakpress.net\/arhiva\/","name":"Sand\u017eak PRESS","description":"Prve elektronske novine u Sand\u017eaku","publisher":{"@id":"https:\/\/sandzakpress.net\/arhiva\/#\/schema\/person\/6e72b67d6e51910a1117b3b483ba20bd"},"potentialAction":[{"@type":"SearchAction","target":{"@type":"EntryPoint","urlTemplate":"https:\/\/sandzakpress.net\/arhiva\/?s={search_term_string}"},"query-input":{"@type":"PropertyValueSpecification","valueRequired":true,"valueName":"search_term_string"}}],"inLanguage":"bs-BA"},{"@type":["Person","Organization"],"@id":"https:\/\/sandzakpress.net\/arhiva\/#\/schema\/person\/6e72b67d6e51910a1117b3b483ba20bd","name":"Kul","image":{"@type":"ImageObject","inLanguage":"bs-BA","@id":"https:\/\/sandzakpress.net\/arhiva\/#\/schema\/person\/image\/","url":"https:\/\/secure.gravatar.com\/avatar\/42263f39aa27ac04c43cab85c280eb2e?s=96&d=mm&r=pg","contentUrl":"https:\/\/secure.gravatar.com\/avatar\/42263f39aa27ac04c43cab85c280eb2e?s=96&d=mm&r=pg","caption":"Kul"},"logo":{"@id":"https:\/\/sandzakpress.net\/arhiva\/#\/schema\/person\/image\/"}},{"@type":"Person","@id":"https:\/\/sandzakpress.net\/arhiva\/#\/schema\/person\/c8baee722073534b583ea7bdb2e36c02","name":"bosniak","image":{"@type":"ImageObject","inLanguage":"bs-BA","@id":"https:\/\/sandzakpress.net\/arhiva\/#\/schema\/person\/image\/","url":"https:\/\/secure.gravatar.com\/avatar\/a04fd330bfe3a36a72a0ad4a6d89fca7?s=96&d=mm&r=pg","contentUrl":"https:\/\/secure.gravatar.com\/avatar\/a04fd330bfe3a36a72a0ad4a6d89fca7?s=96&d=mm&r=pg","caption":"bosniak"},"url":"https:\/\/sandzakpress.net\/arhiva\/author\/bosniak\/"}]}},"_links":{"self":[{"href":"https:\/\/sandzakpress.net\/arhiva\/wp-json\/wp\/v2\/posts\/101630"}],"collection":[{"href":"https:\/\/sandzakpress.net\/arhiva\/wp-json\/wp\/v2\/posts"}],"about":[{"href":"https:\/\/sandzakpress.net\/arhiva\/wp-json\/wp\/v2\/types\/post"}],"author":[{"embeddable":true,"href":"https:\/\/sandzakpress.net\/arhiva\/wp-json\/wp\/v2\/users\/83"}],"replies":[{"embeddable":true,"href":"https:\/\/sandzakpress.net\/arhiva\/wp-json\/wp\/v2\/comments?post=101630"}],"version-history":[{"count":0,"href":"https:\/\/sandzakpress.net\/arhiva\/wp-json\/wp\/v2\/posts\/101630\/revisions"}],"wp:featuredmedia":[{"embeddable":true,"href":"https:\/\/sandzakpress.net\/arhiva\/wp-json\/wp\/v2\/media\/101631"}],"wp:attachment":[{"href":"https:\/\/sandzakpress.net\/arhiva\/wp-json\/wp\/v2\/media?parent=101630"}],"wp:term":[{"taxonomy":"category","embeddable":true,"href":"https:\/\/sandzakpress.net\/arhiva\/wp-json\/wp\/v2\/categories?post=101630"},{"taxonomy":"post_tag","embeddable":true,"href":"https:\/\/sandzakpress.net\/arhiva\/wp-json\/wp\/v2\/tags?post=101630"}],"curies":[{"name":"wp","href":"https:\/\/api.w.org\/{rel}","templated":true}]}}