{"id":101617,"date":"2014-02-15T10:00:22","date_gmt":"2014-02-15T09:00:22","guid":{"rendered":"https:\/\/sandzakpress.net\/arhiva\/?p=101617"},"modified":"2014-02-15T16:01:35","modified_gmt":"2014-02-15T15:01:35","slug":"protesti-u-podgorici-demonstranti-jurisali-ka-vladi-policija-odgovorila-suzavcem","status":"publish","type":"post","link":"https:\/\/sandzakpress.net\/arhiva\/protesti-u-podgorici-demonstranti-jurisali-ka-vladi-policija-odgovorila-suzavcem\/","title":{"rendered":"Protesti u Podgorici: Demonstranti juri\u0161ali ka Vladi, policija odgovorila suzavcem"},"content":{"rendered":"<p id=\"article_lead\"><strong><img loading=\"lazy\" decoding=\"async\" class=\"alignleft\" alt=\"\" src=\"http:\/\/www.blic.rs\/data\/images\/2014-02-15\/435376_podgorica-01_f.jpg?ver=1392474560\" width=\"329\" height=\"189\" \/>Crna Gora &#8211; Crnogorska policija sukobila se danas sa grupom demonstranata koji su poku\u0161ali da probiju policijski kordon kod zgradi Vlade u Podgorici.<\/strong><\/p>\n<p><strong><\/strong> Demonstranti su bacali kamenice na policiju koja je bacila suzavac. Grupa od nekoliko stotina demonstranata krenula je ka zgradi Vlade uzvikuju\u0107i: \u201cOstavke, stavke!\u201d, \u201cMilo lopove!\u201d, \u201cDolje Ranko, dolje Filip!\u201d.<\/p>\n<div>\n<div>Sukob policije i demonstranata tokom protesta u Podgorici<\/div>\n<\/div>\n<p>Do incidenta je do\u0161lo kada je jedan od u\u010desnika protesta poku\u0161ao da probije barikadu postavljenu na uglu ulica Stanka Dragojevi\u0107a i Kara\u0111or\u0111eve, na nekoliko desetina metara od ulaza u Vladu.\u00a0Jedan policajac je pendrekom udario demonstranta, a potom su u\u010desnici protesta kamenicama zasuli policiju.<\/p>\n<p>Uskoro je policiji stiglo poja\u010danje, a potom su ispaljeni suzavci. Demonstranti su potisnuti ka Njego\u0161evom parku, preko puta Skup\u0161tine.\u00a0U protestu su povrije\u0111ena i dvojica policajaca.<\/p>\n<div><img loading=\"lazy\" decoding=\"async\" class=\"aligncenter\" alt=\"\" src=\"http:\/\/www.blic.rs\/data\/images\/2014-02-15\/435352_podgorica-foto-radmilo-tadic-2_ff.jpg?ver=1392474534\" width=\"470\" height=\"353\" \/><\/p>\n<div>Protest u Podgorici prije sukoba s policijom<\/div>\n<\/div>\n<p>Reporter &#8220;Vijesti&#8221; javlja da je na ulici vi\u0161e velikih kamenica, koje su demonstanti bacali. Razbijeno je i staklo na zgradi Atlas grupe.<\/p>\n<p>Nakon neuspje\u0161nog poku\u0161aja da one koji su blokirali ulicu ubijedi da se sklone, policija je privela demonstante, me\u0111u kojima je i novinar Marko Mila\u010di\u0107, prenose &#8220;Vijesti&#8221;.<\/p>\n<p>&nbsp;<\/p>\n<div><img loading=\"lazy\" decoding=\"async\" class=\"aligncenter\" alt=\"\" src=\"http:\/\/www.blic.rs\/data\/images\/2014-02-15\/435351_podgorica-foto-radmilo-tadic-1_ff.jpg?ver=1392471316\" width=\"470\" height=\"357\" \/><\/p>\n<div>Demonstracije prati veliki broj novinara<\/div>\n<\/div>\n<p>U Klini\u010dki centar su zbog lak\u0161ih povreda upu\u0107ena dva policajca.<br \/>\nNa licu mjesta stigle su i specijalne policijske jedinice. Protest je organizovala fejsbuk grupa &#8220;Revolucija u Crnoj Gori &#8211; svi na ulice&#8221;.<\/p>\n<p>Fejsbuk grupa &#8220;Revolucija u Crnoj Gori &#8211; svi na ulice&#8221; najavila je ju\u010de da \u0107e organizovati u subotu protest ispred zgrade crnogorskog parlamenta u Podgorici, na kojem \u0107e tra\u017eiti smjenu aktuelne vlasti, po uzoru na de\u0161avanja u Bosni i Hercegovini.<\/p>\n<p>Oni su, kako prenose dana\u0161nji podgori\u010dki mediji, pozvali gra\u0111ane da u subotu izadju na ulice i zatra\u017ee smjenu vlasti, a najavljena je i blokada centralnih saobra\u0107ajnica u Podgorici.<\/p>\n<p>(blic)<\/p>\n","protected":false},"excerpt":{"rendered":"<p>Crna Gora &#8211; Crnogorska policija sukobila se danas sa grupom demonstranata koji su poku\u0161ali da probiju policijski kordon kod zgradi Vlade u Podgorici. Demonstranti su bacali kamenice na policiju koja je bacila suzavac. Grupa od nekoliko stotina demonstranata krenula je ka zgradi Vlade uzvikuju\u0107i: \u201cOstavke, stavke!\u201d, \u201cMilo lopove!\u201d, \u201cDolje Ranko, dolje Filip!\u201d. Sukob policije i [&hellip;]<\/p>\n","protected":false},"author":83,"featured_media":101618,"comment_status":"open","ping_status":"open","sticky":false,"template":"","format":"standard","meta":{"footnotes":""},"categories":[1,10308,8957],"tags":[],"class_list":{"0":"post-101617","1":"post","2":"type-post","3":"status-publish","4":"format-standard","5":"has-post-thumbnail","7":"category-politika","8":"category-crna-gora","9":"category-vijesti-dana"},"yoast_head":"<!-- This site is optimized with the Yoast SEO Premium plugin v23.1 (Yoast SEO v24.9) - https:\/\/yoast.com\/wordpress\/plugins\/seo\/ -->\n<title>Protesti u Podgorici: Demonstranti juri\u0161ali ka Vladi, policija odgovorila suzavcem<\/title>\n<meta name=\"robots\" content=\"index, follow, max-snippet:-1, max-image-preview:large, max-video-preview:-1\" \/>\n<link rel=\"canonical\" href=\"https:\/\/sandzakpress.net\/arhiva\/protesti-u-podgorici-demonstranti-jurisali-ka-vladi-policija-odgovorila-suzavcem\/\" \/>\n<meta property=\"og:locale\" content=\"bs_BA\" \/>\n<meta property=\"og:type\" content=\"article\" \/>\n<meta property=\"og:title\" content=\"Protesti u Podgorici: Demonstranti juri\u0161ali ka Vladi, policija odgovorila suzavcem\" \/>\n<meta property=\"og:description\" content=\"Crna Gora &#8211; Crnogorska policija sukobila se danas sa grupom demonstranata koji su poku\u0161ali da probiju policijski kordon kod zgradi Vlade u Podgorici. Demonstranti su bacali kamenice na policiju koja je bacila suzavac. Grupa od nekoliko stotina demonstranata krenula je ka zgradi Vlade uzvikuju\u0107i: \u201cOstavke, stavke!\u201d, \u201cMilo lopove!\u201d, \u201cDolje Ranko, dolje Filip!\u201d. Sukob policije i [&hellip;]\" \/>\n<meta property=\"og:url\" content=\"https:\/\/sandzakpress.net\/arhiva\/protesti-u-podgorici-demonstranti-jurisali-ka-vladi-policija-odgovorila-suzavcem\/\" \/>\n<meta property=\"og:site_name\" content=\"Sand\u017eak PRESS\" \/>\n<meta property=\"article:published_time\" content=\"2014-02-15T09:00:22+00:00\" \/>\n<meta property=\"article:modified_time\" content=\"2014-02-15T15:01:35+00:00\" \/>\n<meta property=\"og:image\" content=\"https:\/\/sandzakpress.net\/arhiva\/wp-content\/uploads\/2014\/02\/435376_podgorica-01_f.jpg\" \/>\n\t<meta property=\"og:image:width\" content=\"470\" \/>\n\t<meta property=\"og:image:height\" content=\"270\" \/>\n\t<meta property=\"og:image:type\" content=\"image\/jpeg\" \/>\n<meta name=\"author\" content=\"bosniak\" \/>\n<meta name=\"twitter:card\" content=\"summary_large_image\" \/>\n<meta name=\"twitter:label1\" content=\"Written by\" \/>\n\t<meta name=\"twitter:data1\" content=\"bosniak\" \/>\n\t<meta name=\"twitter:label2\" content=\"Est. reading time\" \/>\n\t<meta name=\"twitter:data2\" content=\"2 minute\" \/>\n<script type=\"application\/ld+json\" class=\"yoast-schema-graph\">{\"@context\":\"https:\/\/schema.org\",\"@graph\":[{\"@type\":\"Article\",\"@id\":\"https:\/\/sandzakpress.net\/arhiva\/protesti-u-podgorici-demonstranti-jurisali-ka-vladi-policija-odgovorila-suzavcem\/#article\",\"isPartOf\":{\"@id\":\"https:\/\/sandzakpress.net\/arhiva\/protesti-u-podgorici-demonstranti-jurisali-ka-vladi-policija-odgovorila-suzavcem\/\"},\"author\":{\"name\":\"bosniak\",\"@id\":\"https:\/\/sandzakpress.net\/arhiva\/#\/schema\/person\/c8baee722073534b583ea7bdb2e36c02\"},\"headline\":\"Protesti u Podgorici: Demonstranti juri\u0161ali ka Vladi, policija odgovorila suzavcem\",\"datePublished\":\"2014-02-15T09:00:22+00:00\",\"dateModified\":\"2014-02-15T15:01:35+00:00\",\"mainEntityOfPage\":{\"@id\":\"https:\/\/sandzakpress.net\/arhiva\/protesti-u-podgorici-demonstranti-jurisali-ka-vladi-policija-odgovorila-suzavcem\/\"},\"wordCount\":332,\"commentCount\":2,\"publisher\":{\"@id\":\"https:\/\/sandzakpress.net\/arhiva\/#\/schema\/person\/6e72b67d6e51910a1117b3b483ba20bd\"},\"image\":{\"@id\":\"https:\/\/sandzakpress.net\/arhiva\/protesti-u-podgorici-demonstranti-jurisali-ka-vladi-policija-odgovorila-suzavcem\/#primaryimage\"},\"thumbnailUrl\":\"https:\/\/sandzakpress.net\/arhiva\/wp-content\/uploads\/2014\/02\/435376_podgorica-01_f.jpg\",\"articleSection\":[\"Politika\",\"Crna Gora\",\"VIJESTI DANA\"],\"inLanguage\":\"bs-BA\",\"potentialAction\":[{\"@type\":\"CommentAction\",\"name\":\"Comment\",\"target\":[\"https:\/\/sandzakpress.net\/arhiva\/protesti-u-podgorici-demonstranti-jurisali-ka-vladi-policija-odgovorila-suzavcem\/#respond\"]}]},{\"@type\":\"WebPage\",\"@id\":\"https:\/\/sandzakpress.net\/arhiva\/protesti-u-podgorici-demonstranti-jurisali-ka-vladi-policija-odgovorila-suzavcem\/\",\"url\":\"https:\/\/sandzakpress.net\/arhiva\/protesti-u-podgorici-demonstranti-jurisali-ka-vladi-policija-odgovorila-suzavcem\/\",\"name\":\"Protesti u Podgorici: Demonstranti juri\u0161ali ka Vladi, policija odgovorila suzavcem\",\"isPartOf\":{\"@id\":\"https:\/\/sandzakpress.net\/arhiva\/#website\"},\"primaryImageOfPage\":{\"@id\":\"https:\/\/sandzakpress.net\/arhiva\/protesti-u-podgorici-demonstranti-jurisali-ka-vladi-policija-odgovorila-suzavcem\/#primaryimage\"},\"image\":{\"@id\":\"https:\/\/sandzakpress.net\/arhiva\/protesti-u-podgorici-demonstranti-jurisali-ka-vladi-policija-odgovorila-suzavcem\/#primaryimage\"},\"thumbnailUrl\":\"https:\/\/sandzakpress.net\/arhiva\/wp-content\/uploads\/2014\/02\/435376_podgorica-01_f.jpg\",\"datePublished\":\"2014-02-15T09:00:22+00:00\",\"dateModified\":\"2014-02-15T15:01:35+00:00\",\"breadcrumb\":{\"@id\":\"https:\/\/sandzakpress.net\/arhiva\/protesti-u-podgorici-demonstranti-jurisali-ka-vladi-policija-odgovorila-suzavcem\/#breadcrumb\"},\"inLanguage\":\"bs-BA\",\"potentialAction\":[{\"@type\":\"ReadAction\",\"target\":[\"https:\/\/sandzakpress.net\/arhiva\/protesti-u-podgorici-demonstranti-jurisali-ka-vladi-policija-odgovorila-suzavcem\/\"]}]},{\"@type\":\"ImageObject\",\"inLanguage\":\"bs-BA\",\"@id\":\"https:\/\/sandzakpress.net\/arhiva\/protesti-u-podgorici-demonstranti-jurisali-ka-vladi-policija-odgovorila-suzavcem\/#primaryimage\",\"url\":\"https:\/\/sandzakpress.net\/arhiva\/wp-content\/uploads\/2014\/02\/435376_podgorica-01_f.jpg\",\"contentUrl\":\"https:\/\/sandzakpress.net\/arhiva\/wp-content\/uploads\/2014\/02\/435376_podgorica-01_f.jpg\",\"width\":470,\"height\":270},{\"@type\":\"BreadcrumbList\",\"@id\":\"https:\/\/sandzakpress.net\/arhiva\/protesti-u-podgorici-demonstranti-jurisali-ka-vladi-policija-odgovorila-suzavcem\/#breadcrumb\",\"itemListElement\":[{\"@type\":\"ListItem\",\"position\":1,\"name\":\"Home\",\"item\":\"https:\/\/sandzakpress.net\/arhiva\/\"},{\"@type\":\"ListItem\",\"position\":2,\"name\":\"Protesti u Podgorici: Demonstranti juri\u0161ali ka Vladi, policija odgovorila suzavcem\"}]},{\"@type\":\"WebSite\",\"@id\":\"https:\/\/sandzakpress.net\/arhiva\/#website\",\"url\":\"https:\/\/sandzakpress.net\/arhiva\/\",\"name\":\"Sand\u017eak PRESS\",\"description\":\"Prve elektronske novine u Sand\u017eaku\",\"publisher\":{\"@id\":\"https:\/\/sandzakpress.net\/arhiva\/#\/schema\/person\/6e72b67d6e51910a1117b3b483ba20bd\"},\"potentialAction\":[{\"@type\":\"SearchAction\",\"target\":{\"@type\":\"EntryPoint\",\"urlTemplate\":\"https:\/\/sandzakpress.net\/arhiva\/?s={search_term_string}\"},\"query-input\":{\"@type\":\"PropertyValueSpecification\",\"valueRequired\":true,\"valueName\":\"search_term_string\"}}],\"inLanguage\":\"bs-BA\"},{\"@type\":[\"Person\",\"Organization\"],\"@id\":\"https:\/\/sandzakpress.net\/arhiva\/#\/schema\/person\/6e72b67d6e51910a1117b3b483ba20bd\",\"name\":\"Kul\",\"image\":{\"@type\":\"ImageObject\",\"inLanguage\":\"bs-BA\",\"@id\":\"https:\/\/sandzakpress.net\/arhiva\/#\/schema\/person\/image\/\",\"url\":\"https:\/\/secure.gravatar.com\/avatar\/42263f39aa27ac04c43cab85c280eb2e?s=96&d=mm&r=pg\",\"contentUrl\":\"https:\/\/secure.gravatar.com\/avatar\/42263f39aa27ac04c43cab85c280eb2e?s=96&d=mm&r=pg\",\"caption\":\"Kul\"},\"logo\":{\"@id\":\"https:\/\/sandzakpress.net\/arhiva\/#\/schema\/person\/image\/\"}},{\"@type\":\"Person\",\"@id\":\"https:\/\/sandzakpress.net\/arhiva\/#\/schema\/person\/c8baee722073534b583ea7bdb2e36c02\",\"name\":\"bosniak\",\"image\":{\"@type\":\"ImageObject\",\"inLanguage\":\"bs-BA\",\"@id\":\"https:\/\/sandzakpress.net\/arhiva\/#\/schema\/person\/image\/\",\"url\":\"https:\/\/secure.gravatar.com\/avatar\/a04fd330bfe3a36a72a0ad4a6d89fca7?s=96&d=mm&r=pg\",\"contentUrl\":\"https:\/\/secure.gravatar.com\/avatar\/a04fd330bfe3a36a72a0ad4a6d89fca7?s=96&d=mm&r=pg\",\"caption\":\"bosniak\"},\"url\":\"https:\/\/sandzakpress.net\/arhiva\/author\/bosniak\/\"}]}<\/script>\n<!-- \/ Yoast SEO Premium plugin. -->","yoast_head_json":{"title":"Protesti u Podgorici: Demonstranti juri\u0161ali ka Vladi, policija odgovorila suzavcem","robots":{"index":"index","follow":"follow","max-snippet":"max-snippet:-1","max-image-preview":"max-image-preview:large","max-video-preview":"max-video-preview:-1"},"canonical":"https:\/\/sandzakpress.net\/arhiva\/protesti-u-podgorici-demonstranti-jurisali-ka-vladi-policija-odgovorila-suzavcem\/","og_locale":"bs_BA","og_type":"article","og_title":"Protesti u Podgorici: Demonstranti juri\u0161ali ka Vladi, policija odgovorila suzavcem","og_description":"Crna Gora &#8211; Crnogorska policija sukobila se danas sa grupom demonstranata koji su poku\u0161ali da probiju policijski kordon kod zgradi Vlade u Podgorici. Demonstranti su bacali kamenice na policiju koja je bacila suzavac. Grupa od nekoliko stotina demonstranata krenula je ka zgradi Vlade uzvikuju\u0107i: \u201cOstavke, stavke!\u201d, \u201cMilo lopove!\u201d, \u201cDolje Ranko, dolje Filip!\u201d. Sukob policije i [&hellip;]","og_url":"https:\/\/sandzakpress.net\/arhiva\/protesti-u-podgorici-demonstranti-jurisali-ka-vladi-policija-odgovorila-suzavcem\/","og_site_name":"Sand\u017eak PRESS","article_published_time":"2014-02-15T09:00:22+00:00","article_modified_time":"2014-02-15T15:01:35+00:00","og_image":[{"width":470,"height":270,"url":"https:\/\/sandzakpress.net\/arhiva\/wp-content\/uploads\/2014\/02\/435376_podgorica-01_f.jpg","type":"image\/jpeg"}],"author":"bosniak","twitter_card":"summary_large_image","twitter_misc":{"Written by":"bosniak","Est. reading time":"2 minute"},"schema":{"@context":"https:\/\/schema.org","@graph":[{"@type":"Article","@id":"https:\/\/sandzakpress.net\/arhiva\/protesti-u-podgorici-demonstranti-jurisali-ka-vladi-policija-odgovorila-suzavcem\/#article","isPartOf":{"@id":"https:\/\/sandzakpress.net\/arhiva\/protesti-u-podgorici-demonstranti-jurisali-ka-vladi-policija-odgovorila-suzavcem\/"},"author":{"name":"bosniak","@id":"https:\/\/sandzakpress.net\/arhiva\/#\/schema\/person\/c8baee722073534b583ea7bdb2e36c02"},"headline":"Protesti u Podgorici: Demonstranti juri\u0161ali ka Vladi, policija odgovorila suzavcem","datePublished":"2014-02-15T09:00:22+00:00","dateModified":"2014-02-15T15:01:35+00:00","mainEntityOfPage":{"@id":"https:\/\/sandzakpress.net\/arhiva\/protesti-u-podgorici-demonstranti-jurisali-ka-vladi-policija-odgovorila-suzavcem\/"},"wordCount":332,"commentCount":2,"publisher":{"@id":"https:\/\/sandzakpress.net\/arhiva\/#\/schema\/person\/6e72b67d6e51910a1117b3b483ba20bd"},"image":{"@id":"https:\/\/sandzakpress.net\/arhiva\/protesti-u-podgorici-demonstranti-jurisali-ka-vladi-policija-odgovorila-suzavcem\/#primaryimage"},"thumbnailUrl":"https:\/\/sandzakpress.net\/arhiva\/wp-content\/uploads\/2014\/02\/435376_podgorica-01_f.jpg","articleSection":["Politika","Crna Gora","VIJESTI DANA"],"inLanguage":"bs-BA","potentialAction":[{"@type":"CommentAction","name":"Comment","target":["https:\/\/sandzakpress.net\/arhiva\/protesti-u-podgorici-demonstranti-jurisali-ka-vladi-policija-odgovorila-suzavcem\/#respond"]}]},{"@type":"WebPage","@id":"https:\/\/sandzakpress.net\/arhiva\/protesti-u-podgorici-demonstranti-jurisali-ka-vladi-policija-odgovorila-suzavcem\/","url":"https:\/\/sandzakpress.net\/arhiva\/protesti-u-podgorici-demonstranti-jurisali-ka-vladi-policija-odgovorila-suzavcem\/","name":"Protesti u Podgorici: Demonstranti juri\u0161ali ka Vladi, policija odgovorila suzavcem","isPartOf":{"@id":"https:\/\/sandzakpress.net\/arhiva\/#website"},"primaryImageOfPage":{"@id":"https:\/\/sandzakpress.net\/arhiva\/protesti-u-podgorici-demonstranti-jurisali-ka-vladi-policija-odgovorila-suzavcem\/#primaryimage"},"image":{"@id":"https:\/\/sandzakpress.net\/arhiva\/protesti-u-podgorici-demonstranti-jurisali-ka-vladi-policija-odgovorila-suzavcem\/#primaryimage"},"thumbnailUrl":"https:\/\/sandzakpress.net\/arhiva\/wp-content\/uploads\/2014\/02\/435376_podgorica-01_f.jpg","datePublished":"2014-02-15T09:00:22+00:00","dateModified":"2014-02-15T15:01:35+00:00","breadcrumb":{"@id":"https:\/\/sandzakpress.net\/arhiva\/protesti-u-podgorici-demonstranti-jurisali-ka-vladi-policija-odgovorila-suzavcem\/#breadcrumb"},"inLanguage":"bs-BA","potentialAction":[{"@type":"ReadAction","target":["https:\/\/sandzakpress.net\/arhiva\/protesti-u-podgorici-demonstranti-jurisali-ka-vladi-policija-odgovorila-suzavcem\/"]}]},{"@type":"ImageObject","inLanguage":"bs-BA","@id":"https:\/\/sandzakpress.net\/arhiva\/protesti-u-podgorici-demonstranti-jurisali-ka-vladi-policija-odgovorila-suzavcem\/#primaryimage","url":"https:\/\/sandzakpress.net\/arhiva\/wp-content\/uploads\/2014\/02\/435376_podgorica-01_f.jpg","contentUrl":"https:\/\/sandzakpress.net\/arhiva\/wp-content\/uploads\/2014\/02\/435376_podgorica-01_f.jpg","width":470,"height":270},{"@type":"BreadcrumbList","@id":"https:\/\/sandzakpress.net\/arhiva\/protesti-u-podgorici-demonstranti-jurisali-ka-vladi-policija-odgovorila-suzavcem\/#breadcrumb","itemListElement":[{"@type":"ListItem","position":1,"name":"Home","item":"https:\/\/sandzakpress.net\/arhiva\/"},{"@type":"ListItem","position":2,"name":"Protesti u Podgorici: Demonstranti juri\u0161ali ka Vladi, policija odgovorila suzavcem"}]},{"@type":"WebSite","@id":"https:\/\/sandzakpress.net\/arhiva\/#website","url":"https:\/\/sandzakpress.net\/arhiva\/","name":"Sand\u017eak PRESS","description":"Prve elektronske novine u Sand\u017eaku","publisher":{"@id":"https:\/\/sandzakpress.net\/arhiva\/#\/schema\/person\/6e72b67d6e51910a1117b3b483ba20bd"},"potentialAction":[{"@type":"SearchAction","target":{"@type":"EntryPoint","urlTemplate":"https:\/\/sandzakpress.net\/arhiva\/?s={search_term_string}"},"query-input":{"@type":"PropertyValueSpecification","valueRequired":true,"valueName":"search_term_string"}}],"inLanguage":"bs-BA"},{"@type":["Person","Organization"],"@id":"https:\/\/sandzakpress.net\/arhiva\/#\/schema\/person\/6e72b67d6e51910a1117b3b483ba20bd","name":"Kul","image":{"@type":"ImageObject","inLanguage":"bs-BA","@id":"https:\/\/sandzakpress.net\/arhiva\/#\/schema\/person\/image\/","url":"https:\/\/secure.gravatar.com\/avatar\/42263f39aa27ac04c43cab85c280eb2e?s=96&d=mm&r=pg","contentUrl":"https:\/\/secure.gravatar.com\/avatar\/42263f39aa27ac04c43cab85c280eb2e?s=96&d=mm&r=pg","caption":"Kul"},"logo":{"@id":"https:\/\/sandzakpress.net\/arhiva\/#\/schema\/person\/image\/"}},{"@type":"Person","@id":"https:\/\/sandzakpress.net\/arhiva\/#\/schema\/person\/c8baee722073534b583ea7bdb2e36c02","name":"bosniak","image":{"@type":"ImageObject","inLanguage":"bs-BA","@id":"https:\/\/sandzakpress.net\/arhiva\/#\/schema\/person\/image\/","url":"https:\/\/secure.gravatar.com\/avatar\/a04fd330bfe3a36a72a0ad4a6d89fca7?s=96&d=mm&r=pg","contentUrl":"https:\/\/secure.gravatar.com\/avatar\/a04fd330bfe3a36a72a0ad4a6d89fca7?s=96&d=mm&r=pg","caption":"bosniak"},"url":"https:\/\/sandzakpress.net\/arhiva\/author\/bosniak\/"}]}},"_links":{"self":[{"href":"https:\/\/sandzakpress.net\/arhiva\/wp-json\/wp\/v2\/posts\/101617"}],"collection":[{"href":"https:\/\/sandzakpress.net\/arhiva\/wp-json\/wp\/v2\/posts"}],"about":[{"href":"https:\/\/sandzakpress.net\/arhiva\/wp-json\/wp\/v2\/types\/post"}],"author":[{"embeddable":true,"href":"https:\/\/sandzakpress.net\/arhiva\/wp-json\/wp\/v2\/users\/83"}],"replies":[{"embeddable":true,"href":"https:\/\/sandzakpress.net\/arhiva\/wp-json\/wp\/v2\/comments?post=101617"}],"version-history":[{"count":0,"href":"https:\/\/sandzakpress.net\/arhiva\/wp-json\/wp\/v2\/posts\/101617\/revisions"}],"wp:featuredmedia":[{"embeddable":true,"href":"https:\/\/sandzakpress.net\/arhiva\/wp-json\/wp\/v2\/media\/101618"}],"wp:attachment":[{"href":"https:\/\/sandzakpress.net\/arhiva\/wp-json\/wp\/v2\/media?parent=101617"}],"wp:term":[{"taxonomy":"category","embeddable":true,"href":"https:\/\/sandzakpress.net\/arhiva\/wp-json\/wp\/v2\/categories?post=101617"},{"taxonomy":"post_tag","embeddable":true,"href":"https:\/\/sandzakpress.net\/arhiva\/wp-json\/wp\/v2\/tags?post=101617"}],"curies":[{"name":"wp","href":"https:\/\/api.w.org\/{rel}","templated":true}]}}