{"id":101615,"date":"2014-02-15T12:46:17","date_gmt":"2014-02-15T11:46:17","guid":{"rendered":"https:\/\/sandzakpress.net\/arhiva\/?p=101615"},"modified":"2014-02-15T12:46:17","modified_gmt":"2014-02-15T11:46:17","slug":"hvale-se-gej-paradu-je-u-historiji-srbije-organizovala-jedino-vlada-tadic-ljajic-ugljanin","status":"publish","type":"post","link":"https:\/\/sandzakpress.net\/arhiva\/hvale-se-gej-paradu-je-u-historiji-srbije-organizovala-jedino-vlada-tadic-ljajic-ugljanin\/","title":{"rendered":"Hvale se: &#8216;Gej paradu je u historiji Srbije organizovala jedino Vlada Tadi\u0107-Ljaji\u0107-Ugljanin&#8217;"},"content":{"rendered":"<p><img loading=\"lazy\" decoding=\"async\" class=\"aligncenter size-full wp-image-101616\" alt=\"Danzastave2012_5\" src=\"https:\/\/sandzakpress.net\/arhiva\/wp-content\/uploads\/2014\/02\/Danzastave2012_5.jpg\" width=\"600\" height=\"400\" \/><\/p>\n<p id=\"article_lead\"><strong>Sjeverni Sand\u017eak &#8211; \u201eJedini trenutak u \u010ditavoj historiji Srbije u borbi za prava seksualnih manjina kada su predstavnici va\u0161e Alijanse imali priliku da iska\u017eu svoj stav i slobodno pro\u0161etaju ulicama Beograda, uprkos svim rizicima, bio je onaj za vrijeme na\u0161e vlasti (koju su sa\u010dinjavale stranke Tadi\u0107a, Ljaji\u0107a i Ugljanina)\u201c rekao je Boris Tadi\u0107 i dodao da je on sam zbog toga platio strahovitu politi\u010dku cijenu, navela je GSA u saop\u0161tenju.<\/strong><\/p>\n<p>Tadi\u0107 je rekao da je podr\u0161ka Prajdu i dalje njegov stav od koga ne\u0107e odustati, kao \u0161to ne\u0107e odustati i od za\u0161tite identitetskog pitanja svih gra\u0111ana Srbije.<\/p>\n<p>On je dodao da su prava seksualnih manjina garantovana poveljama UN-a i objasnio da je to pitanje po njemu deo identitetskog pitanja, kao i da ono u tom smislu treba da bude stavljeno u \u0161iri kontekst jer je to jedini adekvatan pristup u borbi za ljudska prava.<\/p>\n<p>\u201eIdentitetska politika je bila jedan od dva klju\u010dna \u010dinioca politike koje sam vodio kroz \u010ditav svoj \u017eivot i zato sam izme\u0111u ostalog imao, dozvoli\u0107ete mi da ka\u017eem, politiku \u2019I Evropa i Kosovo\u2019. Za mene je Kosovo identitetsko pitanje a ne dominantno dr\u017eavno pitanje kao za sve ostale predstavnike politike u Srbiji. Ako se borim za identitetska prava predstavnika etni\u010dkih zajednica, borim se i za identitet svog naroda na Kosovu. To va\u017ei za ceo region i mi od takve politike ne\u0107emo odustati. Ne\u0107emo odustati ni od identitetske politike na\u0161ih regija, od \u0160umadinaca, Vojvo\u0111ana, do svih ostalih, ali time ni na koji na\u010din ne\u0107emo dovoditi u pitanje dr\u017eavnu politiku Srbije\u201c zaklju\u010dio je Tadi\u0107.<\/p>\n<p>Alijansa je i u ovom izbornom ciklusu za parlamentarne izbore pokrenula kampanju pod nazivom &#8220;Tvoj glas, tvoje sutra&#8221;, \u010diji je cilj da se politi\u010dke stranke i grupacije koje u\u010destvuju na republi\u010dkim izborima izjasne o pitanjima vezanim za ljudska prava, me\u0111u kojima su i prava LGBT osoba.<\/p>\n<p>Cilj kampanje je i da pozove LGBT osobe, kao i njihove roditelje, ro\u0111ake, prijatelje i sve druge gra\u0111ane, da iza\u0111u na izbore i glasaju za one politi\u010dke opcije koje se, izme\u0111u ostalog, zala\u017eu za pobolj\u0161anje polo\u017eaja LGBT populacije, ravnopravnost i po\u0161tovanje ljudskih i manjinskih prava.<\/p>\n","protected":false},"excerpt":{"rendered":"<p>Jedna od zasluga dva sand\u017ea\u010dka ministra u Vladi Srbije<\/p>\n","protected":false},"author":83,"featured_media":101616,"comment_status":"open","ping_status":"open","sticky":false,"template":"","format":"standard","meta":{"footnotes":""},"categories":[72,1,52,327,392,393,394,8957],"tags":[10210,10269],"class_list":{"0":"post-101615","1":"post","2":"type-post","3":"status-publish","4":"format-standard","5":"has-post-thumbnail","7":"category-novi-pazar","8":"category-politika","9":"category-sjenica","10":"category-tutin","11":"category-prijepolje_","12":"category-priboj","13":"category-nova-varos","14":"category-vijesti-dana","15":"tag-rasim-ljajic","16":"tag-sulejman-ugljanin"},"yoast_head":"<!-- This site is optimized with the Yoast SEO Premium plugin v23.1 (Yoast SEO v24.9) - https:\/\/yoast.com\/wordpress\/plugins\/seo\/ -->\n<title>Hvale se: &#039;Gej paradu je u historiji Srbije organizovala jedino Vlada Tadi\u0107-Ljaji\u0107-Ugljanin&#039;<\/title>\n<meta name=\"robots\" content=\"index, follow, max-snippet:-1, max-image-preview:large, max-video-preview:-1\" \/>\n<link rel=\"canonical\" href=\"https:\/\/sandzakpress.net\/arhiva\/hvale-se-gej-paradu-je-u-historiji-srbije-organizovala-jedino-vlada-tadic-ljajic-ugljanin\/\" \/>\n<meta property=\"og:locale\" content=\"bs_BA\" \/>\n<meta property=\"og:type\" content=\"article\" \/>\n<meta property=\"og:title\" content=\"Hvale se: &#039;Gej paradu je u historiji Srbije organizovala jedino Vlada Tadi\u0107-Ljaji\u0107-Ugljanin&#039;\" \/>\n<meta property=\"og:description\" content=\"Jedna od zasluga dva sand\u017ea\u010dka ministra u Vladi Srbije\" \/>\n<meta property=\"og:url\" content=\"https:\/\/sandzakpress.net\/arhiva\/hvale-se-gej-paradu-je-u-historiji-srbije-organizovala-jedino-vlada-tadic-ljajic-ugljanin\/\" \/>\n<meta property=\"og:site_name\" content=\"Sand\u017eak PRESS\" \/>\n<meta property=\"article:published_time\" content=\"2014-02-15T11:46:17+00:00\" \/>\n<meta property=\"og:image\" content=\"https:\/\/sandzakpress.net\/arhiva\/wp-content\/uploads\/2014\/02\/Danzastave2012_5.jpg\" \/>\n\t<meta property=\"og:image:width\" content=\"600\" \/>\n\t<meta property=\"og:image:height\" content=\"400\" \/>\n\t<meta property=\"og:image:type\" content=\"image\/jpeg\" \/>\n<meta name=\"author\" content=\"bosniak\" \/>\n<meta name=\"twitter:card\" content=\"summary_large_image\" \/>\n<meta name=\"twitter:label1\" content=\"Written by\" \/>\n\t<meta name=\"twitter:data1\" content=\"bosniak\" \/>\n\t<meta name=\"twitter:label2\" content=\"Est. reading time\" \/>\n\t<meta name=\"twitter:data2\" content=\"2 minute\" \/>\n<script type=\"application\/ld+json\" class=\"yoast-schema-graph\">{\"@context\":\"https:\/\/schema.org\",\"@graph\":[{\"@type\":\"Article\",\"@id\":\"https:\/\/sandzakpress.net\/arhiva\/hvale-se-gej-paradu-je-u-historiji-srbije-organizovala-jedino-vlada-tadic-ljajic-ugljanin\/#article\",\"isPartOf\":{\"@id\":\"https:\/\/sandzakpress.net\/arhiva\/hvale-se-gej-paradu-je-u-historiji-srbije-organizovala-jedino-vlada-tadic-ljajic-ugljanin\/\"},\"author\":{\"name\":\"bosniak\",\"@id\":\"https:\/\/sandzakpress.net\/arhiva\/#\/schema\/person\/c8baee722073534b583ea7bdb2e36c02\"},\"headline\":\"Hvale se: &#8216;Gej paradu je u historiji Srbije organizovala jedino Vlada Tadi\u0107-Ljaji\u0107-Ugljanin&#8217;\",\"datePublished\":\"2014-02-15T11:46:17+00:00\",\"mainEntityOfPage\":{\"@id\":\"https:\/\/sandzakpress.net\/arhiva\/hvale-se-gej-paradu-je-u-historiji-srbije-organizovala-jedino-vlada-tadic-ljajic-ugljanin\/\"},\"wordCount\":403,\"commentCount\":7,\"publisher\":{\"@id\":\"https:\/\/sandzakpress.net\/arhiva\/#\/schema\/person\/6e72b67d6e51910a1117b3b483ba20bd\"},\"image\":{\"@id\":\"https:\/\/sandzakpress.net\/arhiva\/hvale-se-gej-paradu-je-u-historiji-srbije-organizovala-jedino-vlada-tadic-ljajic-ugljanin\/#primaryimage\"},\"thumbnailUrl\":\"https:\/\/sandzakpress.net\/arhiva\/wp-content\/uploads\/2014\/02\/Danzastave2012_5.jpg\",\"keywords\":[\"Rasim Ljaji\u0107\",\"Sulejman Ugljanin\"],\"articleSection\":[\"Novi Pazar\",\"Politika\",\"Sjenica\",\"Tutin\",\"Prijepolje\",\"Priboj\",\"Nova Varo\u0161\",\"VIJESTI DANA\"],\"inLanguage\":\"bs-BA\",\"potentialAction\":[{\"@type\":\"CommentAction\",\"name\":\"Comment\",\"target\":[\"https:\/\/sandzakpress.net\/arhiva\/hvale-se-gej-paradu-je-u-historiji-srbije-organizovala-jedino-vlada-tadic-ljajic-ugljanin\/#respond\"]}]},{\"@type\":\"WebPage\",\"@id\":\"https:\/\/sandzakpress.net\/arhiva\/hvale-se-gej-paradu-je-u-historiji-srbije-organizovala-jedino-vlada-tadic-ljajic-ugljanin\/\",\"url\":\"https:\/\/sandzakpress.net\/arhiva\/hvale-se-gej-paradu-je-u-historiji-srbije-organizovala-jedino-vlada-tadic-ljajic-ugljanin\/\",\"name\":\"Hvale se: 'Gej paradu je u historiji Srbije organizovala jedino Vlada Tadi\u0107-Ljaji\u0107-Ugljanin'\",\"isPartOf\":{\"@id\":\"https:\/\/sandzakpress.net\/arhiva\/#website\"},\"primaryImageOfPage\":{\"@id\":\"https:\/\/sandzakpress.net\/arhiva\/hvale-se-gej-paradu-je-u-historiji-srbije-organizovala-jedino-vlada-tadic-ljajic-ugljanin\/#primaryimage\"},\"image\":{\"@id\":\"https:\/\/sandzakpress.net\/arhiva\/hvale-se-gej-paradu-je-u-historiji-srbije-organizovala-jedino-vlada-tadic-ljajic-ugljanin\/#primaryimage\"},\"thumbnailUrl\":\"https:\/\/sandzakpress.net\/arhiva\/wp-content\/uploads\/2014\/02\/Danzastave2012_5.jpg\",\"datePublished\":\"2014-02-15T11:46:17+00:00\",\"breadcrumb\":{\"@id\":\"https:\/\/sandzakpress.net\/arhiva\/hvale-se-gej-paradu-je-u-historiji-srbije-organizovala-jedino-vlada-tadic-ljajic-ugljanin\/#breadcrumb\"},\"inLanguage\":\"bs-BA\",\"potentialAction\":[{\"@type\":\"ReadAction\",\"target\":[\"https:\/\/sandzakpress.net\/arhiva\/hvale-se-gej-paradu-je-u-historiji-srbije-organizovala-jedino-vlada-tadic-ljajic-ugljanin\/\"]}]},{\"@type\":\"ImageObject\",\"inLanguage\":\"bs-BA\",\"@id\":\"https:\/\/sandzakpress.net\/arhiva\/hvale-se-gej-paradu-je-u-historiji-srbije-organizovala-jedino-vlada-tadic-ljajic-ugljanin\/#primaryimage\",\"url\":\"https:\/\/sandzakpress.net\/arhiva\/wp-content\/uploads\/2014\/02\/Danzastave2012_5.jpg\",\"contentUrl\":\"https:\/\/sandzakpress.net\/arhiva\/wp-content\/uploads\/2014\/02\/Danzastave2012_5.jpg\",\"width\":600,\"height\":400},{\"@type\":\"BreadcrumbList\",\"@id\":\"https:\/\/sandzakpress.net\/arhiva\/hvale-se-gej-paradu-je-u-historiji-srbije-organizovala-jedino-vlada-tadic-ljajic-ugljanin\/#breadcrumb\",\"itemListElement\":[{\"@type\":\"ListItem\",\"position\":1,\"name\":\"Home\",\"item\":\"https:\/\/sandzakpress.net\/arhiva\/\"},{\"@type\":\"ListItem\",\"position\":2,\"name\":\"Hvale se: &#8216;Gej paradu je u historiji Srbije organizovala jedino Vlada Tadi\u0107-Ljaji\u0107-Ugljanin&#8217;\"}]},{\"@type\":\"WebSite\",\"@id\":\"https:\/\/sandzakpress.net\/arhiva\/#website\",\"url\":\"https:\/\/sandzakpress.net\/arhiva\/\",\"name\":\"Sand\u017eak PRESS\",\"description\":\"Prve elektronske novine u Sand\u017eaku\",\"publisher\":{\"@id\":\"https:\/\/sandzakpress.net\/arhiva\/#\/schema\/person\/6e72b67d6e51910a1117b3b483ba20bd\"},\"potentialAction\":[{\"@type\":\"SearchAction\",\"target\":{\"@type\":\"EntryPoint\",\"urlTemplate\":\"https:\/\/sandzakpress.net\/arhiva\/?s={search_term_string}\"},\"query-input\":{\"@type\":\"PropertyValueSpecification\",\"valueRequired\":true,\"valueName\":\"search_term_string\"}}],\"inLanguage\":\"bs-BA\"},{\"@type\":[\"Person\",\"Organization\"],\"@id\":\"https:\/\/sandzakpress.net\/arhiva\/#\/schema\/person\/6e72b67d6e51910a1117b3b483ba20bd\",\"name\":\"Kul\",\"image\":{\"@type\":\"ImageObject\",\"inLanguage\":\"bs-BA\",\"@id\":\"https:\/\/sandzakpress.net\/arhiva\/#\/schema\/person\/image\/\",\"url\":\"https:\/\/secure.gravatar.com\/avatar\/42263f39aa27ac04c43cab85c280eb2e?s=96&d=mm&r=pg\",\"contentUrl\":\"https:\/\/secure.gravatar.com\/avatar\/42263f39aa27ac04c43cab85c280eb2e?s=96&d=mm&r=pg\",\"caption\":\"Kul\"},\"logo\":{\"@id\":\"https:\/\/sandzakpress.net\/arhiva\/#\/schema\/person\/image\/\"}},{\"@type\":\"Person\",\"@id\":\"https:\/\/sandzakpress.net\/arhiva\/#\/schema\/person\/c8baee722073534b583ea7bdb2e36c02\",\"name\":\"bosniak\",\"image\":{\"@type\":\"ImageObject\",\"inLanguage\":\"bs-BA\",\"@id\":\"https:\/\/sandzakpress.net\/arhiva\/#\/schema\/person\/image\/\",\"url\":\"https:\/\/secure.gravatar.com\/avatar\/a04fd330bfe3a36a72a0ad4a6d89fca7?s=96&d=mm&r=pg\",\"contentUrl\":\"https:\/\/secure.gravatar.com\/avatar\/a04fd330bfe3a36a72a0ad4a6d89fca7?s=96&d=mm&r=pg\",\"caption\":\"bosniak\"},\"url\":\"https:\/\/sandzakpress.net\/arhiva\/author\/bosniak\/\"}]}<\/script>\n<!-- \/ Yoast SEO Premium plugin. -->","yoast_head_json":{"title":"Hvale se: 'Gej paradu je u historiji Srbije organizovala jedino Vlada Tadi\u0107-Ljaji\u0107-Ugljanin'","robots":{"index":"index","follow":"follow","max-snippet":"max-snippet:-1","max-image-preview":"max-image-preview:large","max-video-preview":"max-video-preview:-1"},"canonical":"https:\/\/sandzakpress.net\/arhiva\/hvale-se-gej-paradu-je-u-historiji-srbije-organizovala-jedino-vlada-tadic-ljajic-ugljanin\/","og_locale":"bs_BA","og_type":"article","og_title":"Hvale se: 'Gej paradu je u historiji Srbije organizovala jedino Vlada Tadi\u0107-Ljaji\u0107-Ugljanin'","og_description":"Jedna od zasluga dva sand\u017ea\u010dka ministra u Vladi Srbije","og_url":"https:\/\/sandzakpress.net\/arhiva\/hvale-se-gej-paradu-je-u-historiji-srbije-organizovala-jedino-vlada-tadic-ljajic-ugljanin\/","og_site_name":"Sand\u017eak PRESS","article_published_time":"2014-02-15T11:46:17+00:00","og_image":[{"width":600,"height":400,"url":"https:\/\/sandzakpress.net\/arhiva\/wp-content\/uploads\/2014\/02\/Danzastave2012_5.jpg","type":"image\/jpeg"}],"author":"bosniak","twitter_card":"summary_large_image","twitter_misc":{"Written by":"bosniak","Est. reading time":"2 minute"},"schema":{"@context":"https:\/\/schema.org","@graph":[{"@type":"Article","@id":"https:\/\/sandzakpress.net\/arhiva\/hvale-se-gej-paradu-je-u-historiji-srbije-organizovala-jedino-vlada-tadic-ljajic-ugljanin\/#article","isPartOf":{"@id":"https:\/\/sandzakpress.net\/arhiva\/hvale-se-gej-paradu-je-u-historiji-srbije-organizovala-jedino-vlada-tadic-ljajic-ugljanin\/"},"author":{"name":"bosniak","@id":"https:\/\/sandzakpress.net\/arhiva\/#\/schema\/person\/c8baee722073534b583ea7bdb2e36c02"},"headline":"Hvale se: &#8216;Gej paradu je u historiji Srbije organizovala jedino Vlada Tadi\u0107-Ljaji\u0107-Ugljanin&#8217;","datePublished":"2014-02-15T11:46:17+00:00","mainEntityOfPage":{"@id":"https:\/\/sandzakpress.net\/arhiva\/hvale-se-gej-paradu-je-u-historiji-srbije-organizovala-jedino-vlada-tadic-ljajic-ugljanin\/"},"wordCount":403,"commentCount":7,"publisher":{"@id":"https:\/\/sandzakpress.net\/arhiva\/#\/schema\/person\/6e72b67d6e51910a1117b3b483ba20bd"},"image":{"@id":"https:\/\/sandzakpress.net\/arhiva\/hvale-se-gej-paradu-je-u-historiji-srbije-organizovala-jedino-vlada-tadic-ljajic-ugljanin\/#primaryimage"},"thumbnailUrl":"https:\/\/sandzakpress.net\/arhiva\/wp-content\/uploads\/2014\/02\/Danzastave2012_5.jpg","keywords":["Rasim Ljaji\u0107","Sulejman Ugljanin"],"articleSection":["Novi Pazar","Politika","Sjenica","Tutin","Prijepolje","Priboj","Nova Varo\u0161","VIJESTI DANA"],"inLanguage":"bs-BA","potentialAction":[{"@type":"CommentAction","name":"Comment","target":["https:\/\/sandzakpress.net\/arhiva\/hvale-se-gej-paradu-je-u-historiji-srbije-organizovala-jedino-vlada-tadic-ljajic-ugljanin\/#respond"]}]},{"@type":"WebPage","@id":"https:\/\/sandzakpress.net\/arhiva\/hvale-se-gej-paradu-je-u-historiji-srbije-organizovala-jedino-vlada-tadic-ljajic-ugljanin\/","url":"https:\/\/sandzakpress.net\/arhiva\/hvale-se-gej-paradu-je-u-historiji-srbije-organizovala-jedino-vlada-tadic-ljajic-ugljanin\/","name":"Hvale se: 'Gej paradu je u historiji Srbije organizovala jedino Vlada Tadi\u0107-Ljaji\u0107-Ugljanin'","isPartOf":{"@id":"https:\/\/sandzakpress.net\/arhiva\/#website"},"primaryImageOfPage":{"@id":"https:\/\/sandzakpress.net\/arhiva\/hvale-se-gej-paradu-je-u-historiji-srbije-organizovala-jedino-vlada-tadic-ljajic-ugljanin\/#primaryimage"},"image":{"@id":"https:\/\/sandzakpress.net\/arhiva\/hvale-se-gej-paradu-je-u-historiji-srbije-organizovala-jedino-vlada-tadic-ljajic-ugljanin\/#primaryimage"},"thumbnailUrl":"https:\/\/sandzakpress.net\/arhiva\/wp-content\/uploads\/2014\/02\/Danzastave2012_5.jpg","datePublished":"2014-02-15T11:46:17+00:00","breadcrumb":{"@id":"https:\/\/sandzakpress.net\/arhiva\/hvale-se-gej-paradu-je-u-historiji-srbije-organizovala-jedino-vlada-tadic-ljajic-ugljanin\/#breadcrumb"},"inLanguage":"bs-BA","potentialAction":[{"@type":"ReadAction","target":["https:\/\/sandzakpress.net\/arhiva\/hvale-se-gej-paradu-je-u-historiji-srbije-organizovala-jedino-vlada-tadic-ljajic-ugljanin\/"]}]},{"@type":"ImageObject","inLanguage":"bs-BA","@id":"https:\/\/sandzakpress.net\/arhiva\/hvale-se-gej-paradu-je-u-historiji-srbije-organizovala-jedino-vlada-tadic-ljajic-ugljanin\/#primaryimage","url":"https:\/\/sandzakpress.net\/arhiva\/wp-content\/uploads\/2014\/02\/Danzastave2012_5.jpg","contentUrl":"https:\/\/sandzakpress.net\/arhiva\/wp-content\/uploads\/2014\/02\/Danzastave2012_5.jpg","width":600,"height":400},{"@type":"BreadcrumbList","@id":"https:\/\/sandzakpress.net\/arhiva\/hvale-se-gej-paradu-je-u-historiji-srbije-organizovala-jedino-vlada-tadic-ljajic-ugljanin\/#breadcrumb","itemListElement":[{"@type":"ListItem","position":1,"name":"Home","item":"https:\/\/sandzakpress.net\/arhiva\/"},{"@type":"ListItem","position":2,"name":"Hvale se: &#8216;Gej paradu je u historiji Srbije organizovala jedino Vlada Tadi\u0107-Ljaji\u0107-Ugljanin&#8217;"}]},{"@type":"WebSite","@id":"https:\/\/sandzakpress.net\/arhiva\/#website","url":"https:\/\/sandzakpress.net\/arhiva\/","name":"Sand\u017eak PRESS","description":"Prve elektronske novine u Sand\u017eaku","publisher":{"@id":"https:\/\/sandzakpress.net\/arhiva\/#\/schema\/person\/6e72b67d6e51910a1117b3b483ba20bd"},"potentialAction":[{"@type":"SearchAction","target":{"@type":"EntryPoint","urlTemplate":"https:\/\/sandzakpress.net\/arhiva\/?s={search_term_string}"},"query-input":{"@type":"PropertyValueSpecification","valueRequired":true,"valueName":"search_term_string"}}],"inLanguage":"bs-BA"},{"@type":["Person","Organization"],"@id":"https:\/\/sandzakpress.net\/arhiva\/#\/schema\/person\/6e72b67d6e51910a1117b3b483ba20bd","name":"Kul","image":{"@type":"ImageObject","inLanguage":"bs-BA","@id":"https:\/\/sandzakpress.net\/arhiva\/#\/schema\/person\/image\/","url":"https:\/\/secure.gravatar.com\/avatar\/42263f39aa27ac04c43cab85c280eb2e?s=96&d=mm&r=pg","contentUrl":"https:\/\/secure.gravatar.com\/avatar\/42263f39aa27ac04c43cab85c280eb2e?s=96&d=mm&r=pg","caption":"Kul"},"logo":{"@id":"https:\/\/sandzakpress.net\/arhiva\/#\/schema\/person\/image\/"}},{"@type":"Person","@id":"https:\/\/sandzakpress.net\/arhiva\/#\/schema\/person\/c8baee722073534b583ea7bdb2e36c02","name":"bosniak","image":{"@type":"ImageObject","inLanguage":"bs-BA","@id":"https:\/\/sandzakpress.net\/arhiva\/#\/schema\/person\/image\/","url":"https:\/\/secure.gravatar.com\/avatar\/a04fd330bfe3a36a72a0ad4a6d89fca7?s=96&d=mm&r=pg","contentUrl":"https:\/\/secure.gravatar.com\/avatar\/a04fd330bfe3a36a72a0ad4a6d89fca7?s=96&d=mm&r=pg","caption":"bosniak"},"url":"https:\/\/sandzakpress.net\/arhiva\/author\/bosniak\/"}]}},"_links":{"self":[{"href":"https:\/\/sandzakpress.net\/arhiva\/wp-json\/wp\/v2\/posts\/101615"}],"collection":[{"href":"https:\/\/sandzakpress.net\/arhiva\/wp-json\/wp\/v2\/posts"}],"about":[{"href":"https:\/\/sandzakpress.net\/arhiva\/wp-json\/wp\/v2\/types\/post"}],"author":[{"embeddable":true,"href":"https:\/\/sandzakpress.net\/arhiva\/wp-json\/wp\/v2\/users\/83"}],"replies":[{"embeddable":true,"href":"https:\/\/sandzakpress.net\/arhiva\/wp-json\/wp\/v2\/comments?post=101615"}],"version-history":[{"count":0,"href":"https:\/\/sandzakpress.net\/arhiva\/wp-json\/wp\/v2\/posts\/101615\/revisions"}],"wp:featuredmedia":[{"embeddable":true,"href":"https:\/\/sandzakpress.net\/arhiva\/wp-json\/wp\/v2\/media\/101616"}],"wp:attachment":[{"href":"https:\/\/sandzakpress.net\/arhiva\/wp-json\/wp\/v2\/media?parent=101615"}],"wp:term":[{"taxonomy":"category","embeddable":true,"href":"https:\/\/sandzakpress.net\/arhiva\/wp-json\/wp\/v2\/categories?post=101615"},{"taxonomy":"post_tag","embeddable":true,"href":"https:\/\/sandzakpress.net\/arhiva\/wp-json\/wp\/v2\/tags?post=101615"}],"curies":[{"name":"wp","href":"https:\/\/api.w.org\/{rel}","templated":true}]}}