{"id":101610,"date":"2014-02-15T11:21:42","date_gmt":"2014-02-15T10:21:42","guid":{"rendered":"https:\/\/sandzakpress.net\/arhiva\/?p=101610"},"modified":"2014-02-15T11:46:53","modified_gmt":"2014-02-15T10:46:53","slug":"muftija-zukorlic-vucic-je-pucao-sebi-u-nogu","status":"publish","type":"post","link":"https:\/\/sandzakpress.net\/arhiva\/muftija-zukorlic-vucic-je-pucao-sebi-u-nogu\/","title":{"rendered":"Muftija Zukorli\u0107: &#8216;Vu\u010di\u0107 je pucao sebi u nogu&#8217;"},"content":{"rendered":"<header>\n<p itemprop=\"description\"><img decoding=\"async\" class=\"aligncenter\" itemprop=\"contentUrl representativeOfPage\" style=\"line-height: 1.5em;\" alt=\"Muamer Zukorli\u0107\" src=\"http:\/\/images3.kurir-info.rs\/slika-620x419\/muamer-zukorlic-1392424973-445517.jpg\" \/><\/p>\n<p itemprop=\"description\"><strong>Sjeverni Sand\u017eak &#8211; Tadi\u0107 je svima pri\u010dao pri\u010du koja se \u017eeli \u010duti, jednu u Ankari, drugu u Beogradu, tre\u0107u u Sarajevu, \u010detvrtu u Briselu&#8230; A onda su se te pri\u010de sudarile i svi su shvatili da on govori neistinu i da je prevarant. Bo\u0161njaci imaju pravo da budu zabrinuti zbog svega \u0161to im se de\u0161avalo posljednjih sto godina<\/strong><\/p>\n<\/header>\n<div itemprop=\"articleBody\">\n<p>Srbija ima pravo da bude zabrinuta. Me\u0111utim, zabrinutost se pove\u0107ava ako se pitanja guraju pod tepih, ili ako se rje\u0161avaju na na\u010din na koji se rje\u0161avalo pitanje Kosova, ka\u017ee biv\u0161i glavni muftija\u00a0Islamske zajednice u Srbiji.\u00a0On u intervjuu za\u00a0Kurir\u00a0otkriva za\u0161to mu je va\u017ena koalicija s\u00a0\u010cedomirom Jovanovi\u0107em, za\u0161to se\u00a0DS\u00a0poslije pregovora o koaliciji naprasno ogra\u0111uje od njega i kako tuma\u010di \u201eVu\u010di\u0107eve signale\u201c.<\/p>\n<p><strong>Kakav je ta\u010dno Va\u0161 odnos sa strankom BDZS?<\/strong><br \/>\n&#8211; Ta\u010dno je da je Bo\u0161nja\u010dka demokratska zajednica Sand\u017eaka bliska meni, mada nisam ovla\u0161\u0107en da govorim u njihovo ime, ali sam upu\u0107en u to \u0161to \u010dine.<\/p>\n<p><strong>\u0160ta to zna\u010di \u201ebliska Vama\u201c? Pitaju Vas za savjet, predsjednik je Va\u0161 \u010dovjek, ili ne\u0161to tre\u0107e?<\/strong><br \/>\n&#8211; To zna\u010di da je stranka nastala na moralnoj i ideolo\u0161koj osnovi koju zastupam kroz djelovanje, i vjersko i kulturolo\u0161ko.<\/p>\n<p><strong>Otkud onda koalicija s liberalima \u010cedomira Jovanovi\u0107a?<\/strong><br \/>\n&#8211; Imam pozitivan stav prema toj koaliciji jer se time pokazuje sposobnost i zrelost jedne politi\u010dke organizacije iz Sand\u017eaka, s vrlo jasnom bo\u0161nja\u010dkosand\u017ea\u010dkom orijentacijom, da pru\u017ei ruku politi\u010dkim faktorima u Beogradu. I Srbija bi trebalo da zahvali Jovanovi\u0107u \u0161to ima kapacitet da napravi takav korak. Mada, vidim da se Jovanovi\u0107u zamjera na toj koaliciji i da se u tom kontekstu pominju moje ime i prezime.<\/p>\n<p><strong>Va\u0161e ime pominjalo se i u DS. Je li se to Vas stide, pa je Zoran \u017divkovi\u0107 pocijepao Kurir samo zato \u0161to smo objavili da je bilo razgovora BDZS i DS?<\/strong><br \/>\n&#8211; To bi \u017divkovi\u0107 mogao preciznije da odgovori. Predstavnici BDZS jesu razgovarali s predstavnicima DS. To sam provjerio, i to je ta\u010dno &#8211; bilo je razgovora u jednom ili dva navrata.<\/p>\n<p><strong>Da li je Borko Stefanovi\u0107 vodio pregovore?<\/strong><br \/>\n&#8211; U te detalje nisam ulazio. Me\u0111utim, upalo mi je u o\u010di to \u0161to se predstavnici DS upiru da se ograde od mene. Prvo mi nije bilo jasno za\u0161to, ali sam potom vidio da se na njihovoj listi nalazi izvjesna Aida \u0106orovi\u0107, pa mi je postalo djelimi\u010dno jasno.<\/p>\n<p><strong>Za\u0161to se nije razgovaralo sa SNS o koaliciji? Je li ne\u0161to zamjerate Vu\u010di\u0107u?<\/strong><br \/>\n&#8211; Prenijeti \u0107u ono \u0161to sam vidio u odnosu bo\u0161nja\u010dkog naroda prema onome \u0161to politi\u010dki nudi Aleksandar Vu\u010di\u0107. Na veliko odobravanje nai\u0161la je odlu\u010dna najava obra\u010duna s kriminalom. Zatim, pitanje politi\u010dke hrabrosti da se suo\u010dite s pitanjem svih pitanja za Srbiju &#8211; s Kosovom, to je ne\u0161to \u0161to veoma pozdravljeno. Naravno, mi Bo\u0161njaci imamo rezerve prema promjeni retorike, \u017eele\u0107i da ta promjena bude ne samo u imid\u017eu ve\u0107 i u ideologiji, i vjerovatno \u0107e povjerenje rasti u mjeri u kojoj Vu\u010di\u0107 poka\u017ee dosljednost.<\/p>\n<p><strong>Nisam o\u010dekivala od Vas toliko\u00a0hvalospjeva\u00a0na Vu\u010di\u0107ev ra\u010dun.<\/strong><br \/>\n&#8211; Nema tu nikakvih hvalospjeva, ovo je vrlo korektna analiza. A ono \u0161to jeste negativno je koalicija s Rasimom Ljaji\u0107em, i narod je ovdje zbog toga razo\u010daran. \u0160to se ti\u010de Sand\u017eaka, Vu\u010di\u0107 je pucao sebi u nogu u pogledu kredibiliteta borbe protiv kriminala jer ljudi ovdje znaju koliko je kriminalnih grupacija vezano za politi\u010dku opciju Rasima Ljaji\u0107a. Narod ovdje \u017eeli da vidi svoje predstavnike u Beogradu. Dobio sam neke signale od Vu\u010di\u0107a da \u0107e se problemi u Sand\u017eaku po\u010deti rje\u0161avati, ali se ne \u017eivi od signala.<\/p>\n<p><strong>Ho\u0107e li stranka kojoj ste bliski tra\u017eiti da se Sand\u017eak u Ustavu defini\u0161e kao region?<\/strong><br \/>\n&#8211; Sla\u017eem se s predstavnicima BDZS da pitanje Bo\u0161njaka u Srbiji nije statusno rije\u0161eno.<\/p>\n<p><strong>A kakav biste status \u017eeljeli?<\/strong><br \/>\n&#8211; Kad je pravljen Ustav i kad su tretirani nesrpski narodi, Bo\u0161njaci u tome nisu imali u\u010de\u0161\u0107a. I pitanje Sand\u017eaka je nerije\u0161eno, ve\u0107 se ignori\u0161e. A svako otvoreno pitanje koje je va\u017eno a koje se ignori\u0161e predstavlja virus potencijalnog \u017eari\u0161ta. To \u017eelim da poru\u010dim Beogradu, da je u interesu stabilnosti Srbije, mira i prosperiteta da se ta pitanja rje\u0161avaju. A da se ne bismo optu\u017eivali za ono za \u0161ta se intenzivno optu\u017eujemo, a to je secesija, mi smo veoma oprezni da tu stvar unaprijed defini\u0161emo kao rje\u0161enje. Umjesto toga ka\u017eemo: \u201eTo treba rje\u0161avati, a kako, hajde da sjednemo da razgovaramo.\u201c<\/p>\n<p><strong>Koje su Va\u0161e \u017eelje?<\/strong><br \/>\n&#8211; Ako se radi o realnim rje\u0161enjima, onda \u017eelje ne mogu da budu u prvom planu, ve\u0107 koordinate koje imaju \u0161ansu da daju rezultat. S obzirom na to da Srbija kora\u010da prema EU, da EU ima nekoliko modela evropskih regiona, mi mislimo da je status Sand\u017eaka i zahtjev za autonomiju unutar Srbije i Crne Gore mogu\u0107e rje\u0161avati kroz koncept evroregionalizma, gdje \u0107e Srbija svakako biti dio EU, gdje \u0107e me\u0111udr\u017eavne granice biti slabije i izgubiti na zna\u010daju. To rje\u0161enje \u0107e uliti izvjesno povjerenje Bo\u0161njacima, koji imaju pravo da budu zabrinuti zbog svega \u0161to im se de\u0161avalo posljednjih sto godina. Desili su se Srebrenica, \u0160trpce&#8230; I \u0161ta sad, treba da budemo toliko naivni&#8230; Vi do\u0111ete i ka\u017eete: \u201eNe\u0107e vam se ni\u0161ta desiti.\u201c To ste nam govorili i prije 50 godina.<\/p>\n<p><strong>Izvinite, ali i Beograd ima razloga za brigu. Vama se mo\u017ee re\u0107i: \u201eI Albanci su u po\u010detku tra\u017eili samo autonomiju, pa su na kraju\u00a0ocijepili\u00a0Kosovo.\u201c<\/strong><br \/>\n&#8211; Tako je. I Srbija ima pravo na zabrinutost, a ona se pove\u0107ava ako se pitanja guraju pod tepih, ili ako se rje\u0161avaju na na\u010din na koji se rje\u0161avalo Kosovo. Srpska politi\u010dka elita tra\u017ei od mog naroda da ima puno povjerenje u nju, a mom narodu se ne vjeruje da bi mogao da dobije elementarnu samoupravu.<\/p>\n<p><strong>Kako da imamo povjerenje u Vas kad Vi u ovim okvirima samouprave postavite spomen-plo\u010du A\u0107if-efendiji, \u010dovjeku koji je dobio orden od Hitlera i koji je kriv za ubistvo 7.000 Srba?<\/strong><br \/>\n&#8211; Ja sam priznao pravo na strepnju. A i ne znam \u0161to meni postavljate to pitanje kad je ministar vlade postavljao tu tablu. Problem je \u0161to Beograd nema snage da da slobodne izbore u Sand\u017eaku, a onda da prihvati partnere koji \u0107e biti korektni, pa makar bili i tvrdi. Koji \u0107e pri\u010dati istu pri\u010du i u Pazaru i u Beogradu, s kojima \u0107e se neke stvari mo\u017eda te\u0161ko dogovarati, ali \u0107e se po\u0161tovati. To je u interesu i Srbije i Sand\u017eaka. Zato je jedna prepreka da se to rije\u0161i Rasim Ljaji\u0107, koji je simbol la\u017ei. Kao \u0161to je Boris Tadi\u0107 bio simbol la\u017ei u odnosima na Balkanu i svima pri\u010dao pri\u010du koja se \u017eeli \u010duti, jednu u Ankari, drugu u Beogradu, tre\u0107u u Sarajevu, \u010detvrtu u Briselu&#8230; A onda su se te pri\u010de sudarile i svi su shvatili da on govori neistinu i da je prevarant. E, u odnosima Bo\u0161njaka i Srba imamo Rasima Ljaji\u0107a.<\/p>\n<p><strong>A ko je relevantan politi\u010dki faktor u Sand\u017eaku? Je li treba kod Vas da do\u0111u?<\/strong><br \/>\n&#8211; Ja kao muftija imam pravo da imam svoj glas u toj pri\u010di, nezavisno od izbora. I ko dobije na izborima, mene niko ne mo\u017ee da elimini\u0161e da govorim, brinem se i budem sau\u010desnik ovih rje\u0161enja.<\/p>\n<div>\n<p><strong>(Ne)redovni plati\u0161a<\/strong><br \/>\n<strong>DUG ZA STRUJU RIJE\u0160EN<\/strong><\/p>\n<p><strong>\u0160ta bi s ra\u010dunom za struju? Jeste li platili onih 12 miliona dinara?<\/strong><br \/>\n&#8211; Nekoliko d\u017eamija i Fakultet za islamske studije imali su problem. To je bio problem imovinsko-pravnih odnosa jer je \u201eElektrodistribucija\u201c odbijala da po\u0161alje ra\u010dun na ime islamskog fakulteta zato \u0161to ta zgrada, koja je nekad bila vakufska, a nakon Drugog svjetskog rata oduzeta, \u0161alje ra\u010dun na firmu \u201eUniprom\u201c, a du\u017ei fakultet. Muftija nema direktnu nadle\u017enost nad tim institucijama, ali po\u0161to sam bio \u010dere\u010den, morao sam da se uklju\u010dim. Taj dug je sad reprogramiran i vi\u0161e nije problem. A Vi provjerite ko pla\u0107a struju Pravoslavnoj crkvi u Novom Pazaru. Re\u0107i \u0107u Vam samo da crkva ne pla\u0107a.<\/p>\n<\/div>\n<div>\n<p><strong>Nepravedan zakon<\/strong><br \/>\n<strong>NA\u0160OJ DJECI NIJE MJESTO U SIRIJI<\/strong><\/p>\n<p><strong>Kako Vi gledate na mladi\u0107e koji su oti\u0161li da ratuju u Siriju?<\/strong><br \/>\n&#8211; Ja sam protiv odlaska na\u0161e djece u Siriju i na bilo koje drugo rati\u0161te, iako mislim da se nikom ne mo\u017ee osporiti pravo da sa svojim \u017eivotom radi \u0161ta ho\u0107e. Mi Bo\u0161njaci u Sand\u017eaku smo malobrojni da bismo bili gorivo za bilo koje veliko pitanje u islamu. Protiv sam toga da se to pitanje koristi za politi\u010dke ciljeve, da se to zakonom zabrani. Glavno pitanje je ljudi idu tamo? Nemojte misliti da to rade zbog Sirije. Idu odavde zbog osje\u0107aja obespravljenosti. Ja Vam postavljam pitanje &#8211; da li su mo\u017eda ti momci uzeli pu\u0161ku i oti\u0161li u Siriju da je ne bi uzeli u Srbiji? To uop\u0107e nije daleko od istine.<\/p>\n<\/div>\n<\/div>\n","protected":false},"excerpt":{"rendered":"<p>no \u0161to jeste negativno je koalicija s Rasimom Ljaji\u0107em, i narod je ovdje zbog toga razo\u010daran. \u0160to se ti\u010de Sand\u017eaka, Vu\u010di\u0107 je pucao sebi u nogu u pogledu kredibiliteta borbe protiv kriminala jer ljudi ovde znaju koliko je kriminalnih grupacija vezano za politi\u010dku opciju Rasima Ljaji\u0107a. <\/p>\n","protected":false},"author":83,"featured_media":101612,"comment_status":"open","ping_status":"open","sticky":false,"template":"","format":"standard","meta":{"footnotes":""},"categories":[72,52,1,327,392,393,394,8957],"tags":[10204],"class_list":{"0":"post-101610","1":"post","2":"type-post","3":"status-publish","4":"format-standard","5":"has-post-thumbnail","7":"category-novi-pazar","8":"category-sjenica","9":"category-politika","10":"category-tutin","11":"category-prijepolje_","12":"category-priboj","13":"category-nova-varos","14":"category-vijesti-dana","15":"tag-muftija-muamer-zukorlic"},"yoast_head":"<!-- This site is optimized with the Yoast SEO Premium plugin v23.1 (Yoast SEO v24.9) - https:\/\/yoast.com\/wordpress\/plugins\/seo\/ -->\n<title>Muftija Zukorli\u0107: &#039;Vu\u010di\u0107 je pucao sebi u nogu&#039;<\/title>\n<meta name=\"robots\" content=\"index, follow, max-snippet:-1, max-image-preview:large, max-video-preview:-1\" \/>\n<link rel=\"canonical\" href=\"https:\/\/sandzakpress.net\/arhiva\/muftija-zukorlic-vucic-je-pucao-sebi-u-nogu\/\" \/>\n<meta property=\"og:locale\" content=\"bs_BA\" \/>\n<meta property=\"og:type\" content=\"article\" \/>\n<meta property=\"og:title\" content=\"Muftija Zukorli\u0107: &#039;Vu\u010di\u0107 je pucao sebi u nogu&#039;\" \/>\n<meta property=\"og:description\" content=\"no \u0161to jeste negativno je koalicija s Rasimom Ljaji\u0107em, i narod je ovdje zbog toga razo\u010daran. \u0160to se ti\u010de Sand\u017eaka, Vu\u010di\u0107 je pucao sebi u nogu u pogledu kredibiliteta borbe protiv kriminala jer ljudi ovde znaju koliko je kriminalnih grupacija vezano za politi\u010dku opciju Rasima Ljaji\u0107a.\" \/>\n<meta property=\"og:url\" content=\"https:\/\/sandzakpress.net\/arhiva\/muftija-zukorlic-vucic-je-pucao-sebi-u-nogu\/\" \/>\n<meta property=\"og:site_name\" content=\"Sand\u017eak PRESS\" \/>\n<meta property=\"article:published_time\" content=\"2014-02-15T10:21:42+00:00\" \/>\n<meta property=\"article:modified_time\" content=\"2014-02-15T10:46:53+00:00\" \/>\n<meta property=\"og:image\" content=\"https:\/\/sandzakpress.net\/arhiva\/wp-content\/uploads\/2014\/02\/muamer-zukorlic-1392424973-445517.jpg\" \/>\n\t<meta property=\"og:image:width\" content=\"620\" \/>\n\t<meta property=\"og:image:height\" content=\"419\" \/>\n\t<meta property=\"og:image:type\" content=\"image\/jpeg\" \/>\n<meta name=\"author\" content=\"bosniak\" \/>\n<meta name=\"twitter:card\" content=\"summary_large_image\" \/>\n<meta name=\"twitter:label1\" content=\"Written by\" \/>\n\t<meta name=\"twitter:data1\" content=\"bosniak\" \/>\n\t<meta name=\"twitter:label2\" content=\"Est. reading time\" \/>\n\t<meta name=\"twitter:data2\" content=\"8 minuta\" \/>\n<script type=\"application\/ld+json\" class=\"yoast-schema-graph\">{\"@context\":\"https:\/\/schema.org\",\"@graph\":[{\"@type\":\"Article\",\"@id\":\"https:\/\/sandzakpress.net\/arhiva\/muftija-zukorlic-vucic-je-pucao-sebi-u-nogu\/#article\",\"isPartOf\":{\"@id\":\"https:\/\/sandzakpress.net\/arhiva\/muftija-zukorlic-vucic-je-pucao-sebi-u-nogu\/\"},\"author\":{\"name\":\"bosniak\",\"@id\":\"https:\/\/sandzakpress.net\/arhiva\/#\/schema\/person\/c8baee722073534b583ea7bdb2e36c02\"},\"headline\":\"Muftija Zukorli\u0107: &#8216;Vu\u010di\u0107 je pucao sebi u nogu&#8217;\",\"datePublished\":\"2014-02-15T10:21:42+00:00\",\"dateModified\":\"2014-02-15T10:46:53+00:00\",\"mainEntityOfPage\":{\"@id\":\"https:\/\/sandzakpress.net\/arhiva\/muftija-zukorlic-vucic-je-pucao-sebi-u-nogu\/\"},\"wordCount\":1607,\"commentCount\":37,\"publisher\":{\"@id\":\"https:\/\/sandzakpress.net\/arhiva\/#\/schema\/person\/6e72b67d6e51910a1117b3b483ba20bd\"},\"image\":{\"@id\":\"https:\/\/sandzakpress.net\/arhiva\/muftija-zukorlic-vucic-je-pucao-sebi-u-nogu\/#primaryimage\"},\"thumbnailUrl\":\"https:\/\/sandzakpress.net\/arhiva\/wp-content\/uploads\/2014\/02\/muamer-zukorlic-1392424973-445517.jpg\",\"keywords\":[\"muftija Muamer Zukorli\u0107\"],\"articleSection\":[\"Novi Pazar\",\"Sjenica\",\"Politika\",\"Tutin\",\"Prijepolje\",\"Priboj\",\"Nova Varo\u0161\",\"VIJESTI DANA\"],\"inLanguage\":\"bs-BA\",\"potentialAction\":[{\"@type\":\"CommentAction\",\"name\":\"Comment\",\"target\":[\"https:\/\/sandzakpress.net\/arhiva\/muftija-zukorlic-vucic-je-pucao-sebi-u-nogu\/#respond\"]}]},{\"@type\":\"WebPage\",\"@id\":\"https:\/\/sandzakpress.net\/arhiva\/muftija-zukorlic-vucic-je-pucao-sebi-u-nogu\/\",\"url\":\"https:\/\/sandzakpress.net\/arhiva\/muftija-zukorlic-vucic-je-pucao-sebi-u-nogu\/\",\"name\":\"Muftija Zukorli\u0107: 'Vu\u010di\u0107 je pucao sebi u nogu'\",\"isPartOf\":{\"@id\":\"https:\/\/sandzakpress.net\/arhiva\/#website\"},\"primaryImageOfPage\":{\"@id\":\"https:\/\/sandzakpress.net\/arhiva\/muftija-zukorlic-vucic-je-pucao-sebi-u-nogu\/#primaryimage\"},\"image\":{\"@id\":\"https:\/\/sandzakpress.net\/arhiva\/muftija-zukorlic-vucic-je-pucao-sebi-u-nogu\/#primaryimage\"},\"thumbnailUrl\":\"https:\/\/sandzakpress.net\/arhiva\/wp-content\/uploads\/2014\/02\/muamer-zukorlic-1392424973-445517.jpg\",\"datePublished\":\"2014-02-15T10:21:42+00:00\",\"dateModified\":\"2014-02-15T10:46:53+00:00\",\"breadcrumb\":{\"@id\":\"https:\/\/sandzakpress.net\/arhiva\/muftija-zukorlic-vucic-je-pucao-sebi-u-nogu\/#breadcrumb\"},\"inLanguage\":\"bs-BA\",\"potentialAction\":[{\"@type\":\"ReadAction\",\"target\":[\"https:\/\/sandzakpress.net\/arhiva\/muftija-zukorlic-vucic-je-pucao-sebi-u-nogu\/\"]}]},{\"@type\":\"ImageObject\",\"inLanguage\":\"bs-BA\",\"@id\":\"https:\/\/sandzakpress.net\/arhiva\/muftija-zukorlic-vucic-je-pucao-sebi-u-nogu\/#primaryimage\",\"url\":\"https:\/\/sandzakpress.net\/arhiva\/wp-content\/uploads\/2014\/02\/muamer-zukorlic-1392424973-445517.jpg\",\"contentUrl\":\"https:\/\/sandzakpress.net\/arhiva\/wp-content\/uploads\/2014\/02\/muamer-zukorlic-1392424973-445517.jpg\",\"width\":620,\"height\":419},{\"@type\":\"BreadcrumbList\",\"@id\":\"https:\/\/sandzakpress.net\/arhiva\/muftija-zukorlic-vucic-je-pucao-sebi-u-nogu\/#breadcrumb\",\"itemListElement\":[{\"@type\":\"ListItem\",\"position\":1,\"name\":\"Home\",\"item\":\"https:\/\/sandzakpress.net\/arhiva\/\"},{\"@type\":\"ListItem\",\"position\":2,\"name\":\"Muftija Zukorli\u0107: &#8216;Vu\u010di\u0107 je pucao sebi u nogu&#8217;\"}]},{\"@type\":\"WebSite\",\"@id\":\"https:\/\/sandzakpress.net\/arhiva\/#website\",\"url\":\"https:\/\/sandzakpress.net\/arhiva\/\",\"name\":\"Sand\u017eak PRESS\",\"description\":\"Prve elektronske novine u Sand\u017eaku\",\"publisher\":{\"@id\":\"https:\/\/sandzakpress.net\/arhiva\/#\/schema\/person\/6e72b67d6e51910a1117b3b483ba20bd\"},\"potentialAction\":[{\"@type\":\"SearchAction\",\"target\":{\"@type\":\"EntryPoint\",\"urlTemplate\":\"https:\/\/sandzakpress.net\/arhiva\/?s={search_term_string}\"},\"query-input\":{\"@type\":\"PropertyValueSpecification\",\"valueRequired\":true,\"valueName\":\"search_term_string\"}}],\"inLanguage\":\"bs-BA\"},{\"@type\":[\"Person\",\"Organization\"],\"@id\":\"https:\/\/sandzakpress.net\/arhiva\/#\/schema\/person\/6e72b67d6e51910a1117b3b483ba20bd\",\"name\":\"Kul\",\"image\":{\"@type\":\"ImageObject\",\"inLanguage\":\"bs-BA\",\"@id\":\"https:\/\/sandzakpress.net\/arhiva\/#\/schema\/person\/image\/\",\"url\":\"https:\/\/secure.gravatar.com\/avatar\/42263f39aa27ac04c43cab85c280eb2e?s=96&d=mm&r=pg\",\"contentUrl\":\"https:\/\/secure.gravatar.com\/avatar\/42263f39aa27ac04c43cab85c280eb2e?s=96&d=mm&r=pg\",\"caption\":\"Kul\"},\"logo\":{\"@id\":\"https:\/\/sandzakpress.net\/arhiva\/#\/schema\/person\/image\/\"}},{\"@type\":\"Person\",\"@id\":\"https:\/\/sandzakpress.net\/arhiva\/#\/schema\/person\/c8baee722073534b583ea7bdb2e36c02\",\"name\":\"bosniak\",\"image\":{\"@type\":\"ImageObject\",\"inLanguage\":\"bs-BA\",\"@id\":\"https:\/\/sandzakpress.net\/arhiva\/#\/schema\/person\/image\/\",\"url\":\"https:\/\/secure.gravatar.com\/avatar\/a04fd330bfe3a36a72a0ad4a6d89fca7?s=96&d=mm&r=pg\",\"contentUrl\":\"https:\/\/secure.gravatar.com\/avatar\/a04fd330bfe3a36a72a0ad4a6d89fca7?s=96&d=mm&r=pg\",\"caption\":\"bosniak\"},\"url\":\"https:\/\/sandzakpress.net\/arhiva\/author\/bosniak\/\"}]}<\/script>\n<!-- \/ Yoast SEO Premium plugin. -->","yoast_head_json":{"title":"Muftija Zukorli\u0107: 'Vu\u010di\u0107 je pucao sebi u nogu'","robots":{"index":"index","follow":"follow","max-snippet":"max-snippet:-1","max-image-preview":"max-image-preview:large","max-video-preview":"max-video-preview:-1"},"canonical":"https:\/\/sandzakpress.net\/arhiva\/muftija-zukorlic-vucic-je-pucao-sebi-u-nogu\/","og_locale":"bs_BA","og_type":"article","og_title":"Muftija Zukorli\u0107: 'Vu\u010di\u0107 je pucao sebi u nogu'","og_description":"no \u0161to jeste negativno je koalicija s Rasimom Ljaji\u0107em, i narod je ovdje zbog toga razo\u010daran. \u0160to se ti\u010de Sand\u017eaka, Vu\u010di\u0107 je pucao sebi u nogu u pogledu kredibiliteta borbe protiv kriminala jer ljudi ovde znaju koliko je kriminalnih grupacija vezano za politi\u010dku opciju Rasima Ljaji\u0107a.","og_url":"https:\/\/sandzakpress.net\/arhiva\/muftija-zukorlic-vucic-je-pucao-sebi-u-nogu\/","og_site_name":"Sand\u017eak PRESS","article_published_time":"2014-02-15T10:21:42+00:00","article_modified_time":"2014-02-15T10:46:53+00:00","og_image":[{"width":620,"height":419,"url":"https:\/\/sandzakpress.net\/arhiva\/wp-content\/uploads\/2014\/02\/muamer-zukorlic-1392424973-445517.jpg","type":"image\/jpeg"}],"author":"bosniak","twitter_card":"summary_large_image","twitter_misc":{"Written by":"bosniak","Est. reading time":"8 minuta"},"schema":{"@context":"https:\/\/schema.org","@graph":[{"@type":"Article","@id":"https:\/\/sandzakpress.net\/arhiva\/muftija-zukorlic-vucic-je-pucao-sebi-u-nogu\/#article","isPartOf":{"@id":"https:\/\/sandzakpress.net\/arhiva\/muftija-zukorlic-vucic-je-pucao-sebi-u-nogu\/"},"author":{"name":"bosniak","@id":"https:\/\/sandzakpress.net\/arhiva\/#\/schema\/person\/c8baee722073534b583ea7bdb2e36c02"},"headline":"Muftija Zukorli\u0107: &#8216;Vu\u010di\u0107 je pucao sebi u nogu&#8217;","datePublished":"2014-02-15T10:21:42+00:00","dateModified":"2014-02-15T10:46:53+00:00","mainEntityOfPage":{"@id":"https:\/\/sandzakpress.net\/arhiva\/muftija-zukorlic-vucic-je-pucao-sebi-u-nogu\/"},"wordCount":1607,"commentCount":37,"publisher":{"@id":"https:\/\/sandzakpress.net\/arhiva\/#\/schema\/person\/6e72b67d6e51910a1117b3b483ba20bd"},"image":{"@id":"https:\/\/sandzakpress.net\/arhiva\/muftija-zukorlic-vucic-je-pucao-sebi-u-nogu\/#primaryimage"},"thumbnailUrl":"https:\/\/sandzakpress.net\/arhiva\/wp-content\/uploads\/2014\/02\/muamer-zukorlic-1392424973-445517.jpg","keywords":["muftija Muamer Zukorli\u0107"],"articleSection":["Novi Pazar","Sjenica","Politika","Tutin","Prijepolje","Priboj","Nova Varo\u0161","VIJESTI DANA"],"inLanguage":"bs-BA","potentialAction":[{"@type":"CommentAction","name":"Comment","target":["https:\/\/sandzakpress.net\/arhiva\/muftija-zukorlic-vucic-je-pucao-sebi-u-nogu\/#respond"]}]},{"@type":"WebPage","@id":"https:\/\/sandzakpress.net\/arhiva\/muftija-zukorlic-vucic-je-pucao-sebi-u-nogu\/","url":"https:\/\/sandzakpress.net\/arhiva\/muftija-zukorlic-vucic-je-pucao-sebi-u-nogu\/","name":"Muftija Zukorli\u0107: 'Vu\u010di\u0107 je pucao sebi u nogu'","isPartOf":{"@id":"https:\/\/sandzakpress.net\/arhiva\/#website"},"primaryImageOfPage":{"@id":"https:\/\/sandzakpress.net\/arhiva\/muftija-zukorlic-vucic-je-pucao-sebi-u-nogu\/#primaryimage"},"image":{"@id":"https:\/\/sandzakpress.net\/arhiva\/muftija-zukorlic-vucic-je-pucao-sebi-u-nogu\/#primaryimage"},"thumbnailUrl":"https:\/\/sandzakpress.net\/arhiva\/wp-content\/uploads\/2014\/02\/muamer-zukorlic-1392424973-445517.jpg","datePublished":"2014-02-15T10:21:42+00:00","dateModified":"2014-02-15T10:46:53+00:00","breadcrumb":{"@id":"https:\/\/sandzakpress.net\/arhiva\/muftija-zukorlic-vucic-je-pucao-sebi-u-nogu\/#breadcrumb"},"inLanguage":"bs-BA","potentialAction":[{"@type":"ReadAction","target":["https:\/\/sandzakpress.net\/arhiva\/muftija-zukorlic-vucic-je-pucao-sebi-u-nogu\/"]}]},{"@type":"ImageObject","inLanguage":"bs-BA","@id":"https:\/\/sandzakpress.net\/arhiva\/muftija-zukorlic-vucic-je-pucao-sebi-u-nogu\/#primaryimage","url":"https:\/\/sandzakpress.net\/arhiva\/wp-content\/uploads\/2014\/02\/muamer-zukorlic-1392424973-445517.jpg","contentUrl":"https:\/\/sandzakpress.net\/arhiva\/wp-content\/uploads\/2014\/02\/muamer-zukorlic-1392424973-445517.jpg","width":620,"height":419},{"@type":"BreadcrumbList","@id":"https:\/\/sandzakpress.net\/arhiva\/muftija-zukorlic-vucic-je-pucao-sebi-u-nogu\/#breadcrumb","itemListElement":[{"@type":"ListItem","position":1,"name":"Home","item":"https:\/\/sandzakpress.net\/arhiva\/"},{"@type":"ListItem","position":2,"name":"Muftija Zukorli\u0107: &#8216;Vu\u010di\u0107 je pucao sebi u nogu&#8217;"}]},{"@type":"WebSite","@id":"https:\/\/sandzakpress.net\/arhiva\/#website","url":"https:\/\/sandzakpress.net\/arhiva\/","name":"Sand\u017eak PRESS","description":"Prve elektronske novine u Sand\u017eaku","publisher":{"@id":"https:\/\/sandzakpress.net\/arhiva\/#\/schema\/person\/6e72b67d6e51910a1117b3b483ba20bd"},"potentialAction":[{"@type":"SearchAction","target":{"@type":"EntryPoint","urlTemplate":"https:\/\/sandzakpress.net\/arhiva\/?s={search_term_string}"},"query-input":{"@type":"PropertyValueSpecification","valueRequired":true,"valueName":"search_term_string"}}],"inLanguage":"bs-BA"},{"@type":["Person","Organization"],"@id":"https:\/\/sandzakpress.net\/arhiva\/#\/schema\/person\/6e72b67d6e51910a1117b3b483ba20bd","name":"Kul","image":{"@type":"ImageObject","inLanguage":"bs-BA","@id":"https:\/\/sandzakpress.net\/arhiva\/#\/schema\/person\/image\/","url":"https:\/\/secure.gravatar.com\/avatar\/42263f39aa27ac04c43cab85c280eb2e?s=96&d=mm&r=pg","contentUrl":"https:\/\/secure.gravatar.com\/avatar\/42263f39aa27ac04c43cab85c280eb2e?s=96&d=mm&r=pg","caption":"Kul"},"logo":{"@id":"https:\/\/sandzakpress.net\/arhiva\/#\/schema\/person\/image\/"}},{"@type":"Person","@id":"https:\/\/sandzakpress.net\/arhiva\/#\/schema\/person\/c8baee722073534b583ea7bdb2e36c02","name":"bosniak","image":{"@type":"ImageObject","inLanguage":"bs-BA","@id":"https:\/\/sandzakpress.net\/arhiva\/#\/schema\/person\/image\/","url":"https:\/\/secure.gravatar.com\/avatar\/a04fd330bfe3a36a72a0ad4a6d89fca7?s=96&d=mm&r=pg","contentUrl":"https:\/\/secure.gravatar.com\/avatar\/a04fd330bfe3a36a72a0ad4a6d89fca7?s=96&d=mm&r=pg","caption":"bosniak"},"url":"https:\/\/sandzakpress.net\/arhiva\/author\/bosniak\/"}]}},"_links":{"self":[{"href":"https:\/\/sandzakpress.net\/arhiva\/wp-json\/wp\/v2\/posts\/101610"}],"collection":[{"href":"https:\/\/sandzakpress.net\/arhiva\/wp-json\/wp\/v2\/posts"}],"about":[{"href":"https:\/\/sandzakpress.net\/arhiva\/wp-json\/wp\/v2\/types\/post"}],"author":[{"embeddable":true,"href":"https:\/\/sandzakpress.net\/arhiva\/wp-json\/wp\/v2\/users\/83"}],"replies":[{"embeddable":true,"href":"https:\/\/sandzakpress.net\/arhiva\/wp-json\/wp\/v2\/comments?post=101610"}],"version-history":[{"count":0,"href":"https:\/\/sandzakpress.net\/arhiva\/wp-json\/wp\/v2\/posts\/101610\/revisions"}],"wp:featuredmedia":[{"embeddable":true,"href":"https:\/\/sandzakpress.net\/arhiva\/wp-json\/wp\/v2\/media\/101612"}],"wp:attachment":[{"href":"https:\/\/sandzakpress.net\/arhiva\/wp-json\/wp\/v2\/media?parent=101610"}],"wp:term":[{"taxonomy":"category","embeddable":true,"href":"https:\/\/sandzakpress.net\/arhiva\/wp-json\/wp\/v2\/categories?post=101610"},{"taxonomy":"post_tag","embeddable":true,"href":"https:\/\/sandzakpress.net\/arhiva\/wp-json\/wp\/v2\/tags?post=101610"}],"curies":[{"name":"wp","href":"https:\/\/api.w.org\/{rel}","templated":true}]}}