{"id":101523,"date":"2014-02-13T21:42:59","date_gmt":"2014-02-13T20:42:59","guid":{"rendered":"https:\/\/sandzakpress.net\/arhiva\/?p=101523"},"modified":"2014-02-13T21:42:59","modified_gmt":"2014-02-13T20:42:59","slug":"berane-uhapseni-osumnjiceni-za-miniranje-automobila","status":"publish","type":"post","link":"https:\/\/sandzakpress.net\/arhiva\/berane-uhapseni-osumnjiceni-za-miniranje-automobila\/","title":{"rendered":"Berane: Uhap\u0161eni osumnji\u010deni za miniranje automobila"},"content":{"rendered":"<p><img loading=\"lazy\" decoding=\"async\" class=\"alignleft\" style=\"font-size: 14px; line-height: 1.5em; -webkit-user-select: none;\" alt=\"\" src=\"https:\/\/encrypted-tbn1.gstatic.com\/images?q=tbn:ANd9GcRsTFhwQTMXzxPUfResgyt16p4zX68iR52O_vrgjLLdZn0aiN0KMQ\" width=\"298\" height=\"169\" \/><strong>Berane &#8211;\u00a0Crnogorska policija saopstila je danas da je uhapsila trojicu mladi\u0107a iz Berana, koji su osumnji\u010deni da su 1. februara podmjetnuli eksplozivnu napravu ispod automobila sugra\u0111anina D.M.<\/strong><\/p>\n<p>Uprava policije Crne Gore je navela da su uhap\u0161eni B.S. (26), K.S. (19) i J.P. (17) iz Berana, zbog sumnje da su u saizvr\u0161ila\u0161tvu po\u010dinili krivi\u010dno djelo izazivanje op\u0161te opasnosti u sticaju sa krivi\u010dnim djelom nedozvoljeno dr\u017eanje oru\u017eja i eksplozivnih materija.<\/p>\n<p>\u201cOsnovano se sumnja da su njih trojica 1. februara, u Ulici Svetog Save u Beranama, postavili eksplozivnu napravu ispod vozila \u201cFord escort\u201d, vlasni\u0161tvo D.M., a od detonacije na automobilu je pri\u010dinjena ve\u0107a materijalna \u0161teta\u201d, saop\u0161tila je policija.<\/p>\n<p>Dodaje se da su osumnji\u010deni, uz krivi\u010dnu prijavu, predati Osnovnom dr\u017eavnom tu\u017eila\u0161tvu u Beranama na dalju nadle\u017enost.<\/p>\n<p>(naslovi)<\/p>\n","protected":false},"excerpt":{"rendered":"<p>Berane &#8211;\u00a0Crnogorska policija saopstila je danas da je uhapsila trojicu mladi\u0107a iz Berana, koji su osumnji\u010deni da su 1. februara podmjetnuli eksplozivnu napravu ispod automobila sugra\u0111anina D.M. Uprava policije Crne Gore je navela da su uhap\u0161eni B.S. (26), K.S. (19) i J.P. (17) iz Berana, zbog sumnje da su u saizvr\u0161ila\u0161tvu po\u010dinili krivi\u010dno djelo izazivanje [&hellip;]<\/p>\n","protected":false},"author":83,"featured_media":101524,"comment_status":"open","ping_status":"open","sticky":false,"template":"","format":"standard","meta":{"footnotes":""},"categories":[397,801],"tags":[],"class_list":{"0":"post-101523","1":"post","2":"type-post","3":"status-publish","4":"format-standard","5":"has-post-thumbnail","7":"category-berane","8":"category-crna_hronika"},"yoast_head":"<!-- This site is optimized with the Yoast SEO Premium plugin v23.1 (Yoast SEO v24.9) - https:\/\/yoast.com\/wordpress\/plugins\/seo\/ -->\n<title>Berane: Uhap\u0161eni osumnji\u010deni za miniranje automobila<\/title>\n<meta name=\"robots\" content=\"index, follow, max-snippet:-1, max-image-preview:large, max-video-preview:-1\" \/>\n<link rel=\"canonical\" href=\"https:\/\/sandzakpress.net\/arhiva\/berane-uhapseni-osumnjiceni-za-miniranje-automobila\/\" \/>\n<meta property=\"og:locale\" content=\"bs_BA\" \/>\n<meta property=\"og:type\" content=\"article\" \/>\n<meta property=\"og:title\" content=\"Berane: Uhap\u0161eni osumnji\u010deni za miniranje automobila\" \/>\n<meta property=\"og:description\" content=\"Berane &#8211;\u00a0Crnogorska policija saopstila je danas da je uhapsila trojicu mladi\u0107a iz Berana, koji su osumnji\u010deni da su 1. februara podmjetnuli eksplozivnu napravu ispod automobila sugra\u0111anina D.M. Uprava policije Crne Gore je navela da su uhap\u0161eni B.S. (26), K.S. (19) i J.P. (17) iz Berana, zbog sumnje da su u saizvr\u0161ila\u0161tvu po\u010dinili krivi\u010dno djelo izazivanje [&hellip;]\" \/>\n<meta property=\"og:url\" content=\"https:\/\/sandzakpress.net\/arhiva\/berane-uhapseni-osumnjiceni-za-miniranje-automobila\/\" \/>\n<meta property=\"og:site_name\" content=\"Sand\u017eak PRESS\" \/>\n<meta property=\"article:published_time\" content=\"2014-02-13T20:42:59+00:00\" \/>\n<meta property=\"og:image\" content=\"https:\/\/sandzakpress.net\/arhiva\/wp-content\/uploads\/2014\/02\/images.jpg\" \/>\n\t<meta property=\"og:image:width\" content=\"275\" \/>\n\t<meta property=\"og:image:height\" content=\"183\" \/>\n\t<meta property=\"og:image:type\" content=\"image\/jpeg\" \/>\n<meta name=\"author\" content=\"bosniak\" \/>\n<meta name=\"twitter:card\" content=\"summary_large_image\" \/>\n<meta name=\"twitter:label1\" content=\"Written by\" \/>\n\t<meta name=\"twitter:data1\" content=\"bosniak\" \/>\n\t<meta name=\"twitter:label2\" content=\"Est. reading time\" \/>\n\t<meta name=\"twitter:data2\" content=\"1 minuta\" \/>\n<script type=\"application\/ld+json\" class=\"yoast-schema-graph\">{\"@context\":\"https:\/\/schema.org\",\"@graph\":[{\"@type\":\"Article\",\"@id\":\"https:\/\/sandzakpress.net\/arhiva\/berane-uhapseni-osumnjiceni-za-miniranje-automobila\/#article\",\"isPartOf\":{\"@id\":\"https:\/\/sandzakpress.net\/arhiva\/berane-uhapseni-osumnjiceni-za-miniranje-automobila\/\"},\"author\":{\"name\":\"bosniak\",\"@id\":\"https:\/\/sandzakpress.net\/arhiva\/#\/schema\/person\/c8baee722073534b583ea7bdb2e36c02\"},\"headline\":\"Berane: Uhap\u0161eni osumnji\u010deni za miniranje automobila\",\"datePublished\":\"2014-02-13T20:42:59+00:00\",\"mainEntityOfPage\":{\"@id\":\"https:\/\/sandzakpress.net\/arhiva\/berane-uhapseni-osumnjiceni-za-miniranje-automobila\/\"},\"wordCount\":154,\"commentCount\":0,\"publisher\":{\"@id\":\"https:\/\/sandzakpress.net\/arhiva\/#\/schema\/person\/6e72b67d6e51910a1117b3b483ba20bd\"},\"image\":{\"@id\":\"https:\/\/sandzakpress.net\/arhiva\/berane-uhapseni-osumnjiceni-za-miniranje-automobila\/#primaryimage\"},\"thumbnailUrl\":\"https:\/\/sandzakpress.net\/arhiva\/wp-content\/uploads\/2014\/02\/images.jpg\",\"articleSection\":[\"Berane\",\"Hronika\"],\"inLanguage\":\"bs-BA\",\"potentialAction\":[{\"@type\":\"CommentAction\",\"name\":\"Comment\",\"target\":[\"https:\/\/sandzakpress.net\/arhiva\/berane-uhapseni-osumnjiceni-za-miniranje-automobila\/#respond\"]}]},{\"@type\":\"WebPage\",\"@id\":\"https:\/\/sandzakpress.net\/arhiva\/berane-uhapseni-osumnjiceni-za-miniranje-automobila\/\",\"url\":\"https:\/\/sandzakpress.net\/arhiva\/berane-uhapseni-osumnjiceni-za-miniranje-automobila\/\",\"name\":\"Berane: Uhap\u0161eni osumnji\u010deni za miniranje automobila\",\"isPartOf\":{\"@id\":\"https:\/\/sandzakpress.net\/arhiva\/#website\"},\"primaryImageOfPage\":{\"@id\":\"https:\/\/sandzakpress.net\/arhiva\/berane-uhapseni-osumnjiceni-za-miniranje-automobila\/#primaryimage\"},\"image\":{\"@id\":\"https:\/\/sandzakpress.net\/arhiva\/berane-uhapseni-osumnjiceni-za-miniranje-automobila\/#primaryimage\"},\"thumbnailUrl\":\"https:\/\/sandzakpress.net\/arhiva\/wp-content\/uploads\/2014\/02\/images.jpg\",\"datePublished\":\"2014-02-13T20:42:59+00:00\",\"breadcrumb\":{\"@id\":\"https:\/\/sandzakpress.net\/arhiva\/berane-uhapseni-osumnjiceni-za-miniranje-automobila\/#breadcrumb\"},\"inLanguage\":\"bs-BA\",\"potentialAction\":[{\"@type\":\"ReadAction\",\"target\":[\"https:\/\/sandzakpress.net\/arhiva\/berane-uhapseni-osumnjiceni-za-miniranje-automobila\/\"]}]},{\"@type\":\"ImageObject\",\"inLanguage\":\"bs-BA\",\"@id\":\"https:\/\/sandzakpress.net\/arhiva\/berane-uhapseni-osumnjiceni-za-miniranje-automobila\/#primaryimage\",\"url\":\"https:\/\/sandzakpress.net\/arhiva\/wp-content\/uploads\/2014\/02\/images.jpg\",\"contentUrl\":\"https:\/\/sandzakpress.net\/arhiva\/wp-content\/uploads\/2014\/02\/images.jpg\",\"width\":275,\"height\":183},{\"@type\":\"BreadcrumbList\",\"@id\":\"https:\/\/sandzakpress.net\/arhiva\/berane-uhapseni-osumnjiceni-za-miniranje-automobila\/#breadcrumb\",\"itemListElement\":[{\"@type\":\"ListItem\",\"position\":1,\"name\":\"Home\",\"item\":\"https:\/\/sandzakpress.net\/arhiva\/\"},{\"@type\":\"ListItem\",\"position\":2,\"name\":\"Berane: Uhap\u0161eni osumnji\u010deni za miniranje automobila\"}]},{\"@type\":\"WebSite\",\"@id\":\"https:\/\/sandzakpress.net\/arhiva\/#website\",\"url\":\"https:\/\/sandzakpress.net\/arhiva\/\",\"name\":\"Sand\u017eak PRESS\",\"description\":\"Prve elektronske novine u Sand\u017eaku\",\"publisher\":{\"@id\":\"https:\/\/sandzakpress.net\/arhiva\/#\/schema\/person\/6e72b67d6e51910a1117b3b483ba20bd\"},\"potentialAction\":[{\"@type\":\"SearchAction\",\"target\":{\"@type\":\"EntryPoint\",\"urlTemplate\":\"https:\/\/sandzakpress.net\/arhiva\/?s={search_term_string}\"},\"query-input\":{\"@type\":\"PropertyValueSpecification\",\"valueRequired\":true,\"valueName\":\"search_term_string\"}}],\"inLanguage\":\"bs-BA\"},{\"@type\":[\"Person\",\"Organization\"],\"@id\":\"https:\/\/sandzakpress.net\/arhiva\/#\/schema\/person\/6e72b67d6e51910a1117b3b483ba20bd\",\"name\":\"Kul\",\"image\":{\"@type\":\"ImageObject\",\"inLanguage\":\"bs-BA\",\"@id\":\"https:\/\/sandzakpress.net\/arhiva\/#\/schema\/person\/image\/\",\"url\":\"https:\/\/secure.gravatar.com\/avatar\/42263f39aa27ac04c43cab85c280eb2e?s=96&d=mm&r=pg\",\"contentUrl\":\"https:\/\/secure.gravatar.com\/avatar\/42263f39aa27ac04c43cab85c280eb2e?s=96&d=mm&r=pg\",\"caption\":\"Kul\"},\"logo\":{\"@id\":\"https:\/\/sandzakpress.net\/arhiva\/#\/schema\/person\/image\/\"}},{\"@type\":\"Person\",\"@id\":\"https:\/\/sandzakpress.net\/arhiva\/#\/schema\/person\/c8baee722073534b583ea7bdb2e36c02\",\"name\":\"bosniak\",\"image\":{\"@type\":\"ImageObject\",\"inLanguage\":\"bs-BA\",\"@id\":\"https:\/\/sandzakpress.net\/arhiva\/#\/schema\/person\/image\/\",\"url\":\"https:\/\/secure.gravatar.com\/avatar\/a04fd330bfe3a36a72a0ad4a6d89fca7?s=96&d=mm&r=pg\",\"contentUrl\":\"https:\/\/secure.gravatar.com\/avatar\/a04fd330bfe3a36a72a0ad4a6d89fca7?s=96&d=mm&r=pg\",\"caption\":\"bosniak\"},\"url\":\"https:\/\/sandzakpress.net\/arhiva\/author\/bosniak\/\"}]}<\/script>\n<!-- \/ Yoast SEO Premium plugin. -->","yoast_head_json":{"title":"Berane: Uhap\u0161eni osumnji\u010deni za miniranje automobila","robots":{"index":"index","follow":"follow","max-snippet":"max-snippet:-1","max-image-preview":"max-image-preview:large","max-video-preview":"max-video-preview:-1"},"canonical":"https:\/\/sandzakpress.net\/arhiva\/berane-uhapseni-osumnjiceni-za-miniranje-automobila\/","og_locale":"bs_BA","og_type":"article","og_title":"Berane: Uhap\u0161eni osumnji\u010deni za miniranje automobila","og_description":"Berane &#8211;\u00a0Crnogorska policija saopstila je danas da je uhapsila trojicu mladi\u0107a iz Berana, koji su osumnji\u010deni da su 1. februara podmjetnuli eksplozivnu napravu ispod automobila sugra\u0111anina D.M. Uprava policije Crne Gore je navela da su uhap\u0161eni B.S. (26), K.S. (19) i J.P. (17) iz Berana, zbog sumnje da su u saizvr\u0161ila\u0161tvu po\u010dinili krivi\u010dno djelo izazivanje [&hellip;]","og_url":"https:\/\/sandzakpress.net\/arhiva\/berane-uhapseni-osumnjiceni-za-miniranje-automobila\/","og_site_name":"Sand\u017eak PRESS","article_published_time":"2014-02-13T20:42:59+00:00","og_image":[{"width":275,"height":183,"url":"https:\/\/sandzakpress.net\/arhiva\/wp-content\/uploads\/2014\/02\/images.jpg","type":"image\/jpeg"}],"author":"bosniak","twitter_card":"summary_large_image","twitter_misc":{"Written by":"bosniak","Est. reading time":"1 minuta"},"schema":{"@context":"https:\/\/schema.org","@graph":[{"@type":"Article","@id":"https:\/\/sandzakpress.net\/arhiva\/berane-uhapseni-osumnjiceni-za-miniranje-automobila\/#article","isPartOf":{"@id":"https:\/\/sandzakpress.net\/arhiva\/berane-uhapseni-osumnjiceni-za-miniranje-automobila\/"},"author":{"name":"bosniak","@id":"https:\/\/sandzakpress.net\/arhiva\/#\/schema\/person\/c8baee722073534b583ea7bdb2e36c02"},"headline":"Berane: Uhap\u0161eni osumnji\u010deni za miniranje automobila","datePublished":"2014-02-13T20:42:59+00:00","mainEntityOfPage":{"@id":"https:\/\/sandzakpress.net\/arhiva\/berane-uhapseni-osumnjiceni-za-miniranje-automobila\/"},"wordCount":154,"commentCount":0,"publisher":{"@id":"https:\/\/sandzakpress.net\/arhiva\/#\/schema\/person\/6e72b67d6e51910a1117b3b483ba20bd"},"image":{"@id":"https:\/\/sandzakpress.net\/arhiva\/berane-uhapseni-osumnjiceni-za-miniranje-automobila\/#primaryimage"},"thumbnailUrl":"https:\/\/sandzakpress.net\/arhiva\/wp-content\/uploads\/2014\/02\/images.jpg","articleSection":["Berane","Hronika"],"inLanguage":"bs-BA","potentialAction":[{"@type":"CommentAction","name":"Comment","target":["https:\/\/sandzakpress.net\/arhiva\/berane-uhapseni-osumnjiceni-za-miniranje-automobila\/#respond"]}]},{"@type":"WebPage","@id":"https:\/\/sandzakpress.net\/arhiva\/berane-uhapseni-osumnjiceni-za-miniranje-automobila\/","url":"https:\/\/sandzakpress.net\/arhiva\/berane-uhapseni-osumnjiceni-za-miniranje-automobila\/","name":"Berane: Uhap\u0161eni osumnji\u010deni za miniranje automobila","isPartOf":{"@id":"https:\/\/sandzakpress.net\/arhiva\/#website"},"primaryImageOfPage":{"@id":"https:\/\/sandzakpress.net\/arhiva\/berane-uhapseni-osumnjiceni-za-miniranje-automobila\/#primaryimage"},"image":{"@id":"https:\/\/sandzakpress.net\/arhiva\/berane-uhapseni-osumnjiceni-za-miniranje-automobila\/#primaryimage"},"thumbnailUrl":"https:\/\/sandzakpress.net\/arhiva\/wp-content\/uploads\/2014\/02\/images.jpg","datePublished":"2014-02-13T20:42:59+00:00","breadcrumb":{"@id":"https:\/\/sandzakpress.net\/arhiva\/berane-uhapseni-osumnjiceni-za-miniranje-automobila\/#breadcrumb"},"inLanguage":"bs-BA","potentialAction":[{"@type":"ReadAction","target":["https:\/\/sandzakpress.net\/arhiva\/berane-uhapseni-osumnjiceni-za-miniranje-automobila\/"]}]},{"@type":"ImageObject","inLanguage":"bs-BA","@id":"https:\/\/sandzakpress.net\/arhiva\/berane-uhapseni-osumnjiceni-za-miniranje-automobila\/#primaryimage","url":"https:\/\/sandzakpress.net\/arhiva\/wp-content\/uploads\/2014\/02\/images.jpg","contentUrl":"https:\/\/sandzakpress.net\/arhiva\/wp-content\/uploads\/2014\/02\/images.jpg","width":275,"height":183},{"@type":"BreadcrumbList","@id":"https:\/\/sandzakpress.net\/arhiva\/berane-uhapseni-osumnjiceni-za-miniranje-automobila\/#breadcrumb","itemListElement":[{"@type":"ListItem","position":1,"name":"Home","item":"https:\/\/sandzakpress.net\/arhiva\/"},{"@type":"ListItem","position":2,"name":"Berane: Uhap\u0161eni osumnji\u010deni za miniranje automobila"}]},{"@type":"WebSite","@id":"https:\/\/sandzakpress.net\/arhiva\/#website","url":"https:\/\/sandzakpress.net\/arhiva\/","name":"Sand\u017eak PRESS","description":"Prve elektronske novine u Sand\u017eaku","publisher":{"@id":"https:\/\/sandzakpress.net\/arhiva\/#\/schema\/person\/6e72b67d6e51910a1117b3b483ba20bd"},"potentialAction":[{"@type":"SearchAction","target":{"@type":"EntryPoint","urlTemplate":"https:\/\/sandzakpress.net\/arhiva\/?s={search_term_string}"},"query-input":{"@type":"PropertyValueSpecification","valueRequired":true,"valueName":"search_term_string"}}],"inLanguage":"bs-BA"},{"@type":["Person","Organization"],"@id":"https:\/\/sandzakpress.net\/arhiva\/#\/schema\/person\/6e72b67d6e51910a1117b3b483ba20bd","name":"Kul","image":{"@type":"ImageObject","inLanguage":"bs-BA","@id":"https:\/\/sandzakpress.net\/arhiva\/#\/schema\/person\/image\/","url":"https:\/\/secure.gravatar.com\/avatar\/42263f39aa27ac04c43cab85c280eb2e?s=96&d=mm&r=pg","contentUrl":"https:\/\/secure.gravatar.com\/avatar\/42263f39aa27ac04c43cab85c280eb2e?s=96&d=mm&r=pg","caption":"Kul"},"logo":{"@id":"https:\/\/sandzakpress.net\/arhiva\/#\/schema\/person\/image\/"}},{"@type":"Person","@id":"https:\/\/sandzakpress.net\/arhiva\/#\/schema\/person\/c8baee722073534b583ea7bdb2e36c02","name":"bosniak","image":{"@type":"ImageObject","inLanguage":"bs-BA","@id":"https:\/\/sandzakpress.net\/arhiva\/#\/schema\/person\/image\/","url":"https:\/\/secure.gravatar.com\/avatar\/a04fd330bfe3a36a72a0ad4a6d89fca7?s=96&d=mm&r=pg","contentUrl":"https:\/\/secure.gravatar.com\/avatar\/a04fd330bfe3a36a72a0ad4a6d89fca7?s=96&d=mm&r=pg","caption":"bosniak"},"url":"https:\/\/sandzakpress.net\/arhiva\/author\/bosniak\/"}]}},"_links":{"self":[{"href":"https:\/\/sandzakpress.net\/arhiva\/wp-json\/wp\/v2\/posts\/101523"}],"collection":[{"href":"https:\/\/sandzakpress.net\/arhiva\/wp-json\/wp\/v2\/posts"}],"about":[{"href":"https:\/\/sandzakpress.net\/arhiva\/wp-json\/wp\/v2\/types\/post"}],"author":[{"embeddable":true,"href":"https:\/\/sandzakpress.net\/arhiva\/wp-json\/wp\/v2\/users\/83"}],"replies":[{"embeddable":true,"href":"https:\/\/sandzakpress.net\/arhiva\/wp-json\/wp\/v2\/comments?post=101523"}],"version-history":[{"count":0,"href":"https:\/\/sandzakpress.net\/arhiva\/wp-json\/wp\/v2\/posts\/101523\/revisions"}],"wp:featuredmedia":[{"embeddable":true,"href":"https:\/\/sandzakpress.net\/arhiva\/wp-json\/wp\/v2\/media\/101524"}],"wp:attachment":[{"href":"https:\/\/sandzakpress.net\/arhiva\/wp-json\/wp\/v2\/media?parent=101523"}],"wp:term":[{"taxonomy":"category","embeddable":true,"href":"https:\/\/sandzakpress.net\/arhiva\/wp-json\/wp\/v2\/categories?post=101523"},{"taxonomy":"post_tag","embeddable":true,"href":"https:\/\/sandzakpress.net\/arhiva\/wp-json\/wp\/v2\/tags?post=101523"}],"curies":[{"name":"wp","href":"https:\/\/api.w.org\/{rel}","templated":true}]}}