{"id":10137,"date":"2010-12-04T20:26:00","date_gmt":"2010-12-04T19:26:00","guid":{"rendered":"https:\/\/sandzakpress.net\/arhiva\/?p=10137"},"modified":"2010-12-05T02:11:15","modified_gmt":"2010-12-05T01:11:15","slug":"10-000-clanova-na-muftijinoj-stranici-na-facebook-u","status":"publish","type":"post","link":"https:\/\/sandzakpress.net\/arhiva\/10-000-clanova-na-muftijinoj-stranici-na-facebook-u\/","title":{"rendered":"10 000 \u010dlanova na Muftijinoj stranici na Facebook-u!"},"content":{"rendered":"<p><strong><a href=\"https:\/\/sandzakpress.net\/arhiva\/wp-content\/uploads\/2010\/12\/facebook-muftija.jpg\"><img loading=\"lazy\" decoding=\"async\" class=\"alignleft size-full wp-image-10138\" title=\"facebook muftija\" src=\"https:\/\/sandzakpress.net\/arhiva\/wp-content\/uploads\/2010\/12\/facebook-muftija.jpg\" alt=\"\" width=\"129\" height=\"159\" \/><\/a>Sand\u017eak &#8211; Stranica (fan page) o muftiji Muamer ef. Zukorli\u0107u je na dru\u0161tvenoj mre\u017ei Facebook-u postigla rekordnu cifru \u010dlanova.<\/strong><\/p>\n<p>Stranica Muftije ima preko 10 000 \u010dlanova!<\/p>\n<p>Facebook je jedan od na\u010dina da se izmjeri popularnost javnih li\u010dnosti. Muftija je ubjedljivo na prvom mjestu.<\/p>\n<p>Ovako izgleda tabela popularnosti javnih li\u010dnosti iz Sand\u017eaka na Facebook-u:<\/p>\n<blockquote><p><strong>Muamer Zukorli\u0107 \u2013 10 000<\/strong><\/p>\n<p><strong>Sulejman Ugljanin \u2013 3800<\/strong><\/p>\n<p><strong>Mevlud Dudi\u0107 &#8211; 788<\/strong><\/p>\n<p><strong>Rasim Ljaji\u0107 &#8211; 317<\/strong><\/p>\n<p><strong>Mirsad \u0110erlek &#8211; 118<\/strong><\/p>\n<p><strong>Meho Mahmutovic &#8211; 45<\/strong><\/p><\/blockquote>\n<p>Izvor: <strong>SandzakPRESS.net<\/strong><\/p>\n","protected":false},"excerpt":{"rendered":"<p>Sand\u017eak &#8211; Stranica (fan page) o muftiji Muamer ef. Zukorli\u0107u je na dru\u0161tvenoj mre\u017ei Facebook-u postigla rekordnu cifru \u010dlanova. Stranica Muftije ima preko 10 000 \u010dlanova! Facebook je jedan od na\u010dina da se izmjeri popularnost javnih li\u010dnosti. Muftija je ubjedljivo na prvom mjestu. Ovako izgleda tabela popularnosti javnih li\u010dnosti iz Sand\u017eaka na Facebook-u: Muamer Zukorli\u0107 [&hellip;]<\/p>\n","protected":false},"author":83,"featured_media":10138,"comment_status":"open","ping_status":"open","sticky":false,"template":"","format":"standard","meta":{"footnotes":""},"categories":[72,398,52,397,327,392,396,393,395,802,394,399],"tags":[],"class_list":{"0":"post-10137","1":"post","2":"type-post","3":"status-publish","4":"format-standard","5":"has-post-thumbnail","7":"category-novi-pazar","8":"category-rozaje","9":"category-sjenica","10":"category-berane","11":"category-tutin","12":"category-prijepolje_","13":"category-bijelo_polje","14":"category-priboj","15":"category-pljevlja_","16":"category-islamska_zajednica","17":"category-nova-varos","18":"category-plav_"},"yoast_head":"<!-- This site is optimized with the Yoast SEO Premium plugin v23.1 (Yoast SEO v24.9) - https:\/\/yoast.com\/wordpress\/plugins\/seo\/ -->\n<title>10 000 \u010dlanova na Muftijinoj stranici na Facebook-u!<\/title>\n<meta name=\"robots\" content=\"index, follow, max-snippet:-1, max-image-preview:large, max-video-preview:-1\" \/>\n<link rel=\"canonical\" href=\"https:\/\/sandzakpress.net\/arhiva\/10-000-clanova-na-muftijinoj-stranici-na-facebook-u\/\" \/>\n<meta property=\"og:locale\" content=\"bs_BA\" \/>\n<meta property=\"og:type\" content=\"article\" \/>\n<meta property=\"og:title\" content=\"10 000 \u010dlanova na Muftijinoj stranici na Facebook-u!\" \/>\n<meta property=\"og:description\" content=\"Sand\u017eak &#8211; Stranica (fan page) o muftiji Muamer ef. Zukorli\u0107u je na dru\u0161tvenoj mre\u017ei Facebook-u postigla rekordnu cifru \u010dlanova. Stranica Muftije ima preko 10 000 \u010dlanova! Facebook je jedan od na\u010dina da se izmjeri popularnost javnih li\u010dnosti. Muftija je ubjedljivo na prvom mjestu. Ovako izgleda tabela popularnosti javnih li\u010dnosti iz Sand\u017eaka na Facebook-u: Muamer Zukorli\u0107 [&hellip;]\" \/>\n<meta property=\"og:url\" content=\"https:\/\/sandzakpress.net\/arhiva\/10-000-clanova-na-muftijinoj-stranici-na-facebook-u\/\" \/>\n<meta property=\"og:site_name\" content=\"Sand\u017eak PRESS\" \/>\n<meta property=\"article:published_time\" content=\"2010-12-04T19:26:00+00:00\" \/>\n<meta property=\"article:modified_time\" content=\"2010-12-05T01:11:15+00:00\" \/>\n<meta property=\"og:image\" content=\"https:\/\/sandzakpress.net\/arhiva\/wp-content\/uploads\/2010\/12\/facebook-muftija.jpg\" \/>\n\t<meta property=\"og:image:width\" content=\"206\" \/>\n\t<meta property=\"og:image:height\" content=\"254\" \/>\n\t<meta property=\"og:image:type\" content=\"image\/jpeg\" \/>\n<meta name=\"author\" content=\"bosniak\" \/>\n<meta name=\"twitter:card\" content=\"summary_large_image\" \/>\n<meta name=\"twitter:label1\" content=\"Written by\" \/>\n\t<meta name=\"twitter:data1\" content=\"bosniak\" \/>\n<script type=\"application\/ld+json\" class=\"yoast-schema-graph\">{\"@context\":\"https:\/\/schema.org\",\"@graph\":[{\"@type\":\"Article\",\"@id\":\"https:\/\/sandzakpress.net\/arhiva\/10-000-clanova-na-muftijinoj-stranici-na-facebook-u\/#article\",\"isPartOf\":{\"@id\":\"https:\/\/sandzakpress.net\/arhiva\/10-000-clanova-na-muftijinoj-stranici-na-facebook-u\/\"},\"author\":{\"name\":\"bosniak\",\"@id\":\"https:\/\/sandzakpress.net\/arhiva\/#\/schema\/person\/c8baee722073534b583ea7bdb2e36c02\"},\"headline\":\"10 000 \u010dlanova na Muftijinoj stranici na Facebook-u!\",\"datePublished\":\"2010-12-04T19:26:00+00:00\",\"dateModified\":\"2010-12-05T01:11:15+00:00\",\"mainEntityOfPage\":{\"@id\":\"https:\/\/sandzakpress.net\/arhiva\/10-000-clanova-na-muftijinoj-stranici-na-facebook-u\/\"},\"wordCount\":84,\"commentCount\":5,\"publisher\":{\"@id\":\"https:\/\/sandzakpress.net\/arhiva\/#\/schema\/person\/6e72b67d6e51910a1117b3b483ba20bd\"},\"image\":{\"@id\":\"https:\/\/sandzakpress.net\/arhiva\/10-000-clanova-na-muftijinoj-stranici-na-facebook-u\/#primaryimage\"},\"thumbnailUrl\":\"https:\/\/sandzakpress.net\/arhiva\/wp-content\/uploads\/2010\/12\/facebook-muftija.jpg\",\"articleSection\":[\"Novi Pazar\",\"Ro\u017eaje\",\"Sjenica\",\"Berane\",\"Tutin\",\"Prijepolje\",\"Bijelo Polje\",\"Priboj\",\"Pljevlja\",\"Islamska zajednica\",\"Nova Varo\u0161\",\"Plav\"],\"inLanguage\":\"bs-BA\",\"potentialAction\":[{\"@type\":\"CommentAction\",\"name\":\"Comment\",\"target\":[\"https:\/\/sandzakpress.net\/arhiva\/10-000-clanova-na-muftijinoj-stranici-na-facebook-u\/#respond\"]}]},{\"@type\":\"WebPage\",\"@id\":\"https:\/\/sandzakpress.net\/arhiva\/10-000-clanova-na-muftijinoj-stranici-na-facebook-u\/\",\"url\":\"https:\/\/sandzakpress.net\/arhiva\/10-000-clanova-na-muftijinoj-stranici-na-facebook-u\/\",\"name\":\"10 000 \u010dlanova na Muftijinoj stranici na Facebook-u!\",\"isPartOf\":{\"@id\":\"https:\/\/sandzakpress.net\/arhiva\/#website\"},\"primaryImageOfPage\":{\"@id\":\"https:\/\/sandzakpress.net\/arhiva\/10-000-clanova-na-muftijinoj-stranici-na-facebook-u\/#primaryimage\"},\"image\":{\"@id\":\"https:\/\/sandzakpress.net\/arhiva\/10-000-clanova-na-muftijinoj-stranici-na-facebook-u\/#primaryimage\"},\"thumbnailUrl\":\"https:\/\/sandzakpress.net\/arhiva\/wp-content\/uploads\/2010\/12\/facebook-muftija.jpg\",\"datePublished\":\"2010-12-04T19:26:00+00:00\",\"dateModified\":\"2010-12-05T01:11:15+00:00\",\"breadcrumb\":{\"@id\":\"https:\/\/sandzakpress.net\/arhiva\/10-000-clanova-na-muftijinoj-stranici-na-facebook-u\/#breadcrumb\"},\"inLanguage\":\"bs-BA\",\"potentialAction\":[{\"@type\":\"ReadAction\",\"target\":[\"https:\/\/sandzakpress.net\/arhiva\/10-000-clanova-na-muftijinoj-stranici-na-facebook-u\/\"]}]},{\"@type\":\"ImageObject\",\"inLanguage\":\"bs-BA\",\"@id\":\"https:\/\/sandzakpress.net\/arhiva\/10-000-clanova-na-muftijinoj-stranici-na-facebook-u\/#primaryimage\",\"url\":\"https:\/\/sandzakpress.net\/arhiva\/wp-content\/uploads\/2010\/12\/facebook-muftija.jpg\",\"contentUrl\":\"https:\/\/sandzakpress.net\/arhiva\/wp-content\/uploads\/2010\/12\/facebook-muftija.jpg\",\"width\":206,\"height\":254},{\"@type\":\"BreadcrumbList\",\"@id\":\"https:\/\/sandzakpress.net\/arhiva\/10-000-clanova-na-muftijinoj-stranici-na-facebook-u\/#breadcrumb\",\"itemListElement\":[{\"@type\":\"ListItem\",\"position\":1,\"name\":\"Home\",\"item\":\"https:\/\/sandzakpress.net\/arhiva\/\"},{\"@type\":\"ListItem\",\"position\":2,\"name\":\"10 000 \u010dlanova na Muftijinoj stranici na Facebook-u!\"}]},{\"@type\":\"WebSite\",\"@id\":\"https:\/\/sandzakpress.net\/arhiva\/#website\",\"url\":\"https:\/\/sandzakpress.net\/arhiva\/\",\"name\":\"Sand\u017eak PRESS\",\"description\":\"Prve elektronske novine u Sand\u017eaku\",\"publisher\":{\"@id\":\"https:\/\/sandzakpress.net\/arhiva\/#\/schema\/person\/6e72b67d6e51910a1117b3b483ba20bd\"},\"potentialAction\":[{\"@type\":\"SearchAction\",\"target\":{\"@type\":\"EntryPoint\",\"urlTemplate\":\"https:\/\/sandzakpress.net\/arhiva\/?s={search_term_string}\"},\"query-input\":{\"@type\":\"PropertyValueSpecification\",\"valueRequired\":true,\"valueName\":\"search_term_string\"}}],\"inLanguage\":\"bs-BA\"},{\"@type\":[\"Person\",\"Organization\"],\"@id\":\"https:\/\/sandzakpress.net\/arhiva\/#\/schema\/person\/6e72b67d6e51910a1117b3b483ba20bd\",\"name\":\"Kul\",\"image\":{\"@type\":\"ImageObject\",\"inLanguage\":\"bs-BA\",\"@id\":\"https:\/\/sandzakpress.net\/arhiva\/#\/schema\/person\/image\/\",\"url\":\"https:\/\/secure.gravatar.com\/avatar\/42263f39aa27ac04c43cab85c280eb2e?s=96&d=mm&r=pg\",\"contentUrl\":\"https:\/\/secure.gravatar.com\/avatar\/42263f39aa27ac04c43cab85c280eb2e?s=96&d=mm&r=pg\",\"caption\":\"Kul\"},\"logo\":{\"@id\":\"https:\/\/sandzakpress.net\/arhiva\/#\/schema\/person\/image\/\"}},{\"@type\":\"Person\",\"@id\":\"https:\/\/sandzakpress.net\/arhiva\/#\/schema\/person\/c8baee722073534b583ea7bdb2e36c02\",\"name\":\"bosniak\",\"image\":{\"@type\":\"ImageObject\",\"inLanguage\":\"bs-BA\",\"@id\":\"https:\/\/sandzakpress.net\/arhiva\/#\/schema\/person\/image\/\",\"url\":\"https:\/\/secure.gravatar.com\/avatar\/a04fd330bfe3a36a72a0ad4a6d89fca7?s=96&d=mm&r=pg\",\"contentUrl\":\"https:\/\/secure.gravatar.com\/avatar\/a04fd330bfe3a36a72a0ad4a6d89fca7?s=96&d=mm&r=pg\",\"caption\":\"bosniak\"},\"url\":\"https:\/\/sandzakpress.net\/arhiva\/author\/bosniak\/\"}]}<\/script>\n<!-- \/ Yoast SEO Premium plugin. -->","yoast_head_json":{"title":"10 000 \u010dlanova na Muftijinoj stranici na Facebook-u!","robots":{"index":"index","follow":"follow","max-snippet":"max-snippet:-1","max-image-preview":"max-image-preview:large","max-video-preview":"max-video-preview:-1"},"canonical":"https:\/\/sandzakpress.net\/arhiva\/10-000-clanova-na-muftijinoj-stranici-na-facebook-u\/","og_locale":"bs_BA","og_type":"article","og_title":"10 000 \u010dlanova na Muftijinoj stranici na Facebook-u!","og_description":"Sand\u017eak &#8211; Stranica (fan page) o muftiji Muamer ef. Zukorli\u0107u je na dru\u0161tvenoj mre\u017ei Facebook-u postigla rekordnu cifru \u010dlanova. Stranica Muftije ima preko 10 000 \u010dlanova! Facebook je jedan od na\u010dina da se izmjeri popularnost javnih li\u010dnosti. Muftija je ubjedljivo na prvom mjestu. Ovako izgleda tabela popularnosti javnih li\u010dnosti iz Sand\u017eaka na Facebook-u: Muamer Zukorli\u0107 [&hellip;]","og_url":"https:\/\/sandzakpress.net\/arhiva\/10-000-clanova-na-muftijinoj-stranici-na-facebook-u\/","og_site_name":"Sand\u017eak PRESS","article_published_time":"2010-12-04T19:26:00+00:00","article_modified_time":"2010-12-05T01:11:15+00:00","og_image":[{"width":206,"height":254,"url":"https:\/\/sandzakpress.net\/arhiva\/wp-content\/uploads\/2010\/12\/facebook-muftija.jpg","type":"image\/jpeg"}],"author":"bosniak","twitter_card":"summary_large_image","twitter_misc":{"Written by":"bosniak"},"schema":{"@context":"https:\/\/schema.org","@graph":[{"@type":"Article","@id":"https:\/\/sandzakpress.net\/arhiva\/10-000-clanova-na-muftijinoj-stranici-na-facebook-u\/#article","isPartOf":{"@id":"https:\/\/sandzakpress.net\/arhiva\/10-000-clanova-na-muftijinoj-stranici-na-facebook-u\/"},"author":{"name":"bosniak","@id":"https:\/\/sandzakpress.net\/arhiva\/#\/schema\/person\/c8baee722073534b583ea7bdb2e36c02"},"headline":"10 000 \u010dlanova na Muftijinoj stranici na Facebook-u!","datePublished":"2010-12-04T19:26:00+00:00","dateModified":"2010-12-05T01:11:15+00:00","mainEntityOfPage":{"@id":"https:\/\/sandzakpress.net\/arhiva\/10-000-clanova-na-muftijinoj-stranici-na-facebook-u\/"},"wordCount":84,"commentCount":5,"publisher":{"@id":"https:\/\/sandzakpress.net\/arhiva\/#\/schema\/person\/6e72b67d6e51910a1117b3b483ba20bd"},"image":{"@id":"https:\/\/sandzakpress.net\/arhiva\/10-000-clanova-na-muftijinoj-stranici-na-facebook-u\/#primaryimage"},"thumbnailUrl":"https:\/\/sandzakpress.net\/arhiva\/wp-content\/uploads\/2010\/12\/facebook-muftija.jpg","articleSection":["Novi Pazar","Ro\u017eaje","Sjenica","Berane","Tutin","Prijepolje","Bijelo Polje","Priboj","Pljevlja","Islamska zajednica","Nova Varo\u0161","Plav"],"inLanguage":"bs-BA","potentialAction":[{"@type":"CommentAction","name":"Comment","target":["https:\/\/sandzakpress.net\/arhiva\/10-000-clanova-na-muftijinoj-stranici-na-facebook-u\/#respond"]}]},{"@type":"WebPage","@id":"https:\/\/sandzakpress.net\/arhiva\/10-000-clanova-na-muftijinoj-stranici-na-facebook-u\/","url":"https:\/\/sandzakpress.net\/arhiva\/10-000-clanova-na-muftijinoj-stranici-na-facebook-u\/","name":"10 000 \u010dlanova na Muftijinoj stranici na Facebook-u!","isPartOf":{"@id":"https:\/\/sandzakpress.net\/arhiva\/#website"},"primaryImageOfPage":{"@id":"https:\/\/sandzakpress.net\/arhiva\/10-000-clanova-na-muftijinoj-stranici-na-facebook-u\/#primaryimage"},"image":{"@id":"https:\/\/sandzakpress.net\/arhiva\/10-000-clanova-na-muftijinoj-stranici-na-facebook-u\/#primaryimage"},"thumbnailUrl":"https:\/\/sandzakpress.net\/arhiva\/wp-content\/uploads\/2010\/12\/facebook-muftija.jpg","datePublished":"2010-12-04T19:26:00+00:00","dateModified":"2010-12-05T01:11:15+00:00","breadcrumb":{"@id":"https:\/\/sandzakpress.net\/arhiva\/10-000-clanova-na-muftijinoj-stranici-na-facebook-u\/#breadcrumb"},"inLanguage":"bs-BA","potentialAction":[{"@type":"ReadAction","target":["https:\/\/sandzakpress.net\/arhiva\/10-000-clanova-na-muftijinoj-stranici-na-facebook-u\/"]}]},{"@type":"ImageObject","inLanguage":"bs-BA","@id":"https:\/\/sandzakpress.net\/arhiva\/10-000-clanova-na-muftijinoj-stranici-na-facebook-u\/#primaryimage","url":"https:\/\/sandzakpress.net\/arhiva\/wp-content\/uploads\/2010\/12\/facebook-muftija.jpg","contentUrl":"https:\/\/sandzakpress.net\/arhiva\/wp-content\/uploads\/2010\/12\/facebook-muftija.jpg","width":206,"height":254},{"@type":"BreadcrumbList","@id":"https:\/\/sandzakpress.net\/arhiva\/10-000-clanova-na-muftijinoj-stranici-na-facebook-u\/#breadcrumb","itemListElement":[{"@type":"ListItem","position":1,"name":"Home","item":"https:\/\/sandzakpress.net\/arhiva\/"},{"@type":"ListItem","position":2,"name":"10 000 \u010dlanova na Muftijinoj stranici na Facebook-u!"}]},{"@type":"WebSite","@id":"https:\/\/sandzakpress.net\/arhiva\/#website","url":"https:\/\/sandzakpress.net\/arhiva\/","name":"Sand\u017eak PRESS","description":"Prve elektronske novine u Sand\u017eaku","publisher":{"@id":"https:\/\/sandzakpress.net\/arhiva\/#\/schema\/person\/6e72b67d6e51910a1117b3b483ba20bd"},"potentialAction":[{"@type":"SearchAction","target":{"@type":"EntryPoint","urlTemplate":"https:\/\/sandzakpress.net\/arhiva\/?s={search_term_string}"},"query-input":{"@type":"PropertyValueSpecification","valueRequired":true,"valueName":"search_term_string"}}],"inLanguage":"bs-BA"},{"@type":["Person","Organization"],"@id":"https:\/\/sandzakpress.net\/arhiva\/#\/schema\/person\/6e72b67d6e51910a1117b3b483ba20bd","name":"Kul","image":{"@type":"ImageObject","inLanguage":"bs-BA","@id":"https:\/\/sandzakpress.net\/arhiva\/#\/schema\/person\/image\/","url":"https:\/\/secure.gravatar.com\/avatar\/42263f39aa27ac04c43cab85c280eb2e?s=96&d=mm&r=pg","contentUrl":"https:\/\/secure.gravatar.com\/avatar\/42263f39aa27ac04c43cab85c280eb2e?s=96&d=mm&r=pg","caption":"Kul"},"logo":{"@id":"https:\/\/sandzakpress.net\/arhiva\/#\/schema\/person\/image\/"}},{"@type":"Person","@id":"https:\/\/sandzakpress.net\/arhiva\/#\/schema\/person\/c8baee722073534b583ea7bdb2e36c02","name":"bosniak","image":{"@type":"ImageObject","inLanguage":"bs-BA","@id":"https:\/\/sandzakpress.net\/arhiva\/#\/schema\/person\/image\/","url":"https:\/\/secure.gravatar.com\/avatar\/a04fd330bfe3a36a72a0ad4a6d89fca7?s=96&d=mm&r=pg","contentUrl":"https:\/\/secure.gravatar.com\/avatar\/a04fd330bfe3a36a72a0ad4a6d89fca7?s=96&d=mm&r=pg","caption":"bosniak"},"url":"https:\/\/sandzakpress.net\/arhiva\/author\/bosniak\/"}]}},"_links":{"self":[{"href":"https:\/\/sandzakpress.net\/arhiva\/wp-json\/wp\/v2\/posts\/10137"}],"collection":[{"href":"https:\/\/sandzakpress.net\/arhiva\/wp-json\/wp\/v2\/posts"}],"about":[{"href":"https:\/\/sandzakpress.net\/arhiva\/wp-json\/wp\/v2\/types\/post"}],"author":[{"embeddable":true,"href":"https:\/\/sandzakpress.net\/arhiva\/wp-json\/wp\/v2\/users\/83"}],"replies":[{"embeddable":true,"href":"https:\/\/sandzakpress.net\/arhiva\/wp-json\/wp\/v2\/comments?post=10137"}],"version-history":[{"count":0,"href":"https:\/\/sandzakpress.net\/arhiva\/wp-json\/wp\/v2\/posts\/10137\/revisions"}],"wp:featuredmedia":[{"embeddable":true,"href":"https:\/\/sandzakpress.net\/arhiva\/wp-json\/wp\/v2\/media\/10138"}],"wp:attachment":[{"href":"https:\/\/sandzakpress.net\/arhiva\/wp-json\/wp\/v2\/media?parent=10137"}],"wp:term":[{"taxonomy":"category","embeddable":true,"href":"https:\/\/sandzakpress.net\/arhiva\/wp-json\/wp\/v2\/categories?post=10137"},{"taxonomy":"post_tag","embeddable":true,"href":"https:\/\/sandzakpress.net\/arhiva\/wp-json\/wp\/v2\/tags?post=10137"}],"curies":[{"name":"wp","href":"https:\/\/api.w.org\/{rel}","templated":true}]}}