{"id":101281,"date":"2014-02-09T12:43:56","date_gmt":"2014-02-09T11:43:56","guid":{"rendered":"https:\/\/sandzakpress.net\/arhiva\/?p=101281"},"modified":"2014-02-09T12:43:56","modified_gmt":"2014-02-09T11:43:56","slug":"ljajic-nece-se-desiti-bosanski-scenario-u-srbiji","status":"publish","type":"post","link":"https:\/\/sandzakpress.net\/arhiva\/ljajic-nece-se-desiti-bosanski-scenario-u-srbiji\/","title":{"rendered":"Ljaji\u0107: &#8216;Ne\u0107e se desiti bosanski scenario u Srbiji&#8217;"},"content":{"rendered":"<p><img loading=\"lazy\" decoding=\"async\" class=\"alignleft\" style=\"line-height: 1.5em;\" alt=\"\" src=\"http:\/\/sandzaklive.rs\/images\/thumbnails\/images\/Politika\/Sandzak\/Rasim.Ljajic\/Rasim_7-410x292.jpg\" width=\"410\" height=\"292\" \/><strong>Sjeverni Snad\u017eak, Srbija &#8211; Potpredsjednik Vlade uvjeren da se u Srbiji ne mogu dogoditi nemiri poput onih koji se proteklih dana de\u0161avaju u BiH.\u00a0\u00a0Ljaji\u0107 navodi da je ekonomska situacija u Srbiji zna\u010dajno bolja nego u Bosni \u0161to potvr\u0111uju, kako ka\u017ee, svi ekonomski parametri<\/strong><\/p>\n<p>Potpredsjednik Vlade Srbije Rasim Ljaji\u0107 uvjeren je da se u toj zemlji ne mogu dogoditi nemiri poput onih koji se proteklih dana de\u0161avaju u BiH, kako zbog \u010dinjenice da je politi\u010dki stabilnija od te dr\u017eave tako i zbog bolje socijalno-ekonomske situacije.<\/p>\n<p>&#8220;Ne verujem u tu vrstu scenarija, da ne\u0161to sli\u010dno mo\u017ee da se dogodi. Srbija ima politi\u010dku stabilnost, uprkos svim problemima koje imamo&#8221;, izjavio je Tanjugu.<\/p>\n<p>Ljaji\u0107 je, uz opasku da &#8220;iako nije na nama da se mije\u0161amo&#8221;, rekao da je u Bosni i Hercegovini u politi\u010dkom i ekonomskom smislu situacija veoma komplikovana i da su ti problemi zajedno rezultirali protestima gra\u0111ana.<\/p>\n<p>Ocijenio je da protesti u BiH nisu politi\u010dki organizovani i da ne postoji dru\u0161tvena grupa koja ih artikuli\u0161e i kanali\u0161e.<\/p>\n<p>&#8220;Ne postoji ni jasan cilj tih protesta, osim \u0161to su ljudi nezadovoljni materijalnom, socijalnom i ekonomskom situacijom, niti postoji organizovana dru\u0161tvena grupa koja te proteste artikuli\u0161e i kanali\u0161e. Na kraju se ispostavilo da su huligani preuzeli celu stvar i prakti\u010dno dezavuisali legitimne i opravdane zahteve ljudi koji su iza\u0161li na ulicu da protestuju zbog lo\u0161eg materijalnog statusa&#8221;, smatra Ljaji\u0107.<\/p>\n<p>Navodi da je ekonomska situacija u Srbiji zna\u010dajno bolja nego u Bosni \u0161to potvr\u0111uju, kako ka\u017ee, svi ekonomski parametri.<\/p>\n<p>&#8220;To nije opravdanje ni alibi. I u Srbiji je te\u0161ka ekonomska situacija, jer ako imate 25 odsto nezaposlenih, ne postoje re\u010di da mo\u017ee da se opravda i ka\u017ee kod nas je dobro, idealno. Te\u0161ka je situacija, ali u ekonomskom smislu zna\u010dajno bolja nego u Bosni&#8221;, rekao je on.<\/p>\n","protected":false},"excerpt":{"rendered":"<p>Sjeverni Snad\u017eak, Srbija &#8211; Potpredsjednik Vlade uvjeren da se u Srbiji ne mogu dogoditi nemiri poput onih koji se proteklih dana de\u0161avaju u BiH.\u00a0\u00a0Ljaji\u0107 navodi da je ekonomska situacija u Srbiji zna\u010dajno bolja nego u Bosni \u0161to potvr\u0111uju, kako ka\u017ee, svi ekonomski parametri Potpredsjednik Vlade Srbije Rasim Ljaji\u0107 uvjeren je da se u toj zemlji [&hellip;]<\/p>\n","protected":false},"author":83,"featured_media":101282,"comment_status":"open","ping_status":"open","sticky":false,"template":"","format":"standard","meta":{"footnotes":""},"categories":[72,1,52,392,8957],"tags":[10210],"class_list":{"0":"post-101281","1":"post","2":"type-post","3":"status-publish","4":"format-standard","5":"has-post-thumbnail","7":"category-novi-pazar","8":"category-politika","9":"category-sjenica","10":"category-prijepolje_","11":"category-vijesti-dana","12":"tag-rasim-ljajic"},"yoast_head":"<!-- This site is optimized with the Yoast SEO Premium plugin v23.1 (Yoast SEO v24.9) - https:\/\/yoast.com\/wordpress\/plugins\/seo\/ -->\n<title>Ljaji\u0107: &#039;Ne\u0107e se desiti bosanski scenario u Srbiji&#039;<\/title>\n<meta name=\"robots\" content=\"index, follow, max-snippet:-1, max-image-preview:large, max-video-preview:-1\" \/>\n<link rel=\"canonical\" href=\"https:\/\/sandzakpress.net\/arhiva\/ljajic-nece-se-desiti-bosanski-scenario-u-srbiji\/\" \/>\n<meta property=\"og:locale\" content=\"bs_BA\" \/>\n<meta property=\"og:type\" content=\"article\" \/>\n<meta property=\"og:title\" content=\"Ljaji\u0107: &#039;Ne\u0107e se desiti bosanski scenario u Srbiji&#039;\" \/>\n<meta property=\"og:description\" content=\"Sjeverni Snad\u017eak, Srbija &#8211; Potpredsjednik Vlade uvjeren da se u Srbiji ne mogu dogoditi nemiri poput onih koji se proteklih dana de\u0161avaju u BiH.\u00a0\u00a0Ljaji\u0107 navodi da je ekonomska situacija u Srbiji zna\u010dajno bolja nego u Bosni \u0161to potvr\u0111uju, kako ka\u017ee, svi ekonomski parametri Potpredsjednik Vlade Srbije Rasim Ljaji\u0107 uvjeren je da se u toj zemlji [&hellip;]\" \/>\n<meta property=\"og:url\" content=\"https:\/\/sandzakpress.net\/arhiva\/ljajic-nece-se-desiti-bosanski-scenario-u-srbiji\/\" \/>\n<meta property=\"og:site_name\" content=\"Sand\u017eak PRESS\" \/>\n<meta property=\"article:published_time\" content=\"2014-02-09T11:43:56+00:00\" \/>\n<meta property=\"og:image\" content=\"https:\/\/sandzakpress.net\/arhiva\/wp-content\/uploads\/2014\/02\/Rasim_7-410x292.jpg\" \/>\n\t<meta property=\"og:image:width\" content=\"410\" \/>\n\t<meta property=\"og:image:height\" content=\"292\" \/>\n\t<meta property=\"og:image:type\" content=\"image\/jpeg\" \/>\n<meta name=\"author\" content=\"bosniak\" \/>\n<meta name=\"twitter:card\" content=\"summary_large_image\" \/>\n<meta name=\"twitter:label1\" content=\"Written by\" \/>\n\t<meta name=\"twitter:data1\" content=\"bosniak\" \/>\n\t<meta name=\"twitter:label2\" content=\"Est. reading time\" \/>\n\t<meta name=\"twitter:data2\" content=\"2 minute\" \/>\n<script type=\"application\/ld+json\" class=\"yoast-schema-graph\">{\"@context\":\"https:\/\/schema.org\",\"@graph\":[{\"@type\":\"Article\",\"@id\":\"https:\/\/sandzakpress.net\/arhiva\/ljajic-nece-se-desiti-bosanski-scenario-u-srbiji\/#article\",\"isPartOf\":{\"@id\":\"https:\/\/sandzakpress.net\/arhiva\/ljajic-nece-se-desiti-bosanski-scenario-u-srbiji\/\"},\"author\":{\"name\":\"bosniak\",\"@id\":\"https:\/\/sandzakpress.net\/arhiva\/#\/schema\/person\/c8baee722073534b583ea7bdb2e36c02\"},\"headline\":\"Ljaji\u0107: &#8216;Ne\u0107e se desiti bosanski scenario u Srbiji&#8217;\",\"datePublished\":\"2014-02-09T11:43:56+00:00\",\"mainEntityOfPage\":{\"@id\":\"https:\/\/sandzakpress.net\/arhiva\/ljajic-nece-se-desiti-bosanski-scenario-u-srbiji\/\"},\"wordCount\":334,\"commentCount\":6,\"publisher\":{\"@id\":\"https:\/\/sandzakpress.net\/arhiva\/#\/schema\/person\/6e72b67d6e51910a1117b3b483ba20bd\"},\"image\":{\"@id\":\"https:\/\/sandzakpress.net\/arhiva\/ljajic-nece-se-desiti-bosanski-scenario-u-srbiji\/#primaryimage\"},\"thumbnailUrl\":\"https:\/\/sandzakpress.net\/arhiva\/wp-content\/uploads\/2014\/02\/Rasim_7-410x292.jpg\",\"keywords\":[\"Rasim Ljaji\u0107\"],\"articleSection\":[\"Novi Pazar\",\"Politika\",\"Sjenica\",\"Prijepolje\",\"VIJESTI DANA\"],\"inLanguage\":\"bs-BA\",\"potentialAction\":[{\"@type\":\"CommentAction\",\"name\":\"Comment\",\"target\":[\"https:\/\/sandzakpress.net\/arhiva\/ljajic-nece-se-desiti-bosanski-scenario-u-srbiji\/#respond\"]}]},{\"@type\":\"WebPage\",\"@id\":\"https:\/\/sandzakpress.net\/arhiva\/ljajic-nece-se-desiti-bosanski-scenario-u-srbiji\/\",\"url\":\"https:\/\/sandzakpress.net\/arhiva\/ljajic-nece-se-desiti-bosanski-scenario-u-srbiji\/\",\"name\":\"Ljaji\u0107: 'Ne\u0107e se desiti bosanski scenario u Srbiji'\",\"isPartOf\":{\"@id\":\"https:\/\/sandzakpress.net\/arhiva\/#website\"},\"primaryImageOfPage\":{\"@id\":\"https:\/\/sandzakpress.net\/arhiva\/ljajic-nece-se-desiti-bosanski-scenario-u-srbiji\/#primaryimage\"},\"image\":{\"@id\":\"https:\/\/sandzakpress.net\/arhiva\/ljajic-nece-se-desiti-bosanski-scenario-u-srbiji\/#primaryimage\"},\"thumbnailUrl\":\"https:\/\/sandzakpress.net\/arhiva\/wp-content\/uploads\/2014\/02\/Rasim_7-410x292.jpg\",\"datePublished\":\"2014-02-09T11:43:56+00:00\",\"breadcrumb\":{\"@id\":\"https:\/\/sandzakpress.net\/arhiva\/ljajic-nece-se-desiti-bosanski-scenario-u-srbiji\/#breadcrumb\"},\"inLanguage\":\"bs-BA\",\"potentialAction\":[{\"@type\":\"ReadAction\",\"target\":[\"https:\/\/sandzakpress.net\/arhiva\/ljajic-nece-se-desiti-bosanski-scenario-u-srbiji\/\"]}]},{\"@type\":\"ImageObject\",\"inLanguage\":\"bs-BA\",\"@id\":\"https:\/\/sandzakpress.net\/arhiva\/ljajic-nece-se-desiti-bosanski-scenario-u-srbiji\/#primaryimage\",\"url\":\"https:\/\/sandzakpress.net\/arhiva\/wp-content\/uploads\/2014\/02\/Rasim_7-410x292.jpg\",\"contentUrl\":\"https:\/\/sandzakpress.net\/arhiva\/wp-content\/uploads\/2014\/02\/Rasim_7-410x292.jpg\",\"width\":410,\"height\":292},{\"@type\":\"BreadcrumbList\",\"@id\":\"https:\/\/sandzakpress.net\/arhiva\/ljajic-nece-se-desiti-bosanski-scenario-u-srbiji\/#breadcrumb\",\"itemListElement\":[{\"@type\":\"ListItem\",\"position\":1,\"name\":\"Home\",\"item\":\"https:\/\/sandzakpress.net\/arhiva\/\"},{\"@type\":\"ListItem\",\"position\":2,\"name\":\"Ljaji\u0107: &#8216;Ne\u0107e se desiti bosanski scenario u Srbiji&#8217;\"}]},{\"@type\":\"WebSite\",\"@id\":\"https:\/\/sandzakpress.net\/arhiva\/#website\",\"url\":\"https:\/\/sandzakpress.net\/arhiva\/\",\"name\":\"Sand\u017eak PRESS\",\"description\":\"Prve elektronske novine u Sand\u017eaku\",\"publisher\":{\"@id\":\"https:\/\/sandzakpress.net\/arhiva\/#\/schema\/person\/6e72b67d6e51910a1117b3b483ba20bd\"},\"potentialAction\":[{\"@type\":\"SearchAction\",\"target\":{\"@type\":\"EntryPoint\",\"urlTemplate\":\"https:\/\/sandzakpress.net\/arhiva\/?s={search_term_string}\"},\"query-input\":{\"@type\":\"PropertyValueSpecification\",\"valueRequired\":true,\"valueName\":\"search_term_string\"}}],\"inLanguage\":\"bs-BA\"},{\"@type\":[\"Person\",\"Organization\"],\"@id\":\"https:\/\/sandzakpress.net\/arhiva\/#\/schema\/person\/6e72b67d6e51910a1117b3b483ba20bd\",\"name\":\"Kul\",\"image\":{\"@type\":\"ImageObject\",\"inLanguage\":\"bs-BA\",\"@id\":\"https:\/\/sandzakpress.net\/arhiva\/#\/schema\/person\/image\/\",\"url\":\"https:\/\/secure.gravatar.com\/avatar\/42263f39aa27ac04c43cab85c280eb2e?s=96&d=mm&r=pg\",\"contentUrl\":\"https:\/\/secure.gravatar.com\/avatar\/42263f39aa27ac04c43cab85c280eb2e?s=96&d=mm&r=pg\",\"caption\":\"Kul\"},\"logo\":{\"@id\":\"https:\/\/sandzakpress.net\/arhiva\/#\/schema\/person\/image\/\"}},{\"@type\":\"Person\",\"@id\":\"https:\/\/sandzakpress.net\/arhiva\/#\/schema\/person\/c8baee722073534b583ea7bdb2e36c02\",\"name\":\"bosniak\",\"image\":{\"@type\":\"ImageObject\",\"inLanguage\":\"bs-BA\",\"@id\":\"https:\/\/sandzakpress.net\/arhiva\/#\/schema\/person\/image\/\",\"url\":\"https:\/\/secure.gravatar.com\/avatar\/a04fd330bfe3a36a72a0ad4a6d89fca7?s=96&d=mm&r=pg\",\"contentUrl\":\"https:\/\/secure.gravatar.com\/avatar\/a04fd330bfe3a36a72a0ad4a6d89fca7?s=96&d=mm&r=pg\",\"caption\":\"bosniak\"},\"url\":\"https:\/\/sandzakpress.net\/arhiva\/author\/bosniak\/\"}]}<\/script>\n<!-- \/ Yoast SEO Premium plugin. -->","yoast_head_json":{"title":"Ljaji\u0107: 'Ne\u0107e se desiti bosanski scenario u Srbiji'","robots":{"index":"index","follow":"follow","max-snippet":"max-snippet:-1","max-image-preview":"max-image-preview:large","max-video-preview":"max-video-preview:-1"},"canonical":"https:\/\/sandzakpress.net\/arhiva\/ljajic-nece-se-desiti-bosanski-scenario-u-srbiji\/","og_locale":"bs_BA","og_type":"article","og_title":"Ljaji\u0107: 'Ne\u0107e se desiti bosanski scenario u Srbiji'","og_description":"Sjeverni Snad\u017eak, Srbija &#8211; Potpredsjednik Vlade uvjeren da se u Srbiji ne mogu dogoditi nemiri poput onih koji se proteklih dana de\u0161avaju u BiH.\u00a0\u00a0Ljaji\u0107 navodi da je ekonomska situacija u Srbiji zna\u010dajno bolja nego u Bosni \u0161to potvr\u0111uju, kako ka\u017ee, svi ekonomski parametri Potpredsjednik Vlade Srbije Rasim Ljaji\u0107 uvjeren je da se u toj zemlji [&hellip;]","og_url":"https:\/\/sandzakpress.net\/arhiva\/ljajic-nece-se-desiti-bosanski-scenario-u-srbiji\/","og_site_name":"Sand\u017eak PRESS","article_published_time":"2014-02-09T11:43:56+00:00","og_image":[{"width":410,"height":292,"url":"https:\/\/sandzakpress.net\/arhiva\/wp-content\/uploads\/2014\/02\/Rasim_7-410x292.jpg","type":"image\/jpeg"}],"author":"bosniak","twitter_card":"summary_large_image","twitter_misc":{"Written by":"bosniak","Est. reading time":"2 minute"},"schema":{"@context":"https:\/\/schema.org","@graph":[{"@type":"Article","@id":"https:\/\/sandzakpress.net\/arhiva\/ljajic-nece-se-desiti-bosanski-scenario-u-srbiji\/#article","isPartOf":{"@id":"https:\/\/sandzakpress.net\/arhiva\/ljajic-nece-se-desiti-bosanski-scenario-u-srbiji\/"},"author":{"name":"bosniak","@id":"https:\/\/sandzakpress.net\/arhiva\/#\/schema\/person\/c8baee722073534b583ea7bdb2e36c02"},"headline":"Ljaji\u0107: &#8216;Ne\u0107e se desiti bosanski scenario u Srbiji&#8217;","datePublished":"2014-02-09T11:43:56+00:00","mainEntityOfPage":{"@id":"https:\/\/sandzakpress.net\/arhiva\/ljajic-nece-se-desiti-bosanski-scenario-u-srbiji\/"},"wordCount":334,"commentCount":6,"publisher":{"@id":"https:\/\/sandzakpress.net\/arhiva\/#\/schema\/person\/6e72b67d6e51910a1117b3b483ba20bd"},"image":{"@id":"https:\/\/sandzakpress.net\/arhiva\/ljajic-nece-se-desiti-bosanski-scenario-u-srbiji\/#primaryimage"},"thumbnailUrl":"https:\/\/sandzakpress.net\/arhiva\/wp-content\/uploads\/2014\/02\/Rasim_7-410x292.jpg","keywords":["Rasim Ljaji\u0107"],"articleSection":["Novi Pazar","Politika","Sjenica","Prijepolje","VIJESTI DANA"],"inLanguage":"bs-BA","potentialAction":[{"@type":"CommentAction","name":"Comment","target":["https:\/\/sandzakpress.net\/arhiva\/ljajic-nece-se-desiti-bosanski-scenario-u-srbiji\/#respond"]}]},{"@type":"WebPage","@id":"https:\/\/sandzakpress.net\/arhiva\/ljajic-nece-se-desiti-bosanski-scenario-u-srbiji\/","url":"https:\/\/sandzakpress.net\/arhiva\/ljajic-nece-se-desiti-bosanski-scenario-u-srbiji\/","name":"Ljaji\u0107: 'Ne\u0107e se desiti bosanski scenario u Srbiji'","isPartOf":{"@id":"https:\/\/sandzakpress.net\/arhiva\/#website"},"primaryImageOfPage":{"@id":"https:\/\/sandzakpress.net\/arhiva\/ljajic-nece-se-desiti-bosanski-scenario-u-srbiji\/#primaryimage"},"image":{"@id":"https:\/\/sandzakpress.net\/arhiva\/ljajic-nece-se-desiti-bosanski-scenario-u-srbiji\/#primaryimage"},"thumbnailUrl":"https:\/\/sandzakpress.net\/arhiva\/wp-content\/uploads\/2014\/02\/Rasim_7-410x292.jpg","datePublished":"2014-02-09T11:43:56+00:00","breadcrumb":{"@id":"https:\/\/sandzakpress.net\/arhiva\/ljajic-nece-se-desiti-bosanski-scenario-u-srbiji\/#breadcrumb"},"inLanguage":"bs-BA","potentialAction":[{"@type":"ReadAction","target":["https:\/\/sandzakpress.net\/arhiva\/ljajic-nece-se-desiti-bosanski-scenario-u-srbiji\/"]}]},{"@type":"ImageObject","inLanguage":"bs-BA","@id":"https:\/\/sandzakpress.net\/arhiva\/ljajic-nece-se-desiti-bosanski-scenario-u-srbiji\/#primaryimage","url":"https:\/\/sandzakpress.net\/arhiva\/wp-content\/uploads\/2014\/02\/Rasim_7-410x292.jpg","contentUrl":"https:\/\/sandzakpress.net\/arhiva\/wp-content\/uploads\/2014\/02\/Rasim_7-410x292.jpg","width":410,"height":292},{"@type":"BreadcrumbList","@id":"https:\/\/sandzakpress.net\/arhiva\/ljajic-nece-se-desiti-bosanski-scenario-u-srbiji\/#breadcrumb","itemListElement":[{"@type":"ListItem","position":1,"name":"Home","item":"https:\/\/sandzakpress.net\/arhiva\/"},{"@type":"ListItem","position":2,"name":"Ljaji\u0107: &#8216;Ne\u0107e se desiti bosanski scenario u Srbiji&#8217;"}]},{"@type":"WebSite","@id":"https:\/\/sandzakpress.net\/arhiva\/#website","url":"https:\/\/sandzakpress.net\/arhiva\/","name":"Sand\u017eak PRESS","description":"Prve elektronske novine u Sand\u017eaku","publisher":{"@id":"https:\/\/sandzakpress.net\/arhiva\/#\/schema\/person\/6e72b67d6e51910a1117b3b483ba20bd"},"potentialAction":[{"@type":"SearchAction","target":{"@type":"EntryPoint","urlTemplate":"https:\/\/sandzakpress.net\/arhiva\/?s={search_term_string}"},"query-input":{"@type":"PropertyValueSpecification","valueRequired":true,"valueName":"search_term_string"}}],"inLanguage":"bs-BA"},{"@type":["Person","Organization"],"@id":"https:\/\/sandzakpress.net\/arhiva\/#\/schema\/person\/6e72b67d6e51910a1117b3b483ba20bd","name":"Kul","image":{"@type":"ImageObject","inLanguage":"bs-BA","@id":"https:\/\/sandzakpress.net\/arhiva\/#\/schema\/person\/image\/","url":"https:\/\/secure.gravatar.com\/avatar\/42263f39aa27ac04c43cab85c280eb2e?s=96&d=mm&r=pg","contentUrl":"https:\/\/secure.gravatar.com\/avatar\/42263f39aa27ac04c43cab85c280eb2e?s=96&d=mm&r=pg","caption":"Kul"},"logo":{"@id":"https:\/\/sandzakpress.net\/arhiva\/#\/schema\/person\/image\/"}},{"@type":"Person","@id":"https:\/\/sandzakpress.net\/arhiva\/#\/schema\/person\/c8baee722073534b583ea7bdb2e36c02","name":"bosniak","image":{"@type":"ImageObject","inLanguage":"bs-BA","@id":"https:\/\/sandzakpress.net\/arhiva\/#\/schema\/person\/image\/","url":"https:\/\/secure.gravatar.com\/avatar\/a04fd330bfe3a36a72a0ad4a6d89fca7?s=96&d=mm&r=pg","contentUrl":"https:\/\/secure.gravatar.com\/avatar\/a04fd330bfe3a36a72a0ad4a6d89fca7?s=96&d=mm&r=pg","caption":"bosniak"},"url":"https:\/\/sandzakpress.net\/arhiva\/author\/bosniak\/"}]}},"_links":{"self":[{"href":"https:\/\/sandzakpress.net\/arhiva\/wp-json\/wp\/v2\/posts\/101281"}],"collection":[{"href":"https:\/\/sandzakpress.net\/arhiva\/wp-json\/wp\/v2\/posts"}],"about":[{"href":"https:\/\/sandzakpress.net\/arhiva\/wp-json\/wp\/v2\/types\/post"}],"author":[{"embeddable":true,"href":"https:\/\/sandzakpress.net\/arhiva\/wp-json\/wp\/v2\/users\/83"}],"replies":[{"embeddable":true,"href":"https:\/\/sandzakpress.net\/arhiva\/wp-json\/wp\/v2\/comments?post=101281"}],"version-history":[{"count":0,"href":"https:\/\/sandzakpress.net\/arhiva\/wp-json\/wp\/v2\/posts\/101281\/revisions"}],"wp:featuredmedia":[{"embeddable":true,"href":"https:\/\/sandzakpress.net\/arhiva\/wp-json\/wp\/v2\/media\/101282"}],"wp:attachment":[{"href":"https:\/\/sandzakpress.net\/arhiva\/wp-json\/wp\/v2\/media?parent=101281"}],"wp:term":[{"taxonomy":"category","embeddable":true,"href":"https:\/\/sandzakpress.net\/arhiva\/wp-json\/wp\/v2\/categories?post=101281"},{"taxonomy":"post_tag","embeddable":true,"href":"https:\/\/sandzakpress.net\/arhiva\/wp-json\/wp\/v2\/tags?post=101281"}],"curies":[{"name":"wp","href":"https:\/\/api.w.org\/{rel}","templated":true}]}}