{"id":101213,"date":"2014-02-07T21:19:36","date_gmt":"2014-02-07T20:19:36","guid":{"rendered":"https:\/\/sandzakpress.net\/arhiva\/?p=101213"},"modified":"2014-02-07T21:19:36","modified_gmt":"2014-02-07T20:19:36","slug":"haos-u-pristini-33-demonstranata-uhapseno-29-policajaca-povrijedeno","status":"publish","type":"post","link":"https:\/\/sandzakpress.net\/arhiva\/haos-u-pristini-33-demonstranata-uhapseno-29-policajaca-povrijedeno\/","title":{"rendered":"Haos u Pri\u0161tini: 33 demonstranata uhap\u0161eno, 29 policajaca povrije\u0111eno"},"content":{"rendered":"<p><strong><a href=\"https:\/\/sandzakpress.net\/arhiva\/wp-content\/uploads\/2014\/02\/UP-2-1024x680.jpg\"><img loading=\"lazy\" decoding=\"async\" class=\"alignleft size-medium wp-image-101214\" alt=\"UP-2-1024x680\" src=\"https:\/\/sandzakpress.net\/arhiva\/wp-content\/uploads\/2014\/02\/UP-2-1024x680-300x220.jpg\" width=\"300\" height=\"220\" \/><\/a>Kosovo &#8211;\u00a0Za razliku od prethodnih dana, policija je danas blokirala prilaz dvori\u0161tu Rektorata, \u0161to je demonstrante razljutilo.<\/strong><\/p>\n<p>Ispred pri\u0161tinskog Rektorata danas je do\u0161lo do sukoba izme\u0111u demonstranata i policije Kosova, tokom kojih je, prema prvim informacijama, povrije\u0111eno 29 policajaca i jo\u0161 nepoznat broj gra\u0111ana.<\/p>\n<p>Me\u0111u 33 uhap\u0161enih je i u\u010desnik protesta ispred civilnog dru\u0161tva Ilir Deda.<\/p>\n<p>Nakon \u0161to je sukob eskalirao policija je reagovala, rastjerav\u0161i demonstrante upotrebom velike koli\u010dine suzavca.<\/p>\n<p>Za razliku od prethodnih dana, policija je danas blokirala prilaz dvori\u0161tu Rektorata, \u0161to je demonstrante razljutilo.<\/p>\n<p>Oni su zahtjevali da se policija skloni, te su potom krenuli na nju. Policija je upotrebila suzavac na \u0161ta demonstranti odgovorili ga\u0111anjem raznim predmetima.<\/p>\n<p>Demonstranti uzvikuju &#8220;Policija vani&#8221;, &#8220;Rektor u zatvor&#8221;, &#8220;Ostavka&#8221;, &#8220;Pustite nas unutra&#8221;.<\/p>\n<p>Protesti ispred rektorata UP traju danima. Demonstranti blokiraju zgradu rektorata i zahtjevaju hitnu ostavku rektora Ibrahima Gashija.<\/p>\n<p>Protesti su uslijedili nakon \u0161to su kosovski mediji pro\u0161le nedjelje objavili da\u00a0 je ve\u0107ina nau\u010dnih radova rektora, koji su bili potrebni za njegov doktorat, objavljeni u jednom neuglednom nau\u010dnom magazinu u Indiji.<\/p>\n<p>Debata u Skup\u0161tini Kosova o stanju Univerziteta u Pri\u0161tini koja je po\u010dela u \u010detvrtak nastavljena je u petak, ali nisu bili prisutni ministri.<\/p>\n<p>Predsjednik Parlamenta Jakup Krasniqi zatra\u017eio je da se partije obrate kancelariji za \u017ealbe i da se haromizuju preporuke kako bi se izglasale na slijede\u0107em zasjedanju.<\/p>\n<div class=\"youtube-embed\" data-video_id=\"Z53sruwVRSc\"><iframe loading=\"lazy\" title=\"www.zeri.info\" width=\"696\" height=\"392\" src=\"https:\/\/www.youtube.com\/embed\/Z53sruwVRSc?feature=oembed&#038;enablejsapi=1\" frameborder=\"0\" allow=\"accelerometer; autoplay; encrypted-media; gyroscope; picture-in-picture\" allowfullscreen><\/iframe><\/div>\n<div class=\"youtube-embed\" data-video_id=\"earWi0aijsM\"><iframe loading=\"lazy\" title=\"www.zeri.info\" width=\"696\" height=\"392\" src=\"https:\/\/www.youtube.com\/embed\/earWi0aijsM?feature=oembed&#038;enablejsapi=1\" frameborder=\"0\" allow=\"accelerometer; autoplay; encrypted-media; gyroscope; picture-in-picture\" allowfullscreen><\/iframe><\/div>\n<p>(bosnjak-ks)<\/p>\n","protected":false},"excerpt":{"rendered":"<p>Kosovo &#8211;\u00a0Za razliku od prethodnih dana, policija je danas blokirala prilaz dvori\u0161tu Rektorata, \u0161to je demonstrante razljutilo. Ispred pri\u0161tinskog Rektorata danas je do\u0161lo do sukoba izme\u0111u demonstranata i policije Kosova, tokom kojih je, prema prvim informacijama, povrije\u0111eno 29 policajaca i jo\u0161 nepoznat broj gra\u0111ana. Me\u0111u 33 uhap\u0161enih je i u\u010desnik protesta ispred civilnog dru\u0161tva Ilir [&hellip;]<\/p>\n","protected":false},"author":83,"featured_media":101215,"comment_status":"open","ping_status":"open","sticky":false,"template":"","format":"standard","meta":{"footnotes":""},"categories":[2690,801],"tags":[],"class_list":{"0":"post-101213","1":"post","2":"type-post","3":"status-publish","4":"format-standard","5":"has-post-thumbnail","7":"category-kosovo-gradovi","8":"category-crna_hronika"},"yoast_head":"<!-- This site is optimized with the Yoast SEO Premium plugin v23.1 (Yoast SEO v24.9) - https:\/\/yoast.com\/wordpress\/plugins\/seo\/ -->\n<title>Haos u Pri\u0161tini: 33 demonstranata uhap\u0161eno, 29 policajaca povrije\u0111eno<\/title>\n<meta name=\"robots\" content=\"index, follow, max-snippet:-1, max-image-preview:large, max-video-preview:-1\" \/>\n<link rel=\"canonical\" href=\"https:\/\/sandzakpress.net\/arhiva\/haos-u-pristini-33-demonstranata-uhapseno-29-policajaca-povrijedeno\/\" \/>\n<meta property=\"og:locale\" content=\"bs_BA\" \/>\n<meta property=\"og:type\" content=\"article\" \/>\n<meta property=\"og:title\" content=\"Haos u Pri\u0161tini: 33 demonstranata uhap\u0161eno, 29 policajaca povrije\u0111eno\" \/>\n<meta property=\"og:description\" content=\"Kosovo &#8211;\u00a0Za razliku od prethodnih dana, policija je danas blokirala prilaz dvori\u0161tu Rektorata, \u0161to je demonstrante razljutilo. Ispred pri\u0161tinskog Rektorata danas je do\u0161lo do sukoba izme\u0111u demonstranata i policije Kosova, tokom kojih je, prema prvim informacijama, povrije\u0111eno 29 policajaca i jo\u0161 nepoznat broj gra\u0111ana. Me\u0111u 33 uhap\u0161enih je i u\u010desnik protesta ispred civilnog dru\u0161tva Ilir [&hellip;]\" \/>\n<meta property=\"og:url\" content=\"https:\/\/sandzakpress.net\/arhiva\/haos-u-pristini-33-demonstranata-uhapseno-29-policajaca-povrijedeno\/\" \/>\n<meta property=\"og:site_name\" content=\"Sand\u017eak PRESS\" \/>\n<meta property=\"article:published_time\" content=\"2014-02-07T20:19:36+00:00\" \/>\n<meta property=\"og:image\" content=\"https:\/\/sandzakpress.net\/arhiva\/wp-content\/uploads\/2014\/02\/UP-2-1024x680-300x2201.jpg\" \/>\n\t<meta property=\"og:image:width\" content=\"300\" \/>\n\t<meta property=\"og:image:height\" content=\"220\" \/>\n\t<meta property=\"og:image:type\" content=\"image\/jpeg\" \/>\n<meta name=\"author\" content=\"bosniak\" \/>\n<meta name=\"twitter:card\" content=\"summary_large_image\" \/>\n<meta name=\"twitter:label1\" content=\"Written by\" \/>\n\t<meta name=\"twitter:data1\" content=\"bosniak\" \/>\n\t<meta name=\"twitter:label2\" content=\"Est. reading time\" \/>\n\t<meta name=\"twitter:data2\" content=\"1 minuta\" \/>\n<script type=\"application\/ld+json\" class=\"yoast-schema-graph\">{\"@context\":\"https:\/\/schema.org\",\"@graph\":[{\"@type\":\"Article\",\"@id\":\"https:\/\/sandzakpress.net\/arhiva\/haos-u-pristini-33-demonstranata-uhapseno-29-policajaca-povrijedeno\/#article\",\"isPartOf\":{\"@id\":\"https:\/\/sandzakpress.net\/arhiva\/haos-u-pristini-33-demonstranata-uhapseno-29-policajaca-povrijedeno\/\"},\"author\":{\"name\":\"bosniak\",\"@id\":\"https:\/\/sandzakpress.net\/arhiva\/#\/schema\/person\/c8baee722073534b583ea7bdb2e36c02\"},\"headline\":\"Haos u Pri\u0161tini: 33 demonstranata uhap\u0161eno, 29 policajaca povrije\u0111eno\",\"datePublished\":\"2014-02-07T20:19:36+00:00\",\"mainEntityOfPage\":{\"@id\":\"https:\/\/sandzakpress.net\/arhiva\/haos-u-pristini-33-demonstranata-uhapseno-29-policajaca-povrijedeno\/\"},\"wordCount\":267,\"commentCount\":3,\"publisher\":{\"@id\":\"https:\/\/sandzakpress.net\/arhiva\/#\/schema\/person\/6e72b67d6e51910a1117b3b483ba20bd\"},\"image\":{\"@id\":\"https:\/\/sandzakpress.net\/arhiva\/haos-u-pristini-33-demonstranata-uhapseno-29-policajaca-povrijedeno\/#primaryimage\"},\"thumbnailUrl\":\"https:\/\/sandzakpress.net\/arhiva\/wp-content\/uploads\/2014\/02\/UP-2-1024x680-300x2201.jpg\",\"articleSection\":[\"Kosovo\",\"Hronika\"],\"inLanguage\":\"bs-BA\",\"potentialAction\":[{\"@type\":\"CommentAction\",\"name\":\"Comment\",\"target\":[\"https:\/\/sandzakpress.net\/arhiva\/haos-u-pristini-33-demonstranata-uhapseno-29-policajaca-povrijedeno\/#respond\"]}]},{\"@type\":\"WebPage\",\"@id\":\"https:\/\/sandzakpress.net\/arhiva\/haos-u-pristini-33-demonstranata-uhapseno-29-policajaca-povrijedeno\/\",\"url\":\"https:\/\/sandzakpress.net\/arhiva\/haos-u-pristini-33-demonstranata-uhapseno-29-policajaca-povrijedeno\/\",\"name\":\"Haos u Pri\u0161tini: 33 demonstranata uhap\u0161eno, 29 policajaca povrije\u0111eno\",\"isPartOf\":{\"@id\":\"https:\/\/sandzakpress.net\/arhiva\/#website\"},\"primaryImageOfPage\":{\"@id\":\"https:\/\/sandzakpress.net\/arhiva\/haos-u-pristini-33-demonstranata-uhapseno-29-policajaca-povrijedeno\/#primaryimage\"},\"image\":{\"@id\":\"https:\/\/sandzakpress.net\/arhiva\/haos-u-pristini-33-demonstranata-uhapseno-29-policajaca-povrijedeno\/#primaryimage\"},\"thumbnailUrl\":\"https:\/\/sandzakpress.net\/arhiva\/wp-content\/uploads\/2014\/02\/UP-2-1024x680-300x2201.jpg\",\"datePublished\":\"2014-02-07T20:19:36+00:00\",\"breadcrumb\":{\"@id\":\"https:\/\/sandzakpress.net\/arhiva\/haos-u-pristini-33-demonstranata-uhapseno-29-policajaca-povrijedeno\/#breadcrumb\"},\"inLanguage\":\"bs-BA\",\"potentialAction\":[{\"@type\":\"ReadAction\",\"target\":[\"https:\/\/sandzakpress.net\/arhiva\/haos-u-pristini-33-demonstranata-uhapseno-29-policajaca-povrijedeno\/\"]}]},{\"@type\":\"ImageObject\",\"inLanguage\":\"bs-BA\",\"@id\":\"https:\/\/sandzakpress.net\/arhiva\/haos-u-pristini-33-demonstranata-uhapseno-29-policajaca-povrijedeno\/#primaryimage\",\"url\":\"https:\/\/sandzakpress.net\/arhiva\/wp-content\/uploads\/2014\/02\/UP-2-1024x680-300x2201.jpg\",\"contentUrl\":\"https:\/\/sandzakpress.net\/arhiva\/wp-content\/uploads\/2014\/02\/UP-2-1024x680-300x2201.jpg\",\"width\":300,\"height\":220},{\"@type\":\"BreadcrumbList\",\"@id\":\"https:\/\/sandzakpress.net\/arhiva\/haos-u-pristini-33-demonstranata-uhapseno-29-policajaca-povrijedeno\/#breadcrumb\",\"itemListElement\":[{\"@type\":\"ListItem\",\"position\":1,\"name\":\"Home\",\"item\":\"https:\/\/sandzakpress.net\/arhiva\/\"},{\"@type\":\"ListItem\",\"position\":2,\"name\":\"Haos u Pri\u0161tini: 33 demonstranata uhap\u0161eno, 29 policajaca povrije\u0111eno\"}]},{\"@type\":\"WebSite\",\"@id\":\"https:\/\/sandzakpress.net\/arhiva\/#website\",\"url\":\"https:\/\/sandzakpress.net\/arhiva\/\",\"name\":\"Sand\u017eak PRESS\",\"description\":\"Prve elektronske novine u Sand\u017eaku\",\"publisher\":{\"@id\":\"https:\/\/sandzakpress.net\/arhiva\/#\/schema\/person\/6e72b67d6e51910a1117b3b483ba20bd\"},\"potentialAction\":[{\"@type\":\"SearchAction\",\"target\":{\"@type\":\"EntryPoint\",\"urlTemplate\":\"https:\/\/sandzakpress.net\/arhiva\/?s={search_term_string}\"},\"query-input\":{\"@type\":\"PropertyValueSpecification\",\"valueRequired\":true,\"valueName\":\"search_term_string\"}}],\"inLanguage\":\"bs-BA\"},{\"@type\":[\"Person\",\"Organization\"],\"@id\":\"https:\/\/sandzakpress.net\/arhiva\/#\/schema\/person\/6e72b67d6e51910a1117b3b483ba20bd\",\"name\":\"Kul\",\"image\":{\"@type\":\"ImageObject\",\"inLanguage\":\"bs-BA\",\"@id\":\"https:\/\/sandzakpress.net\/arhiva\/#\/schema\/person\/image\/\",\"url\":\"https:\/\/secure.gravatar.com\/avatar\/42263f39aa27ac04c43cab85c280eb2e?s=96&d=mm&r=pg\",\"contentUrl\":\"https:\/\/secure.gravatar.com\/avatar\/42263f39aa27ac04c43cab85c280eb2e?s=96&d=mm&r=pg\",\"caption\":\"Kul\"},\"logo\":{\"@id\":\"https:\/\/sandzakpress.net\/arhiva\/#\/schema\/person\/image\/\"}},{\"@type\":\"Person\",\"@id\":\"https:\/\/sandzakpress.net\/arhiva\/#\/schema\/person\/c8baee722073534b583ea7bdb2e36c02\",\"name\":\"bosniak\",\"image\":{\"@type\":\"ImageObject\",\"inLanguage\":\"bs-BA\",\"@id\":\"https:\/\/sandzakpress.net\/arhiva\/#\/schema\/person\/image\/\",\"url\":\"https:\/\/secure.gravatar.com\/avatar\/a04fd330bfe3a36a72a0ad4a6d89fca7?s=96&d=mm&r=pg\",\"contentUrl\":\"https:\/\/secure.gravatar.com\/avatar\/a04fd330bfe3a36a72a0ad4a6d89fca7?s=96&d=mm&r=pg\",\"caption\":\"bosniak\"},\"url\":\"https:\/\/sandzakpress.net\/arhiva\/author\/bosniak\/\"}]}<\/script>\n<!-- \/ Yoast SEO Premium plugin. -->","yoast_head_json":{"title":"Haos u Pri\u0161tini: 33 demonstranata uhap\u0161eno, 29 policajaca povrije\u0111eno","robots":{"index":"index","follow":"follow","max-snippet":"max-snippet:-1","max-image-preview":"max-image-preview:large","max-video-preview":"max-video-preview:-1"},"canonical":"https:\/\/sandzakpress.net\/arhiva\/haos-u-pristini-33-demonstranata-uhapseno-29-policajaca-povrijedeno\/","og_locale":"bs_BA","og_type":"article","og_title":"Haos u Pri\u0161tini: 33 demonstranata uhap\u0161eno, 29 policajaca povrije\u0111eno","og_description":"Kosovo &#8211;\u00a0Za razliku od prethodnih dana, policija je danas blokirala prilaz dvori\u0161tu Rektorata, \u0161to je demonstrante razljutilo. Ispred pri\u0161tinskog Rektorata danas je do\u0161lo do sukoba izme\u0111u demonstranata i policije Kosova, tokom kojih je, prema prvim informacijama, povrije\u0111eno 29 policajaca i jo\u0161 nepoznat broj gra\u0111ana. Me\u0111u 33 uhap\u0161enih je i u\u010desnik protesta ispred civilnog dru\u0161tva Ilir [&hellip;]","og_url":"https:\/\/sandzakpress.net\/arhiva\/haos-u-pristini-33-demonstranata-uhapseno-29-policajaca-povrijedeno\/","og_site_name":"Sand\u017eak PRESS","article_published_time":"2014-02-07T20:19:36+00:00","og_image":[{"width":300,"height":220,"url":"https:\/\/sandzakpress.net\/arhiva\/wp-content\/uploads\/2014\/02\/UP-2-1024x680-300x2201.jpg","type":"image\/jpeg"}],"author":"bosniak","twitter_card":"summary_large_image","twitter_misc":{"Written by":"bosniak","Est. reading time":"1 minuta"},"schema":{"@context":"https:\/\/schema.org","@graph":[{"@type":"Article","@id":"https:\/\/sandzakpress.net\/arhiva\/haos-u-pristini-33-demonstranata-uhapseno-29-policajaca-povrijedeno\/#article","isPartOf":{"@id":"https:\/\/sandzakpress.net\/arhiva\/haos-u-pristini-33-demonstranata-uhapseno-29-policajaca-povrijedeno\/"},"author":{"name":"bosniak","@id":"https:\/\/sandzakpress.net\/arhiva\/#\/schema\/person\/c8baee722073534b583ea7bdb2e36c02"},"headline":"Haos u Pri\u0161tini: 33 demonstranata uhap\u0161eno, 29 policajaca povrije\u0111eno","datePublished":"2014-02-07T20:19:36+00:00","mainEntityOfPage":{"@id":"https:\/\/sandzakpress.net\/arhiva\/haos-u-pristini-33-demonstranata-uhapseno-29-policajaca-povrijedeno\/"},"wordCount":267,"commentCount":3,"publisher":{"@id":"https:\/\/sandzakpress.net\/arhiva\/#\/schema\/person\/6e72b67d6e51910a1117b3b483ba20bd"},"image":{"@id":"https:\/\/sandzakpress.net\/arhiva\/haos-u-pristini-33-demonstranata-uhapseno-29-policajaca-povrijedeno\/#primaryimage"},"thumbnailUrl":"https:\/\/sandzakpress.net\/arhiva\/wp-content\/uploads\/2014\/02\/UP-2-1024x680-300x2201.jpg","articleSection":["Kosovo","Hronika"],"inLanguage":"bs-BA","potentialAction":[{"@type":"CommentAction","name":"Comment","target":["https:\/\/sandzakpress.net\/arhiva\/haos-u-pristini-33-demonstranata-uhapseno-29-policajaca-povrijedeno\/#respond"]}]},{"@type":"WebPage","@id":"https:\/\/sandzakpress.net\/arhiva\/haos-u-pristini-33-demonstranata-uhapseno-29-policajaca-povrijedeno\/","url":"https:\/\/sandzakpress.net\/arhiva\/haos-u-pristini-33-demonstranata-uhapseno-29-policajaca-povrijedeno\/","name":"Haos u Pri\u0161tini: 33 demonstranata uhap\u0161eno, 29 policajaca povrije\u0111eno","isPartOf":{"@id":"https:\/\/sandzakpress.net\/arhiva\/#website"},"primaryImageOfPage":{"@id":"https:\/\/sandzakpress.net\/arhiva\/haos-u-pristini-33-demonstranata-uhapseno-29-policajaca-povrijedeno\/#primaryimage"},"image":{"@id":"https:\/\/sandzakpress.net\/arhiva\/haos-u-pristini-33-demonstranata-uhapseno-29-policajaca-povrijedeno\/#primaryimage"},"thumbnailUrl":"https:\/\/sandzakpress.net\/arhiva\/wp-content\/uploads\/2014\/02\/UP-2-1024x680-300x2201.jpg","datePublished":"2014-02-07T20:19:36+00:00","breadcrumb":{"@id":"https:\/\/sandzakpress.net\/arhiva\/haos-u-pristini-33-demonstranata-uhapseno-29-policajaca-povrijedeno\/#breadcrumb"},"inLanguage":"bs-BA","potentialAction":[{"@type":"ReadAction","target":["https:\/\/sandzakpress.net\/arhiva\/haos-u-pristini-33-demonstranata-uhapseno-29-policajaca-povrijedeno\/"]}]},{"@type":"ImageObject","inLanguage":"bs-BA","@id":"https:\/\/sandzakpress.net\/arhiva\/haos-u-pristini-33-demonstranata-uhapseno-29-policajaca-povrijedeno\/#primaryimage","url":"https:\/\/sandzakpress.net\/arhiva\/wp-content\/uploads\/2014\/02\/UP-2-1024x680-300x2201.jpg","contentUrl":"https:\/\/sandzakpress.net\/arhiva\/wp-content\/uploads\/2014\/02\/UP-2-1024x680-300x2201.jpg","width":300,"height":220},{"@type":"BreadcrumbList","@id":"https:\/\/sandzakpress.net\/arhiva\/haos-u-pristini-33-demonstranata-uhapseno-29-policajaca-povrijedeno\/#breadcrumb","itemListElement":[{"@type":"ListItem","position":1,"name":"Home","item":"https:\/\/sandzakpress.net\/arhiva\/"},{"@type":"ListItem","position":2,"name":"Haos u Pri\u0161tini: 33 demonstranata uhap\u0161eno, 29 policajaca povrije\u0111eno"}]},{"@type":"WebSite","@id":"https:\/\/sandzakpress.net\/arhiva\/#website","url":"https:\/\/sandzakpress.net\/arhiva\/","name":"Sand\u017eak PRESS","description":"Prve elektronske novine u Sand\u017eaku","publisher":{"@id":"https:\/\/sandzakpress.net\/arhiva\/#\/schema\/person\/6e72b67d6e51910a1117b3b483ba20bd"},"potentialAction":[{"@type":"SearchAction","target":{"@type":"EntryPoint","urlTemplate":"https:\/\/sandzakpress.net\/arhiva\/?s={search_term_string}"},"query-input":{"@type":"PropertyValueSpecification","valueRequired":true,"valueName":"search_term_string"}}],"inLanguage":"bs-BA"},{"@type":["Person","Organization"],"@id":"https:\/\/sandzakpress.net\/arhiva\/#\/schema\/person\/6e72b67d6e51910a1117b3b483ba20bd","name":"Kul","image":{"@type":"ImageObject","inLanguage":"bs-BA","@id":"https:\/\/sandzakpress.net\/arhiva\/#\/schema\/person\/image\/","url":"https:\/\/secure.gravatar.com\/avatar\/42263f39aa27ac04c43cab85c280eb2e?s=96&d=mm&r=pg","contentUrl":"https:\/\/secure.gravatar.com\/avatar\/42263f39aa27ac04c43cab85c280eb2e?s=96&d=mm&r=pg","caption":"Kul"},"logo":{"@id":"https:\/\/sandzakpress.net\/arhiva\/#\/schema\/person\/image\/"}},{"@type":"Person","@id":"https:\/\/sandzakpress.net\/arhiva\/#\/schema\/person\/c8baee722073534b583ea7bdb2e36c02","name":"bosniak","image":{"@type":"ImageObject","inLanguage":"bs-BA","@id":"https:\/\/sandzakpress.net\/arhiva\/#\/schema\/person\/image\/","url":"https:\/\/secure.gravatar.com\/avatar\/a04fd330bfe3a36a72a0ad4a6d89fca7?s=96&d=mm&r=pg","contentUrl":"https:\/\/secure.gravatar.com\/avatar\/a04fd330bfe3a36a72a0ad4a6d89fca7?s=96&d=mm&r=pg","caption":"bosniak"},"url":"https:\/\/sandzakpress.net\/arhiva\/author\/bosniak\/"}]}},"_links":{"self":[{"href":"https:\/\/sandzakpress.net\/arhiva\/wp-json\/wp\/v2\/posts\/101213"}],"collection":[{"href":"https:\/\/sandzakpress.net\/arhiva\/wp-json\/wp\/v2\/posts"}],"about":[{"href":"https:\/\/sandzakpress.net\/arhiva\/wp-json\/wp\/v2\/types\/post"}],"author":[{"embeddable":true,"href":"https:\/\/sandzakpress.net\/arhiva\/wp-json\/wp\/v2\/users\/83"}],"replies":[{"embeddable":true,"href":"https:\/\/sandzakpress.net\/arhiva\/wp-json\/wp\/v2\/comments?post=101213"}],"version-history":[{"count":0,"href":"https:\/\/sandzakpress.net\/arhiva\/wp-json\/wp\/v2\/posts\/101213\/revisions"}],"wp:featuredmedia":[{"embeddable":true,"href":"https:\/\/sandzakpress.net\/arhiva\/wp-json\/wp\/v2\/media\/101215"}],"wp:attachment":[{"href":"https:\/\/sandzakpress.net\/arhiva\/wp-json\/wp\/v2\/media?parent=101213"}],"wp:term":[{"taxonomy":"category","embeddable":true,"href":"https:\/\/sandzakpress.net\/arhiva\/wp-json\/wp\/v2\/categories?post=101213"},{"taxonomy":"post_tag","embeddable":true,"href":"https:\/\/sandzakpress.net\/arhiva\/wp-json\/wp\/v2\/tags?post=101213"}],"curies":[{"name":"wp","href":"https:\/\/api.w.org\/{rel}","templated":true}]}}