{"id":101119,"date":"2014-02-06T15:00:11","date_gmt":"2014-02-06T14:00:11","guid":{"rendered":"https:\/\/sandzakpress.net\/arhiva\/?p=101119"},"modified":"2014-02-06T23:53:38","modified_gmt":"2014-02-06T22:53:38","slug":"snp-imenovala-inicijalni-odbor-partije-u-gusinju","status":"publish","type":"post","link":"https:\/\/sandzakpress.net\/arhiva\/%3Fp%3D101119","title":{"rendered":"SNP imenovala Inicijalni odbor partije u Gusinju"},"content":{"rendered":"<div><strong><img loading=\"lazy\" decoding=\"async\" class=\"alignleft\" alt=\"\" src=\"http:\/\/www.img2.cdm.me\/sites\/cdm.bild-studio.me\/files\/styles\/301x227\/public\/multimedia\/foto\/2014\/02\/06\/snp.jpg\" width=\"344\" height=\"222\" \/>Gusinje &#8211; Socijalisti\u010dka\u00a0narodna\u00a0partija imenovala Inicijalni odbor SNP Gusinje. Za predsjednika Inicijalnog odbora koji ima 21 \u010dlana\u00a0izabran je Mihajlo Jovovi\u0107.<\/strong><\/div>\n<div>\n<div><\/div>\n<div>\n<p>Iz SNP-a podsje\u0107aju da \u0107e danom stupanja na snagu Zakona o izmjenama zakona o teritorijalnoj organizaciji kojim Gusinje dobija status op\u0161tine, Inicijalni odbor SNP postati Op\u0161tinski odbor SNP Gusinje.<\/p>\n<p>\u201cU susret parlamentarnoj raspravi o izmjenama Zakona o teritorijalnoj organizaciji, SNP i njeni predstavnici u Plavu i Gusinju \u0107e nastaviti da vode intezivne partijske aktivnosti koje \u0107e obezbijediti da SNP spremno do\u010deka predstoje\u0107e lokalne izbore u ovim op\u0161tinama.\u00a0SNP isti\u010de jo\u0161 jednom potrebu da Gusinje, kao i Petnjica dobije status Op\u0161tine, a gra\u0111ani ovog kraja\u00a0poka\u017eu istrajnost u afirmaciji ostvarljivih ideja i relizaciji zapo\u010detih projekata koji imaju za cilj razvoj Gusinja\u201d, saop\u0161teno je iz SNP-a.<\/p>\n<p>Iz SNP-a je ocjenjeno da Gusinje ima izuzetne prirodne i ekonomske potencijale i te ambijentalnu posebnost za razvoj ekolo\u0161kog turizma. U toj partiji se nadaju da \u0107e Gusinje imati i dobru saobra\u0107ajnu povezanost novim putem Gusinje \u2013Podgorica.<\/p>\n<p>(cdm.me)<\/p>\n<\/div>\n<\/div>\n","protected":false},"excerpt":{"rendered":"<p>Gusinje &#8211; Socijalisti\u010dka\u00a0narodna\u00a0partija imenovala Inicijalni odbor SNP Gusinje. Za predsjednika Inicijalnog odbora koji ima 21 \u010dlana\u00a0izabran je Mihajlo Jovovi\u0107. Iz SNP-a podsje\u0107aju da \u0107e danom stupanja na snagu Zakona o izmjenama zakona o teritorijalnoj organizaciji kojim Gusinje dobija status op\u0161tine, Inicijalni odbor SNP postati Op\u0161tinski odbor SNP Gusinje. \u201cU susret parlamentarnoj raspravi o izmjenama Zakona [&hellip;]<\/p>\n","protected":false},"author":83,"featured_media":101120,"comment_status":"open","ping_status":"open","sticky":false,"template":"","format":"standard","meta":{"footnotes":""},"categories":[1,10173],"tags":[],"class_list":{"0":"post-101119","1":"post","2":"type-post","3":"status-publish","4":"format-standard","5":"has-post-thumbnail","7":"category-politika","8":"category-gusinje-vase-vijesti"},"yoast_head":"<!-- This site is optimized with the Yoast SEO Premium plugin v23.1 (Yoast SEO v24.9) - https:\/\/yoast.com\/wordpress\/plugins\/seo\/ -->\n<title>SNP imenovala Inicijalni odbor partije u Gusinju<\/title>\n<meta name=\"robots\" content=\"index, follow, max-snippet:-1, max-image-preview:large, max-video-preview:-1\" \/>\n<link rel=\"canonical\" href=\"https:\/\/sandzakpress.net\/arhiva\/?p=101119\/\" \/>\n<meta property=\"og:locale\" content=\"bs_BA\" \/>\n<meta property=\"og:type\" content=\"article\" \/>\n<meta property=\"og:title\" content=\"SNP imenovala Inicijalni odbor partije u Gusinju\" \/>\n<meta property=\"og:description\" content=\"Gusinje &#8211; Socijalisti\u010dka\u00a0narodna\u00a0partija imenovala Inicijalni odbor SNP Gusinje. Za predsjednika Inicijalnog odbora koji ima 21 \u010dlana\u00a0izabran je Mihajlo Jovovi\u0107. Iz SNP-a podsje\u0107aju da \u0107e danom stupanja na snagu Zakona o izmjenama zakona o teritorijalnoj organizaciji kojim Gusinje dobija status op\u0161tine, Inicijalni odbor SNP postati Op\u0161tinski odbor SNP Gusinje. \u201cU susret parlamentarnoj raspravi o izmjenama Zakona [&hellip;]\" \/>\n<meta property=\"og:url\" content=\"https:\/\/sandzakpress.net\/arhiva\/?p=101119\/\" \/>\n<meta property=\"og:site_name\" content=\"Sand\u017eak PRESS\" \/>\n<meta property=\"article:published_time\" content=\"2014-02-06T14:00:11+00:00\" \/>\n<meta property=\"article:modified_time\" content=\"2014-02-06T22:53:38+00:00\" \/>\n<meta property=\"og:image\" content=\"https:\/\/sandzakpress.net\/arhiva\/wp-content\/uploads\/2014\/02\/snp.jpg\" \/>\n\t<meta property=\"og:image:width\" content=\"573\" \/>\n\t<meta property=\"og:image:height\" content=\"370\" \/>\n\t<meta property=\"og:image:type\" content=\"image\/jpeg\" \/>\n<meta name=\"author\" content=\"bosniak\" \/>\n<meta name=\"twitter:card\" content=\"summary_large_image\" \/>\n<meta name=\"twitter:label1\" content=\"Written by\" \/>\n\t<meta name=\"twitter:data1\" content=\"bosniak\" \/>\n\t<meta name=\"twitter:label2\" content=\"Est. reading time\" \/>\n\t<meta name=\"twitter:data2\" content=\"1 minuta\" \/>\n<script type=\"application\/ld+json\" class=\"yoast-schema-graph\">{\"@context\":\"https:\/\/schema.org\",\"@graph\":[{\"@type\":\"Article\",\"@id\":\"https:\/\/sandzakpress.net\/arhiva\/%3Fp%3D101119\/#article\",\"isPartOf\":{\"@id\":\"https:\/\/sandzakpress.net\/arhiva\/%3Fp%3D101119\/\"},\"author\":{\"name\":\"bosniak\",\"@id\":\"https:\/\/sandzakpress.net\/arhiva\/#\/schema\/person\/c8baee722073534b583ea7bdb2e36c02\"},\"headline\":\"SNP imenovala Inicijalni odbor partije u Gusinju\",\"datePublished\":\"2014-02-06T14:00:11+00:00\",\"dateModified\":\"2014-02-06T22:53:38+00:00\",\"mainEntityOfPage\":{\"@id\":\"https:\/\/sandzakpress.net\/arhiva\/%3Fp%3D101119\/\"},\"wordCount\":186,\"commentCount\":0,\"publisher\":{\"@id\":\"https:\/\/sandzakpress.net\/arhiva\/#\/schema\/person\/6e72b67d6e51910a1117b3b483ba20bd\"},\"image\":{\"@id\":\"https:\/\/sandzakpress.net\/arhiva\/%3Fp%3D101119\/#primaryimage\"},\"thumbnailUrl\":\"https:\/\/sandzakpress.net\/arhiva\/wp-content\/uploads\/2014\/02\/snp.jpg\",\"articleSection\":[\"Politika\",\"Gusinje\"],\"inLanguage\":\"bs-BA\",\"potentialAction\":[{\"@type\":\"CommentAction\",\"name\":\"Comment\",\"target\":[\"https:\/\/sandzakpress.net\/arhiva\/%3Fp%3D101119\/#respond\"]}]},{\"@type\":\"WebPage\",\"@id\":\"https:\/\/sandzakpress.net\/arhiva\/%3Fp%3D101119\/\",\"url\":\"https:\/\/sandzakpress.net\/arhiva\/%3Fp%3D101119\/\",\"name\":\"SNP imenovala Inicijalni odbor partije u Gusinju\",\"isPartOf\":{\"@id\":\"https:\/\/sandzakpress.net\/arhiva\/#website\"},\"primaryImageOfPage\":{\"@id\":\"https:\/\/sandzakpress.net\/arhiva\/%3Fp%3D101119\/#primaryimage\"},\"image\":{\"@id\":\"https:\/\/sandzakpress.net\/arhiva\/%3Fp%3D101119\/#primaryimage\"},\"thumbnailUrl\":\"https:\/\/sandzakpress.net\/arhiva\/wp-content\/uploads\/2014\/02\/snp.jpg\",\"datePublished\":\"2014-02-06T14:00:11+00:00\",\"dateModified\":\"2014-02-06T22:53:38+00:00\",\"breadcrumb\":{\"@id\":\"https:\/\/sandzakpress.net\/arhiva\/%3Fp%3D101119\/#breadcrumb\"},\"inLanguage\":\"bs-BA\",\"potentialAction\":[{\"@type\":\"ReadAction\",\"target\":[\"https:\/\/sandzakpress.net\/arhiva\/%3Fp%3D101119\/\"]}]},{\"@type\":\"ImageObject\",\"inLanguage\":\"bs-BA\",\"@id\":\"https:\/\/sandzakpress.net\/arhiva\/%3Fp%3D101119\/#primaryimage\",\"url\":\"https:\/\/sandzakpress.net\/arhiva\/wp-content\/uploads\/2014\/02\/snp.jpg\",\"contentUrl\":\"https:\/\/sandzakpress.net\/arhiva\/wp-content\/uploads\/2014\/02\/snp.jpg\",\"width\":573,\"height\":370},{\"@type\":\"BreadcrumbList\",\"@id\":\"https:\/\/sandzakpress.net\/arhiva\/%3Fp%3D101119\/#breadcrumb\",\"itemListElement\":[{\"@type\":\"ListItem\",\"position\":1,\"name\":\"Home\",\"item\":\"https:\/\/sandzakpress.net\/arhiva\/\"},{\"@type\":\"ListItem\",\"position\":2,\"name\":\"SNP imenovala Inicijalni odbor partije u Gusinju\"}]},{\"@type\":\"WebSite\",\"@id\":\"https:\/\/sandzakpress.net\/arhiva\/#website\",\"url\":\"https:\/\/sandzakpress.net\/arhiva\/\",\"name\":\"Sand\u017eak PRESS\",\"description\":\"Prve elektronske novine u Sand\u017eaku\",\"publisher\":{\"@id\":\"https:\/\/sandzakpress.net\/arhiva\/#\/schema\/person\/6e72b67d6e51910a1117b3b483ba20bd\"},\"potentialAction\":[{\"@type\":\"SearchAction\",\"target\":{\"@type\":\"EntryPoint\",\"urlTemplate\":\"https:\/\/sandzakpress.net\/arhiva\/?s={search_term_string}\"},\"query-input\":{\"@type\":\"PropertyValueSpecification\",\"valueRequired\":true,\"valueName\":\"search_term_string\"}}],\"inLanguage\":\"bs-BA\"},{\"@type\":[\"Person\",\"Organization\"],\"@id\":\"https:\/\/sandzakpress.net\/arhiva\/#\/schema\/person\/6e72b67d6e51910a1117b3b483ba20bd\",\"name\":\"Kul\",\"image\":{\"@type\":\"ImageObject\",\"inLanguage\":\"bs-BA\",\"@id\":\"https:\/\/sandzakpress.net\/arhiva\/#\/schema\/person\/image\/\",\"url\":\"https:\/\/secure.gravatar.com\/avatar\/42263f39aa27ac04c43cab85c280eb2e?s=96&d=mm&r=pg\",\"contentUrl\":\"https:\/\/secure.gravatar.com\/avatar\/42263f39aa27ac04c43cab85c280eb2e?s=96&d=mm&r=pg\",\"caption\":\"Kul\"},\"logo\":{\"@id\":\"https:\/\/sandzakpress.net\/arhiva\/#\/schema\/person\/image\/\"}},{\"@type\":\"Person\",\"@id\":\"https:\/\/sandzakpress.net\/arhiva\/#\/schema\/person\/c8baee722073534b583ea7bdb2e36c02\",\"name\":\"bosniak\",\"image\":{\"@type\":\"ImageObject\",\"inLanguage\":\"bs-BA\",\"@id\":\"https:\/\/sandzakpress.net\/arhiva\/#\/schema\/person\/image\/\",\"url\":\"https:\/\/secure.gravatar.com\/avatar\/a04fd330bfe3a36a72a0ad4a6d89fca7?s=96&d=mm&r=pg\",\"contentUrl\":\"https:\/\/secure.gravatar.com\/avatar\/a04fd330bfe3a36a72a0ad4a6d89fca7?s=96&d=mm&r=pg\",\"caption\":\"bosniak\"},\"url\":\"https:\/\/sandzakpress.net\/arhiva\/author\/bosniak\/\"}]}<\/script>\n<!-- \/ Yoast SEO Premium plugin. -->","yoast_head_json":{"title":"SNP imenovala Inicijalni odbor partije u Gusinju","robots":{"index":"index","follow":"follow","max-snippet":"max-snippet:-1","max-image-preview":"max-image-preview:large","max-video-preview":"max-video-preview:-1"},"canonical":"https:\/\/sandzakpress.net\/arhiva\/?p=101119\/","og_locale":"bs_BA","og_type":"article","og_title":"SNP imenovala Inicijalni odbor partije u Gusinju","og_description":"Gusinje &#8211; Socijalisti\u010dka\u00a0narodna\u00a0partija imenovala Inicijalni odbor SNP Gusinje. Za predsjednika Inicijalnog odbora koji ima 21 \u010dlana\u00a0izabran je Mihajlo Jovovi\u0107. Iz SNP-a podsje\u0107aju da \u0107e danom stupanja na snagu Zakona o izmjenama zakona o teritorijalnoj organizaciji kojim Gusinje dobija status op\u0161tine, Inicijalni odbor SNP postati Op\u0161tinski odbor SNP Gusinje. \u201cU susret parlamentarnoj raspravi o izmjenama Zakona [&hellip;]","og_url":"https:\/\/sandzakpress.net\/arhiva\/?p=101119\/","og_site_name":"Sand\u017eak PRESS","article_published_time":"2014-02-06T14:00:11+00:00","article_modified_time":"2014-02-06T22:53:38+00:00","og_image":[{"width":573,"height":370,"url":"https:\/\/sandzakpress.net\/arhiva\/wp-content\/uploads\/2014\/02\/snp.jpg","type":"image\/jpeg"}],"author":"bosniak","twitter_card":"summary_large_image","twitter_misc":{"Written by":"bosniak","Est. reading time":"1 minuta"},"schema":{"@context":"https:\/\/schema.org","@graph":[{"@type":"Article","@id":"https:\/\/sandzakpress.net\/arhiva\/%3Fp%3D101119\/#article","isPartOf":{"@id":"https:\/\/sandzakpress.net\/arhiva\/%3Fp%3D101119\/"},"author":{"name":"bosniak","@id":"https:\/\/sandzakpress.net\/arhiva\/#\/schema\/person\/c8baee722073534b583ea7bdb2e36c02"},"headline":"SNP imenovala Inicijalni odbor partije u Gusinju","datePublished":"2014-02-06T14:00:11+00:00","dateModified":"2014-02-06T22:53:38+00:00","mainEntityOfPage":{"@id":"https:\/\/sandzakpress.net\/arhiva\/%3Fp%3D101119\/"},"wordCount":186,"commentCount":0,"publisher":{"@id":"https:\/\/sandzakpress.net\/arhiva\/#\/schema\/person\/6e72b67d6e51910a1117b3b483ba20bd"},"image":{"@id":"https:\/\/sandzakpress.net\/arhiva\/%3Fp%3D101119\/#primaryimage"},"thumbnailUrl":"https:\/\/sandzakpress.net\/arhiva\/wp-content\/uploads\/2014\/02\/snp.jpg","articleSection":["Politika","Gusinje"],"inLanguage":"bs-BA","potentialAction":[{"@type":"CommentAction","name":"Comment","target":["https:\/\/sandzakpress.net\/arhiva\/%3Fp%3D101119\/#respond"]}]},{"@type":"WebPage","@id":"https:\/\/sandzakpress.net\/arhiva\/%3Fp%3D101119\/","url":"https:\/\/sandzakpress.net\/arhiva\/%3Fp%3D101119\/","name":"SNP imenovala Inicijalni odbor partije u Gusinju","isPartOf":{"@id":"https:\/\/sandzakpress.net\/arhiva\/#website"},"primaryImageOfPage":{"@id":"https:\/\/sandzakpress.net\/arhiva\/%3Fp%3D101119\/#primaryimage"},"image":{"@id":"https:\/\/sandzakpress.net\/arhiva\/%3Fp%3D101119\/#primaryimage"},"thumbnailUrl":"https:\/\/sandzakpress.net\/arhiva\/wp-content\/uploads\/2014\/02\/snp.jpg","datePublished":"2014-02-06T14:00:11+00:00","dateModified":"2014-02-06T22:53:38+00:00","breadcrumb":{"@id":"https:\/\/sandzakpress.net\/arhiva\/%3Fp%3D101119\/#breadcrumb"},"inLanguage":"bs-BA","potentialAction":[{"@type":"ReadAction","target":["https:\/\/sandzakpress.net\/arhiva\/%3Fp%3D101119\/"]}]},{"@type":"ImageObject","inLanguage":"bs-BA","@id":"https:\/\/sandzakpress.net\/arhiva\/%3Fp%3D101119\/#primaryimage","url":"https:\/\/sandzakpress.net\/arhiva\/wp-content\/uploads\/2014\/02\/snp.jpg","contentUrl":"https:\/\/sandzakpress.net\/arhiva\/wp-content\/uploads\/2014\/02\/snp.jpg","width":573,"height":370},{"@type":"BreadcrumbList","@id":"https:\/\/sandzakpress.net\/arhiva\/%3Fp%3D101119\/#breadcrumb","itemListElement":[{"@type":"ListItem","position":1,"name":"Home","item":"https:\/\/sandzakpress.net\/arhiva\/"},{"@type":"ListItem","position":2,"name":"SNP imenovala Inicijalni odbor partije u Gusinju"}]},{"@type":"WebSite","@id":"https:\/\/sandzakpress.net\/arhiva\/#website","url":"https:\/\/sandzakpress.net\/arhiva\/","name":"Sand\u017eak PRESS","description":"Prve elektronske novine u Sand\u017eaku","publisher":{"@id":"https:\/\/sandzakpress.net\/arhiva\/#\/schema\/person\/6e72b67d6e51910a1117b3b483ba20bd"},"potentialAction":[{"@type":"SearchAction","target":{"@type":"EntryPoint","urlTemplate":"https:\/\/sandzakpress.net\/arhiva\/?s={search_term_string}"},"query-input":{"@type":"PropertyValueSpecification","valueRequired":true,"valueName":"search_term_string"}}],"inLanguage":"bs-BA"},{"@type":["Person","Organization"],"@id":"https:\/\/sandzakpress.net\/arhiva\/#\/schema\/person\/6e72b67d6e51910a1117b3b483ba20bd","name":"Kul","image":{"@type":"ImageObject","inLanguage":"bs-BA","@id":"https:\/\/sandzakpress.net\/arhiva\/#\/schema\/person\/image\/","url":"https:\/\/secure.gravatar.com\/avatar\/42263f39aa27ac04c43cab85c280eb2e?s=96&d=mm&r=pg","contentUrl":"https:\/\/secure.gravatar.com\/avatar\/42263f39aa27ac04c43cab85c280eb2e?s=96&d=mm&r=pg","caption":"Kul"},"logo":{"@id":"https:\/\/sandzakpress.net\/arhiva\/#\/schema\/person\/image\/"}},{"@type":"Person","@id":"https:\/\/sandzakpress.net\/arhiva\/#\/schema\/person\/c8baee722073534b583ea7bdb2e36c02","name":"bosniak","image":{"@type":"ImageObject","inLanguage":"bs-BA","@id":"https:\/\/sandzakpress.net\/arhiva\/#\/schema\/person\/image\/","url":"https:\/\/secure.gravatar.com\/avatar\/a04fd330bfe3a36a72a0ad4a6d89fca7?s=96&d=mm&r=pg","contentUrl":"https:\/\/secure.gravatar.com\/avatar\/a04fd330bfe3a36a72a0ad4a6d89fca7?s=96&d=mm&r=pg","caption":"bosniak"},"url":"https:\/\/sandzakpress.net\/arhiva\/author\/bosniak\/"}]}},"_links":{"self":[{"href":"https:\/\/sandzakpress.net\/arhiva\/wp-json\/wp\/v2\/posts\/101119"}],"collection":[{"href":"https:\/\/sandzakpress.net\/arhiva\/wp-json\/wp\/v2\/posts"}],"about":[{"href":"https:\/\/sandzakpress.net\/arhiva\/wp-json\/wp\/v2\/types\/post"}],"author":[{"embeddable":true,"href":"https:\/\/sandzakpress.net\/arhiva\/wp-json\/wp\/v2\/users\/83"}],"replies":[{"embeddable":true,"href":"https:\/\/sandzakpress.net\/arhiva\/wp-json\/wp\/v2\/comments?post=101119"}],"version-history":[{"count":0,"href":"https:\/\/sandzakpress.net\/arhiva\/wp-json\/wp\/v2\/posts\/101119\/revisions"}],"wp:featuredmedia":[{"embeddable":true,"href":"https:\/\/sandzakpress.net\/arhiva\/wp-json\/wp\/v2\/media\/101120"}],"wp:attachment":[{"href":"https:\/\/sandzakpress.net\/arhiva\/wp-json\/wp\/v2\/media?parent=101119"}],"wp:term":[{"taxonomy":"category","embeddable":true,"href":"https:\/\/sandzakpress.net\/arhiva\/wp-json\/wp\/v2\/categories?post=101119"},{"taxonomy":"post_tag","embeddable":true,"href":"https:\/\/sandzakpress.net\/arhiva\/wp-json\/wp\/v2\/tags?post=101119"}],"curies":[{"name":"wp","href":"https:\/\/api.w.org\/{rel}","templated":true}]}}