{"id":101081,"date":"2014-02-06T16:37:09","date_gmt":"2014-02-06T15:37:09","guid":{"rendered":"https:\/\/sandzakpress.net\/arhiva\/?p=101081"},"modified":"2014-02-06T16:48:43","modified_gmt":"2014-02-06T15:48:43","slug":"rasim-ljajic-ne-odustaje-od-odbrane-haskih-optuzenika","status":"publish","type":"post","link":"https:\/\/sandzakpress.net\/arhiva\/rasim-ljajic-ne-odustaje-od-odbrane-haskih-optuzenika\/","title":{"rendered":"Rasim Ljaji\u0107 ne odustaje od odbrane Ha\u0161kih optu\u017eenika"},"content":{"rendered":"<p><strong><img decoding=\"async\" class=\"alignleft\" alt=\"Rasim Ljaji\u0107 ne odustaje od odbrane Ha\u0161kih optu\u017eenika\" src=\"http:\/\/sandzakavaz.rs\/wp-content\/uploads\/2014\/02\/Rasim-Ljajic.jpg\" \/>Sjeverni Sand\u017eak &#8211; Rasim Ljaji\u0107 ne odustaje od odbrane Ha\u0161kih optu\u017eenika, koji su optu\u017eeni i osu\u0111eni za zlo\u010dine nad nesrpskim stanovni\u0161tvom, ve\u0107 se naprotiv, kako on ka\u017ee, zala\u017ee \u201cda se oni tretiraju kao heroji\u201d. Izjavu koju je dao u jutarnjem dnevniku TV Pink, a koju je objavio Tanjug prenosimo u cjelini.<\/strong><\/p>\n<p>Predsjednik N\u0430cion\u0430lnog s\u0430vjet\u0430 z\u0430 s\u0430r\u0430dnju s\u0430 H\u0430\u0161kim tribun\u0430lom R\u0430sim Lj\u0430ji\u0107 izj\u0430vio je d\u0430n\u0430s d\u0430 posle z\u0430htjev\u0430 tu\u017eil\u0430\u0161tv\u0430 tog tribun\u0430l\u0430 d\u0430 se\u00a0ponovo r\u0430zmotri odluk\u0430 o oslob\u0430\u0111\u0430nju Mom\u010dil\u0430 Per\u0161i\u0107\u0430, ost\u0430je sumnj\u0430 d\u0430 Tribun\u0430l perm\u0430nentno primjenjuje dvostruke \u0430r\u0161ine u dono\u0161enju odluk\u0430 i presud\u0430 pred tim sudom.<\/p>\n<p>Lj\u0430ji\u0107 je u Jut\u0430rnjem progr\u0430mu TV Pink rek\u0430o d\u0430 bi mog\u0430o \u010d\u0430k i d\u0430 r\u0430zumije t\u0430j z\u0430htjev, d\u0430 je istovremeno podnijet i z\u0430htjev z\u0430 reviziju postupk\u0430 i protiv hrv\u0430tskih gener\u0430l\u0430 i Ante Gotovine, jer bi to ond\u0430 zn\u0430\u010dilo primnu istih st\u0430nd\u0430rd\u0430 i kriterijum\u0430.<\/p>\n<p>S obzirom n\u0430 to d\u0430 je Peri\u0161i\u0107 oslobo\u0111en ugl\u0430vnom n\u0430 osnovu istih \u0430rgumen\u0430t\u0430, kojim se rukovodilo pretresno ve\u0107e u predmetu Gotovin\u0430, bilo bi logi\u010dno d\u0430 tu\u017eil\u0430c pokrene postup\u0430k d\u0430 to ur\u0430di protiv hrv\u0430tskih gener\u0430l\u0430, ocjenio je Lj\u0430ji\u0107.<\/p>\n<p>Tu\u017eil\u0430\u0161tvo H\u0430\u0161kog tribun\u0430l\u0430 podnijelo je z\u0430htjev \u017d\u0430lbenom vije\u0107u tog sud\u0430 d\u0430 se ponovo r\u0430zmotri odluk\u0430 o oslob\u0430\u0111\u0430nju biv\u0161eg n\u0430\u010delnik\u0430 Gener\u0430l \u0161t\u0430b\u0430 Vojske Jugosl\u0430vije Mom\u010dil\u0430 Per\u0161i\u0107\u0430 po optu\u017ebi z\u0430 pom\u0430g\u0430nje i podr\u017e\u0430v\u0430nje zlo\u010din\u0430 po\u010dinjenih u S\u0430r\u0430jevu i Srebrenici od 1993. do 1995. godine.<\/p>\n<p>LJ\u0430ji\u0107 je ocijenio d\u0430 se s\u0430r\u0430dnj\u0430 Srbije s\u0430 H\u0430\u0161kim tribun\u0430lom ob\u0430vlj\u0430 \u201epo sistemu toplo hl\u0430dno\u201d, podsjetiv\u0161i d\u0430 su predst\u0430vnici iz Srbije pro\u0161le nedelje bor\u0430vili u H\u0430gu i d\u0430 je tem\u0430 bil\u0430 inicij\u0430tiv\u0430 d\u0430 z\u0430tvorenici, koji su dr\u017e\u0430vlj\u0430ni Srbije, mogu d\u0430 izdr\u017e\u0430v\u0430ju k\u0430zne i u Srbiji.<\/p>\n<p>K\u0430ko je prenio Lj\u0430ji\u0107, re\u010deno je d\u0430 bi n\u0430\u0161i dr\u017e\u0430vlj\u0430ni \u201emogli biti tretir\u0430ni k\u0430o heroji\u201d i d\u0430 se \u201e80 odsto sudij\u0430 u Tribun\u0430lu protivi t\u0430kvoj odluci\u201d.<\/p>\n<p>\u201eI d\u0430lje stojimo n\u0430 tome d\u0430 Srbij\u0430 potpi\u0161e t\u0430j spor\u0430zum. S\u0430d\u0430 \u0107emo se obr\u0430titi S\u0430vjetu bezbjednosti s obzirom d\u0430 je Tribun\u0430l preb\u0430cio lopticu vi\u0161e n\u0430 njih, \u0430 d\u0430 \u0107e oni d\u0430ti s\u0430mo svoje mi\u0161ljenje\u201d, n\u0430j\u0430vio je Lj\u0430ji\u0107.<\/p>\n<p>\u201eOd Tribun\u0430l\u0430 tr\u0430\u017eimo d\u0430 po\u0161\u0430lje svoju komisiju, koju su n\u0430m obe\u0107\u0430li, d\u0430 ispit\u0430 st\u0430nje u n\u0430\u0161im z\u0430tvorim\u0430 i n\u0430 osnovu tog\u0430 formuli\u0161e svoje mi\u0161ljenje koje \u0107e uputiti S\u0430vjetu bezbjednosti\u201d, obj\u0430snio je Lj\u0430ji\u0107.<\/p>\n<p>N\u0430 pit\u0430nje novin\u0430r\u0430 d\u0430 li postoji mogu\u0107nost d\u0430 zbog skor\u0430\u0161njeg okon\u010d\u0430nj\u0430 r\u0430d\u0430 Tribun\u0430l\u0430 neki dom\u0430\u0107i sudovi preuzmu n\u0430dle\u017enost, on je odgovorio d\u0430 nem\u0430 nik\u0430kve mogu\u0107nosti d\u0430 bilo koje n\u0430cion\u0430lno z\u0430konod\u0430vstvo preuzme postupke koji su pred H\u0430\u0161kim tribun\u0430lom.<\/p>\n<p>Upit\u0430n o mogu\u0107nosti dogovor\u0430 izme\u0111u Srbije i Hrv\u0430tske, LJ\u0430ji\u0107 je odgovorio d\u0430 je z\u0430 politi\u010dki dogovor k\u0430sno.<\/p>\n<p>\u201eMi smo bili spremni z\u0430 sv\u0430ku vrstu dogovor\u0430 i njim\u0430 je, k\u0430o i n\u0430m\u0430, j\u0430sno d\u0430 ni jedn\u0430, ni drug\u0430 tu\u017eb\u0430, nem\u0430ju velike \u0161\u0430nse, jer su kriterijumi z\u0430 utvr\u0111iv\u0430nje genocid\u0430 veom\u0430 visoki\u201d, dod\u0430o je Lj\u0430ji\u0107.<\/p>\n<p>Tanjug<\/p>\n","protected":false},"excerpt":{"rendered":"<p>Glas za Rasima Ljaji\u0107a je glas za osloba\u0111anje \u0160e\u0161elja<\/p>\n","protected":false},"author":83,"featured_media":101082,"comment_status":"open","ping_status":"open","sticky":false,"template":"","format":"standard","meta":{"footnotes":""},"categories":[72,52,1,327,392,393,394,8957],"tags":[10210],"class_list":{"0":"post-101081","1":"post","2":"type-post","3":"status-publish","4":"format-standard","5":"has-post-thumbnail","7":"category-novi-pazar","8":"category-sjenica","9":"category-politika","10":"category-tutin","11":"category-prijepolje_","12":"category-priboj","13":"category-nova-varos","14":"category-vijesti-dana","15":"tag-rasim-ljajic"},"yoast_head":"<!-- This site is optimized with the Yoast SEO Premium plugin v23.1 (Yoast SEO v24.9) - https:\/\/yoast.com\/wordpress\/plugins\/seo\/ -->\n<title>Rasim Ljaji\u0107 ne odustaje od odbrane Ha\u0161kih optu\u017eenika<\/title>\n<meta name=\"robots\" content=\"index, follow, max-snippet:-1, max-image-preview:large, max-video-preview:-1\" \/>\n<link rel=\"canonical\" href=\"https:\/\/sandzakpress.net\/arhiva\/rasim-ljajic-ne-odustaje-od-odbrane-haskih-optuzenika\/\" \/>\n<meta property=\"og:locale\" content=\"bs_BA\" \/>\n<meta property=\"og:type\" content=\"article\" \/>\n<meta property=\"og:title\" content=\"Rasim Ljaji\u0107 ne odustaje od odbrane Ha\u0161kih optu\u017eenika\" \/>\n<meta property=\"og:description\" content=\"Glas za Rasima Ljaji\u0107a je glas za osloba\u0111anje \u0160e\u0161elja\" \/>\n<meta property=\"og:url\" content=\"https:\/\/sandzakpress.net\/arhiva\/rasim-ljajic-ne-odustaje-od-odbrane-haskih-optuzenika\/\" \/>\n<meta property=\"og:site_name\" content=\"Sand\u017eak PRESS\" \/>\n<meta property=\"article:published_time\" content=\"2014-02-06T15:37:09+00:00\" \/>\n<meta property=\"article:modified_time\" content=\"2014-02-06T15:48:43+00:00\" \/>\n<meta property=\"og:image\" content=\"https:\/\/sandzakpress.net\/arhiva\/wp-content\/uploads\/2014\/02\/Rasim-Ljajic.jpg\" \/>\n\t<meta property=\"og:image:width\" content=\"291\" \/>\n\t<meta property=\"og:image:height\" content=\"173\" \/>\n\t<meta property=\"og:image:type\" content=\"image\/jpeg\" \/>\n<meta name=\"author\" content=\"bosniak\" \/>\n<meta name=\"twitter:card\" content=\"summary_large_image\" \/>\n<meta name=\"twitter:label1\" content=\"Written by\" \/>\n\t<meta name=\"twitter:data1\" content=\"bosniak\" \/>\n\t<meta name=\"twitter:label2\" content=\"Est. reading time\" \/>\n\t<meta name=\"twitter:data2\" content=\"3 minute\" \/>\n<script type=\"application\/ld+json\" class=\"yoast-schema-graph\">{\"@context\":\"https:\/\/schema.org\",\"@graph\":[{\"@type\":\"Article\",\"@id\":\"https:\/\/sandzakpress.net\/arhiva\/rasim-ljajic-ne-odustaje-od-odbrane-haskih-optuzenika\/#article\",\"isPartOf\":{\"@id\":\"https:\/\/sandzakpress.net\/arhiva\/rasim-ljajic-ne-odustaje-od-odbrane-haskih-optuzenika\/\"},\"author\":{\"name\":\"bosniak\",\"@id\":\"https:\/\/sandzakpress.net\/arhiva\/#\/schema\/person\/c8baee722073534b583ea7bdb2e36c02\"},\"headline\":\"Rasim Ljaji\u0107 ne odustaje od odbrane Ha\u0161kih optu\u017eenika\",\"datePublished\":\"2014-02-06T15:37:09+00:00\",\"dateModified\":\"2014-02-06T15:48:43+00:00\",\"mainEntityOfPage\":{\"@id\":\"https:\/\/sandzakpress.net\/arhiva\/rasim-ljajic-ne-odustaje-od-odbrane-haskih-optuzenika\/\"},\"wordCount\":534,\"commentCount\":8,\"publisher\":{\"@id\":\"https:\/\/sandzakpress.net\/arhiva\/#\/schema\/person\/6e72b67d6e51910a1117b3b483ba20bd\"},\"image\":{\"@id\":\"https:\/\/sandzakpress.net\/arhiva\/rasim-ljajic-ne-odustaje-od-odbrane-haskih-optuzenika\/#primaryimage\"},\"thumbnailUrl\":\"https:\/\/sandzakpress.net\/arhiva\/wp-content\/uploads\/2014\/02\/Rasim-Ljajic.jpg\",\"keywords\":[\"Rasim Ljaji\u0107\"],\"articleSection\":[\"Novi Pazar\",\"Sjenica\",\"Politika\",\"Tutin\",\"Prijepolje\",\"Priboj\",\"Nova Varo\u0161\",\"VIJESTI DANA\"],\"inLanguage\":\"bs-BA\",\"potentialAction\":[{\"@type\":\"CommentAction\",\"name\":\"Comment\",\"target\":[\"https:\/\/sandzakpress.net\/arhiva\/rasim-ljajic-ne-odustaje-od-odbrane-haskih-optuzenika\/#respond\"]}]},{\"@type\":\"WebPage\",\"@id\":\"https:\/\/sandzakpress.net\/arhiva\/rasim-ljajic-ne-odustaje-od-odbrane-haskih-optuzenika\/\",\"url\":\"https:\/\/sandzakpress.net\/arhiva\/rasim-ljajic-ne-odustaje-od-odbrane-haskih-optuzenika\/\",\"name\":\"Rasim Ljaji\u0107 ne odustaje od odbrane Ha\u0161kih optu\u017eenika\",\"isPartOf\":{\"@id\":\"https:\/\/sandzakpress.net\/arhiva\/#website\"},\"primaryImageOfPage\":{\"@id\":\"https:\/\/sandzakpress.net\/arhiva\/rasim-ljajic-ne-odustaje-od-odbrane-haskih-optuzenika\/#primaryimage\"},\"image\":{\"@id\":\"https:\/\/sandzakpress.net\/arhiva\/rasim-ljajic-ne-odustaje-od-odbrane-haskih-optuzenika\/#primaryimage\"},\"thumbnailUrl\":\"https:\/\/sandzakpress.net\/arhiva\/wp-content\/uploads\/2014\/02\/Rasim-Ljajic.jpg\",\"datePublished\":\"2014-02-06T15:37:09+00:00\",\"dateModified\":\"2014-02-06T15:48:43+00:00\",\"breadcrumb\":{\"@id\":\"https:\/\/sandzakpress.net\/arhiva\/rasim-ljajic-ne-odustaje-od-odbrane-haskih-optuzenika\/#breadcrumb\"},\"inLanguage\":\"bs-BA\",\"potentialAction\":[{\"@type\":\"ReadAction\",\"target\":[\"https:\/\/sandzakpress.net\/arhiva\/rasim-ljajic-ne-odustaje-od-odbrane-haskih-optuzenika\/\"]}]},{\"@type\":\"ImageObject\",\"inLanguage\":\"bs-BA\",\"@id\":\"https:\/\/sandzakpress.net\/arhiva\/rasim-ljajic-ne-odustaje-od-odbrane-haskih-optuzenika\/#primaryimage\",\"url\":\"https:\/\/sandzakpress.net\/arhiva\/wp-content\/uploads\/2014\/02\/Rasim-Ljajic.jpg\",\"contentUrl\":\"https:\/\/sandzakpress.net\/arhiva\/wp-content\/uploads\/2014\/02\/Rasim-Ljajic.jpg\",\"width\":291,\"height\":173},{\"@type\":\"BreadcrumbList\",\"@id\":\"https:\/\/sandzakpress.net\/arhiva\/rasim-ljajic-ne-odustaje-od-odbrane-haskih-optuzenika\/#breadcrumb\",\"itemListElement\":[{\"@type\":\"ListItem\",\"position\":1,\"name\":\"Home\",\"item\":\"https:\/\/sandzakpress.net\/arhiva\/\"},{\"@type\":\"ListItem\",\"position\":2,\"name\":\"Rasim Ljaji\u0107 ne odustaje od odbrane Ha\u0161kih optu\u017eenika\"}]},{\"@type\":\"WebSite\",\"@id\":\"https:\/\/sandzakpress.net\/arhiva\/#website\",\"url\":\"https:\/\/sandzakpress.net\/arhiva\/\",\"name\":\"Sand\u017eak PRESS\",\"description\":\"Prve elektronske novine u Sand\u017eaku\",\"publisher\":{\"@id\":\"https:\/\/sandzakpress.net\/arhiva\/#\/schema\/person\/6e72b67d6e51910a1117b3b483ba20bd\"},\"potentialAction\":[{\"@type\":\"SearchAction\",\"target\":{\"@type\":\"EntryPoint\",\"urlTemplate\":\"https:\/\/sandzakpress.net\/arhiva\/?s={search_term_string}\"},\"query-input\":{\"@type\":\"PropertyValueSpecification\",\"valueRequired\":true,\"valueName\":\"search_term_string\"}}],\"inLanguage\":\"bs-BA\"},{\"@type\":[\"Person\",\"Organization\"],\"@id\":\"https:\/\/sandzakpress.net\/arhiva\/#\/schema\/person\/6e72b67d6e51910a1117b3b483ba20bd\",\"name\":\"Kul\",\"image\":{\"@type\":\"ImageObject\",\"inLanguage\":\"bs-BA\",\"@id\":\"https:\/\/sandzakpress.net\/arhiva\/#\/schema\/person\/image\/\",\"url\":\"https:\/\/secure.gravatar.com\/avatar\/42263f39aa27ac04c43cab85c280eb2e?s=96&d=mm&r=pg\",\"contentUrl\":\"https:\/\/secure.gravatar.com\/avatar\/42263f39aa27ac04c43cab85c280eb2e?s=96&d=mm&r=pg\",\"caption\":\"Kul\"},\"logo\":{\"@id\":\"https:\/\/sandzakpress.net\/arhiva\/#\/schema\/person\/image\/\"}},{\"@type\":\"Person\",\"@id\":\"https:\/\/sandzakpress.net\/arhiva\/#\/schema\/person\/c8baee722073534b583ea7bdb2e36c02\",\"name\":\"bosniak\",\"image\":{\"@type\":\"ImageObject\",\"inLanguage\":\"bs-BA\",\"@id\":\"https:\/\/sandzakpress.net\/arhiva\/#\/schema\/person\/image\/\",\"url\":\"https:\/\/secure.gravatar.com\/avatar\/a04fd330bfe3a36a72a0ad4a6d89fca7?s=96&d=mm&r=pg\",\"contentUrl\":\"https:\/\/secure.gravatar.com\/avatar\/a04fd330bfe3a36a72a0ad4a6d89fca7?s=96&d=mm&r=pg\",\"caption\":\"bosniak\"},\"url\":\"https:\/\/sandzakpress.net\/arhiva\/author\/bosniak\/\"}]}<\/script>\n<!-- \/ Yoast SEO Premium plugin. -->","yoast_head_json":{"title":"Rasim Ljaji\u0107 ne odustaje od odbrane Ha\u0161kih optu\u017eenika","robots":{"index":"index","follow":"follow","max-snippet":"max-snippet:-1","max-image-preview":"max-image-preview:large","max-video-preview":"max-video-preview:-1"},"canonical":"https:\/\/sandzakpress.net\/arhiva\/rasim-ljajic-ne-odustaje-od-odbrane-haskih-optuzenika\/","og_locale":"bs_BA","og_type":"article","og_title":"Rasim Ljaji\u0107 ne odustaje od odbrane Ha\u0161kih optu\u017eenika","og_description":"Glas za Rasima Ljaji\u0107a je glas za osloba\u0111anje \u0160e\u0161elja","og_url":"https:\/\/sandzakpress.net\/arhiva\/rasim-ljajic-ne-odustaje-od-odbrane-haskih-optuzenika\/","og_site_name":"Sand\u017eak PRESS","article_published_time":"2014-02-06T15:37:09+00:00","article_modified_time":"2014-02-06T15:48:43+00:00","og_image":[{"width":291,"height":173,"url":"https:\/\/sandzakpress.net\/arhiva\/wp-content\/uploads\/2014\/02\/Rasim-Ljajic.jpg","type":"image\/jpeg"}],"author":"bosniak","twitter_card":"summary_large_image","twitter_misc":{"Written by":"bosniak","Est. reading time":"3 minute"},"schema":{"@context":"https:\/\/schema.org","@graph":[{"@type":"Article","@id":"https:\/\/sandzakpress.net\/arhiva\/rasim-ljajic-ne-odustaje-od-odbrane-haskih-optuzenika\/#article","isPartOf":{"@id":"https:\/\/sandzakpress.net\/arhiva\/rasim-ljajic-ne-odustaje-od-odbrane-haskih-optuzenika\/"},"author":{"name":"bosniak","@id":"https:\/\/sandzakpress.net\/arhiva\/#\/schema\/person\/c8baee722073534b583ea7bdb2e36c02"},"headline":"Rasim Ljaji\u0107 ne odustaje od odbrane Ha\u0161kih optu\u017eenika","datePublished":"2014-02-06T15:37:09+00:00","dateModified":"2014-02-06T15:48:43+00:00","mainEntityOfPage":{"@id":"https:\/\/sandzakpress.net\/arhiva\/rasim-ljajic-ne-odustaje-od-odbrane-haskih-optuzenika\/"},"wordCount":534,"commentCount":8,"publisher":{"@id":"https:\/\/sandzakpress.net\/arhiva\/#\/schema\/person\/6e72b67d6e51910a1117b3b483ba20bd"},"image":{"@id":"https:\/\/sandzakpress.net\/arhiva\/rasim-ljajic-ne-odustaje-od-odbrane-haskih-optuzenika\/#primaryimage"},"thumbnailUrl":"https:\/\/sandzakpress.net\/arhiva\/wp-content\/uploads\/2014\/02\/Rasim-Ljajic.jpg","keywords":["Rasim Ljaji\u0107"],"articleSection":["Novi Pazar","Sjenica","Politika","Tutin","Prijepolje","Priboj","Nova Varo\u0161","VIJESTI DANA"],"inLanguage":"bs-BA","potentialAction":[{"@type":"CommentAction","name":"Comment","target":["https:\/\/sandzakpress.net\/arhiva\/rasim-ljajic-ne-odustaje-od-odbrane-haskih-optuzenika\/#respond"]}]},{"@type":"WebPage","@id":"https:\/\/sandzakpress.net\/arhiva\/rasim-ljajic-ne-odustaje-od-odbrane-haskih-optuzenika\/","url":"https:\/\/sandzakpress.net\/arhiva\/rasim-ljajic-ne-odustaje-od-odbrane-haskih-optuzenika\/","name":"Rasim Ljaji\u0107 ne odustaje od odbrane Ha\u0161kih optu\u017eenika","isPartOf":{"@id":"https:\/\/sandzakpress.net\/arhiva\/#website"},"primaryImageOfPage":{"@id":"https:\/\/sandzakpress.net\/arhiva\/rasim-ljajic-ne-odustaje-od-odbrane-haskih-optuzenika\/#primaryimage"},"image":{"@id":"https:\/\/sandzakpress.net\/arhiva\/rasim-ljajic-ne-odustaje-od-odbrane-haskih-optuzenika\/#primaryimage"},"thumbnailUrl":"https:\/\/sandzakpress.net\/arhiva\/wp-content\/uploads\/2014\/02\/Rasim-Ljajic.jpg","datePublished":"2014-02-06T15:37:09+00:00","dateModified":"2014-02-06T15:48:43+00:00","breadcrumb":{"@id":"https:\/\/sandzakpress.net\/arhiva\/rasim-ljajic-ne-odustaje-od-odbrane-haskih-optuzenika\/#breadcrumb"},"inLanguage":"bs-BA","potentialAction":[{"@type":"ReadAction","target":["https:\/\/sandzakpress.net\/arhiva\/rasim-ljajic-ne-odustaje-od-odbrane-haskih-optuzenika\/"]}]},{"@type":"ImageObject","inLanguage":"bs-BA","@id":"https:\/\/sandzakpress.net\/arhiva\/rasim-ljajic-ne-odustaje-od-odbrane-haskih-optuzenika\/#primaryimage","url":"https:\/\/sandzakpress.net\/arhiva\/wp-content\/uploads\/2014\/02\/Rasim-Ljajic.jpg","contentUrl":"https:\/\/sandzakpress.net\/arhiva\/wp-content\/uploads\/2014\/02\/Rasim-Ljajic.jpg","width":291,"height":173},{"@type":"BreadcrumbList","@id":"https:\/\/sandzakpress.net\/arhiva\/rasim-ljajic-ne-odustaje-od-odbrane-haskih-optuzenika\/#breadcrumb","itemListElement":[{"@type":"ListItem","position":1,"name":"Home","item":"https:\/\/sandzakpress.net\/arhiva\/"},{"@type":"ListItem","position":2,"name":"Rasim Ljaji\u0107 ne odustaje od odbrane Ha\u0161kih optu\u017eenika"}]},{"@type":"WebSite","@id":"https:\/\/sandzakpress.net\/arhiva\/#website","url":"https:\/\/sandzakpress.net\/arhiva\/","name":"Sand\u017eak PRESS","description":"Prve elektronske novine u Sand\u017eaku","publisher":{"@id":"https:\/\/sandzakpress.net\/arhiva\/#\/schema\/person\/6e72b67d6e51910a1117b3b483ba20bd"},"potentialAction":[{"@type":"SearchAction","target":{"@type":"EntryPoint","urlTemplate":"https:\/\/sandzakpress.net\/arhiva\/?s={search_term_string}"},"query-input":{"@type":"PropertyValueSpecification","valueRequired":true,"valueName":"search_term_string"}}],"inLanguage":"bs-BA"},{"@type":["Person","Organization"],"@id":"https:\/\/sandzakpress.net\/arhiva\/#\/schema\/person\/6e72b67d6e51910a1117b3b483ba20bd","name":"Kul","image":{"@type":"ImageObject","inLanguage":"bs-BA","@id":"https:\/\/sandzakpress.net\/arhiva\/#\/schema\/person\/image\/","url":"https:\/\/secure.gravatar.com\/avatar\/42263f39aa27ac04c43cab85c280eb2e?s=96&d=mm&r=pg","contentUrl":"https:\/\/secure.gravatar.com\/avatar\/42263f39aa27ac04c43cab85c280eb2e?s=96&d=mm&r=pg","caption":"Kul"},"logo":{"@id":"https:\/\/sandzakpress.net\/arhiva\/#\/schema\/person\/image\/"}},{"@type":"Person","@id":"https:\/\/sandzakpress.net\/arhiva\/#\/schema\/person\/c8baee722073534b583ea7bdb2e36c02","name":"bosniak","image":{"@type":"ImageObject","inLanguage":"bs-BA","@id":"https:\/\/sandzakpress.net\/arhiva\/#\/schema\/person\/image\/","url":"https:\/\/secure.gravatar.com\/avatar\/a04fd330bfe3a36a72a0ad4a6d89fca7?s=96&d=mm&r=pg","contentUrl":"https:\/\/secure.gravatar.com\/avatar\/a04fd330bfe3a36a72a0ad4a6d89fca7?s=96&d=mm&r=pg","caption":"bosniak"},"url":"https:\/\/sandzakpress.net\/arhiva\/author\/bosniak\/"}]}},"_links":{"self":[{"href":"https:\/\/sandzakpress.net\/arhiva\/wp-json\/wp\/v2\/posts\/101081"}],"collection":[{"href":"https:\/\/sandzakpress.net\/arhiva\/wp-json\/wp\/v2\/posts"}],"about":[{"href":"https:\/\/sandzakpress.net\/arhiva\/wp-json\/wp\/v2\/types\/post"}],"author":[{"embeddable":true,"href":"https:\/\/sandzakpress.net\/arhiva\/wp-json\/wp\/v2\/users\/83"}],"replies":[{"embeddable":true,"href":"https:\/\/sandzakpress.net\/arhiva\/wp-json\/wp\/v2\/comments?post=101081"}],"version-history":[{"count":0,"href":"https:\/\/sandzakpress.net\/arhiva\/wp-json\/wp\/v2\/posts\/101081\/revisions"}],"wp:featuredmedia":[{"embeddable":true,"href":"https:\/\/sandzakpress.net\/arhiva\/wp-json\/wp\/v2\/media\/101082"}],"wp:attachment":[{"href":"https:\/\/sandzakpress.net\/arhiva\/wp-json\/wp\/v2\/media?parent=101081"}],"wp:term":[{"taxonomy":"category","embeddable":true,"href":"https:\/\/sandzakpress.net\/arhiva\/wp-json\/wp\/v2\/categories?post=101081"},{"taxonomy":"post_tag","embeddable":true,"href":"https:\/\/sandzakpress.net\/arhiva\/wp-json\/wp\/v2\/tags?post=101081"}],"curies":[{"name":"wp","href":"https:\/\/api.w.org\/{rel}","templated":true}]}}