{"id":101052,"date":"2014-02-05T21:00:06","date_gmt":"2014-02-05T20:00:06","guid":{"rendered":"https:\/\/sandzakpress.net\/arhiva\/?p=101052"},"modified":"2014-02-05T21:05:46","modified_gmt":"2014-02-05T20:05:46","slug":"sandzak-pise-svoju-historiju","status":"publish","type":"post","link":"https:\/\/sandzakpress.net\/arhiva\/sandzak-pise-svoju-historiju\/","title":{"rendered":"\u201cSand\u017eak\u201d pi\u0161e svoju historiju"},"content":{"rendered":"<figure id=\"attachment_101053\" aria-describedby=\"caption-attachment-101053\" style=\"width: 300px\" class=\"wp-caption alignleft\"><a href=\"https:\/\/sandzakpress.net\/arhiva\/wp-content\/uploads\/2014\/02\/salahudin.jpg\"><img loading=\"lazy\" decoding=\"async\" class=\" wp-image-101053 \" alt=\"Salahudin Feti\u0107, glavni i odgovorni urednik Revije Sand\u017eak\" src=\"https:\/\/sandzakpress.net\/arhiva\/wp-content\/uploads\/2014\/02\/salahudin.jpg\" width=\"300\" height=\"300\" srcset=\"https:\/\/sandzakpress.net\/arhiva\/wp-content\/uploads\/2014\/02\/salahudin.jpg 600w, https:\/\/sandzakpress.net\/arhiva\/wp-content\/uploads\/2014\/02\/salahudin-150x150.jpg 150w, https:\/\/sandzakpress.net\/arhiva\/wp-content\/uploads\/2014\/02\/salahudin-90x90.jpg 90w, https:\/\/sandzakpress.net\/arhiva\/wp-content\/uploads\/2014\/02\/salahudin-380x380.jpg 380w, https:\/\/sandzakpress.net\/arhiva\/wp-content\/uploads\/2014\/02\/salahudin-125x125.jpg 125w\" sizes=\"(max-width: 300px) 100vw, 300px\" \/><\/a><figcaption id=\"caption-attachment-101053\" class=\"wp-caption-text\">Salahudin Feti\u0107, glavni i odgovorni urednik Revije Sand\u017eak<\/figcaption><\/figure>\n<p>Po\u0161tovani \u010ditaoci revije \u201eSand\u017eak\u201c! Neka Vam je mubarek olsun 82. obljetnica Nacionalne revije za politiku i kulturu \u201eSand\u017eak\u201c, prvog javnog medija u Sand\u017eaku.<\/p>\n<p>Na dana\u0161nji dan, 1. februara 1932. godine, izi\u0161ao je prvi broj lista \u201eSand\u017eak\u201c. Inicijativu za pokretanje lista dala je multietni\u010dka grupa naprednih sand\u017ea\u010dkih intelektualaca, me\u0111u kojima su bili Sreten Vukosavljevi\u0107, Rifat Burd\u017eovi\u0107, Milivoje \u017dugi\u0107, Toma\u0161 \u017di\u017ei\u0107, Mirko Tomi\u0107 i Murat-ef. \u0160e\u0107eragi\u0107.<\/p>\n<p>Do tada na sand\u017ea\u010dkom tlu nije postojao niti jedan medij. Bila je to prva medijska baklja koja iz Prijepolja po\u010de bacati zrake svjetlosti na do tada sand\u017ea\u010dki medijski mra\u010dni prostor, \u010dime Prijepolje postade kolijevka sand\u017ea\u010dkog novinarstva.<\/p>\n<p>Obzirom da je taj datum historijski ome\u0111io po\u010detak medijske publicistike i \u017eurnalistike u \u0161irem kontekstu razvoja stvarala\u0161tva u Sand\u017eaku, Udru\u017eenje novinara Sand\u017eaka je 1992. godine 1. februar proglasilo Danom novinara Sand\u017eaka.<\/p>\n<p>Od svog osnutka, pa do dan danas revija \u201eSand\u017eak\u201c je prolazila kroz buran period. Znaju\u0107i zna\u010daj novoosnovanog medija u proteklom osamdesetdvogodi\u0161njem periodu, revija \u201eSand\u017eak\u201c je bila i ostala trn u oku tada\u0161njim i svim kasnijim beogradskim re\u017eimima. Prof. dr. \u0160efket Krci\u0107 u svom radu \u201eGlas istine i pobune\u201c podijelio je historijat rada revije \u201eSand\u017eak\u201c na pet etapa, i to:<\/p>\n<p>1. Od 1932. do 1938. godine u Kraljevini Jugoslaviji;<\/p>\n<p>2. Od 1945. do 1946. godine pod ne\u0161to izmijenjenim nazivom \u201eGlas Sand\u017eaka\u201c, kao glasilo AVNO Sand\u017eaka (ratne narodne skup\u0161tine egzistiraju\u0107e Autonomne pokrajine Sand\u017eak).<\/p>\n<p>3. Po\u010detkom 1991. godine u Sarajevu gdje je izi\u0161lo svega par brojeva;<\/p>\n<p>4. Od 1992. do 2004. godine pod izdava\u010dkim pokroviteljstvom Matice Bo\u0161njaka Sand\u017eaka i uredni\u010dkim perom prof. dr. \u0160efketa Krci\u0107a;<\/p>\n<p>5. Od 2011. godine (1. februara), pa do dan danas, kada je pod pokroviteljstvom Bo\u0161nja\u010dke kulturne zajednice, uz pisanu suglasnost prethodnog izdava\u010da Matice Bo\u0161njaka Sand\u017eaka i glavnog i odgovornog urednika dr. \u0160efketa Krci\u0107a, revija \u201eSand\u017eak\u201c predata na emanet novoizabranom uredniku Jahji Fehratovi\u0107u, koji ju je ure\u0111ivao od 1. februara 2011. do maja 2012. godine, potom Hazbija Kala\u010d od juna 2012. godine do oktobra 2013. godine, od kada meni predata u amanet revija \u201eSand\u017eak\u201c izlazi u novom, elektronskom ruhu.<\/p>\n<p>Revija \u201eSand\u017eak\u201c je, uz brojne prekide, svjedo\u010dila historiju Sand\u017eaka posljednjih osam decenija i time bila i ostala jedan od pisaca sand\u017ea\u010dke historije.<\/p>\n<p>Kada govorimo o po\u010decima novinarstva u Sand\u017eaku, nezaobilazno je ime Mehmeda \u0160akira Kurt\u0107ehaji\u0107a (1844\u20131870), koji je ro\u0111en u Bijelom Polju, \u017eivio i novinarstvom se bavio u Sarajevu, gdje je svojevremeno pokrenuo \u010dasopis \u201eSarajevski cvjetnik\u201c, \u0161to nam govori da su novinarski korijeni u Sand\u017eaku dublji i od 1932. godine.<\/p>\n<p>Autor: Salahudin Feti\u0107<br \/>\nrevija SAND\u017dAK | 1. februal 2014. | br. 176 |\u00a0<a href=\"http:\/\/revijasandzak.com\">RevijaSANDZAK.com<\/a><\/p>\n<p>&nbsp;<\/p>\n","protected":false},"excerpt":{"rendered":"<p>Salahudin Feti\u0107<\/p>\n","protected":false},"author":83,"featured_media":101053,"comment_status":"open","ping_status":"open","sticky":false,"template":"","format":"standard","meta":{"footnotes":""},"categories":[10196],"tags":[10428,10452],"class_list":{"0":"post-101052","1":"post","2":"type-post","3":"status-publish","4":"format-standard","5":"has-post-thumbnail","7":"category-iz-pera-nasih-autora","8":"tag-salahudin-fetic","9":"tag-revija-sandzak"},"yoast_head":"<!-- This site is optimized with the Yoast SEO Premium plugin v23.1 (Yoast SEO v24.9) - https:\/\/yoast.com\/wordpress\/plugins\/seo\/ -->\n<title>\u201cSand\u017eak\u201d pi\u0161e svoju historiju<\/title>\n<meta name=\"robots\" content=\"index, follow, max-snippet:-1, max-image-preview:large, max-video-preview:-1\" \/>\n<link rel=\"canonical\" href=\"https:\/\/sandzakpress.net\/arhiva\/sandzak-pise-svoju-historiju\/\" \/>\n<meta property=\"og:locale\" content=\"bs_BA\" \/>\n<meta property=\"og:type\" content=\"article\" \/>\n<meta property=\"og:title\" content=\"\u201cSand\u017eak\u201d pi\u0161e svoju historiju\" \/>\n<meta property=\"og:description\" content=\"Salahudin Feti\u0107\" \/>\n<meta property=\"og:url\" content=\"https:\/\/sandzakpress.net\/arhiva\/sandzak-pise-svoju-historiju\/\" \/>\n<meta property=\"og:site_name\" content=\"Sand\u017eak PRESS\" \/>\n<meta property=\"article:published_time\" content=\"2014-02-05T20:00:06+00:00\" \/>\n<meta property=\"article:modified_time\" content=\"2014-02-05T20:05:46+00:00\" \/>\n<meta property=\"og:image\" content=\"https:\/\/sandzakpress.net\/arhiva\/wp-content\/uploads\/2014\/02\/salahudin.jpg\" \/>\n\t<meta property=\"og:image:width\" content=\"600\" \/>\n\t<meta property=\"og:image:height\" content=\"600\" \/>\n\t<meta property=\"og:image:type\" content=\"image\/jpeg\" \/>\n<meta name=\"author\" content=\"bosniak\" \/>\n<meta name=\"twitter:card\" content=\"summary_large_image\" \/>\n<meta name=\"twitter:label1\" content=\"Written by\" \/>\n\t<meta name=\"twitter:data1\" content=\"bosniak\" \/>\n\t<meta name=\"twitter:label2\" content=\"Est. reading time\" \/>\n\t<meta name=\"twitter:data2\" content=\"2 minute\" \/>\n<script type=\"application\/ld+json\" class=\"yoast-schema-graph\">{\"@context\":\"https:\/\/schema.org\",\"@graph\":[{\"@type\":\"Article\",\"@id\":\"https:\/\/sandzakpress.net\/arhiva\/sandzak-pise-svoju-historiju\/#article\",\"isPartOf\":{\"@id\":\"https:\/\/sandzakpress.net\/arhiva\/sandzak-pise-svoju-historiju\/\"},\"author\":{\"name\":\"bosniak\",\"@id\":\"https:\/\/sandzakpress.net\/arhiva\/#\/schema\/person\/c8baee722073534b583ea7bdb2e36c02\"},\"headline\":\"\u201cSand\u017eak\u201d pi\u0161e svoju historiju\",\"datePublished\":\"2014-02-05T20:00:06+00:00\",\"dateModified\":\"2014-02-05T20:05:46+00:00\",\"mainEntityOfPage\":{\"@id\":\"https:\/\/sandzakpress.net\/arhiva\/sandzak-pise-svoju-historiju\/\"},\"wordCount\":479,\"commentCount\":0,\"publisher\":{\"@id\":\"https:\/\/sandzakpress.net\/arhiva\/#\/schema\/person\/6e72b67d6e51910a1117b3b483ba20bd\"},\"image\":{\"@id\":\"https:\/\/sandzakpress.net\/arhiva\/sandzak-pise-svoju-historiju\/#primaryimage\"},\"thumbnailUrl\":\"https:\/\/sandzakpress.net\/arhiva\/wp-content\/uploads\/2014\/02\/salahudin.jpg\",\"keywords\":[\"Salahudin Feti\u0107\",\"Revija Sand\u017eak\"],\"articleSection\":[\"Iz pera na\u0161ih autora\"],\"inLanguage\":\"bs-BA\",\"potentialAction\":[{\"@type\":\"CommentAction\",\"name\":\"Comment\",\"target\":[\"https:\/\/sandzakpress.net\/arhiva\/sandzak-pise-svoju-historiju\/#respond\"]}]},{\"@type\":\"WebPage\",\"@id\":\"https:\/\/sandzakpress.net\/arhiva\/sandzak-pise-svoju-historiju\/\",\"url\":\"https:\/\/sandzakpress.net\/arhiva\/sandzak-pise-svoju-historiju\/\",\"name\":\"\u201cSand\u017eak\u201d pi\u0161e svoju historiju\",\"isPartOf\":{\"@id\":\"https:\/\/sandzakpress.net\/arhiva\/#website\"},\"primaryImageOfPage\":{\"@id\":\"https:\/\/sandzakpress.net\/arhiva\/sandzak-pise-svoju-historiju\/#primaryimage\"},\"image\":{\"@id\":\"https:\/\/sandzakpress.net\/arhiva\/sandzak-pise-svoju-historiju\/#primaryimage\"},\"thumbnailUrl\":\"https:\/\/sandzakpress.net\/arhiva\/wp-content\/uploads\/2014\/02\/salahudin.jpg\",\"datePublished\":\"2014-02-05T20:00:06+00:00\",\"dateModified\":\"2014-02-05T20:05:46+00:00\",\"breadcrumb\":{\"@id\":\"https:\/\/sandzakpress.net\/arhiva\/sandzak-pise-svoju-historiju\/#breadcrumb\"},\"inLanguage\":\"bs-BA\",\"potentialAction\":[{\"@type\":\"ReadAction\",\"target\":[\"https:\/\/sandzakpress.net\/arhiva\/sandzak-pise-svoju-historiju\/\"]}]},{\"@type\":\"ImageObject\",\"inLanguage\":\"bs-BA\",\"@id\":\"https:\/\/sandzakpress.net\/arhiva\/sandzak-pise-svoju-historiju\/#primaryimage\",\"url\":\"https:\/\/sandzakpress.net\/arhiva\/wp-content\/uploads\/2014\/02\/salahudin.jpg\",\"contentUrl\":\"https:\/\/sandzakpress.net\/arhiva\/wp-content\/uploads\/2014\/02\/salahudin.jpg\",\"width\":600,\"height\":600,\"caption\":\"Salahudin Feti\u0107, glavni i odgovorni urednik Revije Sand\u017eak\"},{\"@type\":\"BreadcrumbList\",\"@id\":\"https:\/\/sandzakpress.net\/arhiva\/sandzak-pise-svoju-historiju\/#breadcrumb\",\"itemListElement\":[{\"@type\":\"ListItem\",\"position\":1,\"name\":\"Home\",\"item\":\"https:\/\/sandzakpress.net\/arhiva\/\"},{\"@type\":\"ListItem\",\"position\":2,\"name\":\"\u201cSand\u017eak\u201d pi\u0161e svoju historiju\"}]},{\"@type\":\"WebSite\",\"@id\":\"https:\/\/sandzakpress.net\/arhiva\/#website\",\"url\":\"https:\/\/sandzakpress.net\/arhiva\/\",\"name\":\"Sand\u017eak PRESS\",\"description\":\"Prve elektronske novine u Sand\u017eaku\",\"publisher\":{\"@id\":\"https:\/\/sandzakpress.net\/arhiva\/#\/schema\/person\/6e72b67d6e51910a1117b3b483ba20bd\"},\"potentialAction\":[{\"@type\":\"SearchAction\",\"target\":{\"@type\":\"EntryPoint\",\"urlTemplate\":\"https:\/\/sandzakpress.net\/arhiva\/?s={search_term_string}\"},\"query-input\":{\"@type\":\"PropertyValueSpecification\",\"valueRequired\":true,\"valueName\":\"search_term_string\"}}],\"inLanguage\":\"bs-BA\"},{\"@type\":[\"Person\",\"Organization\"],\"@id\":\"https:\/\/sandzakpress.net\/arhiva\/#\/schema\/person\/6e72b67d6e51910a1117b3b483ba20bd\",\"name\":\"Kul\",\"image\":{\"@type\":\"ImageObject\",\"inLanguage\":\"bs-BA\",\"@id\":\"https:\/\/sandzakpress.net\/arhiva\/#\/schema\/person\/image\/\",\"url\":\"https:\/\/secure.gravatar.com\/avatar\/42263f39aa27ac04c43cab85c280eb2e?s=96&d=mm&r=pg\",\"contentUrl\":\"https:\/\/secure.gravatar.com\/avatar\/42263f39aa27ac04c43cab85c280eb2e?s=96&d=mm&r=pg\",\"caption\":\"Kul\"},\"logo\":{\"@id\":\"https:\/\/sandzakpress.net\/arhiva\/#\/schema\/person\/image\/\"}},{\"@type\":\"Person\",\"@id\":\"https:\/\/sandzakpress.net\/arhiva\/#\/schema\/person\/c8baee722073534b583ea7bdb2e36c02\",\"name\":\"bosniak\",\"image\":{\"@type\":\"ImageObject\",\"inLanguage\":\"bs-BA\",\"@id\":\"https:\/\/sandzakpress.net\/arhiva\/#\/schema\/person\/image\/\",\"url\":\"https:\/\/secure.gravatar.com\/avatar\/a04fd330bfe3a36a72a0ad4a6d89fca7?s=96&d=mm&r=pg\",\"contentUrl\":\"https:\/\/secure.gravatar.com\/avatar\/a04fd330bfe3a36a72a0ad4a6d89fca7?s=96&d=mm&r=pg\",\"caption\":\"bosniak\"},\"url\":\"https:\/\/sandzakpress.net\/arhiva\/author\/bosniak\/\"}]}<\/script>\n<!-- \/ Yoast SEO Premium plugin. -->","yoast_head_json":{"title":"\u201cSand\u017eak\u201d pi\u0161e svoju historiju","robots":{"index":"index","follow":"follow","max-snippet":"max-snippet:-1","max-image-preview":"max-image-preview:large","max-video-preview":"max-video-preview:-1"},"canonical":"https:\/\/sandzakpress.net\/arhiva\/sandzak-pise-svoju-historiju\/","og_locale":"bs_BA","og_type":"article","og_title":"\u201cSand\u017eak\u201d pi\u0161e svoju historiju","og_description":"Salahudin Feti\u0107","og_url":"https:\/\/sandzakpress.net\/arhiva\/sandzak-pise-svoju-historiju\/","og_site_name":"Sand\u017eak PRESS","article_published_time":"2014-02-05T20:00:06+00:00","article_modified_time":"2014-02-05T20:05:46+00:00","og_image":[{"width":600,"height":600,"url":"https:\/\/sandzakpress.net\/arhiva\/wp-content\/uploads\/2014\/02\/salahudin.jpg","type":"image\/jpeg"}],"author":"bosniak","twitter_card":"summary_large_image","twitter_misc":{"Written by":"bosniak","Est. reading time":"2 minute"},"schema":{"@context":"https:\/\/schema.org","@graph":[{"@type":"Article","@id":"https:\/\/sandzakpress.net\/arhiva\/sandzak-pise-svoju-historiju\/#article","isPartOf":{"@id":"https:\/\/sandzakpress.net\/arhiva\/sandzak-pise-svoju-historiju\/"},"author":{"name":"bosniak","@id":"https:\/\/sandzakpress.net\/arhiva\/#\/schema\/person\/c8baee722073534b583ea7bdb2e36c02"},"headline":"\u201cSand\u017eak\u201d pi\u0161e svoju historiju","datePublished":"2014-02-05T20:00:06+00:00","dateModified":"2014-02-05T20:05:46+00:00","mainEntityOfPage":{"@id":"https:\/\/sandzakpress.net\/arhiva\/sandzak-pise-svoju-historiju\/"},"wordCount":479,"commentCount":0,"publisher":{"@id":"https:\/\/sandzakpress.net\/arhiva\/#\/schema\/person\/6e72b67d6e51910a1117b3b483ba20bd"},"image":{"@id":"https:\/\/sandzakpress.net\/arhiva\/sandzak-pise-svoju-historiju\/#primaryimage"},"thumbnailUrl":"https:\/\/sandzakpress.net\/arhiva\/wp-content\/uploads\/2014\/02\/salahudin.jpg","keywords":["Salahudin Feti\u0107","Revija Sand\u017eak"],"articleSection":["Iz pera na\u0161ih autora"],"inLanguage":"bs-BA","potentialAction":[{"@type":"CommentAction","name":"Comment","target":["https:\/\/sandzakpress.net\/arhiva\/sandzak-pise-svoju-historiju\/#respond"]}]},{"@type":"WebPage","@id":"https:\/\/sandzakpress.net\/arhiva\/sandzak-pise-svoju-historiju\/","url":"https:\/\/sandzakpress.net\/arhiva\/sandzak-pise-svoju-historiju\/","name":"\u201cSand\u017eak\u201d pi\u0161e svoju historiju","isPartOf":{"@id":"https:\/\/sandzakpress.net\/arhiva\/#website"},"primaryImageOfPage":{"@id":"https:\/\/sandzakpress.net\/arhiva\/sandzak-pise-svoju-historiju\/#primaryimage"},"image":{"@id":"https:\/\/sandzakpress.net\/arhiva\/sandzak-pise-svoju-historiju\/#primaryimage"},"thumbnailUrl":"https:\/\/sandzakpress.net\/arhiva\/wp-content\/uploads\/2014\/02\/salahudin.jpg","datePublished":"2014-02-05T20:00:06+00:00","dateModified":"2014-02-05T20:05:46+00:00","breadcrumb":{"@id":"https:\/\/sandzakpress.net\/arhiva\/sandzak-pise-svoju-historiju\/#breadcrumb"},"inLanguage":"bs-BA","potentialAction":[{"@type":"ReadAction","target":["https:\/\/sandzakpress.net\/arhiva\/sandzak-pise-svoju-historiju\/"]}]},{"@type":"ImageObject","inLanguage":"bs-BA","@id":"https:\/\/sandzakpress.net\/arhiva\/sandzak-pise-svoju-historiju\/#primaryimage","url":"https:\/\/sandzakpress.net\/arhiva\/wp-content\/uploads\/2014\/02\/salahudin.jpg","contentUrl":"https:\/\/sandzakpress.net\/arhiva\/wp-content\/uploads\/2014\/02\/salahudin.jpg","width":600,"height":600,"caption":"Salahudin Feti\u0107, glavni i odgovorni urednik Revije Sand\u017eak"},{"@type":"BreadcrumbList","@id":"https:\/\/sandzakpress.net\/arhiva\/sandzak-pise-svoju-historiju\/#breadcrumb","itemListElement":[{"@type":"ListItem","position":1,"name":"Home","item":"https:\/\/sandzakpress.net\/arhiva\/"},{"@type":"ListItem","position":2,"name":"\u201cSand\u017eak\u201d pi\u0161e svoju historiju"}]},{"@type":"WebSite","@id":"https:\/\/sandzakpress.net\/arhiva\/#website","url":"https:\/\/sandzakpress.net\/arhiva\/","name":"Sand\u017eak PRESS","description":"Prve elektronske novine u Sand\u017eaku","publisher":{"@id":"https:\/\/sandzakpress.net\/arhiva\/#\/schema\/person\/6e72b67d6e51910a1117b3b483ba20bd"},"potentialAction":[{"@type":"SearchAction","target":{"@type":"EntryPoint","urlTemplate":"https:\/\/sandzakpress.net\/arhiva\/?s={search_term_string}"},"query-input":{"@type":"PropertyValueSpecification","valueRequired":true,"valueName":"search_term_string"}}],"inLanguage":"bs-BA"},{"@type":["Person","Organization"],"@id":"https:\/\/sandzakpress.net\/arhiva\/#\/schema\/person\/6e72b67d6e51910a1117b3b483ba20bd","name":"Kul","image":{"@type":"ImageObject","inLanguage":"bs-BA","@id":"https:\/\/sandzakpress.net\/arhiva\/#\/schema\/person\/image\/","url":"https:\/\/secure.gravatar.com\/avatar\/42263f39aa27ac04c43cab85c280eb2e?s=96&d=mm&r=pg","contentUrl":"https:\/\/secure.gravatar.com\/avatar\/42263f39aa27ac04c43cab85c280eb2e?s=96&d=mm&r=pg","caption":"Kul"},"logo":{"@id":"https:\/\/sandzakpress.net\/arhiva\/#\/schema\/person\/image\/"}},{"@type":"Person","@id":"https:\/\/sandzakpress.net\/arhiva\/#\/schema\/person\/c8baee722073534b583ea7bdb2e36c02","name":"bosniak","image":{"@type":"ImageObject","inLanguage":"bs-BA","@id":"https:\/\/sandzakpress.net\/arhiva\/#\/schema\/person\/image\/","url":"https:\/\/secure.gravatar.com\/avatar\/a04fd330bfe3a36a72a0ad4a6d89fca7?s=96&d=mm&r=pg","contentUrl":"https:\/\/secure.gravatar.com\/avatar\/a04fd330bfe3a36a72a0ad4a6d89fca7?s=96&d=mm&r=pg","caption":"bosniak"},"url":"https:\/\/sandzakpress.net\/arhiva\/author\/bosniak\/"}]}},"_links":{"self":[{"href":"https:\/\/sandzakpress.net\/arhiva\/wp-json\/wp\/v2\/posts\/101052"}],"collection":[{"href":"https:\/\/sandzakpress.net\/arhiva\/wp-json\/wp\/v2\/posts"}],"about":[{"href":"https:\/\/sandzakpress.net\/arhiva\/wp-json\/wp\/v2\/types\/post"}],"author":[{"embeddable":true,"href":"https:\/\/sandzakpress.net\/arhiva\/wp-json\/wp\/v2\/users\/83"}],"replies":[{"embeddable":true,"href":"https:\/\/sandzakpress.net\/arhiva\/wp-json\/wp\/v2\/comments?post=101052"}],"version-history":[{"count":0,"href":"https:\/\/sandzakpress.net\/arhiva\/wp-json\/wp\/v2\/posts\/101052\/revisions"}],"wp:featuredmedia":[{"embeddable":true,"href":"https:\/\/sandzakpress.net\/arhiva\/wp-json\/wp\/v2\/media\/101053"}],"wp:attachment":[{"href":"https:\/\/sandzakpress.net\/arhiva\/wp-json\/wp\/v2\/media?parent=101052"}],"wp:term":[{"taxonomy":"category","embeddable":true,"href":"https:\/\/sandzakpress.net\/arhiva\/wp-json\/wp\/v2\/categories?post=101052"},{"taxonomy":"post_tag","embeddable":true,"href":"https:\/\/sandzakpress.net\/arhiva\/wp-json\/wp\/v2\/tags?post=101052"}],"curies":[{"name":"wp","href":"https:\/\/api.w.org\/{rel}","templated":true}]}}