{"id":101016,"date":"2014-02-05T19:42:58","date_gmt":"2014-02-05T18:42:58","guid":{"rendered":"https:\/\/sandzakpress.net\/arhiva\/?p=101016"},"modified":"2014-02-05T19:42:58","modified_gmt":"2014-02-05T18:42:58","slug":"pljevlja-radnici-ponizeni-lokalni-interesi-pogazeni","status":"publish","type":"post","link":"https:\/\/sandzakpress.net\/arhiva\/pljevlja-radnici-ponizeni-lokalni-interesi-pogazeni\/","title":{"rendered":"Pljevlja: Radnici poni\u017eeni, lokalni interesi poga\u017eeni"},"content":{"rendered":"<p><strong><a href=\"https:\/\/sandzakpress.net\/arhiva\/wp-content\/uploads\/2014\/01\/koalicija-evropska-pljevlja-trazi-snp-pzp-ns-da-osude-izjavu-novice-stanica-slika-9176-300x2201-300x2201.jpg\"><img loading=\"lazy\" decoding=\"async\" class=\"alignleft size-medium wp-image-100700\" alt=\"\" src=\"https:\/\/sandzakpress.net\/arhiva\/wp-content\/uploads\/2014\/01\/koalicija-evropska-pljevlja-trazi-snp-pzp-ns-da-osude-izjavu-novice-stanica-slika-9176-300x2201-300x2201-300x220.jpg\" width=\"300\" height=\"220\" \/><\/a>Pljevlja &#8211;\u00a0Predsjednik Eti\u010dkog odbora Milorad Mi\u0161o Ze\u010devi\u0107 upozorava da pojedini funkcioneri pljevaljske lokalne uprave \u010desto kr\u0161i eti\u010dki kodeks na \u0161tetu gra\u0111ana. On isti\u010de da izabrani funkcioneri zaboravljaju interes gra\u0111ana i vode se strana\u010dkim interesima. Ze\u010devi\u0107 napominje da je neophodno djelovati jedinstveno u odbrani interesa gra\u0111ana a nikako podani\u010dki, kao i da se moraju jasno ista\u0107i problemi koji ih optere\u0107uju.<\/strong><\/p>\n<p>-Komisija je konstatovala da se nagomilani problemi od energetsko-ekolo\u0161kih, tranzicionih i sportskih, ne mogu samo konstatovati, te da se moraju rje\u0161avati kao bi se za\u0161titili interesi lokalne zajednice. Izabrani predstavnici i funkcioneri koji ne podr\u017eavaju zaklju\u010dke lokalne skup\u0161tine, posebno one od 8.juna 2012. godine, a koji se ti\u010du za\u0161tite interesa lokalne zajednice, u ozbiljnom su sukobu sa odredbama eti\u010dkog kodeksa, jer ne daju prednost javnom interesu ve\u0107 grupno\u2013strana\u010dkom-ka\u017ee Ze\u010devi\u0107 i podsje\u0107a da je neophodno da se izabrani funkcioneri pozabave polo\u017eajem radnika u pojedinim preduze\u0107ima. U tom kontekstu on je naveo slu\u010daj privatizovanog preduze\u0107a \u201eMonter\u201c, Rudnika olova i cinka \u201e\u0160uplje stijene\u201c, kao i de\u0161avanja tokom afere \u201e Snimak\u201d.<\/p>\n<p>-Tragi\u010dna je afera \u201eSnimak\u201c gdje se sve vidjelo i sve \u010dulo i bez onog narodnog re\u0161eta. Smatram da je u slu\u010daju iz \u201e\u0160uplje stijene\u201c, pa makar se poslovo\u0111a i \u201e\u0161alio\u201c prekr\u0161en kodeks, kooji se ti\u010de pona\u0161anja prema zaposlenima, a i u Ustavu Crne Gore zabranjuje se svaki vid diskriminacije po bilo kom osnovu \u2013 podvla\u010di Ze\u010devi\u0107 dodaju\u0107i da je o svim ovim pitanjima bilo rije\u010di na petoj sjednici Eti\u010dke komisije, gdje je ocijenjeno da se na sve te pojave mora energi\u010dno djelovati.<\/p>\n<p>-Kad su u pitanju interesi Pljevalja i gra\u0111ana, apelujem na izabrane predstavnike i funkcionere da je neophodna jednoglasnost, a ne podani\u010dni odnos i servilnost. Samo se na takav na\u010din sti\u010de i odr\u017eava povjerenje gra\u0111ana \u2013 poru\u010dio je Ze\u010devi\u0107.<\/p>\n<p>(dan)<\/p>\n","protected":false},"excerpt":{"rendered":"<p>Pljevlja &#8211;\u00a0Predsjednik Eti\u010dkog odbora Milorad Mi\u0161o Ze\u010devi\u0107 upozorava da pojedini funkcioneri pljevaljske lokalne uprave \u010desto kr\u0161i eti\u010dki kodeks na \u0161tetu gra\u0111ana. On isti\u010de da izabrani funkcioneri zaboravljaju interes gra\u0111ana i vode se strana\u010dkim interesima. Ze\u010devi\u0107 napominje da je neophodno djelovati jedinstveno u odbrani interesa gra\u0111ana a nikako podani\u010dki, kao i da se moraju jasno ista\u0107i [&hellip;]<\/p>\n","protected":false},"author":83,"featured_media":101017,"comment_status":"open","ping_status":"open","sticky":false,"template":"","format":"standard","meta":{"footnotes":""},"categories":[3,395],"tags":[],"class_list":{"0":"post-101016","1":"post","2":"type-post","3":"status-publish","4":"format-standard","5":"has-post-thumbnail","7":"category-privreda","8":"category-pljevlja_"},"yoast_head":"<!-- This site is optimized with the Yoast SEO Premium plugin v23.1 (Yoast SEO v24.9) - https:\/\/yoast.com\/wordpress\/plugins\/seo\/ -->\n<title>Pljevlja: Radnici poni\u017eeni, lokalni interesi poga\u017eeni<\/title>\n<meta name=\"robots\" content=\"index, follow, max-snippet:-1, max-image-preview:large, max-video-preview:-1\" \/>\n<link rel=\"canonical\" href=\"https:\/\/sandzakpress.net\/arhiva\/pljevlja-radnici-ponizeni-lokalni-interesi-pogazeni\/\" \/>\n<meta property=\"og:locale\" content=\"bs_BA\" \/>\n<meta property=\"og:type\" content=\"article\" \/>\n<meta property=\"og:title\" content=\"Pljevlja: Radnici poni\u017eeni, lokalni interesi poga\u017eeni\" \/>\n<meta property=\"og:description\" content=\"Pljevlja &#8211;\u00a0Predsjednik Eti\u010dkog odbora Milorad Mi\u0161o Ze\u010devi\u0107 upozorava da pojedini funkcioneri pljevaljske lokalne uprave \u010desto kr\u0161i eti\u010dki kodeks na \u0161tetu gra\u0111ana. On isti\u010de da izabrani funkcioneri zaboravljaju interes gra\u0111ana i vode se strana\u010dkim interesima. Ze\u010devi\u0107 napominje da je neophodno djelovati jedinstveno u odbrani interesa gra\u0111ana a nikako podani\u010dki, kao i da se moraju jasno ista\u0107i [&hellip;]\" \/>\n<meta property=\"og:url\" content=\"https:\/\/sandzakpress.net\/arhiva\/pljevlja-radnici-ponizeni-lokalni-interesi-pogazeni\/\" \/>\n<meta property=\"og:site_name\" content=\"Sand\u017eak PRESS\" \/>\n<meta property=\"article:published_time\" content=\"2014-02-05T18:42:58+00:00\" \/>\n<meta property=\"og:image\" content=\"https:\/\/sandzakpress.net\/arhiva\/wp-content\/uploads\/2014\/02\/koalicija-evropska-pljevlja-trazi-snp-pzp-ns-da-osude-izjavu-novice-stanica-slika-9176-300x2201-300x2201-300x220.jpg\" \/>\n\t<meta property=\"og:image:width\" content=\"300\" \/>\n\t<meta property=\"og:image:height\" content=\"220\" \/>\n\t<meta property=\"og:image:type\" content=\"image\/jpeg\" \/>\n<meta name=\"author\" content=\"bosniak\" \/>\n<meta name=\"twitter:card\" content=\"summary_large_image\" \/>\n<meta name=\"twitter:label1\" content=\"Written by\" \/>\n\t<meta name=\"twitter:data1\" content=\"bosniak\" \/>\n\t<meta name=\"twitter:label2\" content=\"Est. reading time\" \/>\n\t<meta name=\"twitter:data2\" content=\"2 minute\" \/>\n<script type=\"application\/ld+json\" class=\"yoast-schema-graph\">{\"@context\":\"https:\/\/schema.org\",\"@graph\":[{\"@type\":\"Article\",\"@id\":\"https:\/\/sandzakpress.net\/arhiva\/pljevlja-radnici-ponizeni-lokalni-interesi-pogazeni\/#article\",\"isPartOf\":{\"@id\":\"https:\/\/sandzakpress.net\/arhiva\/pljevlja-radnici-ponizeni-lokalni-interesi-pogazeni\/\"},\"author\":{\"name\":\"bosniak\",\"@id\":\"https:\/\/sandzakpress.net\/arhiva\/#\/schema\/person\/c8baee722073534b583ea7bdb2e36c02\"},\"headline\":\"Pljevlja: Radnici poni\u017eeni, lokalni interesi poga\u017eeni\",\"datePublished\":\"2014-02-05T18:42:58+00:00\",\"mainEntityOfPage\":{\"@id\":\"https:\/\/sandzakpress.net\/arhiva\/pljevlja-radnici-ponizeni-lokalni-interesi-pogazeni\/\"},\"wordCount\":346,\"commentCount\":0,\"publisher\":{\"@id\":\"https:\/\/sandzakpress.net\/arhiva\/#\/schema\/person\/6e72b67d6e51910a1117b3b483ba20bd\"},\"image\":{\"@id\":\"https:\/\/sandzakpress.net\/arhiva\/pljevlja-radnici-ponizeni-lokalni-interesi-pogazeni\/#primaryimage\"},\"thumbnailUrl\":\"https:\/\/sandzakpress.net\/arhiva\/wp-content\/uploads\/2014\/02\/koalicija-evropska-pljevlja-trazi-snp-pzp-ns-da-osude-izjavu-novice-stanica-slika-9176-300x2201-300x2201-300x220.jpg\",\"articleSection\":[\"Privreda\",\"Pljevlja\"],\"inLanguage\":\"bs-BA\",\"potentialAction\":[{\"@type\":\"CommentAction\",\"name\":\"Comment\",\"target\":[\"https:\/\/sandzakpress.net\/arhiva\/pljevlja-radnici-ponizeni-lokalni-interesi-pogazeni\/#respond\"]}]},{\"@type\":\"WebPage\",\"@id\":\"https:\/\/sandzakpress.net\/arhiva\/pljevlja-radnici-ponizeni-lokalni-interesi-pogazeni\/\",\"url\":\"https:\/\/sandzakpress.net\/arhiva\/pljevlja-radnici-ponizeni-lokalni-interesi-pogazeni\/\",\"name\":\"Pljevlja: Radnici poni\u017eeni, lokalni interesi poga\u017eeni\",\"isPartOf\":{\"@id\":\"https:\/\/sandzakpress.net\/arhiva\/#website\"},\"primaryImageOfPage\":{\"@id\":\"https:\/\/sandzakpress.net\/arhiva\/pljevlja-radnici-ponizeni-lokalni-interesi-pogazeni\/#primaryimage\"},\"image\":{\"@id\":\"https:\/\/sandzakpress.net\/arhiva\/pljevlja-radnici-ponizeni-lokalni-interesi-pogazeni\/#primaryimage\"},\"thumbnailUrl\":\"https:\/\/sandzakpress.net\/arhiva\/wp-content\/uploads\/2014\/02\/koalicija-evropska-pljevlja-trazi-snp-pzp-ns-da-osude-izjavu-novice-stanica-slika-9176-300x2201-300x2201-300x220.jpg\",\"datePublished\":\"2014-02-05T18:42:58+00:00\",\"breadcrumb\":{\"@id\":\"https:\/\/sandzakpress.net\/arhiva\/pljevlja-radnici-ponizeni-lokalni-interesi-pogazeni\/#breadcrumb\"},\"inLanguage\":\"bs-BA\",\"potentialAction\":[{\"@type\":\"ReadAction\",\"target\":[\"https:\/\/sandzakpress.net\/arhiva\/pljevlja-radnici-ponizeni-lokalni-interesi-pogazeni\/\"]}]},{\"@type\":\"ImageObject\",\"inLanguage\":\"bs-BA\",\"@id\":\"https:\/\/sandzakpress.net\/arhiva\/pljevlja-radnici-ponizeni-lokalni-interesi-pogazeni\/#primaryimage\",\"url\":\"https:\/\/sandzakpress.net\/arhiva\/wp-content\/uploads\/2014\/02\/koalicija-evropska-pljevlja-trazi-snp-pzp-ns-da-osude-izjavu-novice-stanica-slika-9176-300x2201-300x2201-300x220.jpg\",\"contentUrl\":\"https:\/\/sandzakpress.net\/arhiva\/wp-content\/uploads\/2014\/02\/koalicija-evropska-pljevlja-trazi-snp-pzp-ns-da-osude-izjavu-novice-stanica-slika-9176-300x2201-300x2201-300x220.jpg\",\"width\":300,\"height\":220},{\"@type\":\"BreadcrumbList\",\"@id\":\"https:\/\/sandzakpress.net\/arhiva\/pljevlja-radnici-ponizeni-lokalni-interesi-pogazeni\/#breadcrumb\",\"itemListElement\":[{\"@type\":\"ListItem\",\"position\":1,\"name\":\"Home\",\"item\":\"https:\/\/sandzakpress.net\/arhiva\/\"},{\"@type\":\"ListItem\",\"position\":2,\"name\":\"Pljevlja: Radnici poni\u017eeni, lokalni interesi poga\u017eeni\"}]},{\"@type\":\"WebSite\",\"@id\":\"https:\/\/sandzakpress.net\/arhiva\/#website\",\"url\":\"https:\/\/sandzakpress.net\/arhiva\/\",\"name\":\"Sand\u017eak PRESS\",\"description\":\"Prve elektronske novine u Sand\u017eaku\",\"publisher\":{\"@id\":\"https:\/\/sandzakpress.net\/arhiva\/#\/schema\/person\/6e72b67d6e51910a1117b3b483ba20bd\"},\"potentialAction\":[{\"@type\":\"SearchAction\",\"target\":{\"@type\":\"EntryPoint\",\"urlTemplate\":\"https:\/\/sandzakpress.net\/arhiva\/?s={search_term_string}\"},\"query-input\":{\"@type\":\"PropertyValueSpecification\",\"valueRequired\":true,\"valueName\":\"search_term_string\"}}],\"inLanguage\":\"bs-BA\"},{\"@type\":[\"Person\",\"Organization\"],\"@id\":\"https:\/\/sandzakpress.net\/arhiva\/#\/schema\/person\/6e72b67d6e51910a1117b3b483ba20bd\",\"name\":\"Kul\",\"image\":{\"@type\":\"ImageObject\",\"inLanguage\":\"bs-BA\",\"@id\":\"https:\/\/sandzakpress.net\/arhiva\/#\/schema\/person\/image\/\",\"url\":\"https:\/\/secure.gravatar.com\/avatar\/42263f39aa27ac04c43cab85c280eb2e?s=96&d=mm&r=pg\",\"contentUrl\":\"https:\/\/secure.gravatar.com\/avatar\/42263f39aa27ac04c43cab85c280eb2e?s=96&d=mm&r=pg\",\"caption\":\"Kul\"},\"logo\":{\"@id\":\"https:\/\/sandzakpress.net\/arhiva\/#\/schema\/person\/image\/\"}},{\"@type\":\"Person\",\"@id\":\"https:\/\/sandzakpress.net\/arhiva\/#\/schema\/person\/c8baee722073534b583ea7bdb2e36c02\",\"name\":\"bosniak\",\"image\":{\"@type\":\"ImageObject\",\"inLanguage\":\"bs-BA\",\"@id\":\"https:\/\/sandzakpress.net\/arhiva\/#\/schema\/person\/image\/\",\"url\":\"https:\/\/secure.gravatar.com\/avatar\/a04fd330bfe3a36a72a0ad4a6d89fca7?s=96&d=mm&r=pg\",\"contentUrl\":\"https:\/\/secure.gravatar.com\/avatar\/a04fd330bfe3a36a72a0ad4a6d89fca7?s=96&d=mm&r=pg\",\"caption\":\"bosniak\"},\"url\":\"https:\/\/sandzakpress.net\/arhiva\/author\/bosniak\/\"}]}<\/script>\n<!-- \/ Yoast SEO Premium plugin. -->","yoast_head_json":{"title":"Pljevlja: Radnici poni\u017eeni, lokalni interesi poga\u017eeni","robots":{"index":"index","follow":"follow","max-snippet":"max-snippet:-1","max-image-preview":"max-image-preview:large","max-video-preview":"max-video-preview:-1"},"canonical":"https:\/\/sandzakpress.net\/arhiva\/pljevlja-radnici-ponizeni-lokalni-interesi-pogazeni\/","og_locale":"bs_BA","og_type":"article","og_title":"Pljevlja: Radnici poni\u017eeni, lokalni interesi poga\u017eeni","og_description":"Pljevlja &#8211;\u00a0Predsjednik Eti\u010dkog odbora Milorad Mi\u0161o Ze\u010devi\u0107 upozorava da pojedini funkcioneri pljevaljske lokalne uprave \u010desto kr\u0161i eti\u010dki kodeks na \u0161tetu gra\u0111ana. On isti\u010de da izabrani funkcioneri zaboravljaju interes gra\u0111ana i vode se strana\u010dkim interesima. Ze\u010devi\u0107 napominje da je neophodno djelovati jedinstveno u odbrani interesa gra\u0111ana a nikako podani\u010dki, kao i da se moraju jasno ista\u0107i [&hellip;]","og_url":"https:\/\/sandzakpress.net\/arhiva\/pljevlja-radnici-ponizeni-lokalni-interesi-pogazeni\/","og_site_name":"Sand\u017eak PRESS","article_published_time":"2014-02-05T18:42:58+00:00","og_image":[{"width":300,"height":220,"url":"https:\/\/sandzakpress.net\/arhiva\/wp-content\/uploads\/2014\/02\/koalicija-evropska-pljevlja-trazi-snp-pzp-ns-da-osude-izjavu-novice-stanica-slika-9176-300x2201-300x2201-300x220.jpg","type":"image\/jpeg"}],"author":"bosniak","twitter_card":"summary_large_image","twitter_misc":{"Written by":"bosniak","Est. reading time":"2 minute"},"schema":{"@context":"https:\/\/schema.org","@graph":[{"@type":"Article","@id":"https:\/\/sandzakpress.net\/arhiva\/pljevlja-radnici-ponizeni-lokalni-interesi-pogazeni\/#article","isPartOf":{"@id":"https:\/\/sandzakpress.net\/arhiva\/pljevlja-radnici-ponizeni-lokalni-interesi-pogazeni\/"},"author":{"name":"bosniak","@id":"https:\/\/sandzakpress.net\/arhiva\/#\/schema\/person\/c8baee722073534b583ea7bdb2e36c02"},"headline":"Pljevlja: Radnici poni\u017eeni, lokalni interesi poga\u017eeni","datePublished":"2014-02-05T18:42:58+00:00","mainEntityOfPage":{"@id":"https:\/\/sandzakpress.net\/arhiva\/pljevlja-radnici-ponizeni-lokalni-interesi-pogazeni\/"},"wordCount":346,"commentCount":0,"publisher":{"@id":"https:\/\/sandzakpress.net\/arhiva\/#\/schema\/person\/6e72b67d6e51910a1117b3b483ba20bd"},"image":{"@id":"https:\/\/sandzakpress.net\/arhiva\/pljevlja-radnici-ponizeni-lokalni-interesi-pogazeni\/#primaryimage"},"thumbnailUrl":"https:\/\/sandzakpress.net\/arhiva\/wp-content\/uploads\/2014\/02\/koalicija-evropska-pljevlja-trazi-snp-pzp-ns-da-osude-izjavu-novice-stanica-slika-9176-300x2201-300x2201-300x220.jpg","articleSection":["Privreda","Pljevlja"],"inLanguage":"bs-BA","potentialAction":[{"@type":"CommentAction","name":"Comment","target":["https:\/\/sandzakpress.net\/arhiva\/pljevlja-radnici-ponizeni-lokalni-interesi-pogazeni\/#respond"]}]},{"@type":"WebPage","@id":"https:\/\/sandzakpress.net\/arhiva\/pljevlja-radnici-ponizeni-lokalni-interesi-pogazeni\/","url":"https:\/\/sandzakpress.net\/arhiva\/pljevlja-radnici-ponizeni-lokalni-interesi-pogazeni\/","name":"Pljevlja: Radnici poni\u017eeni, lokalni interesi poga\u017eeni","isPartOf":{"@id":"https:\/\/sandzakpress.net\/arhiva\/#website"},"primaryImageOfPage":{"@id":"https:\/\/sandzakpress.net\/arhiva\/pljevlja-radnici-ponizeni-lokalni-interesi-pogazeni\/#primaryimage"},"image":{"@id":"https:\/\/sandzakpress.net\/arhiva\/pljevlja-radnici-ponizeni-lokalni-interesi-pogazeni\/#primaryimage"},"thumbnailUrl":"https:\/\/sandzakpress.net\/arhiva\/wp-content\/uploads\/2014\/02\/koalicija-evropska-pljevlja-trazi-snp-pzp-ns-da-osude-izjavu-novice-stanica-slika-9176-300x2201-300x2201-300x220.jpg","datePublished":"2014-02-05T18:42:58+00:00","breadcrumb":{"@id":"https:\/\/sandzakpress.net\/arhiva\/pljevlja-radnici-ponizeni-lokalni-interesi-pogazeni\/#breadcrumb"},"inLanguage":"bs-BA","potentialAction":[{"@type":"ReadAction","target":["https:\/\/sandzakpress.net\/arhiva\/pljevlja-radnici-ponizeni-lokalni-interesi-pogazeni\/"]}]},{"@type":"ImageObject","inLanguage":"bs-BA","@id":"https:\/\/sandzakpress.net\/arhiva\/pljevlja-radnici-ponizeni-lokalni-interesi-pogazeni\/#primaryimage","url":"https:\/\/sandzakpress.net\/arhiva\/wp-content\/uploads\/2014\/02\/koalicija-evropska-pljevlja-trazi-snp-pzp-ns-da-osude-izjavu-novice-stanica-slika-9176-300x2201-300x2201-300x220.jpg","contentUrl":"https:\/\/sandzakpress.net\/arhiva\/wp-content\/uploads\/2014\/02\/koalicija-evropska-pljevlja-trazi-snp-pzp-ns-da-osude-izjavu-novice-stanica-slika-9176-300x2201-300x2201-300x220.jpg","width":300,"height":220},{"@type":"BreadcrumbList","@id":"https:\/\/sandzakpress.net\/arhiva\/pljevlja-radnici-ponizeni-lokalni-interesi-pogazeni\/#breadcrumb","itemListElement":[{"@type":"ListItem","position":1,"name":"Home","item":"https:\/\/sandzakpress.net\/arhiva\/"},{"@type":"ListItem","position":2,"name":"Pljevlja: Radnici poni\u017eeni, lokalni interesi poga\u017eeni"}]},{"@type":"WebSite","@id":"https:\/\/sandzakpress.net\/arhiva\/#website","url":"https:\/\/sandzakpress.net\/arhiva\/","name":"Sand\u017eak PRESS","description":"Prve elektronske novine u Sand\u017eaku","publisher":{"@id":"https:\/\/sandzakpress.net\/arhiva\/#\/schema\/person\/6e72b67d6e51910a1117b3b483ba20bd"},"potentialAction":[{"@type":"SearchAction","target":{"@type":"EntryPoint","urlTemplate":"https:\/\/sandzakpress.net\/arhiva\/?s={search_term_string}"},"query-input":{"@type":"PropertyValueSpecification","valueRequired":true,"valueName":"search_term_string"}}],"inLanguage":"bs-BA"},{"@type":["Person","Organization"],"@id":"https:\/\/sandzakpress.net\/arhiva\/#\/schema\/person\/6e72b67d6e51910a1117b3b483ba20bd","name":"Kul","image":{"@type":"ImageObject","inLanguage":"bs-BA","@id":"https:\/\/sandzakpress.net\/arhiva\/#\/schema\/person\/image\/","url":"https:\/\/secure.gravatar.com\/avatar\/42263f39aa27ac04c43cab85c280eb2e?s=96&d=mm&r=pg","contentUrl":"https:\/\/secure.gravatar.com\/avatar\/42263f39aa27ac04c43cab85c280eb2e?s=96&d=mm&r=pg","caption":"Kul"},"logo":{"@id":"https:\/\/sandzakpress.net\/arhiva\/#\/schema\/person\/image\/"}},{"@type":"Person","@id":"https:\/\/sandzakpress.net\/arhiva\/#\/schema\/person\/c8baee722073534b583ea7bdb2e36c02","name":"bosniak","image":{"@type":"ImageObject","inLanguage":"bs-BA","@id":"https:\/\/sandzakpress.net\/arhiva\/#\/schema\/person\/image\/","url":"https:\/\/secure.gravatar.com\/avatar\/a04fd330bfe3a36a72a0ad4a6d89fca7?s=96&d=mm&r=pg","contentUrl":"https:\/\/secure.gravatar.com\/avatar\/a04fd330bfe3a36a72a0ad4a6d89fca7?s=96&d=mm&r=pg","caption":"bosniak"},"url":"https:\/\/sandzakpress.net\/arhiva\/author\/bosniak\/"}]}},"_links":{"self":[{"href":"https:\/\/sandzakpress.net\/arhiva\/wp-json\/wp\/v2\/posts\/101016"}],"collection":[{"href":"https:\/\/sandzakpress.net\/arhiva\/wp-json\/wp\/v2\/posts"}],"about":[{"href":"https:\/\/sandzakpress.net\/arhiva\/wp-json\/wp\/v2\/types\/post"}],"author":[{"embeddable":true,"href":"https:\/\/sandzakpress.net\/arhiva\/wp-json\/wp\/v2\/users\/83"}],"replies":[{"embeddable":true,"href":"https:\/\/sandzakpress.net\/arhiva\/wp-json\/wp\/v2\/comments?post=101016"}],"version-history":[{"count":0,"href":"https:\/\/sandzakpress.net\/arhiva\/wp-json\/wp\/v2\/posts\/101016\/revisions"}],"wp:featuredmedia":[{"embeddable":true,"href":"https:\/\/sandzakpress.net\/arhiva\/wp-json\/wp\/v2\/media\/101017"}],"wp:attachment":[{"href":"https:\/\/sandzakpress.net\/arhiva\/wp-json\/wp\/v2\/media?parent=101016"}],"wp:term":[{"taxonomy":"category","embeddable":true,"href":"https:\/\/sandzakpress.net\/arhiva\/wp-json\/wp\/v2\/categories?post=101016"},{"taxonomy":"post_tag","embeddable":true,"href":"https:\/\/sandzakpress.net\/arhiva\/wp-json\/wp\/v2\/tags?post=101016"}],"curies":[{"name":"wp","href":"https:\/\/api.w.org\/{rel}","templated":true}]}}