{"id":100972,"date":"2014-02-04T23:29:53","date_gmt":"2014-02-04T22:29:53","guid":{"rendered":"https:\/\/sandzakpress.net\/arhiva\/?p=100972"},"modified":"2014-02-05T00:31:44","modified_gmt":"2014-02-04T23:31:44","slug":"povezivanje-zenskog-sektora-mok-a-sa-zenskim-dzematima-u-dijaspori","status":"publish","type":"post","link":"https:\/\/sandzakpress.net\/arhiva\/povezivanje-zenskog-sektora-mok-a-sa-zenskim-dzematima-u-dijaspori\/","title":{"rendered":"Povezivanje \u017eenskog sektora MOK-a sa \u017eenskim d\u017eematima u dijaspori"},"content":{"rendered":"<p style=\"text-align: left;\"><strong><img loading=\"lazy\" decoding=\"async\" class=\"aligncenter\" alt=\"155861_208578636013633_2102680116_n\" src=\"https:\/\/sandzakpress.net\/arhiva\/wp-content\/uploads\/2014\/02\/155861_208578636013633_2102680116_n.jpg\" width=\"480\" height=\"640\" \/>\u0160vicarska &#8211;\u00a0Tokom mjeseca januara u organizaciji \u017denskog sektora MOK-a i bo\u0161nja\u010dkih d\u017eemata u\u00a0\u0160vicarskoj preko mearifske slu\u017ebe organizirana su predavanja i dru\u017eenja za \u017eene u\u00a0\u0160vicarskoj.<\/strong><\/p>\n<p align=\"center\">\n<p>Prvo predavanje na temu\u00a0&#8220;Ponosne islamom&#8221;\u00a0odr\u017eano je\u00a0u Sand\u017ea\u010dkom d\u017eematu u Vecikonu. Nakon predavanja dru\u017eenje je nastavljeno u d\u017eematskim prostorijama.<\/p>\n<p><a href=\"https:\/\/sandzakpress.net\/arhiva\/wp-content\/uploads\/2014\/02\/1525291_208578659346964_1324006544_n.jpg\"><img loading=\"lazy\" decoding=\"async\" class=\"aligncenter size-full wp-image-100974\" alt=\"1525291_208578659346964_1324006544_n\" src=\"https:\/\/sandzakpress.net\/arhiva\/wp-content\/uploads\/2014\/02\/1525291_208578659346964_1324006544_n.jpg\" width=\"600\" height=\"800\" \/><\/a><\/p>\n<p>18. 01. predavanje je odr\u017eano u prostorijama Islamskog bo\u0161nja\u010dkog centra u Cirihu, gdje je govoreno o Muhammedu, sallallahu alejhi ve sellem, sa ciljem pove\u0107anja ljubavi prema njemu.<\/p>\n<p><a href=\"https:\/\/sandzakpress.net\/arhiva\/wp-content\/uploads\/2014\/02\/IMG-20140119-WA0008.jpg\"><img loading=\"lazy\" decoding=\"async\" class=\"aligncenter size-full wp-image-100975\" alt=\"IMG-20140119-WA0008\" src=\"https:\/\/sandzakpress.net\/arhiva\/wp-content\/uploads\/2014\/02\/IMG-20140119-WA0008.jpg\" width=\"600\" height=\"800\" \/><\/a><\/p>\n<p>Tokom slede\u0107e sedmice u d\u017eematu kosovskih Bo\u0161njaka u Valiselenu nastavljeno je dru\u017eenje uz temu &#8220;Mi kao sljedbenice sunneta i ahbabi Allahovog Miljenika&#8221;.<\/p>\n<p><a href=\"https:\/\/sandzakpress.net\/arhiva\/wp-content\/uploads\/2014\/02\/IMAG1414.jpg\"><img loading=\"lazy\" decoding=\"async\" class=\"aligncenter size-large wp-image-100976\" alt=\"IMAG1414\" src=\"https:\/\/sandzakpress.net\/arhiva\/wp-content\/uploads\/2014\/02\/IMAG1414-616x348.jpg\" width=\"615\" height=\"347\" srcset=\"https:\/\/sandzakpress.net\/arhiva\/wp-content\/uploads\/2014\/02\/IMAG1414-616x348.jpg 616w, https:\/\/sandzakpress.net\/arhiva\/wp-content\/uploads\/2014\/02\/IMAG1414-1400x791.jpg 1400w\" sizes=\"(max-width: 615px) 100vw, 615px\" \/><\/a><\/p>\n<p>Predavanja je odr\u017eala apsolventica Fakulteta za islamse studije Meliha Preljevi\u0107.<\/p>\n<p><a href=\"https:\/\/sandzakpress.net\/arhiva\/wp-content\/uploads\/2014\/02\/IMAG1415.jpg\"><img loading=\"lazy\" decoding=\"async\" class=\"aligncenter size-large wp-image-100977\" alt=\"IMAG1415\" src=\"https:\/\/sandzakpress.net\/arhiva\/wp-content\/uploads\/2014\/02\/IMAG1415-616x348.jpg\" width=\"615\" height=\"347\" srcset=\"https:\/\/sandzakpress.net\/arhiva\/wp-content\/uploads\/2014\/02\/IMAG1415-616x348.jpg 616w, https:\/\/sandzakpress.net\/arhiva\/wp-content\/uploads\/2014\/02\/IMAG1415-1400x791.jpg 1400w\" sizes=\"(max-width: 615px) 100vw, 615px\" \/><\/a><\/p>\n<p>\u017denski sektor MOK-a \u0107e nastaviti saradnju sa pomenutim d\u017eematima u\u00a0\u0160vicarskoj. Cilj nam je povezati se sa\u00a0\u017eenskim d\u017eematima \u0161irom Sand\u017eaka i dijaspore, kako bi dali doprinos u edukovanju \u017eene muslimanke kao najbitnijeg faktora zajednice.<\/p>\n<p>&nbsp;<\/p>\n<p>&nbsp;<\/p>\n<p><strong>\u00a0<\/strong><\/p>\n","protected":false},"excerpt":{"rendered":"<p>\u0160vicarska &#8211;\u00a0Tokom mjeseca januara u organizaciji \u017denskog sektora MOK-a i bo\u0161nja\u010dkih d\u017eemata u\u00a0\u0160vicarskoj preko mearifske slu\u017ebe organizirana su predavanja i dru\u017eenja za \u017eene u\u00a0\u0160vicarskoj. Prvo predavanje na temu\u00a0&#8220;Ponosne islamom&#8221;\u00a0odr\u017eano je\u00a0u Sand\u017ea\u010dkom d\u017eematu u Vecikonu. Nakon predavanja dru\u017eenje je nastavljeno u d\u017eematskim prostorijama. 18. 01. predavanje je odr\u017eano u prostorijama Islamskog bo\u0161nja\u010dkog centra u Cirihu, gdje [&hellip;]<\/p>\n","protected":false},"author":83,"featured_media":100973,"comment_status":"open","ping_status":"open","sticky":false,"template":"","format":"standard","meta":{"footnotes":""},"categories":[72,52,327,9544,802],"tags":[],"class_list":{"0":"post-100972","1":"post","2":"type-post","3":"status-publish","4":"format-standard","5":"has-post-thumbnail","7":"category-novi-pazar","8":"category-sjenica","9":"category-tutin","10":"category-svicarska-dijaspora-gradovi-vase-vijesti","11":"category-islamska_zajednica"},"yoast_head":"<!-- This site is optimized with the Yoast SEO Premium plugin v23.1 (Yoast SEO v24.9) - https:\/\/yoast.com\/wordpress\/plugins\/seo\/ -->\n<title>Povezivanje \u017eenskog sektora MOK-a sa \u017eenskim d\u017eematima u dijaspori<\/title>\n<meta name=\"robots\" content=\"index, follow, max-snippet:-1, max-image-preview:large, max-video-preview:-1\" \/>\n<link rel=\"canonical\" href=\"https:\/\/sandzakpress.net\/arhiva\/povezivanje-zenskog-sektora-mok-a-sa-zenskim-dzematima-u-dijaspori\/\" \/>\n<meta property=\"og:locale\" content=\"bs_BA\" \/>\n<meta property=\"og:type\" content=\"article\" \/>\n<meta property=\"og:title\" content=\"Povezivanje \u017eenskog sektora MOK-a sa \u017eenskim d\u017eematima u dijaspori\" \/>\n<meta property=\"og:description\" content=\"\u0160vicarska &#8211;\u00a0Tokom mjeseca januara u organizaciji \u017denskog sektora MOK-a i bo\u0161nja\u010dkih d\u017eemata u\u00a0\u0160vicarskoj preko mearifske slu\u017ebe organizirana su predavanja i dru\u017eenja za \u017eene u\u00a0\u0160vicarskoj. Prvo predavanje na temu\u00a0&#8220;Ponosne islamom&#8221;\u00a0odr\u017eano je\u00a0u Sand\u017ea\u010dkom d\u017eematu u Vecikonu. Nakon predavanja dru\u017eenje je nastavljeno u d\u017eematskim prostorijama. 18. 01. predavanje je odr\u017eano u prostorijama Islamskog bo\u0161nja\u010dkog centra u Cirihu, gdje [&hellip;]\" \/>\n<meta property=\"og:url\" content=\"https:\/\/sandzakpress.net\/arhiva\/povezivanje-zenskog-sektora-mok-a-sa-zenskim-dzematima-u-dijaspori\/\" \/>\n<meta property=\"og:site_name\" content=\"Sand\u017eak PRESS\" \/>\n<meta property=\"article:published_time\" content=\"2014-02-04T22:29:53+00:00\" \/>\n<meta property=\"article:modified_time\" content=\"2014-02-04T23:31:44+00:00\" \/>\n<meta property=\"og:image\" content=\"https:\/\/sandzakpress.net\/arhiva\/wp-content\/uploads\/2014\/02\/155861_208578636013633_2102680116_n.jpg\" \/>\n\t<meta property=\"og:image:width\" content=\"600\" \/>\n\t<meta property=\"og:image:height\" content=\"800\" \/>\n\t<meta property=\"og:image:type\" content=\"image\/jpeg\" \/>\n<meta name=\"author\" content=\"bosniak\" \/>\n<meta name=\"twitter:card\" content=\"summary_large_image\" \/>\n<meta name=\"twitter:label1\" content=\"Written by\" \/>\n\t<meta name=\"twitter:data1\" content=\"bosniak\" \/>\n\t<meta name=\"twitter:label2\" content=\"Est. reading time\" \/>\n\t<meta name=\"twitter:data2\" content=\"1 minuta\" \/>\n<script type=\"application\/ld+json\" class=\"yoast-schema-graph\">{\"@context\":\"https:\/\/schema.org\",\"@graph\":[{\"@type\":\"Article\",\"@id\":\"https:\/\/sandzakpress.net\/arhiva\/povezivanje-zenskog-sektora-mok-a-sa-zenskim-dzematima-u-dijaspori\/#article\",\"isPartOf\":{\"@id\":\"https:\/\/sandzakpress.net\/arhiva\/povezivanje-zenskog-sektora-mok-a-sa-zenskim-dzematima-u-dijaspori\/\"},\"author\":{\"name\":\"bosniak\",\"@id\":\"https:\/\/sandzakpress.net\/arhiva\/#\/schema\/person\/c8baee722073534b583ea7bdb2e36c02\"},\"headline\":\"Povezivanje \u017eenskog sektora MOK-a sa \u017eenskim d\u017eematima u dijaspori\",\"datePublished\":\"2014-02-04T22:29:53+00:00\",\"dateModified\":\"2014-02-04T23:31:44+00:00\",\"mainEntityOfPage\":{\"@id\":\"https:\/\/sandzakpress.net\/arhiva\/povezivanje-zenskog-sektora-mok-a-sa-zenskim-dzematima-u-dijaspori\/\"},\"wordCount\":175,\"commentCount\":0,\"publisher\":{\"@id\":\"https:\/\/sandzakpress.net\/arhiva\/#\/schema\/person\/6e72b67d6e51910a1117b3b483ba20bd\"},\"image\":{\"@id\":\"https:\/\/sandzakpress.net\/arhiva\/povezivanje-zenskog-sektora-mok-a-sa-zenskim-dzematima-u-dijaspori\/#primaryimage\"},\"thumbnailUrl\":\"https:\/\/sandzakpress.net\/arhiva\/wp-content\/uploads\/2014\/02\/155861_208578636013633_2102680116_n.jpg\",\"articleSection\":[\"Novi Pazar\",\"Sjenica\",\"Tutin\",\"\u0160vicarska\",\"Islamska zajednica\"],\"inLanguage\":\"bs-BA\",\"potentialAction\":[{\"@type\":\"CommentAction\",\"name\":\"Comment\",\"target\":[\"https:\/\/sandzakpress.net\/arhiva\/povezivanje-zenskog-sektora-mok-a-sa-zenskim-dzematima-u-dijaspori\/#respond\"]}]},{\"@type\":\"WebPage\",\"@id\":\"https:\/\/sandzakpress.net\/arhiva\/povezivanje-zenskog-sektora-mok-a-sa-zenskim-dzematima-u-dijaspori\/\",\"url\":\"https:\/\/sandzakpress.net\/arhiva\/povezivanje-zenskog-sektora-mok-a-sa-zenskim-dzematima-u-dijaspori\/\",\"name\":\"Povezivanje \u017eenskog sektora MOK-a sa \u017eenskim d\u017eematima u dijaspori\",\"isPartOf\":{\"@id\":\"https:\/\/sandzakpress.net\/arhiva\/#website\"},\"primaryImageOfPage\":{\"@id\":\"https:\/\/sandzakpress.net\/arhiva\/povezivanje-zenskog-sektora-mok-a-sa-zenskim-dzematima-u-dijaspori\/#primaryimage\"},\"image\":{\"@id\":\"https:\/\/sandzakpress.net\/arhiva\/povezivanje-zenskog-sektora-mok-a-sa-zenskim-dzematima-u-dijaspori\/#primaryimage\"},\"thumbnailUrl\":\"https:\/\/sandzakpress.net\/arhiva\/wp-content\/uploads\/2014\/02\/155861_208578636013633_2102680116_n.jpg\",\"datePublished\":\"2014-02-04T22:29:53+00:00\",\"dateModified\":\"2014-02-04T23:31:44+00:00\",\"breadcrumb\":{\"@id\":\"https:\/\/sandzakpress.net\/arhiva\/povezivanje-zenskog-sektora-mok-a-sa-zenskim-dzematima-u-dijaspori\/#breadcrumb\"},\"inLanguage\":\"bs-BA\",\"potentialAction\":[{\"@type\":\"ReadAction\",\"target\":[\"https:\/\/sandzakpress.net\/arhiva\/povezivanje-zenskog-sektora-mok-a-sa-zenskim-dzematima-u-dijaspori\/\"]}]},{\"@type\":\"ImageObject\",\"inLanguage\":\"bs-BA\",\"@id\":\"https:\/\/sandzakpress.net\/arhiva\/povezivanje-zenskog-sektora-mok-a-sa-zenskim-dzematima-u-dijaspori\/#primaryimage\",\"url\":\"https:\/\/sandzakpress.net\/arhiva\/wp-content\/uploads\/2014\/02\/155861_208578636013633_2102680116_n.jpg\",\"contentUrl\":\"https:\/\/sandzakpress.net\/arhiva\/wp-content\/uploads\/2014\/02\/155861_208578636013633_2102680116_n.jpg\",\"width\":600,\"height\":800},{\"@type\":\"BreadcrumbList\",\"@id\":\"https:\/\/sandzakpress.net\/arhiva\/povezivanje-zenskog-sektora-mok-a-sa-zenskim-dzematima-u-dijaspori\/#breadcrumb\",\"itemListElement\":[{\"@type\":\"ListItem\",\"position\":1,\"name\":\"Home\",\"item\":\"https:\/\/sandzakpress.net\/arhiva\/\"},{\"@type\":\"ListItem\",\"position\":2,\"name\":\"Povezivanje \u017eenskog sektora MOK-a sa \u017eenskim d\u017eematima u dijaspori\"}]},{\"@type\":\"WebSite\",\"@id\":\"https:\/\/sandzakpress.net\/arhiva\/#website\",\"url\":\"https:\/\/sandzakpress.net\/arhiva\/\",\"name\":\"Sand\u017eak PRESS\",\"description\":\"Prve elektronske novine u Sand\u017eaku\",\"publisher\":{\"@id\":\"https:\/\/sandzakpress.net\/arhiva\/#\/schema\/person\/6e72b67d6e51910a1117b3b483ba20bd\"},\"potentialAction\":[{\"@type\":\"SearchAction\",\"target\":{\"@type\":\"EntryPoint\",\"urlTemplate\":\"https:\/\/sandzakpress.net\/arhiva\/?s={search_term_string}\"},\"query-input\":{\"@type\":\"PropertyValueSpecification\",\"valueRequired\":true,\"valueName\":\"search_term_string\"}}],\"inLanguage\":\"bs-BA\"},{\"@type\":[\"Person\",\"Organization\"],\"@id\":\"https:\/\/sandzakpress.net\/arhiva\/#\/schema\/person\/6e72b67d6e51910a1117b3b483ba20bd\",\"name\":\"Kul\",\"image\":{\"@type\":\"ImageObject\",\"inLanguage\":\"bs-BA\",\"@id\":\"https:\/\/sandzakpress.net\/arhiva\/#\/schema\/person\/image\/\",\"url\":\"https:\/\/secure.gravatar.com\/avatar\/42263f39aa27ac04c43cab85c280eb2e?s=96&d=mm&r=pg\",\"contentUrl\":\"https:\/\/secure.gravatar.com\/avatar\/42263f39aa27ac04c43cab85c280eb2e?s=96&d=mm&r=pg\",\"caption\":\"Kul\"},\"logo\":{\"@id\":\"https:\/\/sandzakpress.net\/arhiva\/#\/schema\/person\/image\/\"}},{\"@type\":\"Person\",\"@id\":\"https:\/\/sandzakpress.net\/arhiva\/#\/schema\/person\/c8baee722073534b583ea7bdb2e36c02\",\"name\":\"bosniak\",\"image\":{\"@type\":\"ImageObject\",\"inLanguage\":\"bs-BA\",\"@id\":\"https:\/\/sandzakpress.net\/arhiva\/#\/schema\/person\/image\/\",\"url\":\"https:\/\/secure.gravatar.com\/avatar\/a04fd330bfe3a36a72a0ad4a6d89fca7?s=96&d=mm&r=pg\",\"contentUrl\":\"https:\/\/secure.gravatar.com\/avatar\/a04fd330bfe3a36a72a0ad4a6d89fca7?s=96&d=mm&r=pg\",\"caption\":\"bosniak\"},\"url\":\"https:\/\/sandzakpress.net\/arhiva\/author\/bosniak\/\"}]}<\/script>\n<!-- \/ Yoast SEO Premium plugin. -->","yoast_head_json":{"title":"Povezivanje \u017eenskog sektora MOK-a sa \u017eenskim d\u017eematima u dijaspori","robots":{"index":"index","follow":"follow","max-snippet":"max-snippet:-1","max-image-preview":"max-image-preview:large","max-video-preview":"max-video-preview:-1"},"canonical":"https:\/\/sandzakpress.net\/arhiva\/povezivanje-zenskog-sektora-mok-a-sa-zenskim-dzematima-u-dijaspori\/","og_locale":"bs_BA","og_type":"article","og_title":"Povezivanje \u017eenskog sektora MOK-a sa \u017eenskim d\u017eematima u dijaspori","og_description":"\u0160vicarska &#8211;\u00a0Tokom mjeseca januara u organizaciji \u017denskog sektora MOK-a i bo\u0161nja\u010dkih d\u017eemata u\u00a0\u0160vicarskoj preko mearifske slu\u017ebe organizirana su predavanja i dru\u017eenja za \u017eene u\u00a0\u0160vicarskoj. Prvo predavanje na temu\u00a0&#8220;Ponosne islamom&#8221;\u00a0odr\u017eano je\u00a0u Sand\u017ea\u010dkom d\u017eematu u Vecikonu. Nakon predavanja dru\u017eenje je nastavljeno u d\u017eematskim prostorijama. 18. 01. predavanje je odr\u017eano u prostorijama Islamskog bo\u0161nja\u010dkog centra u Cirihu, gdje [&hellip;]","og_url":"https:\/\/sandzakpress.net\/arhiva\/povezivanje-zenskog-sektora-mok-a-sa-zenskim-dzematima-u-dijaspori\/","og_site_name":"Sand\u017eak PRESS","article_published_time":"2014-02-04T22:29:53+00:00","article_modified_time":"2014-02-04T23:31:44+00:00","og_image":[{"width":600,"height":800,"url":"https:\/\/sandzakpress.net\/arhiva\/wp-content\/uploads\/2014\/02\/155861_208578636013633_2102680116_n.jpg","type":"image\/jpeg"}],"author":"bosniak","twitter_card":"summary_large_image","twitter_misc":{"Written by":"bosniak","Est. reading time":"1 minuta"},"schema":{"@context":"https:\/\/schema.org","@graph":[{"@type":"Article","@id":"https:\/\/sandzakpress.net\/arhiva\/povezivanje-zenskog-sektora-mok-a-sa-zenskim-dzematima-u-dijaspori\/#article","isPartOf":{"@id":"https:\/\/sandzakpress.net\/arhiva\/povezivanje-zenskog-sektora-mok-a-sa-zenskim-dzematima-u-dijaspori\/"},"author":{"name":"bosniak","@id":"https:\/\/sandzakpress.net\/arhiva\/#\/schema\/person\/c8baee722073534b583ea7bdb2e36c02"},"headline":"Povezivanje \u017eenskog sektora MOK-a sa \u017eenskim d\u017eematima u dijaspori","datePublished":"2014-02-04T22:29:53+00:00","dateModified":"2014-02-04T23:31:44+00:00","mainEntityOfPage":{"@id":"https:\/\/sandzakpress.net\/arhiva\/povezivanje-zenskog-sektora-mok-a-sa-zenskim-dzematima-u-dijaspori\/"},"wordCount":175,"commentCount":0,"publisher":{"@id":"https:\/\/sandzakpress.net\/arhiva\/#\/schema\/person\/6e72b67d6e51910a1117b3b483ba20bd"},"image":{"@id":"https:\/\/sandzakpress.net\/arhiva\/povezivanje-zenskog-sektora-mok-a-sa-zenskim-dzematima-u-dijaspori\/#primaryimage"},"thumbnailUrl":"https:\/\/sandzakpress.net\/arhiva\/wp-content\/uploads\/2014\/02\/155861_208578636013633_2102680116_n.jpg","articleSection":["Novi Pazar","Sjenica","Tutin","\u0160vicarska","Islamska zajednica"],"inLanguage":"bs-BA","potentialAction":[{"@type":"CommentAction","name":"Comment","target":["https:\/\/sandzakpress.net\/arhiva\/povezivanje-zenskog-sektora-mok-a-sa-zenskim-dzematima-u-dijaspori\/#respond"]}]},{"@type":"WebPage","@id":"https:\/\/sandzakpress.net\/arhiva\/povezivanje-zenskog-sektora-mok-a-sa-zenskim-dzematima-u-dijaspori\/","url":"https:\/\/sandzakpress.net\/arhiva\/povezivanje-zenskog-sektora-mok-a-sa-zenskim-dzematima-u-dijaspori\/","name":"Povezivanje \u017eenskog sektora MOK-a sa \u017eenskim d\u017eematima u dijaspori","isPartOf":{"@id":"https:\/\/sandzakpress.net\/arhiva\/#website"},"primaryImageOfPage":{"@id":"https:\/\/sandzakpress.net\/arhiva\/povezivanje-zenskog-sektora-mok-a-sa-zenskim-dzematima-u-dijaspori\/#primaryimage"},"image":{"@id":"https:\/\/sandzakpress.net\/arhiva\/povezivanje-zenskog-sektora-mok-a-sa-zenskim-dzematima-u-dijaspori\/#primaryimage"},"thumbnailUrl":"https:\/\/sandzakpress.net\/arhiva\/wp-content\/uploads\/2014\/02\/155861_208578636013633_2102680116_n.jpg","datePublished":"2014-02-04T22:29:53+00:00","dateModified":"2014-02-04T23:31:44+00:00","breadcrumb":{"@id":"https:\/\/sandzakpress.net\/arhiva\/povezivanje-zenskog-sektora-mok-a-sa-zenskim-dzematima-u-dijaspori\/#breadcrumb"},"inLanguage":"bs-BA","potentialAction":[{"@type":"ReadAction","target":["https:\/\/sandzakpress.net\/arhiva\/povezivanje-zenskog-sektora-mok-a-sa-zenskim-dzematima-u-dijaspori\/"]}]},{"@type":"ImageObject","inLanguage":"bs-BA","@id":"https:\/\/sandzakpress.net\/arhiva\/povezivanje-zenskog-sektora-mok-a-sa-zenskim-dzematima-u-dijaspori\/#primaryimage","url":"https:\/\/sandzakpress.net\/arhiva\/wp-content\/uploads\/2014\/02\/155861_208578636013633_2102680116_n.jpg","contentUrl":"https:\/\/sandzakpress.net\/arhiva\/wp-content\/uploads\/2014\/02\/155861_208578636013633_2102680116_n.jpg","width":600,"height":800},{"@type":"BreadcrumbList","@id":"https:\/\/sandzakpress.net\/arhiva\/povezivanje-zenskog-sektora-mok-a-sa-zenskim-dzematima-u-dijaspori\/#breadcrumb","itemListElement":[{"@type":"ListItem","position":1,"name":"Home","item":"https:\/\/sandzakpress.net\/arhiva\/"},{"@type":"ListItem","position":2,"name":"Povezivanje \u017eenskog sektora MOK-a sa \u017eenskim d\u017eematima u dijaspori"}]},{"@type":"WebSite","@id":"https:\/\/sandzakpress.net\/arhiva\/#website","url":"https:\/\/sandzakpress.net\/arhiva\/","name":"Sand\u017eak PRESS","description":"Prve elektronske novine u Sand\u017eaku","publisher":{"@id":"https:\/\/sandzakpress.net\/arhiva\/#\/schema\/person\/6e72b67d6e51910a1117b3b483ba20bd"},"potentialAction":[{"@type":"SearchAction","target":{"@type":"EntryPoint","urlTemplate":"https:\/\/sandzakpress.net\/arhiva\/?s={search_term_string}"},"query-input":{"@type":"PropertyValueSpecification","valueRequired":true,"valueName":"search_term_string"}}],"inLanguage":"bs-BA"},{"@type":["Person","Organization"],"@id":"https:\/\/sandzakpress.net\/arhiva\/#\/schema\/person\/6e72b67d6e51910a1117b3b483ba20bd","name":"Kul","image":{"@type":"ImageObject","inLanguage":"bs-BA","@id":"https:\/\/sandzakpress.net\/arhiva\/#\/schema\/person\/image\/","url":"https:\/\/secure.gravatar.com\/avatar\/42263f39aa27ac04c43cab85c280eb2e?s=96&d=mm&r=pg","contentUrl":"https:\/\/secure.gravatar.com\/avatar\/42263f39aa27ac04c43cab85c280eb2e?s=96&d=mm&r=pg","caption":"Kul"},"logo":{"@id":"https:\/\/sandzakpress.net\/arhiva\/#\/schema\/person\/image\/"}},{"@type":"Person","@id":"https:\/\/sandzakpress.net\/arhiva\/#\/schema\/person\/c8baee722073534b583ea7bdb2e36c02","name":"bosniak","image":{"@type":"ImageObject","inLanguage":"bs-BA","@id":"https:\/\/sandzakpress.net\/arhiva\/#\/schema\/person\/image\/","url":"https:\/\/secure.gravatar.com\/avatar\/a04fd330bfe3a36a72a0ad4a6d89fca7?s=96&d=mm&r=pg","contentUrl":"https:\/\/secure.gravatar.com\/avatar\/a04fd330bfe3a36a72a0ad4a6d89fca7?s=96&d=mm&r=pg","caption":"bosniak"},"url":"https:\/\/sandzakpress.net\/arhiva\/author\/bosniak\/"}]}},"_links":{"self":[{"href":"https:\/\/sandzakpress.net\/arhiva\/wp-json\/wp\/v2\/posts\/100972"}],"collection":[{"href":"https:\/\/sandzakpress.net\/arhiva\/wp-json\/wp\/v2\/posts"}],"about":[{"href":"https:\/\/sandzakpress.net\/arhiva\/wp-json\/wp\/v2\/types\/post"}],"author":[{"embeddable":true,"href":"https:\/\/sandzakpress.net\/arhiva\/wp-json\/wp\/v2\/users\/83"}],"replies":[{"embeddable":true,"href":"https:\/\/sandzakpress.net\/arhiva\/wp-json\/wp\/v2\/comments?post=100972"}],"version-history":[{"count":0,"href":"https:\/\/sandzakpress.net\/arhiva\/wp-json\/wp\/v2\/posts\/100972\/revisions"}],"wp:featuredmedia":[{"embeddable":true,"href":"https:\/\/sandzakpress.net\/arhiva\/wp-json\/wp\/v2\/media\/100973"}],"wp:attachment":[{"href":"https:\/\/sandzakpress.net\/arhiva\/wp-json\/wp\/v2\/media?parent=100972"}],"wp:term":[{"taxonomy":"category","embeddable":true,"href":"https:\/\/sandzakpress.net\/arhiva\/wp-json\/wp\/v2\/categories?post=100972"},{"taxonomy":"post_tag","embeddable":true,"href":"https:\/\/sandzakpress.net\/arhiva\/wp-json\/wp\/v2\/tags?post=100972"}],"curies":[{"name":"wp","href":"https:\/\/api.w.org\/{rel}","templated":true}]}}