{"id":100872,"date":"2014-02-03T17:04:53","date_gmt":"2014-02-03T16:04:53","guid":{"rendered":"https:\/\/sandzakpress.net\/arhiva\/?p=100872"},"modified":"2014-02-04T00:35:20","modified_gmt":"2014-02-03T23:35:20","slug":"sta-stanovnike-ceka-kada-gusinje-postane-opstina","status":"publish","type":"post","link":"https:\/\/sandzakpress.net\/arhiva\/sta-stanovnike-ceka-kada-gusinje-postane-opstina\/","title":{"rendered":"\u0160ta stanovnike \u010deka kada Gusinje postane op\u0161tina"},"content":{"rendered":"<p><img loading=\"lazy\" decoding=\"async\" class=\"alignleft\" style=\"font-size: 14px; line-height: 1.5em;\" alt=\"\u0160ta stanovnike \u010deka kada Gusinje postane op\u0161tina\" src=\"http:\/\/www.vijesti.me\/slika-519x316\/vijesti\/sta-stanovnike-ceka-kada-gusinje-postane-opstina-slika-57365.jpg\" width=\"311\" height=\"190\" \/><strong>Gusinje &#8211;\u00a0Gusinje \u0107e u najskorije vrijeme, nakon bezmalo \u0161est decenija, ponovo postati op\u0161tina. Uprkos dosada\u0161njim primjerima da dr\u017eava osnuje op\u0161tinu na papiru, a onda je pusti niz vodu i ostavlja da se sama snalazi, Gusinjani za svoju budu\u0107nost ne strahuju, jer osim poljoprivrede i turizma, ogroman broj iseljenika iz tog kraja ne \u0161tedi\u00a0 novac kako bi pomogli rodnom kraju.<\/strong><\/p>\n<p>Ne gube\u0107i vrijeme, Gusinjani koji su mahom oti\u0161li u Ameriku, ve\u0107 su, izme\u0111u ostalog, donirali gradnju nove zgrade Mjesne zajednice, budu\u0107e op\u0161tine, spremili novac\u00a0 za gradnju srednje \u0161kole, a prvi predsjednik op\u0161tine dobi\u0107e za slu\u017ebene potrebe novog \u201cmercedesa\u201d.<\/p>\n<p>Prema pojedinim podacima, samo u Njujorku \u017eivi oko 30.000 Gusinjana. Osim pojedinaca, u pomo\u0107i prednja\u010de Fondacija &#8220;Gusinje&#8221; i humanitarna organizacija \u201eEuro Gusinje&#8221;.<\/p>\n<p>(vijesti)<\/p>\n","protected":false},"excerpt":{"rendered":"<p>Gusinje &#8211;\u00a0Gusinje \u0107e u najskorije vrijeme, nakon bezmalo \u0161est decenija, ponovo postati op\u0161tina. Uprkos dosada\u0161njim primjerima da dr\u017eava osnuje op\u0161tinu na papiru, a onda je pusti niz vodu i ostavlja da se sama snalazi, Gusinjani za svoju budu\u0107nost ne strahuju, jer osim poljoprivrede i turizma, ogroman broj iseljenika iz tog kraja ne \u0161tedi\u00a0 novac kako [&hellip;]<\/p>\n","protected":false},"author":83,"featured_media":100873,"comment_status":"open","ping_status":"open","sticky":false,"template":"","format":"standard","meta":{"footnotes":""},"categories":[1,10173,8957],"tags":[],"class_list":{"0":"post-100872","1":"post","2":"type-post","3":"status-publish","4":"format-standard","5":"has-post-thumbnail","7":"category-politika","8":"category-gusinje-vase-vijesti","9":"category-vijesti-dana"},"yoast_head":"<!-- This site is optimized with the Yoast SEO Premium plugin v23.1 (Yoast SEO v24.9) - https:\/\/yoast.com\/wordpress\/plugins\/seo\/ -->\n<title>\u0160ta stanovnike \u010deka kada Gusinje postane op\u0161tina<\/title>\n<meta name=\"robots\" content=\"index, follow, max-snippet:-1, max-image-preview:large, max-video-preview:-1\" \/>\n<link rel=\"canonical\" href=\"https:\/\/sandzakpress.net\/arhiva\/sta-stanovnike-ceka-kada-gusinje-postane-opstina\/\" \/>\n<meta property=\"og:locale\" content=\"bs_BA\" \/>\n<meta property=\"og:type\" content=\"article\" \/>\n<meta property=\"og:title\" content=\"\u0160ta stanovnike \u010deka kada Gusinje postane op\u0161tina\" \/>\n<meta property=\"og:description\" content=\"Gusinje &#8211;\u00a0Gusinje \u0107e u najskorije vrijeme, nakon bezmalo \u0161est decenija, ponovo postati op\u0161tina. Uprkos dosada\u0161njim primjerima da dr\u017eava osnuje op\u0161tinu na papiru, a onda je pusti niz vodu i ostavlja da se sama snalazi, Gusinjani za svoju budu\u0107nost ne strahuju, jer osim poljoprivrede i turizma, ogroman broj iseljenika iz tog kraja ne \u0161tedi\u00a0 novac kako [&hellip;]\" \/>\n<meta property=\"og:url\" content=\"https:\/\/sandzakpress.net\/arhiva\/sta-stanovnike-ceka-kada-gusinje-postane-opstina\/\" \/>\n<meta property=\"og:site_name\" content=\"Sand\u017eak PRESS\" \/>\n<meta property=\"article:published_time\" content=\"2014-02-03T16:04:53+00:00\" \/>\n<meta property=\"article:modified_time\" content=\"2014-02-03T23:35:20+00:00\" \/>\n<meta property=\"og:image\" content=\"https:\/\/sandzakpress.net\/arhiva\/wp-content\/uploads\/2014\/02\/sta-stanovnike-ceka-kada-gusinje-postane-opstina-slika-57365.jpg\" \/>\n\t<meta property=\"og:image:width\" content=\"519\" \/>\n\t<meta property=\"og:image:height\" content=\"316\" \/>\n\t<meta property=\"og:image:type\" content=\"image\/jpeg\" \/>\n<meta name=\"author\" content=\"bosniak\" \/>\n<meta name=\"twitter:card\" content=\"summary_large_image\" \/>\n<meta name=\"twitter:label1\" content=\"Written by\" \/>\n\t<meta name=\"twitter:data1\" content=\"bosniak\" \/>\n\t<meta name=\"twitter:label2\" content=\"Est. reading time\" \/>\n\t<meta name=\"twitter:data2\" content=\"1 minuta\" \/>\n<script type=\"application\/ld+json\" class=\"yoast-schema-graph\">{\"@context\":\"https:\/\/schema.org\",\"@graph\":[{\"@type\":\"Article\",\"@id\":\"https:\/\/sandzakpress.net\/arhiva\/sta-stanovnike-ceka-kada-gusinje-postane-opstina\/#article\",\"isPartOf\":{\"@id\":\"https:\/\/sandzakpress.net\/arhiva\/sta-stanovnike-ceka-kada-gusinje-postane-opstina\/\"},\"author\":{\"name\":\"bosniak\",\"@id\":\"https:\/\/sandzakpress.net\/arhiva\/#\/schema\/person\/c8baee722073534b583ea7bdb2e36c02\"},\"headline\":\"\u0160ta stanovnike \u010deka kada Gusinje postane op\u0161tina\",\"datePublished\":\"2014-02-03T16:04:53+00:00\",\"dateModified\":\"2014-02-03T23:35:20+00:00\",\"mainEntityOfPage\":{\"@id\":\"https:\/\/sandzakpress.net\/arhiva\/sta-stanovnike-ceka-kada-gusinje-postane-opstina\/\"},\"wordCount\":143,\"commentCount\":1,\"publisher\":{\"@id\":\"https:\/\/sandzakpress.net\/arhiva\/#\/schema\/person\/6e72b67d6e51910a1117b3b483ba20bd\"},\"image\":{\"@id\":\"https:\/\/sandzakpress.net\/arhiva\/sta-stanovnike-ceka-kada-gusinje-postane-opstina\/#primaryimage\"},\"thumbnailUrl\":\"https:\/\/sandzakpress.net\/arhiva\/wp-content\/uploads\/2014\/02\/sta-stanovnike-ceka-kada-gusinje-postane-opstina-slika-57365.jpg\",\"articleSection\":[\"Politika\",\"Gusinje\",\"VIJESTI DANA\"],\"inLanguage\":\"bs-BA\",\"potentialAction\":[{\"@type\":\"CommentAction\",\"name\":\"Comment\",\"target\":[\"https:\/\/sandzakpress.net\/arhiva\/sta-stanovnike-ceka-kada-gusinje-postane-opstina\/#respond\"]}]},{\"@type\":\"WebPage\",\"@id\":\"https:\/\/sandzakpress.net\/arhiva\/sta-stanovnike-ceka-kada-gusinje-postane-opstina\/\",\"url\":\"https:\/\/sandzakpress.net\/arhiva\/sta-stanovnike-ceka-kada-gusinje-postane-opstina\/\",\"name\":\"\u0160ta stanovnike \u010deka kada Gusinje postane op\u0161tina\",\"isPartOf\":{\"@id\":\"https:\/\/sandzakpress.net\/arhiva\/#website\"},\"primaryImageOfPage\":{\"@id\":\"https:\/\/sandzakpress.net\/arhiva\/sta-stanovnike-ceka-kada-gusinje-postane-opstina\/#primaryimage\"},\"image\":{\"@id\":\"https:\/\/sandzakpress.net\/arhiva\/sta-stanovnike-ceka-kada-gusinje-postane-opstina\/#primaryimage\"},\"thumbnailUrl\":\"https:\/\/sandzakpress.net\/arhiva\/wp-content\/uploads\/2014\/02\/sta-stanovnike-ceka-kada-gusinje-postane-opstina-slika-57365.jpg\",\"datePublished\":\"2014-02-03T16:04:53+00:00\",\"dateModified\":\"2014-02-03T23:35:20+00:00\",\"breadcrumb\":{\"@id\":\"https:\/\/sandzakpress.net\/arhiva\/sta-stanovnike-ceka-kada-gusinje-postane-opstina\/#breadcrumb\"},\"inLanguage\":\"bs-BA\",\"potentialAction\":[{\"@type\":\"ReadAction\",\"target\":[\"https:\/\/sandzakpress.net\/arhiva\/sta-stanovnike-ceka-kada-gusinje-postane-opstina\/\"]}]},{\"@type\":\"ImageObject\",\"inLanguage\":\"bs-BA\",\"@id\":\"https:\/\/sandzakpress.net\/arhiva\/sta-stanovnike-ceka-kada-gusinje-postane-opstina\/#primaryimage\",\"url\":\"https:\/\/sandzakpress.net\/arhiva\/wp-content\/uploads\/2014\/02\/sta-stanovnike-ceka-kada-gusinje-postane-opstina-slika-57365.jpg\",\"contentUrl\":\"https:\/\/sandzakpress.net\/arhiva\/wp-content\/uploads\/2014\/02\/sta-stanovnike-ceka-kada-gusinje-postane-opstina-slika-57365.jpg\",\"width\":519,\"height\":316},{\"@type\":\"BreadcrumbList\",\"@id\":\"https:\/\/sandzakpress.net\/arhiva\/sta-stanovnike-ceka-kada-gusinje-postane-opstina\/#breadcrumb\",\"itemListElement\":[{\"@type\":\"ListItem\",\"position\":1,\"name\":\"Home\",\"item\":\"https:\/\/sandzakpress.net\/arhiva\/\"},{\"@type\":\"ListItem\",\"position\":2,\"name\":\"\u0160ta stanovnike \u010deka kada Gusinje postane op\u0161tina\"}]},{\"@type\":\"WebSite\",\"@id\":\"https:\/\/sandzakpress.net\/arhiva\/#website\",\"url\":\"https:\/\/sandzakpress.net\/arhiva\/\",\"name\":\"Sand\u017eak PRESS\",\"description\":\"Prve elektronske novine u Sand\u017eaku\",\"publisher\":{\"@id\":\"https:\/\/sandzakpress.net\/arhiva\/#\/schema\/person\/6e72b67d6e51910a1117b3b483ba20bd\"},\"potentialAction\":[{\"@type\":\"SearchAction\",\"target\":{\"@type\":\"EntryPoint\",\"urlTemplate\":\"https:\/\/sandzakpress.net\/arhiva\/?s={search_term_string}\"},\"query-input\":{\"@type\":\"PropertyValueSpecification\",\"valueRequired\":true,\"valueName\":\"search_term_string\"}}],\"inLanguage\":\"bs-BA\"},{\"@type\":[\"Person\",\"Organization\"],\"@id\":\"https:\/\/sandzakpress.net\/arhiva\/#\/schema\/person\/6e72b67d6e51910a1117b3b483ba20bd\",\"name\":\"Kul\",\"image\":{\"@type\":\"ImageObject\",\"inLanguage\":\"bs-BA\",\"@id\":\"https:\/\/sandzakpress.net\/arhiva\/#\/schema\/person\/image\/\",\"url\":\"https:\/\/secure.gravatar.com\/avatar\/42263f39aa27ac04c43cab85c280eb2e?s=96&d=mm&r=pg\",\"contentUrl\":\"https:\/\/secure.gravatar.com\/avatar\/42263f39aa27ac04c43cab85c280eb2e?s=96&d=mm&r=pg\",\"caption\":\"Kul\"},\"logo\":{\"@id\":\"https:\/\/sandzakpress.net\/arhiva\/#\/schema\/person\/image\/\"}},{\"@type\":\"Person\",\"@id\":\"https:\/\/sandzakpress.net\/arhiva\/#\/schema\/person\/c8baee722073534b583ea7bdb2e36c02\",\"name\":\"bosniak\",\"image\":{\"@type\":\"ImageObject\",\"inLanguage\":\"bs-BA\",\"@id\":\"https:\/\/sandzakpress.net\/arhiva\/#\/schema\/person\/image\/\",\"url\":\"https:\/\/secure.gravatar.com\/avatar\/a04fd330bfe3a36a72a0ad4a6d89fca7?s=96&d=mm&r=pg\",\"contentUrl\":\"https:\/\/secure.gravatar.com\/avatar\/a04fd330bfe3a36a72a0ad4a6d89fca7?s=96&d=mm&r=pg\",\"caption\":\"bosniak\"},\"url\":\"https:\/\/sandzakpress.net\/arhiva\/author\/bosniak\/\"}]}<\/script>\n<!-- \/ Yoast SEO Premium plugin. -->","yoast_head_json":{"title":"\u0160ta stanovnike \u010deka kada Gusinje postane op\u0161tina","robots":{"index":"index","follow":"follow","max-snippet":"max-snippet:-1","max-image-preview":"max-image-preview:large","max-video-preview":"max-video-preview:-1"},"canonical":"https:\/\/sandzakpress.net\/arhiva\/sta-stanovnike-ceka-kada-gusinje-postane-opstina\/","og_locale":"bs_BA","og_type":"article","og_title":"\u0160ta stanovnike \u010deka kada Gusinje postane op\u0161tina","og_description":"Gusinje &#8211;\u00a0Gusinje \u0107e u najskorije vrijeme, nakon bezmalo \u0161est decenija, ponovo postati op\u0161tina. Uprkos dosada\u0161njim primjerima da dr\u017eava osnuje op\u0161tinu na papiru, a onda je pusti niz vodu i ostavlja da se sama snalazi, Gusinjani za svoju budu\u0107nost ne strahuju, jer osim poljoprivrede i turizma, ogroman broj iseljenika iz tog kraja ne \u0161tedi\u00a0 novac kako [&hellip;]","og_url":"https:\/\/sandzakpress.net\/arhiva\/sta-stanovnike-ceka-kada-gusinje-postane-opstina\/","og_site_name":"Sand\u017eak PRESS","article_published_time":"2014-02-03T16:04:53+00:00","article_modified_time":"2014-02-03T23:35:20+00:00","og_image":[{"width":519,"height":316,"url":"https:\/\/sandzakpress.net\/arhiva\/wp-content\/uploads\/2014\/02\/sta-stanovnike-ceka-kada-gusinje-postane-opstina-slika-57365.jpg","type":"image\/jpeg"}],"author":"bosniak","twitter_card":"summary_large_image","twitter_misc":{"Written by":"bosniak","Est. reading time":"1 minuta"},"schema":{"@context":"https:\/\/schema.org","@graph":[{"@type":"Article","@id":"https:\/\/sandzakpress.net\/arhiva\/sta-stanovnike-ceka-kada-gusinje-postane-opstina\/#article","isPartOf":{"@id":"https:\/\/sandzakpress.net\/arhiva\/sta-stanovnike-ceka-kada-gusinje-postane-opstina\/"},"author":{"name":"bosniak","@id":"https:\/\/sandzakpress.net\/arhiva\/#\/schema\/person\/c8baee722073534b583ea7bdb2e36c02"},"headline":"\u0160ta stanovnike \u010deka kada Gusinje postane op\u0161tina","datePublished":"2014-02-03T16:04:53+00:00","dateModified":"2014-02-03T23:35:20+00:00","mainEntityOfPage":{"@id":"https:\/\/sandzakpress.net\/arhiva\/sta-stanovnike-ceka-kada-gusinje-postane-opstina\/"},"wordCount":143,"commentCount":1,"publisher":{"@id":"https:\/\/sandzakpress.net\/arhiva\/#\/schema\/person\/6e72b67d6e51910a1117b3b483ba20bd"},"image":{"@id":"https:\/\/sandzakpress.net\/arhiva\/sta-stanovnike-ceka-kada-gusinje-postane-opstina\/#primaryimage"},"thumbnailUrl":"https:\/\/sandzakpress.net\/arhiva\/wp-content\/uploads\/2014\/02\/sta-stanovnike-ceka-kada-gusinje-postane-opstina-slika-57365.jpg","articleSection":["Politika","Gusinje","VIJESTI DANA"],"inLanguage":"bs-BA","potentialAction":[{"@type":"CommentAction","name":"Comment","target":["https:\/\/sandzakpress.net\/arhiva\/sta-stanovnike-ceka-kada-gusinje-postane-opstina\/#respond"]}]},{"@type":"WebPage","@id":"https:\/\/sandzakpress.net\/arhiva\/sta-stanovnike-ceka-kada-gusinje-postane-opstina\/","url":"https:\/\/sandzakpress.net\/arhiva\/sta-stanovnike-ceka-kada-gusinje-postane-opstina\/","name":"\u0160ta stanovnike \u010deka kada Gusinje postane op\u0161tina","isPartOf":{"@id":"https:\/\/sandzakpress.net\/arhiva\/#website"},"primaryImageOfPage":{"@id":"https:\/\/sandzakpress.net\/arhiva\/sta-stanovnike-ceka-kada-gusinje-postane-opstina\/#primaryimage"},"image":{"@id":"https:\/\/sandzakpress.net\/arhiva\/sta-stanovnike-ceka-kada-gusinje-postane-opstina\/#primaryimage"},"thumbnailUrl":"https:\/\/sandzakpress.net\/arhiva\/wp-content\/uploads\/2014\/02\/sta-stanovnike-ceka-kada-gusinje-postane-opstina-slika-57365.jpg","datePublished":"2014-02-03T16:04:53+00:00","dateModified":"2014-02-03T23:35:20+00:00","breadcrumb":{"@id":"https:\/\/sandzakpress.net\/arhiva\/sta-stanovnike-ceka-kada-gusinje-postane-opstina\/#breadcrumb"},"inLanguage":"bs-BA","potentialAction":[{"@type":"ReadAction","target":["https:\/\/sandzakpress.net\/arhiva\/sta-stanovnike-ceka-kada-gusinje-postane-opstina\/"]}]},{"@type":"ImageObject","inLanguage":"bs-BA","@id":"https:\/\/sandzakpress.net\/arhiva\/sta-stanovnike-ceka-kada-gusinje-postane-opstina\/#primaryimage","url":"https:\/\/sandzakpress.net\/arhiva\/wp-content\/uploads\/2014\/02\/sta-stanovnike-ceka-kada-gusinje-postane-opstina-slika-57365.jpg","contentUrl":"https:\/\/sandzakpress.net\/arhiva\/wp-content\/uploads\/2014\/02\/sta-stanovnike-ceka-kada-gusinje-postane-opstina-slika-57365.jpg","width":519,"height":316},{"@type":"BreadcrumbList","@id":"https:\/\/sandzakpress.net\/arhiva\/sta-stanovnike-ceka-kada-gusinje-postane-opstina\/#breadcrumb","itemListElement":[{"@type":"ListItem","position":1,"name":"Home","item":"https:\/\/sandzakpress.net\/arhiva\/"},{"@type":"ListItem","position":2,"name":"\u0160ta stanovnike \u010deka kada Gusinje postane op\u0161tina"}]},{"@type":"WebSite","@id":"https:\/\/sandzakpress.net\/arhiva\/#website","url":"https:\/\/sandzakpress.net\/arhiva\/","name":"Sand\u017eak PRESS","description":"Prve elektronske novine u Sand\u017eaku","publisher":{"@id":"https:\/\/sandzakpress.net\/arhiva\/#\/schema\/person\/6e72b67d6e51910a1117b3b483ba20bd"},"potentialAction":[{"@type":"SearchAction","target":{"@type":"EntryPoint","urlTemplate":"https:\/\/sandzakpress.net\/arhiva\/?s={search_term_string}"},"query-input":{"@type":"PropertyValueSpecification","valueRequired":true,"valueName":"search_term_string"}}],"inLanguage":"bs-BA"},{"@type":["Person","Organization"],"@id":"https:\/\/sandzakpress.net\/arhiva\/#\/schema\/person\/6e72b67d6e51910a1117b3b483ba20bd","name":"Kul","image":{"@type":"ImageObject","inLanguage":"bs-BA","@id":"https:\/\/sandzakpress.net\/arhiva\/#\/schema\/person\/image\/","url":"https:\/\/secure.gravatar.com\/avatar\/42263f39aa27ac04c43cab85c280eb2e?s=96&d=mm&r=pg","contentUrl":"https:\/\/secure.gravatar.com\/avatar\/42263f39aa27ac04c43cab85c280eb2e?s=96&d=mm&r=pg","caption":"Kul"},"logo":{"@id":"https:\/\/sandzakpress.net\/arhiva\/#\/schema\/person\/image\/"}},{"@type":"Person","@id":"https:\/\/sandzakpress.net\/arhiva\/#\/schema\/person\/c8baee722073534b583ea7bdb2e36c02","name":"bosniak","image":{"@type":"ImageObject","inLanguage":"bs-BA","@id":"https:\/\/sandzakpress.net\/arhiva\/#\/schema\/person\/image\/","url":"https:\/\/secure.gravatar.com\/avatar\/a04fd330bfe3a36a72a0ad4a6d89fca7?s=96&d=mm&r=pg","contentUrl":"https:\/\/secure.gravatar.com\/avatar\/a04fd330bfe3a36a72a0ad4a6d89fca7?s=96&d=mm&r=pg","caption":"bosniak"},"url":"https:\/\/sandzakpress.net\/arhiva\/author\/bosniak\/"}]}},"_links":{"self":[{"href":"https:\/\/sandzakpress.net\/arhiva\/wp-json\/wp\/v2\/posts\/100872"}],"collection":[{"href":"https:\/\/sandzakpress.net\/arhiva\/wp-json\/wp\/v2\/posts"}],"about":[{"href":"https:\/\/sandzakpress.net\/arhiva\/wp-json\/wp\/v2\/types\/post"}],"author":[{"embeddable":true,"href":"https:\/\/sandzakpress.net\/arhiva\/wp-json\/wp\/v2\/users\/83"}],"replies":[{"embeddable":true,"href":"https:\/\/sandzakpress.net\/arhiva\/wp-json\/wp\/v2\/comments?post=100872"}],"version-history":[{"count":0,"href":"https:\/\/sandzakpress.net\/arhiva\/wp-json\/wp\/v2\/posts\/100872\/revisions"}],"wp:featuredmedia":[{"embeddable":true,"href":"https:\/\/sandzakpress.net\/arhiva\/wp-json\/wp\/v2\/media\/100873"}],"wp:attachment":[{"href":"https:\/\/sandzakpress.net\/arhiva\/wp-json\/wp\/v2\/media?parent=100872"}],"wp:term":[{"taxonomy":"category","embeddable":true,"href":"https:\/\/sandzakpress.net\/arhiva\/wp-json\/wp\/v2\/categories?post=100872"},{"taxonomy":"post_tag","embeddable":true,"href":"https:\/\/sandzakpress.net\/arhiva\/wp-json\/wp\/v2\/tags?post=100872"}],"curies":[{"name":"wp","href":"https:\/\/api.w.org\/{rel}","templated":true}]}}