{"id":100827,"date":"2014-02-02T11:25:48","date_gmt":"2014-02-02T10:25:48","guid":{"rendered":"https:\/\/sandzakpress.net\/arhiva\/?p=100827"},"modified":"2014-02-02T11:25:48","modified_gmt":"2014-02-02T10:25:48","slug":"sedam-nacina-da-se-rijesite-crvenila-na-licu","status":"publish","type":"post","link":"https:\/\/sandzakpress.net\/arhiva\/sedam-nacina-da-se-rijesite-crvenila-na-licu\/","title":{"rendered":"Sedam na\u010dina da se rije\u0161ite crvenila na licu"},"content":{"rendered":"<p><strong><img loading=\"lazy\" decoding=\"async\" class=\"alignleft\" alt=\"\" src=\"http:\/\/static.webctor.com\/avatars\/articles\/e1\/04\/handling_red_bumps_on_face_1344_x.png\" width=\"418\" height=\"238\" \/>Niske temperature i vjetar ni najmanje ne gode osjetljivoj ko\u017ei sklonoj crvenilu. Ako vas mu\u010di nagla\u0161eno crvenilo u zimskim mjesecima, otkrivamo vam prirodna rje\u0161enja koja \u0107e smiriti ko\u017eu.<\/strong><\/p>\n<p><strong>Menta<\/strong><br \/>\nDjeluje protivupalno zbog \u010dega je odli\u010dna za ubla\u017eavanje crvenila, ali i za njegu ko\u017ee sklone aknama i iritaciji. Zgnije\u010dite li\u0161\u0107e svje\u017ee mente i iscijedite ga. Dobijeni sok nanesite na problemati\u010dna podru\u010dja, ostavite da djeluje 10-ak minuta, te isperite hladnom vodom. U nedostaktku svje\u017ee mente, poslu\u017eite se ja\u010dim \u010dajem od mente.<\/p>\n<p><strong>Kamilica<\/strong><br \/>\nKamilica je odli\u010dna za ubla\u017eavanje crvenila uzrokovanog rozaceom. Napravite ja\u010di \u010daj od kamilice i ostavite da se ohladi. Blaznicu ili komad vate natopite \u010dajem i pre\u0111ite njime preko problemati\u010dnih podru\u010dja. Ostavite da djeluje 15-ak minuta, te isperite mlakom vodom.<\/p>\n<p><strong>Aloe vera<\/strong><br \/>\nOdsijecite vrh lista aloe vere iz kojeg \u0107ete izvaditi gel. Gel ostavite u fri\u017eider da se ohladi na pet minuta, a potom ga nje\u017eno nanesite na problemati\u010dna podru\u010dja. Ostavite da djeluje 5 minuta, a potom isperite. Lice na kraju o\u010distite svojim uobi\u010dajenim gelom ili losionom za \u010di\u0161\u0107enje.<\/p>\n<p><strong>Kokosovo ulje<\/strong><br \/>\nHranjivo kokosovo ulje mo\u017ee ubla\u017eiti crvenilo uzrokovano prekomjernom izlaganju suncu. Zahvaljuju\u0107i antioksidativnom dejstvu, kokosovo ulje mo\u017ee ubla\u017eiti opekotine od sunca, ali i za\u0161tititi ko\u017eu od UV zraka. Nanesite ga na lice, ostavite da djeluje 15 minuta, a potom isperite toplom vodom.<\/p>\n<p><strong>Krastavac<\/strong><br \/>\nKolut krastavca stavite na problemati\u010dno podru\u010dje i ostavite da djeluje nekoliko minuta. Krastavac \u0107e rashladiti ko\u017eu i ubla\u017eiti crvenilo. Zahvaljuju\u0107i nutritivnim svojstvima krastavac \u0107e ko\u017ei vratiti zdrav izgled i sjaj.<\/p>\n<p><strong>Med<\/strong><br \/>\nZahvaljuju\u0107i protivupalnim svojstvima med je odli\u010dan za ubla\u017eavanje upalnih procesa ko\u017ee. Nanesite ga na prethodno o\u010di\u0161\u0107enu ko\u017eu i ostavite da djeluje 30 minuta. Isperite toplom vodom.<\/p>\n<p><strong>Zobena ka\u0161a<\/strong><br \/>\nDjeluje protivupalno, te hidrira ko\u017eu. Mo\u017eete je koristiti samu ili je pomije\u0161ati sa jednim zgnje\u010denim avokadom. Masku nanesite na o\u010di\u0161\u0107enu ko\u017eu i ostavite da djeluje 15 minuta, te isperite mlakom vodom.<\/p>\n<p>&nbsp;<\/p>\n<p>&nbsp;<\/p>\n<p>Izvor: <strong>ljepota.ba<\/strong><\/p>\n<p>(ljepotaizdravlje.ba)<\/p>\n","protected":false},"excerpt":{"rendered":"<p>Niske temperature i vjetar ni najmanje ne gode osjetljivoj ko\u017ei sklonoj crvenilu. Ako vas mu\u010di nagla\u0161eno crvenilo u zimskim mjesecima, otkrivamo vam prirodna rje\u0161enja koja \u0107e smiriti ko\u017eu. Menta Djeluje protivupalno zbog \u010dega je odli\u010dna za ubla\u017eavanje crvenila, ali i za njegu ko\u017ee sklone aknama i iritaciji. Zgnije\u010dite li\u0161\u0107e svje\u017ee mente i iscijedite ga. Dobijeni [&hellip;]<\/p>\n","protected":false},"author":83,"featured_media":100828,"comment_status":"open","ping_status":"open","sticky":false,"template":"","format":"standard","meta":{"footnotes":""},"categories":[10303],"tags":[],"class_list":{"0":"post-100827","1":"post","2":"type-post","3":"status-publish","4":"format-standard","5":"has-post-thumbnail","7":"category-zena-i-njen-svijet"},"yoast_head":"<!-- This site is optimized with the Yoast SEO Premium plugin v23.1 (Yoast SEO v24.9) - https:\/\/yoast.com\/wordpress\/plugins\/seo\/ -->\n<title>Sedam na\u010dina da se rije\u0161ite crvenila na licu<\/title>\n<meta name=\"robots\" content=\"index, follow, max-snippet:-1, max-image-preview:large, max-video-preview:-1\" \/>\n<link rel=\"canonical\" href=\"https:\/\/sandzakpress.net\/arhiva\/sedam-nacina-da-se-rijesite-crvenila-na-licu\/\" \/>\n<meta property=\"og:locale\" content=\"bs_BA\" \/>\n<meta property=\"og:type\" content=\"article\" \/>\n<meta property=\"og:title\" content=\"Sedam na\u010dina da se rije\u0161ite crvenila na licu\" \/>\n<meta property=\"og:description\" content=\"Niske temperature i vjetar ni najmanje ne gode osjetljivoj ko\u017ei sklonoj crvenilu. Ako vas mu\u010di nagla\u0161eno crvenilo u zimskim mjesecima, otkrivamo vam prirodna rje\u0161enja koja \u0107e smiriti ko\u017eu. Menta Djeluje protivupalno zbog \u010dega je odli\u010dna za ubla\u017eavanje crvenila, ali i za njegu ko\u017ee sklone aknama i iritaciji. Zgnije\u010dite li\u0161\u0107e svje\u017ee mente i iscijedite ga. Dobijeni [&hellip;]\" \/>\n<meta property=\"og:url\" content=\"https:\/\/sandzakpress.net\/arhiva\/sedam-nacina-da-se-rijesite-crvenila-na-licu\/\" \/>\n<meta property=\"og:site_name\" content=\"Sand\u017eak PRESS\" \/>\n<meta property=\"article:published_time\" content=\"2014-02-02T10:25:48+00:00\" \/>\n<meta property=\"og:image\" content=\"https:\/\/sandzakpress.net\/arhiva\/wp-content\/uploads\/2014\/02\/handling_red_bumps_on_face_1344_x.png\" \/>\n\t<meta property=\"og:image:width\" content=\"464\" \/>\n\t<meta property=\"og:image:height\" content=\"264\" \/>\n\t<meta property=\"og:image:type\" content=\"image\/png\" \/>\n<meta name=\"author\" content=\"bosniak\" \/>\n<meta name=\"twitter:card\" content=\"summary_large_image\" \/>\n<meta name=\"twitter:label1\" content=\"Written by\" \/>\n\t<meta name=\"twitter:data1\" content=\"bosniak\" \/>\n\t<meta name=\"twitter:label2\" content=\"Est. reading time\" \/>\n\t<meta name=\"twitter:data2\" content=\"2 minute\" \/>\n<script type=\"application\/ld+json\" class=\"yoast-schema-graph\">{\"@context\":\"https:\/\/schema.org\",\"@graph\":[{\"@type\":\"Article\",\"@id\":\"https:\/\/sandzakpress.net\/arhiva\/sedam-nacina-da-se-rijesite-crvenila-na-licu\/#article\",\"isPartOf\":{\"@id\":\"https:\/\/sandzakpress.net\/arhiva\/sedam-nacina-da-se-rijesite-crvenila-na-licu\/\"},\"author\":{\"name\":\"bosniak\",\"@id\":\"https:\/\/sandzakpress.net\/arhiva\/#\/schema\/person\/c8baee722073534b583ea7bdb2e36c02\"},\"headline\":\"Sedam na\u010dina da se rije\u0161ite crvenila na licu\",\"datePublished\":\"2014-02-02T10:25:48+00:00\",\"mainEntityOfPage\":{\"@id\":\"https:\/\/sandzakpress.net\/arhiva\/sedam-nacina-da-se-rijesite-crvenila-na-licu\/\"},\"wordCount\":372,\"commentCount\":0,\"publisher\":{\"@id\":\"https:\/\/sandzakpress.net\/arhiva\/#\/schema\/person\/6e72b67d6e51910a1117b3b483ba20bd\"},\"image\":{\"@id\":\"https:\/\/sandzakpress.net\/arhiva\/sedam-nacina-da-se-rijesite-crvenila-na-licu\/#primaryimage\"},\"thumbnailUrl\":\"https:\/\/sandzakpress.net\/arhiva\/wp-content\/uploads\/2014\/02\/handling_red_bumps_on_face_1344_x.png\",\"articleSection\":[\"\u017dena i njen svijet\"],\"inLanguage\":\"bs-BA\",\"potentialAction\":[{\"@type\":\"CommentAction\",\"name\":\"Comment\",\"target\":[\"https:\/\/sandzakpress.net\/arhiva\/sedam-nacina-da-se-rijesite-crvenila-na-licu\/#respond\"]}]},{\"@type\":\"WebPage\",\"@id\":\"https:\/\/sandzakpress.net\/arhiva\/sedam-nacina-da-se-rijesite-crvenila-na-licu\/\",\"url\":\"https:\/\/sandzakpress.net\/arhiva\/sedam-nacina-da-se-rijesite-crvenila-na-licu\/\",\"name\":\"Sedam na\u010dina da se rije\u0161ite crvenila na licu\",\"isPartOf\":{\"@id\":\"https:\/\/sandzakpress.net\/arhiva\/#website\"},\"primaryImageOfPage\":{\"@id\":\"https:\/\/sandzakpress.net\/arhiva\/sedam-nacina-da-se-rijesite-crvenila-na-licu\/#primaryimage\"},\"image\":{\"@id\":\"https:\/\/sandzakpress.net\/arhiva\/sedam-nacina-da-se-rijesite-crvenila-na-licu\/#primaryimage\"},\"thumbnailUrl\":\"https:\/\/sandzakpress.net\/arhiva\/wp-content\/uploads\/2014\/02\/handling_red_bumps_on_face_1344_x.png\",\"datePublished\":\"2014-02-02T10:25:48+00:00\",\"breadcrumb\":{\"@id\":\"https:\/\/sandzakpress.net\/arhiva\/sedam-nacina-da-se-rijesite-crvenila-na-licu\/#breadcrumb\"},\"inLanguage\":\"bs-BA\",\"potentialAction\":[{\"@type\":\"ReadAction\",\"target\":[\"https:\/\/sandzakpress.net\/arhiva\/sedam-nacina-da-se-rijesite-crvenila-na-licu\/\"]}]},{\"@type\":\"ImageObject\",\"inLanguage\":\"bs-BA\",\"@id\":\"https:\/\/sandzakpress.net\/arhiva\/sedam-nacina-da-se-rijesite-crvenila-na-licu\/#primaryimage\",\"url\":\"https:\/\/sandzakpress.net\/arhiva\/wp-content\/uploads\/2014\/02\/handling_red_bumps_on_face_1344_x.png\",\"contentUrl\":\"https:\/\/sandzakpress.net\/arhiva\/wp-content\/uploads\/2014\/02\/handling_red_bumps_on_face_1344_x.png\",\"width\":464,\"height\":264},{\"@type\":\"BreadcrumbList\",\"@id\":\"https:\/\/sandzakpress.net\/arhiva\/sedam-nacina-da-se-rijesite-crvenila-na-licu\/#breadcrumb\",\"itemListElement\":[{\"@type\":\"ListItem\",\"position\":1,\"name\":\"Home\",\"item\":\"https:\/\/sandzakpress.net\/arhiva\/\"},{\"@type\":\"ListItem\",\"position\":2,\"name\":\"Sedam na\u010dina da se rije\u0161ite crvenila na licu\"}]},{\"@type\":\"WebSite\",\"@id\":\"https:\/\/sandzakpress.net\/arhiva\/#website\",\"url\":\"https:\/\/sandzakpress.net\/arhiva\/\",\"name\":\"Sand\u017eak PRESS\",\"description\":\"Prve elektronske novine u Sand\u017eaku\",\"publisher\":{\"@id\":\"https:\/\/sandzakpress.net\/arhiva\/#\/schema\/person\/6e72b67d6e51910a1117b3b483ba20bd\"},\"potentialAction\":[{\"@type\":\"SearchAction\",\"target\":{\"@type\":\"EntryPoint\",\"urlTemplate\":\"https:\/\/sandzakpress.net\/arhiva\/?s={search_term_string}\"},\"query-input\":{\"@type\":\"PropertyValueSpecification\",\"valueRequired\":true,\"valueName\":\"search_term_string\"}}],\"inLanguage\":\"bs-BA\"},{\"@type\":[\"Person\",\"Organization\"],\"@id\":\"https:\/\/sandzakpress.net\/arhiva\/#\/schema\/person\/6e72b67d6e51910a1117b3b483ba20bd\",\"name\":\"Kul\",\"image\":{\"@type\":\"ImageObject\",\"inLanguage\":\"bs-BA\",\"@id\":\"https:\/\/sandzakpress.net\/arhiva\/#\/schema\/person\/image\/\",\"url\":\"https:\/\/secure.gravatar.com\/avatar\/42263f39aa27ac04c43cab85c280eb2e?s=96&d=mm&r=pg\",\"contentUrl\":\"https:\/\/secure.gravatar.com\/avatar\/42263f39aa27ac04c43cab85c280eb2e?s=96&d=mm&r=pg\",\"caption\":\"Kul\"},\"logo\":{\"@id\":\"https:\/\/sandzakpress.net\/arhiva\/#\/schema\/person\/image\/\"}},{\"@type\":\"Person\",\"@id\":\"https:\/\/sandzakpress.net\/arhiva\/#\/schema\/person\/c8baee722073534b583ea7bdb2e36c02\",\"name\":\"bosniak\",\"image\":{\"@type\":\"ImageObject\",\"inLanguage\":\"bs-BA\",\"@id\":\"https:\/\/sandzakpress.net\/arhiva\/#\/schema\/person\/image\/\",\"url\":\"https:\/\/secure.gravatar.com\/avatar\/a04fd330bfe3a36a72a0ad4a6d89fca7?s=96&d=mm&r=pg\",\"contentUrl\":\"https:\/\/secure.gravatar.com\/avatar\/a04fd330bfe3a36a72a0ad4a6d89fca7?s=96&d=mm&r=pg\",\"caption\":\"bosniak\"},\"url\":\"https:\/\/sandzakpress.net\/arhiva\/author\/bosniak\/\"}]}<\/script>\n<!-- \/ Yoast SEO Premium plugin. -->","yoast_head_json":{"title":"Sedam na\u010dina da se rije\u0161ite crvenila na licu","robots":{"index":"index","follow":"follow","max-snippet":"max-snippet:-1","max-image-preview":"max-image-preview:large","max-video-preview":"max-video-preview:-1"},"canonical":"https:\/\/sandzakpress.net\/arhiva\/sedam-nacina-da-se-rijesite-crvenila-na-licu\/","og_locale":"bs_BA","og_type":"article","og_title":"Sedam na\u010dina da se rije\u0161ite crvenila na licu","og_description":"Niske temperature i vjetar ni najmanje ne gode osjetljivoj ko\u017ei sklonoj crvenilu. Ako vas mu\u010di nagla\u0161eno crvenilo u zimskim mjesecima, otkrivamo vam prirodna rje\u0161enja koja \u0107e smiriti ko\u017eu. Menta Djeluje protivupalno zbog \u010dega je odli\u010dna za ubla\u017eavanje crvenila, ali i za njegu ko\u017ee sklone aknama i iritaciji. Zgnije\u010dite li\u0161\u0107e svje\u017ee mente i iscijedite ga. Dobijeni [&hellip;]","og_url":"https:\/\/sandzakpress.net\/arhiva\/sedam-nacina-da-se-rijesite-crvenila-na-licu\/","og_site_name":"Sand\u017eak PRESS","article_published_time":"2014-02-02T10:25:48+00:00","og_image":[{"width":464,"height":264,"url":"https:\/\/sandzakpress.net\/arhiva\/wp-content\/uploads\/2014\/02\/handling_red_bumps_on_face_1344_x.png","type":"image\/png"}],"author":"bosniak","twitter_card":"summary_large_image","twitter_misc":{"Written by":"bosniak","Est. reading time":"2 minute"},"schema":{"@context":"https:\/\/schema.org","@graph":[{"@type":"Article","@id":"https:\/\/sandzakpress.net\/arhiva\/sedam-nacina-da-se-rijesite-crvenila-na-licu\/#article","isPartOf":{"@id":"https:\/\/sandzakpress.net\/arhiva\/sedam-nacina-da-se-rijesite-crvenila-na-licu\/"},"author":{"name":"bosniak","@id":"https:\/\/sandzakpress.net\/arhiva\/#\/schema\/person\/c8baee722073534b583ea7bdb2e36c02"},"headline":"Sedam na\u010dina da se rije\u0161ite crvenila na licu","datePublished":"2014-02-02T10:25:48+00:00","mainEntityOfPage":{"@id":"https:\/\/sandzakpress.net\/arhiva\/sedam-nacina-da-se-rijesite-crvenila-na-licu\/"},"wordCount":372,"commentCount":0,"publisher":{"@id":"https:\/\/sandzakpress.net\/arhiva\/#\/schema\/person\/6e72b67d6e51910a1117b3b483ba20bd"},"image":{"@id":"https:\/\/sandzakpress.net\/arhiva\/sedam-nacina-da-se-rijesite-crvenila-na-licu\/#primaryimage"},"thumbnailUrl":"https:\/\/sandzakpress.net\/arhiva\/wp-content\/uploads\/2014\/02\/handling_red_bumps_on_face_1344_x.png","articleSection":["\u017dena i njen svijet"],"inLanguage":"bs-BA","potentialAction":[{"@type":"CommentAction","name":"Comment","target":["https:\/\/sandzakpress.net\/arhiva\/sedam-nacina-da-se-rijesite-crvenila-na-licu\/#respond"]}]},{"@type":"WebPage","@id":"https:\/\/sandzakpress.net\/arhiva\/sedam-nacina-da-se-rijesite-crvenila-na-licu\/","url":"https:\/\/sandzakpress.net\/arhiva\/sedam-nacina-da-se-rijesite-crvenila-na-licu\/","name":"Sedam na\u010dina da se rije\u0161ite crvenila na licu","isPartOf":{"@id":"https:\/\/sandzakpress.net\/arhiva\/#website"},"primaryImageOfPage":{"@id":"https:\/\/sandzakpress.net\/arhiva\/sedam-nacina-da-se-rijesite-crvenila-na-licu\/#primaryimage"},"image":{"@id":"https:\/\/sandzakpress.net\/arhiva\/sedam-nacina-da-se-rijesite-crvenila-na-licu\/#primaryimage"},"thumbnailUrl":"https:\/\/sandzakpress.net\/arhiva\/wp-content\/uploads\/2014\/02\/handling_red_bumps_on_face_1344_x.png","datePublished":"2014-02-02T10:25:48+00:00","breadcrumb":{"@id":"https:\/\/sandzakpress.net\/arhiva\/sedam-nacina-da-se-rijesite-crvenila-na-licu\/#breadcrumb"},"inLanguage":"bs-BA","potentialAction":[{"@type":"ReadAction","target":["https:\/\/sandzakpress.net\/arhiva\/sedam-nacina-da-se-rijesite-crvenila-na-licu\/"]}]},{"@type":"ImageObject","inLanguage":"bs-BA","@id":"https:\/\/sandzakpress.net\/arhiva\/sedam-nacina-da-se-rijesite-crvenila-na-licu\/#primaryimage","url":"https:\/\/sandzakpress.net\/arhiva\/wp-content\/uploads\/2014\/02\/handling_red_bumps_on_face_1344_x.png","contentUrl":"https:\/\/sandzakpress.net\/arhiva\/wp-content\/uploads\/2014\/02\/handling_red_bumps_on_face_1344_x.png","width":464,"height":264},{"@type":"BreadcrumbList","@id":"https:\/\/sandzakpress.net\/arhiva\/sedam-nacina-da-se-rijesite-crvenila-na-licu\/#breadcrumb","itemListElement":[{"@type":"ListItem","position":1,"name":"Home","item":"https:\/\/sandzakpress.net\/arhiva\/"},{"@type":"ListItem","position":2,"name":"Sedam na\u010dina da se rije\u0161ite crvenila na licu"}]},{"@type":"WebSite","@id":"https:\/\/sandzakpress.net\/arhiva\/#website","url":"https:\/\/sandzakpress.net\/arhiva\/","name":"Sand\u017eak PRESS","description":"Prve elektronske novine u Sand\u017eaku","publisher":{"@id":"https:\/\/sandzakpress.net\/arhiva\/#\/schema\/person\/6e72b67d6e51910a1117b3b483ba20bd"},"potentialAction":[{"@type":"SearchAction","target":{"@type":"EntryPoint","urlTemplate":"https:\/\/sandzakpress.net\/arhiva\/?s={search_term_string}"},"query-input":{"@type":"PropertyValueSpecification","valueRequired":true,"valueName":"search_term_string"}}],"inLanguage":"bs-BA"},{"@type":["Person","Organization"],"@id":"https:\/\/sandzakpress.net\/arhiva\/#\/schema\/person\/6e72b67d6e51910a1117b3b483ba20bd","name":"Kul","image":{"@type":"ImageObject","inLanguage":"bs-BA","@id":"https:\/\/sandzakpress.net\/arhiva\/#\/schema\/person\/image\/","url":"https:\/\/secure.gravatar.com\/avatar\/42263f39aa27ac04c43cab85c280eb2e?s=96&d=mm&r=pg","contentUrl":"https:\/\/secure.gravatar.com\/avatar\/42263f39aa27ac04c43cab85c280eb2e?s=96&d=mm&r=pg","caption":"Kul"},"logo":{"@id":"https:\/\/sandzakpress.net\/arhiva\/#\/schema\/person\/image\/"}},{"@type":"Person","@id":"https:\/\/sandzakpress.net\/arhiva\/#\/schema\/person\/c8baee722073534b583ea7bdb2e36c02","name":"bosniak","image":{"@type":"ImageObject","inLanguage":"bs-BA","@id":"https:\/\/sandzakpress.net\/arhiva\/#\/schema\/person\/image\/","url":"https:\/\/secure.gravatar.com\/avatar\/a04fd330bfe3a36a72a0ad4a6d89fca7?s=96&d=mm&r=pg","contentUrl":"https:\/\/secure.gravatar.com\/avatar\/a04fd330bfe3a36a72a0ad4a6d89fca7?s=96&d=mm&r=pg","caption":"bosniak"},"url":"https:\/\/sandzakpress.net\/arhiva\/author\/bosniak\/"}]}},"_links":{"self":[{"href":"https:\/\/sandzakpress.net\/arhiva\/wp-json\/wp\/v2\/posts\/100827"}],"collection":[{"href":"https:\/\/sandzakpress.net\/arhiva\/wp-json\/wp\/v2\/posts"}],"about":[{"href":"https:\/\/sandzakpress.net\/arhiva\/wp-json\/wp\/v2\/types\/post"}],"author":[{"embeddable":true,"href":"https:\/\/sandzakpress.net\/arhiva\/wp-json\/wp\/v2\/users\/83"}],"replies":[{"embeddable":true,"href":"https:\/\/sandzakpress.net\/arhiva\/wp-json\/wp\/v2\/comments?post=100827"}],"version-history":[{"count":0,"href":"https:\/\/sandzakpress.net\/arhiva\/wp-json\/wp\/v2\/posts\/100827\/revisions"}],"wp:featuredmedia":[{"embeddable":true,"href":"https:\/\/sandzakpress.net\/arhiva\/wp-json\/wp\/v2\/media\/100828"}],"wp:attachment":[{"href":"https:\/\/sandzakpress.net\/arhiva\/wp-json\/wp\/v2\/media?parent=100827"}],"wp:term":[{"taxonomy":"category","embeddable":true,"href":"https:\/\/sandzakpress.net\/arhiva\/wp-json\/wp\/v2\/categories?post=100827"},{"taxonomy":"post_tag","embeddable":true,"href":"https:\/\/sandzakpress.net\/arhiva\/wp-json\/wp\/v2\/tags?post=100827"}],"curies":[{"name":"wp","href":"https:\/\/api.w.org\/{rel}","templated":true}]}}