{"id":100744,"date":"2014-01-31T23:32:36","date_gmt":"2014-01-31T22:32:36","guid":{"rendered":"https:\/\/sandzakpress.net\/arhiva\/?p=100744"},"modified":"2014-01-31T23:32:36","modified_gmt":"2014-01-31T22:32:36","slug":"ugljanin-osuo-po-vucicu-i-dacicu-oni-su-nas-prevarili","status":"publish","type":"post","link":"https:\/\/sandzakpress.net\/arhiva\/ugljanin-osuo-po-vucicu-i-dacicu-oni-su-nas-prevarili\/","title":{"rendered":"Ugljanin osuo po Vu\u010di\u0107u i Da\u010di\u0107u: &#8216;Oni su nas prevarili!&#8217;"},"content":{"rendered":"<h4><img loading=\"lazy\" decoding=\"async\" class=\"aligncenter size-full wp-image-100745\" alt=\"aleksandar-vucic-ivica-dacic-1351021644-222544\" src=\"https:\/\/sandzakpress.net\/arhiva\/wp-content\/uploads\/2014\/01\/aleksandar-vucic-ivica-dacic-1351021644-222544.jpg\" width=\"1000\" height=\"483\" srcset=\"https:\/\/sandzakpress.net\/arhiva\/wp-content\/uploads\/2014\/01\/aleksandar-vucic-ivica-dacic-1351021644-222544.jpg 1000w, https:\/\/sandzakpress.net\/arhiva\/wp-content\/uploads\/2014\/01\/aleksandar-vucic-ivica-dacic-1351021644-222544-616x297.jpg 616w\" sizes=\"(max-width: 1000px) 100vw, 1000px\" \/><\/h4>\n<h4>Sjeverni Sand\u017eak &#8211; Lider Stranke demokratske akcije Sand\u017eaka i srbijanski ministar Sulejman Ugljanin izjavio je, govore\u0107i o nastupu na vanrednim izborima u Srbiji zakazanim za 16. mart ove godine, kao i djelovanju te stranke u budu\u0107nosti, da njegova stranka \u201drazgovara sa svima\u201d.<\/h4>\n<p>Kako je rekao, tra\u017ee od svih da \u010duju \u0161ta oni nude za Bo\u0161njake.<\/p>\n<p>\u201d\u0160ta nude u budu\u0107im ustavnim promjenama po pitanju decentralizacije dr\u017eave i regije Sand\u017eak, po pitanju ekonomije, zapo\u0161ljavanja i ostvarivanja ustavno zagarantiranih manjinskih prava Bo\u0161njaka u Srbiji. To je ne\u0161to o \u010demu razgovaramo sa svima. Mi nikakvu odluku jo\u0161 nismo donijeli\u201d, kazao je Ugljanin, najavljuju\u0107i \u201dkona\u010dnu odluku\u201d na sjednici Glavnog odbora SDA Sand\u017eaka 1. februara u Novom Pazaru.<\/p>\n<p>Na pitanje da li postoji mogu\u0107nost obnavljanja koalicionog sporazuma sa Srpskom naprednom strankom (SNS) Aleksandra Vu\u010di\u0107a, koja se smatra favoritom izbora, Ugljanin je odlu\u010dno kazao da \u201dnajmanje misli na SNS\u201d.<\/p>\n<p>\u201dSNS i Socijalisti\u010dka partija Srbije (SPS) su nas prevarili. Mi smo potpisali koalicioni sporazum i oni su, kao \u0161to je poznato, dobili povjerenje srpskog bira\u010dkog tijela. Na\u0161a stranka je uva\u017eila to i zapo\u010dela razgovore poslije pro\u0161lih izbora. Po\u0161tuju\u0107i izbornu volju srpskog bira\u010dkog tijela, mi smo sa njima razgovarali, ali smo naglasili da su oni stranke iz \u201990-tih kada su najve\u0107i zlo\u010dini \u010dinjeni nad Bo\u0161njacima i da, ako ho\u0107e da u\u0111emo u vladu, moraju dati vidljive garancije Bo\u0161njacima u smislu da budu zastupljeni u svim dr\u017eavnim organima sa javnim ovla\u0161tenjima, da se usaglasi nacionalna struktura u policiji, sudstvu, carinama, BIA-i, da Bo\u0161njaci imaju razlog za\u0161to su dali demokratski legitimitet njima. Mi smo njima i dali demokratski legitimitet. Oni su od jedne profa\u0161isti\u010dka koalicije, kako su ih zvali, postali demokratska koalicija\u201d, govori Ugljanin.<\/p>\n<p>No, nagla\u0161ava kako su ga Vu\u010di\u0107 i Da\u010di\u0107 bukvalno prevarili.<\/p>\n<p>\u201dU ovom trenutku nisam motivisan da razgovaram sa ljudima sa kojima sam sad u vladi. Mi imamo ugovor, detaljan koalicioni sporazum sa dinamikom \u0161ta da se radi za Bo\u0161njake. Ni\u0161ta od tog nisu uradili i vuku nas iz sedmice u sedmicu, iz mjeseca u mjesec. Oni su nas prevarili i dogovoreno ne realizuju. Razgovarat \u0107emo sa njima, ali nisu klju\u010dni s kojima sada razgovaramo\u201d, istakao je on.<\/p>\n<p>Na dodatno pitanje da li su u opciji razgovori sa Demokratskom frontom koju bi navodno trebao predvoditi Boris Tadi\u0107, a u kojoj je dio DS-a, Du\u0161an Petrovi\u0107 i Nenad \u010canak, Ugljanin je ponovio da \u201drazgovaraju sa svima, bez izuzetka\u201d.<\/p>\n<p>\u201dNo, kad na\u0161eg \u010dlanstva postoji op\u0161te raspolo\u017eenje da se radi na formiranju bo\u0161nja\u010dkog bloka i da Bo\u0161njaci ujedine svoje glasove i da dobiju jak poslani\u010dki klub u Skup\u0161tini Srbije. Bez obzira o kome je rije\u010d, u opciji su svi koji su osvojili bar 10 hiljada glasova na ranijim izborima. Svi koji su mogli da osvoje vi\u0161e do 10 hiljada glasova su u igri i sa njima razgovaramo. Re\u017eimske stranke koje dr\u017eava osniva da se razbija bira\u010dko tijelo Bo\u0161njaka, sa njima ne razgovaramo. I sam Boris Tadi\u0107 je osnovao nekoliko manjih stranaka da bi iscjepkali bira\u010dko tijelo i uspjeli su u tome\u201d, pojasnio je Ugljanin.<\/p>\n<p>Na konstataciju kako procjene govore u korist SNS-a, te da bi nakon izbora Vu\u010di\u0107eva stranka trebala imati dominaciju u Srbiji, kao i pitanje da li \u0107e u\u010destvovati u Vladi Srbija ako dobiju ponudu, Ugljanin je odgovorio:<\/p>\n<p>\u201dMi kao Bo\u0161njaci kao manjina prvo moramo da vidimo kakav je na\u0161 kapacitet u Sand\u017eaku. Dakle, mo\u017eemo li da na\u0111emo jedinstvo da se glasovi ne rasipaju i da poslije toga oni koji dobiju najvi\u0161e glasova, neka bo\u0161nja\u010dka opcija, da se pojavi kao pravi legitimni predstavnik Bo\u0161njaka. Svakako bi do\u0161lo u opciju u\u010de\u0161\u0107e u budu\u0107noj vladi, a da bismo pomogli ekonomskom razvoju zemlje i zajednice\u201d.<\/p>\n<p>(Anadolija)<\/p>\n","protected":false},"excerpt":{"rendered":"<p>Uvijek na kraju mandata Vlada ne valja<\/p>\n","protected":false},"author":83,"featured_media":100745,"comment_status":"open","ping_status":"open","sticky":false,"template":"","format":"standard","meta":{"footnotes":""},"categories":[72,1,52,327,392,393,8957],"tags":[10269],"class_list":{"0":"post-100744","1":"post","2":"type-post","3":"status-publish","4":"format-standard","5":"has-post-thumbnail","7":"category-novi-pazar","8":"category-politika","9":"category-sjenica","10":"category-tutin","11":"category-prijepolje_","12":"category-priboj","13":"category-vijesti-dana","14":"tag-sulejman-ugljanin"},"yoast_head":"<!-- This site is optimized with the Yoast SEO Premium plugin v23.1 (Yoast SEO v24.9) - https:\/\/yoast.com\/wordpress\/plugins\/seo\/ -->\n<title>Ugljanin osuo po Vu\u010di\u0107u i Da\u010di\u0107u: &#039;Oni su nas prevarili!&#039;<\/title>\n<meta name=\"robots\" content=\"index, follow, max-snippet:-1, max-image-preview:large, max-video-preview:-1\" \/>\n<link rel=\"canonical\" href=\"https:\/\/sandzakpress.net\/arhiva\/ugljanin-osuo-po-vucicu-i-dacicu-oni-su-nas-prevarili\/\" \/>\n<meta property=\"og:locale\" content=\"bs_BA\" \/>\n<meta property=\"og:type\" content=\"article\" \/>\n<meta property=\"og:title\" content=\"Ugljanin osuo po Vu\u010di\u0107u i Da\u010di\u0107u: &#039;Oni su nas prevarili!&#039;\" \/>\n<meta property=\"og:description\" content=\"Uvijek na kraju mandata Vlada ne valja\" \/>\n<meta property=\"og:url\" content=\"https:\/\/sandzakpress.net\/arhiva\/ugljanin-osuo-po-vucicu-i-dacicu-oni-su-nas-prevarili\/\" \/>\n<meta property=\"og:site_name\" content=\"Sand\u017eak PRESS\" \/>\n<meta property=\"article:published_time\" content=\"2014-01-31T22:32:36+00:00\" \/>\n<meta property=\"og:image\" content=\"https:\/\/sandzakpress.net\/arhiva\/wp-content\/uploads\/2014\/01\/aleksandar-vucic-ivica-dacic-1351021644-222544.jpg\" \/>\n\t<meta property=\"og:image:width\" content=\"1000\" \/>\n\t<meta property=\"og:image:height\" content=\"483\" \/>\n\t<meta property=\"og:image:type\" content=\"image\/jpeg\" \/>\n<meta name=\"author\" content=\"bosniak\" \/>\n<meta name=\"twitter:card\" content=\"summary_large_image\" \/>\n<meta name=\"twitter:label1\" content=\"Written by\" \/>\n\t<meta name=\"twitter:data1\" content=\"bosniak\" \/>\n\t<meta name=\"twitter:label2\" content=\"Est. reading time\" \/>\n\t<meta name=\"twitter:data2\" content=\"3 minute\" \/>\n<script type=\"application\/ld+json\" class=\"yoast-schema-graph\">{\"@context\":\"https:\/\/schema.org\",\"@graph\":[{\"@type\":\"Article\",\"@id\":\"https:\/\/sandzakpress.net\/arhiva\/ugljanin-osuo-po-vucicu-i-dacicu-oni-su-nas-prevarili\/#article\",\"isPartOf\":{\"@id\":\"https:\/\/sandzakpress.net\/arhiva\/ugljanin-osuo-po-vucicu-i-dacicu-oni-su-nas-prevarili\/\"},\"author\":{\"name\":\"bosniak\",\"@id\":\"https:\/\/sandzakpress.net\/arhiva\/#\/schema\/person\/c8baee722073534b583ea7bdb2e36c02\"},\"headline\":\"Ugljanin osuo po Vu\u010di\u0107u i Da\u010di\u0107u: &#8216;Oni su nas prevarili!&#8217;\",\"datePublished\":\"2014-01-31T22:32:36+00:00\",\"mainEntityOfPage\":{\"@id\":\"https:\/\/sandzakpress.net\/arhiva\/ugljanin-osuo-po-vucicu-i-dacicu-oni-su-nas-prevarili\/\"},\"wordCount\":680,\"commentCount\":27,\"publisher\":{\"@id\":\"https:\/\/sandzakpress.net\/arhiva\/#\/schema\/person\/6e72b67d6e51910a1117b3b483ba20bd\"},\"image\":{\"@id\":\"https:\/\/sandzakpress.net\/arhiva\/ugljanin-osuo-po-vucicu-i-dacicu-oni-su-nas-prevarili\/#primaryimage\"},\"thumbnailUrl\":\"https:\/\/sandzakpress.net\/arhiva\/wp-content\/uploads\/2014\/01\/aleksandar-vucic-ivica-dacic-1351021644-222544.jpg\",\"keywords\":[\"Sulejman Ugljanin\"],\"articleSection\":[\"Novi Pazar\",\"Politika\",\"Sjenica\",\"Tutin\",\"Prijepolje\",\"Priboj\",\"VIJESTI DANA\"],\"inLanguage\":\"bs-BA\",\"potentialAction\":[{\"@type\":\"CommentAction\",\"name\":\"Comment\",\"target\":[\"https:\/\/sandzakpress.net\/arhiva\/ugljanin-osuo-po-vucicu-i-dacicu-oni-su-nas-prevarili\/#respond\"]}]},{\"@type\":\"WebPage\",\"@id\":\"https:\/\/sandzakpress.net\/arhiva\/ugljanin-osuo-po-vucicu-i-dacicu-oni-su-nas-prevarili\/\",\"url\":\"https:\/\/sandzakpress.net\/arhiva\/ugljanin-osuo-po-vucicu-i-dacicu-oni-su-nas-prevarili\/\",\"name\":\"Ugljanin osuo po Vu\u010di\u0107u i Da\u010di\u0107u: 'Oni su nas prevarili!'\",\"isPartOf\":{\"@id\":\"https:\/\/sandzakpress.net\/arhiva\/#website\"},\"primaryImageOfPage\":{\"@id\":\"https:\/\/sandzakpress.net\/arhiva\/ugljanin-osuo-po-vucicu-i-dacicu-oni-su-nas-prevarili\/#primaryimage\"},\"image\":{\"@id\":\"https:\/\/sandzakpress.net\/arhiva\/ugljanin-osuo-po-vucicu-i-dacicu-oni-su-nas-prevarili\/#primaryimage\"},\"thumbnailUrl\":\"https:\/\/sandzakpress.net\/arhiva\/wp-content\/uploads\/2014\/01\/aleksandar-vucic-ivica-dacic-1351021644-222544.jpg\",\"datePublished\":\"2014-01-31T22:32:36+00:00\",\"breadcrumb\":{\"@id\":\"https:\/\/sandzakpress.net\/arhiva\/ugljanin-osuo-po-vucicu-i-dacicu-oni-su-nas-prevarili\/#breadcrumb\"},\"inLanguage\":\"bs-BA\",\"potentialAction\":[{\"@type\":\"ReadAction\",\"target\":[\"https:\/\/sandzakpress.net\/arhiva\/ugljanin-osuo-po-vucicu-i-dacicu-oni-su-nas-prevarili\/\"]}]},{\"@type\":\"ImageObject\",\"inLanguage\":\"bs-BA\",\"@id\":\"https:\/\/sandzakpress.net\/arhiva\/ugljanin-osuo-po-vucicu-i-dacicu-oni-su-nas-prevarili\/#primaryimage\",\"url\":\"https:\/\/sandzakpress.net\/arhiva\/wp-content\/uploads\/2014\/01\/aleksandar-vucic-ivica-dacic-1351021644-222544.jpg\",\"contentUrl\":\"https:\/\/sandzakpress.net\/arhiva\/wp-content\/uploads\/2014\/01\/aleksandar-vucic-ivica-dacic-1351021644-222544.jpg\",\"width\":1000,\"height\":483},{\"@type\":\"BreadcrumbList\",\"@id\":\"https:\/\/sandzakpress.net\/arhiva\/ugljanin-osuo-po-vucicu-i-dacicu-oni-su-nas-prevarili\/#breadcrumb\",\"itemListElement\":[{\"@type\":\"ListItem\",\"position\":1,\"name\":\"Home\",\"item\":\"https:\/\/sandzakpress.net\/arhiva\/\"},{\"@type\":\"ListItem\",\"position\":2,\"name\":\"Ugljanin osuo po Vu\u010di\u0107u i Da\u010di\u0107u: &#8216;Oni su nas prevarili!&#8217;\"}]},{\"@type\":\"WebSite\",\"@id\":\"https:\/\/sandzakpress.net\/arhiva\/#website\",\"url\":\"https:\/\/sandzakpress.net\/arhiva\/\",\"name\":\"Sand\u017eak PRESS\",\"description\":\"Prve elektronske novine u Sand\u017eaku\",\"publisher\":{\"@id\":\"https:\/\/sandzakpress.net\/arhiva\/#\/schema\/person\/6e72b67d6e51910a1117b3b483ba20bd\"},\"potentialAction\":[{\"@type\":\"SearchAction\",\"target\":{\"@type\":\"EntryPoint\",\"urlTemplate\":\"https:\/\/sandzakpress.net\/arhiva\/?s={search_term_string}\"},\"query-input\":{\"@type\":\"PropertyValueSpecification\",\"valueRequired\":true,\"valueName\":\"search_term_string\"}}],\"inLanguage\":\"bs-BA\"},{\"@type\":[\"Person\",\"Organization\"],\"@id\":\"https:\/\/sandzakpress.net\/arhiva\/#\/schema\/person\/6e72b67d6e51910a1117b3b483ba20bd\",\"name\":\"Kul\",\"image\":{\"@type\":\"ImageObject\",\"inLanguage\":\"bs-BA\",\"@id\":\"https:\/\/sandzakpress.net\/arhiva\/#\/schema\/person\/image\/\",\"url\":\"https:\/\/secure.gravatar.com\/avatar\/42263f39aa27ac04c43cab85c280eb2e?s=96&d=mm&r=pg\",\"contentUrl\":\"https:\/\/secure.gravatar.com\/avatar\/42263f39aa27ac04c43cab85c280eb2e?s=96&d=mm&r=pg\",\"caption\":\"Kul\"},\"logo\":{\"@id\":\"https:\/\/sandzakpress.net\/arhiva\/#\/schema\/person\/image\/\"}},{\"@type\":\"Person\",\"@id\":\"https:\/\/sandzakpress.net\/arhiva\/#\/schema\/person\/c8baee722073534b583ea7bdb2e36c02\",\"name\":\"bosniak\",\"image\":{\"@type\":\"ImageObject\",\"inLanguage\":\"bs-BA\",\"@id\":\"https:\/\/sandzakpress.net\/arhiva\/#\/schema\/person\/image\/\",\"url\":\"https:\/\/secure.gravatar.com\/avatar\/a04fd330bfe3a36a72a0ad4a6d89fca7?s=96&d=mm&r=pg\",\"contentUrl\":\"https:\/\/secure.gravatar.com\/avatar\/a04fd330bfe3a36a72a0ad4a6d89fca7?s=96&d=mm&r=pg\",\"caption\":\"bosniak\"},\"url\":\"https:\/\/sandzakpress.net\/arhiva\/author\/bosniak\/\"}]}<\/script>\n<!-- \/ Yoast SEO Premium plugin. -->","yoast_head_json":{"title":"Ugljanin osuo po Vu\u010di\u0107u i Da\u010di\u0107u: 'Oni su nas prevarili!'","robots":{"index":"index","follow":"follow","max-snippet":"max-snippet:-1","max-image-preview":"max-image-preview:large","max-video-preview":"max-video-preview:-1"},"canonical":"https:\/\/sandzakpress.net\/arhiva\/ugljanin-osuo-po-vucicu-i-dacicu-oni-su-nas-prevarili\/","og_locale":"bs_BA","og_type":"article","og_title":"Ugljanin osuo po Vu\u010di\u0107u i Da\u010di\u0107u: 'Oni su nas prevarili!'","og_description":"Uvijek na kraju mandata Vlada ne valja","og_url":"https:\/\/sandzakpress.net\/arhiva\/ugljanin-osuo-po-vucicu-i-dacicu-oni-su-nas-prevarili\/","og_site_name":"Sand\u017eak PRESS","article_published_time":"2014-01-31T22:32:36+00:00","og_image":[{"width":1000,"height":483,"url":"https:\/\/sandzakpress.net\/arhiva\/wp-content\/uploads\/2014\/01\/aleksandar-vucic-ivica-dacic-1351021644-222544.jpg","type":"image\/jpeg"}],"author":"bosniak","twitter_card":"summary_large_image","twitter_misc":{"Written by":"bosniak","Est. reading time":"3 minute"},"schema":{"@context":"https:\/\/schema.org","@graph":[{"@type":"Article","@id":"https:\/\/sandzakpress.net\/arhiva\/ugljanin-osuo-po-vucicu-i-dacicu-oni-su-nas-prevarili\/#article","isPartOf":{"@id":"https:\/\/sandzakpress.net\/arhiva\/ugljanin-osuo-po-vucicu-i-dacicu-oni-su-nas-prevarili\/"},"author":{"name":"bosniak","@id":"https:\/\/sandzakpress.net\/arhiva\/#\/schema\/person\/c8baee722073534b583ea7bdb2e36c02"},"headline":"Ugljanin osuo po Vu\u010di\u0107u i Da\u010di\u0107u: &#8216;Oni su nas prevarili!&#8217;","datePublished":"2014-01-31T22:32:36+00:00","mainEntityOfPage":{"@id":"https:\/\/sandzakpress.net\/arhiva\/ugljanin-osuo-po-vucicu-i-dacicu-oni-su-nas-prevarili\/"},"wordCount":680,"commentCount":27,"publisher":{"@id":"https:\/\/sandzakpress.net\/arhiva\/#\/schema\/person\/6e72b67d6e51910a1117b3b483ba20bd"},"image":{"@id":"https:\/\/sandzakpress.net\/arhiva\/ugljanin-osuo-po-vucicu-i-dacicu-oni-su-nas-prevarili\/#primaryimage"},"thumbnailUrl":"https:\/\/sandzakpress.net\/arhiva\/wp-content\/uploads\/2014\/01\/aleksandar-vucic-ivica-dacic-1351021644-222544.jpg","keywords":["Sulejman Ugljanin"],"articleSection":["Novi Pazar","Politika","Sjenica","Tutin","Prijepolje","Priboj","VIJESTI DANA"],"inLanguage":"bs-BA","potentialAction":[{"@type":"CommentAction","name":"Comment","target":["https:\/\/sandzakpress.net\/arhiva\/ugljanin-osuo-po-vucicu-i-dacicu-oni-su-nas-prevarili\/#respond"]}]},{"@type":"WebPage","@id":"https:\/\/sandzakpress.net\/arhiva\/ugljanin-osuo-po-vucicu-i-dacicu-oni-su-nas-prevarili\/","url":"https:\/\/sandzakpress.net\/arhiva\/ugljanin-osuo-po-vucicu-i-dacicu-oni-su-nas-prevarili\/","name":"Ugljanin osuo po Vu\u010di\u0107u i Da\u010di\u0107u: 'Oni su nas prevarili!'","isPartOf":{"@id":"https:\/\/sandzakpress.net\/arhiva\/#website"},"primaryImageOfPage":{"@id":"https:\/\/sandzakpress.net\/arhiva\/ugljanin-osuo-po-vucicu-i-dacicu-oni-su-nas-prevarili\/#primaryimage"},"image":{"@id":"https:\/\/sandzakpress.net\/arhiva\/ugljanin-osuo-po-vucicu-i-dacicu-oni-su-nas-prevarili\/#primaryimage"},"thumbnailUrl":"https:\/\/sandzakpress.net\/arhiva\/wp-content\/uploads\/2014\/01\/aleksandar-vucic-ivica-dacic-1351021644-222544.jpg","datePublished":"2014-01-31T22:32:36+00:00","breadcrumb":{"@id":"https:\/\/sandzakpress.net\/arhiva\/ugljanin-osuo-po-vucicu-i-dacicu-oni-su-nas-prevarili\/#breadcrumb"},"inLanguage":"bs-BA","potentialAction":[{"@type":"ReadAction","target":["https:\/\/sandzakpress.net\/arhiva\/ugljanin-osuo-po-vucicu-i-dacicu-oni-su-nas-prevarili\/"]}]},{"@type":"ImageObject","inLanguage":"bs-BA","@id":"https:\/\/sandzakpress.net\/arhiva\/ugljanin-osuo-po-vucicu-i-dacicu-oni-su-nas-prevarili\/#primaryimage","url":"https:\/\/sandzakpress.net\/arhiva\/wp-content\/uploads\/2014\/01\/aleksandar-vucic-ivica-dacic-1351021644-222544.jpg","contentUrl":"https:\/\/sandzakpress.net\/arhiva\/wp-content\/uploads\/2014\/01\/aleksandar-vucic-ivica-dacic-1351021644-222544.jpg","width":1000,"height":483},{"@type":"BreadcrumbList","@id":"https:\/\/sandzakpress.net\/arhiva\/ugljanin-osuo-po-vucicu-i-dacicu-oni-su-nas-prevarili\/#breadcrumb","itemListElement":[{"@type":"ListItem","position":1,"name":"Home","item":"https:\/\/sandzakpress.net\/arhiva\/"},{"@type":"ListItem","position":2,"name":"Ugljanin osuo po Vu\u010di\u0107u i Da\u010di\u0107u: &#8216;Oni su nas prevarili!&#8217;"}]},{"@type":"WebSite","@id":"https:\/\/sandzakpress.net\/arhiva\/#website","url":"https:\/\/sandzakpress.net\/arhiva\/","name":"Sand\u017eak PRESS","description":"Prve elektronske novine u Sand\u017eaku","publisher":{"@id":"https:\/\/sandzakpress.net\/arhiva\/#\/schema\/person\/6e72b67d6e51910a1117b3b483ba20bd"},"potentialAction":[{"@type":"SearchAction","target":{"@type":"EntryPoint","urlTemplate":"https:\/\/sandzakpress.net\/arhiva\/?s={search_term_string}"},"query-input":{"@type":"PropertyValueSpecification","valueRequired":true,"valueName":"search_term_string"}}],"inLanguage":"bs-BA"},{"@type":["Person","Organization"],"@id":"https:\/\/sandzakpress.net\/arhiva\/#\/schema\/person\/6e72b67d6e51910a1117b3b483ba20bd","name":"Kul","image":{"@type":"ImageObject","inLanguage":"bs-BA","@id":"https:\/\/sandzakpress.net\/arhiva\/#\/schema\/person\/image\/","url":"https:\/\/secure.gravatar.com\/avatar\/42263f39aa27ac04c43cab85c280eb2e?s=96&d=mm&r=pg","contentUrl":"https:\/\/secure.gravatar.com\/avatar\/42263f39aa27ac04c43cab85c280eb2e?s=96&d=mm&r=pg","caption":"Kul"},"logo":{"@id":"https:\/\/sandzakpress.net\/arhiva\/#\/schema\/person\/image\/"}},{"@type":"Person","@id":"https:\/\/sandzakpress.net\/arhiva\/#\/schema\/person\/c8baee722073534b583ea7bdb2e36c02","name":"bosniak","image":{"@type":"ImageObject","inLanguage":"bs-BA","@id":"https:\/\/sandzakpress.net\/arhiva\/#\/schema\/person\/image\/","url":"https:\/\/secure.gravatar.com\/avatar\/a04fd330bfe3a36a72a0ad4a6d89fca7?s=96&d=mm&r=pg","contentUrl":"https:\/\/secure.gravatar.com\/avatar\/a04fd330bfe3a36a72a0ad4a6d89fca7?s=96&d=mm&r=pg","caption":"bosniak"},"url":"https:\/\/sandzakpress.net\/arhiva\/author\/bosniak\/"}]}},"_links":{"self":[{"href":"https:\/\/sandzakpress.net\/arhiva\/wp-json\/wp\/v2\/posts\/100744"}],"collection":[{"href":"https:\/\/sandzakpress.net\/arhiva\/wp-json\/wp\/v2\/posts"}],"about":[{"href":"https:\/\/sandzakpress.net\/arhiva\/wp-json\/wp\/v2\/types\/post"}],"author":[{"embeddable":true,"href":"https:\/\/sandzakpress.net\/arhiva\/wp-json\/wp\/v2\/users\/83"}],"replies":[{"embeddable":true,"href":"https:\/\/sandzakpress.net\/arhiva\/wp-json\/wp\/v2\/comments?post=100744"}],"version-history":[{"count":0,"href":"https:\/\/sandzakpress.net\/arhiva\/wp-json\/wp\/v2\/posts\/100744\/revisions"}],"wp:featuredmedia":[{"embeddable":true,"href":"https:\/\/sandzakpress.net\/arhiva\/wp-json\/wp\/v2\/media\/100745"}],"wp:attachment":[{"href":"https:\/\/sandzakpress.net\/arhiva\/wp-json\/wp\/v2\/media?parent=100744"}],"wp:term":[{"taxonomy":"category","embeddable":true,"href":"https:\/\/sandzakpress.net\/arhiva\/wp-json\/wp\/v2\/categories?post=100744"},{"taxonomy":"post_tag","embeddable":true,"href":"https:\/\/sandzakpress.net\/arhiva\/wp-json\/wp\/v2\/tags?post=100744"}],"curies":[{"name":"wp","href":"https:\/\/api.w.org\/{rel}","templated":true}]}}