{"id":100742,"date":"2014-01-31T23:23:33","date_gmt":"2014-01-31T22:23:33","guid":{"rendered":"https:\/\/sandzakpress.net\/arhiva\/?p=100742"},"modified":"2014-01-31T23:23:39","modified_gmt":"2014-01-31T22:23:39","slug":"bacevac-cvrsto-cemo-stati-iza-aleksandra-vucica","status":"publish","type":"post","link":"https:\/\/sandzakpress.net\/arhiva\/bacevac-cvrsto-cemo-stati-iza-aleksandra-vucica\/","title":{"rendered":"Ba\u010devac: &#8216;\u010cvrsto \u0107emo stati iza Aleksandra Vu\u010di\u0107a&#8217;"},"content":{"rendered":"<p><strong><img loading=\"lazy\" decoding=\"async\" class=\"alignleft  wp-image-100743\" alt=\"Capture\" src=\"https:\/\/sandzakpress.net\/arhiva\/wp-content\/uploads\/2014\/01\/Capture4.png\" width=\"462\" height=\"318\" \/>Novi Pazar &#8211; Gostuju\u0107i na Regionalnoj televiziji predsjednik gradskog odbora SDP Muamer Ba\u010devac izjavio je da \u0107e SDP biti glavna poluga u refomstvu Srbije na \u010delu sa Aleksandrom Vu\u010di\u0107em i da \u0107e ova opcija \u010dvrsto stati uz njega. On je tako\u0111er najavio i uklju\u010divanje mladih ljudi u gradski odbor SDP kao i promene u SUDU i Policiji.<\/strong><\/p>\n<p>Ba\u010devac je kazao da mu je drago \u0161to je dosada\u0161nji gradski odbor uspeo da nepravi odre\u0111ene pomake i zato \u0161to je pozitivno ocenjen njihov dosada\u0161nji rad. On je podvukao da \u0107e \u201eIza njih ostati puno lijepih stvari, gra\u0111evina, pozitivnog \u0161irenja lijepe rije\u010di o Novom Pazaru i to daje satisfakciju\u201c.<\/p>\n<p>Komenri\u0161u\u0107i predstoje\u0107e parlamentarne izbore Ba\u010devac je kazao da je koalicija skoro gotova. On je dodao da su ovo presudni izbori i da je Aleksandar Vu\u010di\u0107 kao novi reformator ko se o\u0161tro bori protiv korupcije.<\/p>\n<p>\u201eMi \u0107emo \u010dvrsto stati uz Alesandra Vu\u010di\u0107a i mislim da \u0107emo mi uz uzajamno po\u0161tovanje uspeti da obezbedimo i gra\u0111anima Sand\u017e\u017eaka i celoj dr\u017eavi pomak ka boljem. Mi o\u010dekujemo da \u0107emo biti glavna poluga u reformatorstvu Srbije i da \u0107emo nositi promene i do\u0107i do bitnih odluka za na\u0161 bo\u0161njake. Menjanje ljudi na pozicijama u sudu i SUPU kao i ravnomernoj zastupljenosti Bo\u0161njaka. A centar sveg na\u0161eg rada je bolji ekonomski \u017eivot obi\u010dnog \u010doveka\u201c.\u201c zaklju\u010dio je Ba\u010devac.<\/p>\n<p>Predsednik GO SDP je izrario zadovoljstvo \u0161to \u0107e se sutra odr\u017eati formiranje novog gradskog odbora i \u0161to \u0107e se dati \u0161ansa mladim ljudima.<\/p>\n<p>\u201eMladi ljudi nose novu energiju, \u017eelju i ambiciju i mi treba da damo njima \u0161ansu i proba\u0107emo da ti ljudi zajedno sa nama nastave da budu brana svemu onome \u0161to je retrogradno i svemu onome \u0161to je lo\u0161e, Proba\u0107emo da gajimo entuzijazam i bolju nadu\u201c.<\/p>\n","protected":false},"excerpt":{"rendered":"<p>Beogradski poltroni i ulizice, koji ulizuju svakoj beogradskoj vlasti, \u0107e uvijek ostati poni\u017eeni u o\u010dima branioca istine<\/p>\n","protected":false},"author":83,"featured_media":100743,"comment_status":"open","ping_status":"open","sticky":false,"template":"","format":"standard","meta":{"footnotes":""},"categories":[72,1,8957],"tags":[10257],"class_list":{"0":"post-100742","1":"post","2":"type-post","3":"status-publish","4":"format-standard","5":"has-post-thumbnail","7":"category-novi-pazar","8":"category-politika","9":"category-vijesti-dana","10":"tag-sdp"},"yoast_head":"<!-- This site is optimized with the Yoast SEO Premium plugin v23.1 (Yoast SEO v24.9) - https:\/\/yoast.com\/wordpress\/plugins\/seo\/ -->\n<title>Ba\u010devac: &#039;\u010cvrsto \u0107emo stati iza Aleksandra Vu\u010di\u0107a&#039;<\/title>\n<meta name=\"robots\" content=\"index, follow, max-snippet:-1, max-image-preview:large, max-video-preview:-1\" \/>\n<link rel=\"canonical\" href=\"https:\/\/sandzakpress.net\/arhiva\/bacevac-cvrsto-cemo-stati-iza-aleksandra-vucica\/\" \/>\n<meta property=\"og:locale\" content=\"bs_BA\" \/>\n<meta property=\"og:type\" content=\"article\" \/>\n<meta property=\"og:title\" content=\"Ba\u010devac: &#039;\u010cvrsto \u0107emo stati iza Aleksandra Vu\u010di\u0107a&#039;\" \/>\n<meta property=\"og:description\" content=\"Beogradski poltroni i ulizice, koji ulizuju svakoj beogradskoj vlasti, \u0107e uvijek ostati poni\u017eeni u o\u010dima branioca istine\" \/>\n<meta property=\"og:url\" content=\"https:\/\/sandzakpress.net\/arhiva\/bacevac-cvrsto-cemo-stati-iza-aleksandra-vucica\/\" \/>\n<meta property=\"og:site_name\" content=\"Sand\u017eak PRESS\" \/>\n<meta property=\"article:published_time\" content=\"2014-01-31T22:23:33+00:00\" \/>\n<meta property=\"article:modified_time\" content=\"2014-01-31T22:23:39+00:00\" \/>\n<meta property=\"og:image\" content=\"https:\/\/sandzakpress.net\/arhiva\/wp-content\/uploads\/2014\/01\/Capture4.png\" \/>\n\t<meta property=\"og:image:width\" content=\"577\" \/>\n\t<meta property=\"og:image:height\" content=\"397\" \/>\n\t<meta property=\"og:image:type\" content=\"image\/png\" \/>\n<meta name=\"author\" content=\"bosniak\" \/>\n<meta name=\"twitter:card\" content=\"summary_large_image\" \/>\n<meta name=\"twitter:label1\" content=\"Written by\" \/>\n\t<meta name=\"twitter:data1\" content=\"bosniak\" \/>\n\t<meta name=\"twitter:label2\" content=\"Est. reading time\" \/>\n\t<meta name=\"twitter:data2\" content=\"2 minute\" \/>\n<script type=\"application\/ld+json\" class=\"yoast-schema-graph\">{\"@context\":\"https:\/\/schema.org\",\"@graph\":[{\"@type\":\"Article\",\"@id\":\"https:\/\/sandzakpress.net\/arhiva\/bacevac-cvrsto-cemo-stati-iza-aleksandra-vucica\/#article\",\"isPartOf\":{\"@id\":\"https:\/\/sandzakpress.net\/arhiva\/bacevac-cvrsto-cemo-stati-iza-aleksandra-vucica\/\"},\"author\":{\"name\":\"bosniak\",\"@id\":\"https:\/\/sandzakpress.net\/arhiva\/#\/schema\/person\/c8baee722073534b583ea7bdb2e36c02\"},\"headline\":\"Ba\u010devac: &#8216;\u010cvrsto \u0107emo stati iza Aleksandra Vu\u010di\u0107a&#8217;\",\"datePublished\":\"2014-01-31T22:23:33+00:00\",\"dateModified\":\"2014-01-31T22:23:39+00:00\",\"mainEntityOfPage\":{\"@id\":\"https:\/\/sandzakpress.net\/arhiva\/bacevac-cvrsto-cemo-stati-iza-aleksandra-vucica\/\"},\"wordCount\":331,\"commentCount\":18,\"publisher\":{\"@id\":\"https:\/\/sandzakpress.net\/arhiva\/#\/schema\/person\/6e72b67d6e51910a1117b3b483ba20bd\"},\"image\":{\"@id\":\"https:\/\/sandzakpress.net\/arhiva\/bacevac-cvrsto-cemo-stati-iza-aleksandra-vucica\/#primaryimage\"},\"thumbnailUrl\":\"https:\/\/sandzakpress.net\/arhiva\/wp-content\/uploads\/2014\/01\/Capture4.png\",\"keywords\":[\"SDPS\"],\"articleSection\":[\"Novi Pazar\",\"Politika\",\"VIJESTI DANA\"],\"inLanguage\":\"bs-BA\",\"potentialAction\":[{\"@type\":\"CommentAction\",\"name\":\"Comment\",\"target\":[\"https:\/\/sandzakpress.net\/arhiva\/bacevac-cvrsto-cemo-stati-iza-aleksandra-vucica\/#respond\"]}]},{\"@type\":\"WebPage\",\"@id\":\"https:\/\/sandzakpress.net\/arhiva\/bacevac-cvrsto-cemo-stati-iza-aleksandra-vucica\/\",\"url\":\"https:\/\/sandzakpress.net\/arhiva\/bacevac-cvrsto-cemo-stati-iza-aleksandra-vucica\/\",\"name\":\"Ba\u010devac: '\u010cvrsto \u0107emo stati iza Aleksandra Vu\u010di\u0107a'\",\"isPartOf\":{\"@id\":\"https:\/\/sandzakpress.net\/arhiva\/#website\"},\"primaryImageOfPage\":{\"@id\":\"https:\/\/sandzakpress.net\/arhiva\/bacevac-cvrsto-cemo-stati-iza-aleksandra-vucica\/#primaryimage\"},\"image\":{\"@id\":\"https:\/\/sandzakpress.net\/arhiva\/bacevac-cvrsto-cemo-stati-iza-aleksandra-vucica\/#primaryimage\"},\"thumbnailUrl\":\"https:\/\/sandzakpress.net\/arhiva\/wp-content\/uploads\/2014\/01\/Capture4.png\",\"datePublished\":\"2014-01-31T22:23:33+00:00\",\"dateModified\":\"2014-01-31T22:23:39+00:00\",\"breadcrumb\":{\"@id\":\"https:\/\/sandzakpress.net\/arhiva\/bacevac-cvrsto-cemo-stati-iza-aleksandra-vucica\/#breadcrumb\"},\"inLanguage\":\"bs-BA\",\"potentialAction\":[{\"@type\":\"ReadAction\",\"target\":[\"https:\/\/sandzakpress.net\/arhiva\/bacevac-cvrsto-cemo-stati-iza-aleksandra-vucica\/\"]}]},{\"@type\":\"ImageObject\",\"inLanguage\":\"bs-BA\",\"@id\":\"https:\/\/sandzakpress.net\/arhiva\/bacevac-cvrsto-cemo-stati-iza-aleksandra-vucica\/#primaryimage\",\"url\":\"https:\/\/sandzakpress.net\/arhiva\/wp-content\/uploads\/2014\/01\/Capture4.png\",\"contentUrl\":\"https:\/\/sandzakpress.net\/arhiva\/wp-content\/uploads\/2014\/01\/Capture4.png\",\"width\":577,\"height\":397},{\"@type\":\"BreadcrumbList\",\"@id\":\"https:\/\/sandzakpress.net\/arhiva\/bacevac-cvrsto-cemo-stati-iza-aleksandra-vucica\/#breadcrumb\",\"itemListElement\":[{\"@type\":\"ListItem\",\"position\":1,\"name\":\"Home\",\"item\":\"https:\/\/sandzakpress.net\/arhiva\/\"},{\"@type\":\"ListItem\",\"position\":2,\"name\":\"Ba\u010devac: &#8216;\u010cvrsto \u0107emo stati iza Aleksandra Vu\u010di\u0107a&#8217;\"}]},{\"@type\":\"WebSite\",\"@id\":\"https:\/\/sandzakpress.net\/arhiva\/#website\",\"url\":\"https:\/\/sandzakpress.net\/arhiva\/\",\"name\":\"Sand\u017eak PRESS\",\"description\":\"Prve elektronske novine u Sand\u017eaku\",\"publisher\":{\"@id\":\"https:\/\/sandzakpress.net\/arhiva\/#\/schema\/person\/6e72b67d6e51910a1117b3b483ba20bd\"},\"potentialAction\":[{\"@type\":\"SearchAction\",\"target\":{\"@type\":\"EntryPoint\",\"urlTemplate\":\"https:\/\/sandzakpress.net\/arhiva\/?s={search_term_string}\"},\"query-input\":{\"@type\":\"PropertyValueSpecification\",\"valueRequired\":true,\"valueName\":\"search_term_string\"}}],\"inLanguage\":\"bs-BA\"},{\"@type\":[\"Person\",\"Organization\"],\"@id\":\"https:\/\/sandzakpress.net\/arhiva\/#\/schema\/person\/6e72b67d6e51910a1117b3b483ba20bd\",\"name\":\"Kul\",\"image\":{\"@type\":\"ImageObject\",\"inLanguage\":\"bs-BA\",\"@id\":\"https:\/\/sandzakpress.net\/arhiva\/#\/schema\/person\/image\/\",\"url\":\"https:\/\/secure.gravatar.com\/avatar\/42263f39aa27ac04c43cab85c280eb2e?s=96&d=mm&r=pg\",\"contentUrl\":\"https:\/\/secure.gravatar.com\/avatar\/42263f39aa27ac04c43cab85c280eb2e?s=96&d=mm&r=pg\",\"caption\":\"Kul\"},\"logo\":{\"@id\":\"https:\/\/sandzakpress.net\/arhiva\/#\/schema\/person\/image\/\"}},{\"@type\":\"Person\",\"@id\":\"https:\/\/sandzakpress.net\/arhiva\/#\/schema\/person\/c8baee722073534b583ea7bdb2e36c02\",\"name\":\"bosniak\",\"image\":{\"@type\":\"ImageObject\",\"inLanguage\":\"bs-BA\",\"@id\":\"https:\/\/sandzakpress.net\/arhiva\/#\/schema\/person\/image\/\",\"url\":\"https:\/\/secure.gravatar.com\/avatar\/a04fd330bfe3a36a72a0ad4a6d89fca7?s=96&d=mm&r=pg\",\"contentUrl\":\"https:\/\/secure.gravatar.com\/avatar\/a04fd330bfe3a36a72a0ad4a6d89fca7?s=96&d=mm&r=pg\",\"caption\":\"bosniak\"},\"url\":\"https:\/\/sandzakpress.net\/arhiva\/author\/bosniak\/\"}]}<\/script>\n<!-- \/ Yoast SEO Premium plugin. -->","yoast_head_json":{"title":"Ba\u010devac: '\u010cvrsto \u0107emo stati iza Aleksandra Vu\u010di\u0107a'","robots":{"index":"index","follow":"follow","max-snippet":"max-snippet:-1","max-image-preview":"max-image-preview:large","max-video-preview":"max-video-preview:-1"},"canonical":"https:\/\/sandzakpress.net\/arhiva\/bacevac-cvrsto-cemo-stati-iza-aleksandra-vucica\/","og_locale":"bs_BA","og_type":"article","og_title":"Ba\u010devac: '\u010cvrsto \u0107emo stati iza Aleksandra Vu\u010di\u0107a'","og_description":"Beogradski poltroni i ulizice, koji ulizuju svakoj beogradskoj vlasti, \u0107e uvijek ostati poni\u017eeni u o\u010dima branioca istine","og_url":"https:\/\/sandzakpress.net\/arhiva\/bacevac-cvrsto-cemo-stati-iza-aleksandra-vucica\/","og_site_name":"Sand\u017eak PRESS","article_published_time":"2014-01-31T22:23:33+00:00","article_modified_time":"2014-01-31T22:23:39+00:00","og_image":[{"width":577,"height":397,"url":"https:\/\/sandzakpress.net\/arhiva\/wp-content\/uploads\/2014\/01\/Capture4.png","type":"image\/png"}],"author":"bosniak","twitter_card":"summary_large_image","twitter_misc":{"Written by":"bosniak","Est. reading time":"2 minute"},"schema":{"@context":"https:\/\/schema.org","@graph":[{"@type":"Article","@id":"https:\/\/sandzakpress.net\/arhiva\/bacevac-cvrsto-cemo-stati-iza-aleksandra-vucica\/#article","isPartOf":{"@id":"https:\/\/sandzakpress.net\/arhiva\/bacevac-cvrsto-cemo-stati-iza-aleksandra-vucica\/"},"author":{"name":"bosniak","@id":"https:\/\/sandzakpress.net\/arhiva\/#\/schema\/person\/c8baee722073534b583ea7bdb2e36c02"},"headline":"Ba\u010devac: &#8216;\u010cvrsto \u0107emo stati iza Aleksandra Vu\u010di\u0107a&#8217;","datePublished":"2014-01-31T22:23:33+00:00","dateModified":"2014-01-31T22:23:39+00:00","mainEntityOfPage":{"@id":"https:\/\/sandzakpress.net\/arhiva\/bacevac-cvrsto-cemo-stati-iza-aleksandra-vucica\/"},"wordCount":331,"commentCount":18,"publisher":{"@id":"https:\/\/sandzakpress.net\/arhiva\/#\/schema\/person\/6e72b67d6e51910a1117b3b483ba20bd"},"image":{"@id":"https:\/\/sandzakpress.net\/arhiva\/bacevac-cvrsto-cemo-stati-iza-aleksandra-vucica\/#primaryimage"},"thumbnailUrl":"https:\/\/sandzakpress.net\/arhiva\/wp-content\/uploads\/2014\/01\/Capture4.png","keywords":["SDPS"],"articleSection":["Novi Pazar","Politika","VIJESTI DANA"],"inLanguage":"bs-BA","potentialAction":[{"@type":"CommentAction","name":"Comment","target":["https:\/\/sandzakpress.net\/arhiva\/bacevac-cvrsto-cemo-stati-iza-aleksandra-vucica\/#respond"]}]},{"@type":"WebPage","@id":"https:\/\/sandzakpress.net\/arhiva\/bacevac-cvrsto-cemo-stati-iza-aleksandra-vucica\/","url":"https:\/\/sandzakpress.net\/arhiva\/bacevac-cvrsto-cemo-stati-iza-aleksandra-vucica\/","name":"Ba\u010devac: '\u010cvrsto \u0107emo stati iza Aleksandra Vu\u010di\u0107a'","isPartOf":{"@id":"https:\/\/sandzakpress.net\/arhiva\/#website"},"primaryImageOfPage":{"@id":"https:\/\/sandzakpress.net\/arhiva\/bacevac-cvrsto-cemo-stati-iza-aleksandra-vucica\/#primaryimage"},"image":{"@id":"https:\/\/sandzakpress.net\/arhiva\/bacevac-cvrsto-cemo-stati-iza-aleksandra-vucica\/#primaryimage"},"thumbnailUrl":"https:\/\/sandzakpress.net\/arhiva\/wp-content\/uploads\/2014\/01\/Capture4.png","datePublished":"2014-01-31T22:23:33+00:00","dateModified":"2014-01-31T22:23:39+00:00","breadcrumb":{"@id":"https:\/\/sandzakpress.net\/arhiva\/bacevac-cvrsto-cemo-stati-iza-aleksandra-vucica\/#breadcrumb"},"inLanguage":"bs-BA","potentialAction":[{"@type":"ReadAction","target":["https:\/\/sandzakpress.net\/arhiva\/bacevac-cvrsto-cemo-stati-iza-aleksandra-vucica\/"]}]},{"@type":"ImageObject","inLanguage":"bs-BA","@id":"https:\/\/sandzakpress.net\/arhiva\/bacevac-cvrsto-cemo-stati-iza-aleksandra-vucica\/#primaryimage","url":"https:\/\/sandzakpress.net\/arhiva\/wp-content\/uploads\/2014\/01\/Capture4.png","contentUrl":"https:\/\/sandzakpress.net\/arhiva\/wp-content\/uploads\/2014\/01\/Capture4.png","width":577,"height":397},{"@type":"BreadcrumbList","@id":"https:\/\/sandzakpress.net\/arhiva\/bacevac-cvrsto-cemo-stati-iza-aleksandra-vucica\/#breadcrumb","itemListElement":[{"@type":"ListItem","position":1,"name":"Home","item":"https:\/\/sandzakpress.net\/arhiva\/"},{"@type":"ListItem","position":2,"name":"Ba\u010devac: &#8216;\u010cvrsto \u0107emo stati iza Aleksandra Vu\u010di\u0107a&#8217;"}]},{"@type":"WebSite","@id":"https:\/\/sandzakpress.net\/arhiva\/#website","url":"https:\/\/sandzakpress.net\/arhiva\/","name":"Sand\u017eak PRESS","description":"Prve elektronske novine u Sand\u017eaku","publisher":{"@id":"https:\/\/sandzakpress.net\/arhiva\/#\/schema\/person\/6e72b67d6e51910a1117b3b483ba20bd"},"potentialAction":[{"@type":"SearchAction","target":{"@type":"EntryPoint","urlTemplate":"https:\/\/sandzakpress.net\/arhiva\/?s={search_term_string}"},"query-input":{"@type":"PropertyValueSpecification","valueRequired":true,"valueName":"search_term_string"}}],"inLanguage":"bs-BA"},{"@type":["Person","Organization"],"@id":"https:\/\/sandzakpress.net\/arhiva\/#\/schema\/person\/6e72b67d6e51910a1117b3b483ba20bd","name":"Kul","image":{"@type":"ImageObject","inLanguage":"bs-BA","@id":"https:\/\/sandzakpress.net\/arhiva\/#\/schema\/person\/image\/","url":"https:\/\/secure.gravatar.com\/avatar\/42263f39aa27ac04c43cab85c280eb2e?s=96&d=mm&r=pg","contentUrl":"https:\/\/secure.gravatar.com\/avatar\/42263f39aa27ac04c43cab85c280eb2e?s=96&d=mm&r=pg","caption":"Kul"},"logo":{"@id":"https:\/\/sandzakpress.net\/arhiva\/#\/schema\/person\/image\/"}},{"@type":"Person","@id":"https:\/\/sandzakpress.net\/arhiva\/#\/schema\/person\/c8baee722073534b583ea7bdb2e36c02","name":"bosniak","image":{"@type":"ImageObject","inLanguage":"bs-BA","@id":"https:\/\/sandzakpress.net\/arhiva\/#\/schema\/person\/image\/","url":"https:\/\/secure.gravatar.com\/avatar\/a04fd330bfe3a36a72a0ad4a6d89fca7?s=96&d=mm&r=pg","contentUrl":"https:\/\/secure.gravatar.com\/avatar\/a04fd330bfe3a36a72a0ad4a6d89fca7?s=96&d=mm&r=pg","caption":"bosniak"},"url":"https:\/\/sandzakpress.net\/arhiva\/author\/bosniak\/"}]}},"_links":{"self":[{"href":"https:\/\/sandzakpress.net\/arhiva\/wp-json\/wp\/v2\/posts\/100742"}],"collection":[{"href":"https:\/\/sandzakpress.net\/arhiva\/wp-json\/wp\/v2\/posts"}],"about":[{"href":"https:\/\/sandzakpress.net\/arhiva\/wp-json\/wp\/v2\/types\/post"}],"author":[{"embeddable":true,"href":"https:\/\/sandzakpress.net\/arhiva\/wp-json\/wp\/v2\/users\/83"}],"replies":[{"embeddable":true,"href":"https:\/\/sandzakpress.net\/arhiva\/wp-json\/wp\/v2\/comments?post=100742"}],"version-history":[{"count":0,"href":"https:\/\/sandzakpress.net\/arhiva\/wp-json\/wp\/v2\/posts\/100742\/revisions"}],"wp:featuredmedia":[{"embeddable":true,"href":"https:\/\/sandzakpress.net\/arhiva\/wp-json\/wp\/v2\/media\/100743"}],"wp:attachment":[{"href":"https:\/\/sandzakpress.net\/arhiva\/wp-json\/wp\/v2\/media?parent=100742"}],"wp:term":[{"taxonomy":"category","embeddable":true,"href":"https:\/\/sandzakpress.net\/arhiva\/wp-json\/wp\/v2\/categories?post=100742"},{"taxonomy":"post_tag","embeddable":true,"href":"https:\/\/sandzakpress.net\/arhiva\/wp-json\/wp\/v2\/tags?post=100742"}],"curies":[{"name":"wp","href":"https:\/\/api.w.org\/{rel}","templated":true}]}}