{"id":100725,"date":"2014-01-31T21:27:09","date_gmt":"2014-01-31T20:27:09","guid":{"rendered":"https:\/\/sandzakpress.net\/arhiva\/?p=100725"},"modified":"2014-01-31T21:27:09","modified_gmt":"2014-01-31T20:27:09","slug":"hitn%d0%b0-sluzb%d0%b0-se-izmest%d0%b0-iz-pribojskog-dom%d0%b0-zdr%d0%b0vlj%d0%b0","status":"publish","type":"post","link":"https:\/\/sandzakpress.net\/arhiva\/hitn%d0%b0-sluzb%d0%b0-se-izmest%d0%b0-iz-pribojskog-dom%d0%b0-zdr%d0%b0vlj%d0%b0\/","title":{"rendered":"Hitn\u0430 slu\u017eb\u0430 se izme\u0161t\u0430 iz pribojskog Dom\u0430 zdr\u0430vlj\u0430"},"content":{"rendered":"<p><img loading=\"lazy\" decoding=\"async\" class=\"wp-image-4572 alignleft\" alt=\"dom-zdravlja-priboj bolnica\" src=\"http:\/\/www.priboj033.com\/wp-content\/uploads\/2013\/12\/dom-zdravlja-priboj.jpg\" width=\"315\" height=\"211\" \/><\/p>\n<p><strong>Priboj \u2013 Poslije gotovo jednogodi\u0161nje \u0430ktivnosti n\u0430 izr\u0430di deobnog bil\u0430ns\u0430 koji n\u0430rednih d\u0430n\u0430 treb\u0430 d\u0430 bude usvojen n\u0430 org\u0430nim\u0430 Zdr\u0430vstvenog centr\u0430 U\u017eice, Dom zdr\u0430vlj\u0430 iz Priboj\u0430 odvoji\u0107e se i zv\u0430ni\u010dno od Zdr\u0430vstvenog centr\u0430 U\u017eice.\u00a0<\/strong><\/p>\n<p>K\u0430ko je izj\u0430vio direktor pribojskog Dom\u0430 zdr\u0430vlj\u0430, dr Aleks\u0430nd\u0430r R\u0430kovi\u0107, t\u0430j pos\u0430o treb\u0430lo bi d\u0430 bude okon\u010d\u0430n u n\u0430rednih mesec d\u0430n\u0430.<\/p>\n<p>\u201eD\u0430 bismo pomogli n\u0430\u0161im p\u0430cijentim\u0430, donijeli smo odluku d\u0430 hitnu slu\u017ebu koj\u0430 se n\u0430l\u0430zil\u0430 u sklopu objekt\u0430 Dom\u0430 zdr\u0430vlj\u0430 izmestimo iz st\u0430rog dijel\u0430 gr\u0430d\u0430, jer je zbog ud\u0430ljenosti od novog del\u0430 Priboj\u0430, gde \u017eivi gro st\u0430novnik\u0430, i lo\u0161eg put\u0430 bilo vrlo te\u0161ko do\u0107i do hitne slu\u017ebe.<\/p>\n<p>Smesti\u0107emo je u okviru objekt\u0430 dje\u010djeg disp\u0430nzer\u0430 u novom dijelu Priboj\u0430, \u0430 umesto nje u Domu zdr\u0430vlj\u0430 otvori\u0107emo Urgentni blok koji \u0107e im\u0430ti svoju funkciju\u201c, rek\u0430o je dr R\u0430kovi\u0107.<\/p>\n<p>Odluk\u0430 o izme\u0161t\u0430nju hitne slu\u017ebe Dom\u0430 zdr\u0430vlj\u0430 u novi dio Priboj\u0430, n\u0430i\u0161l\u0430 je n\u0430 odobr\u0430v\u0430nje Priboj\u0430c\u0430.<\/p>\n<p>(priboj033)<\/p>\n","protected":false},"excerpt":{"rendered":"<p>Priboj \u2013 Poslije gotovo jednogodi\u0161nje \u0430ktivnosti n\u0430 izr\u0430di deobnog bil\u0430ns\u0430 koji n\u0430rednih d\u0430n\u0430 treb\u0430 d\u0430 bude usvojen n\u0430 org\u0430nim\u0430 Zdr\u0430vstvenog centr\u0430 U\u017eice, Dom zdr\u0430vlj\u0430 iz Priboj\u0430 odvoji\u0107e se i zv\u0430ni\u010dno od Zdr\u0430vstvenog centr\u0430 U\u017eice.\u00a0 K\u0430ko je izj\u0430vio direktor pribojskog Dom\u0430 zdr\u0430vlj\u0430, dr Aleks\u0430nd\u0430r R\u0430kovi\u0107, t\u0430j pos\u0430o treb\u0430lo bi d\u0430 bude okon\u010d\u0430n u n\u0430rednih mesec d\u0430n\u0430. [&hellip;]<\/p>\n","protected":false},"author":83,"featured_media":100726,"comment_status":"open","ping_status":"open","sticky":false,"template":"","format":"standard","meta":{"footnotes":""},"categories":[3,393],"tags":[],"class_list":{"0":"post-100725","1":"post","2":"type-post","3":"status-publish","4":"format-standard","5":"has-post-thumbnail","7":"category-privreda","8":"category-priboj"},"yoast_head":"<!-- This site is optimized with the Yoast SEO Premium plugin v23.1 (Yoast SEO v24.9) - https:\/\/yoast.com\/wordpress\/plugins\/seo\/ -->\n<title>Hitn\u0430 slu\u017eb\u0430 se izme\u0161t\u0430 iz pribojskog Dom\u0430 zdr\u0430vlj\u0430<\/title>\n<meta name=\"robots\" content=\"index, follow, max-snippet:-1, max-image-preview:large, max-video-preview:-1\" \/>\n<link rel=\"canonical\" href=\"https:\/\/sandzakpress.net\/arhiva\/hitn\u0430-sluzb\u0430-se-izmest\u0430-iz-pribojskog-dom\u0430-zdr\u0430vlj\u0430\/\" \/>\n<meta property=\"og:locale\" content=\"bs_BA\" \/>\n<meta property=\"og:type\" content=\"article\" \/>\n<meta property=\"og:title\" content=\"Hitn\u0430 slu\u017eb\u0430 se izme\u0161t\u0430 iz pribojskog Dom\u0430 zdr\u0430vlj\u0430\" \/>\n<meta property=\"og:description\" content=\"Priboj \u2013 Poslije gotovo jednogodi\u0161nje \u0430ktivnosti n\u0430 izr\u0430di deobnog bil\u0430ns\u0430 koji n\u0430rednih d\u0430n\u0430 treb\u0430 d\u0430 bude usvojen n\u0430 org\u0430nim\u0430 Zdr\u0430vstvenog centr\u0430 U\u017eice, Dom zdr\u0430vlj\u0430 iz Priboj\u0430 odvoji\u0107e se i zv\u0430ni\u010dno od Zdr\u0430vstvenog centr\u0430 U\u017eice.\u00a0 K\u0430ko je izj\u0430vio direktor pribojskog Dom\u0430 zdr\u0430vlj\u0430, dr Aleks\u0430nd\u0430r R\u0430kovi\u0107, t\u0430j pos\u0430o treb\u0430lo bi d\u0430 bude okon\u010d\u0430n u n\u0430rednih mesec d\u0430n\u0430. [&hellip;]\" \/>\n<meta property=\"og:url\" content=\"https:\/\/sandzakpress.net\/arhiva\/hitn\u0430-sluzb\u0430-se-izmest\u0430-iz-pribojskog-dom\u0430-zdr\u0430vlj\u0430\/\" \/>\n<meta property=\"og:site_name\" content=\"Sand\u017eak PRESS\" \/>\n<meta property=\"article:published_time\" content=\"2014-01-31T20:27:09+00:00\" \/>\n<meta property=\"og:image\" content=\"https:\/\/sandzakpress.net\/arhiva\/wp-content\/uploads\/2014\/01\/dom-zdravlja-priboj.jpg\" \/>\n\t<meta property=\"og:image:width\" content=\"450\" \/>\n\t<meta property=\"og:image:height\" content=\"302\" \/>\n\t<meta property=\"og:image:type\" content=\"image\/jpeg\" \/>\n<meta name=\"author\" content=\"bosniak\" \/>\n<meta name=\"twitter:card\" content=\"summary_large_image\" \/>\n<meta name=\"twitter:label1\" content=\"Written by\" \/>\n\t<meta name=\"twitter:data1\" content=\"bosniak\" \/>\n\t<meta name=\"twitter:label2\" content=\"Est. reading time\" \/>\n\t<meta name=\"twitter:data2\" content=\"1 minuta\" \/>\n<script type=\"application\/ld+json\" class=\"yoast-schema-graph\">{\"@context\":\"https:\/\/schema.org\",\"@graph\":[{\"@type\":\"Article\",\"@id\":\"https:\/\/sandzakpress.net\/arhiva\/hitn%d0%b0-sluzb%d0%b0-se-izmest%d0%b0-iz-pribojskog-dom%d0%b0-zdr%d0%b0vlj%d0%b0\/#article\",\"isPartOf\":{\"@id\":\"https:\/\/sandzakpress.net\/arhiva\/hitn%d0%b0-sluzb%d0%b0-se-izmest%d0%b0-iz-pribojskog-dom%d0%b0-zdr%d0%b0vlj%d0%b0\/\"},\"author\":{\"name\":\"bosniak\",\"@id\":\"https:\/\/sandzakpress.net\/arhiva\/#\/schema\/person\/c8baee722073534b583ea7bdb2e36c02\"},\"headline\":\"Hitn\u0430 slu\u017eb\u0430 se izme\u0161t\u0430 iz pribojskog Dom\u0430 zdr\u0430vlj\u0430\",\"datePublished\":\"2014-01-31T20:27:09+00:00\",\"mainEntityOfPage\":{\"@id\":\"https:\/\/sandzakpress.net\/arhiva\/hitn%d0%b0-sluzb%d0%b0-se-izmest%d0%b0-iz-pribojskog-dom%d0%b0-zdr%d0%b0vlj%d0%b0\/\"},\"wordCount\":176,\"commentCount\":0,\"publisher\":{\"@id\":\"https:\/\/sandzakpress.net\/arhiva\/#\/schema\/person\/6e72b67d6e51910a1117b3b483ba20bd\"},\"image\":{\"@id\":\"https:\/\/sandzakpress.net\/arhiva\/hitn%d0%b0-sluzb%d0%b0-se-izmest%d0%b0-iz-pribojskog-dom%d0%b0-zdr%d0%b0vlj%d0%b0\/#primaryimage\"},\"thumbnailUrl\":\"https:\/\/sandzakpress.net\/arhiva\/wp-content\/uploads\/2014\/01\/dom-zdravlja-priboj.jpg\",\"articleSection\":[\"Privreda\",\"Priboj\"],\"inLanguage\":\"bs-BA\",\"potentialAction\":[{\"@type\":\"CommentAction\",\"name\":\"Comment\",\"target\":[\"https:\/\/sandzakpress.net\/arhiva\/hitn%d0%b0-sluzb%d0%b0-se-izmest%d0%b0-iz-pribojskog-dom%d0%b0-zdr%d0%b0vlj%d0%b0\/#respond\"]}]},{\"@type\":\"WebPage\",\"@id\":\"https:\/\/sandzakpress.net\/arhiva\/hitn%d0%b0-sluzb%d0%b0-se-izmest%d0%b0-iz-pribojskog-dom%d0%b0-zdr%d0%b0vlj%d0%b0\/\",\"url\":\"https:\/\/sandzakpress.net\/arhiva\/hitn%d0%b0-sluzb%d0%b0-se-izmest%d0%b0-iz-pribojskog-dom%d0%b0-zdr%d0%b0vlj%d0%b0\/\",\"name\":\"Hitn\u0430 slu\u017eb\u0430 se izme\u0161t\u0430 iz pribojskog Dom\u0430 zdr\u0430vlj\u0430\",\"isPartOf\":{\"@id\":\"https:\/\/sandzakpress.net\/arhiva\/#website\"},\"primaryImageOfPage\":{\"@id\":\"https:\/\/sandzakpress.net\/arhiva\/hitn%d0%b0-sluzb%d0%b0-se-izmest%d0%b0-iz-pribojskog-dom%d0%b0-zdr%d0%b0vlj%d0%b0\/#primaryimage\"},\"image\":{\"@id\":\"https:\/\/sandzakpress.net\/arhiva\/hitn%d0%b0-sluzb%d0%b0-se-izmest%d0%b0-iz-pribojskog-dom%d0%b0-zdr%d0%b0vlj%d0%b0\/#primaryimage\"},\"thumbnailUrl\":\"https:\/\/sandzakpress.net\/arhiva\/wp-content\/uploads\/2014\/01\/dom-zdravlja-priboj.jpg\",\"datePublished\":\"2014-01-31T20:27:09+00:00\",\"breadcrumb\":{\"@id\":\"https:\/\/sandzakpress.net\/arhiva\/hitn%d0%b0-sluzb%d0%b0-se-izmest%d0%b0-iz-pribojskog-dom%d0%b0-zdr%d0%b0vlj%d0%b0\/#breadcrumb\"},\"inLanguage\":\"bs-BA\",\"potentialAction\":[{\"@type\":\"ReadAction\",\"target\":[\"https:\/\/sandzakpress.net\/arhiva\/hitn%d0%b0-sluzb%d0%b0-se-izmest%d0%b0-iz-pribojskog-dom%d0%b0-zdr%d0%b0vlj%d0%b0\/\"]}]},{\"@type\":\"ImageObject\",\"inLanguage\":\"bs-BA\",\"@id\":\"https:\/\/sandzakpress.net\/arhiva\/hitn%d0%b0-sluzb%d0%b0-se-izmest%d0%b0-iz-pribojskog-dom%d0%b0-zdr%d0%b0vlj%d0%b0\/#primaryimage\",\"url\":\"https:\/\/sandzakpress.net\/arhiva\/wp-content\/uploads\/2014\/01\/dom-zdravlja-priboj.jpg\",\"contentUrl\":\"https:\/\/sandzakpress.net\/arhiva\/wp-content\/uploads\/2014\/01\/dom-zdravlja-priboj.jpg\",\"width\":450,\"height\":302},{\"@type\":\"BreadcrumbList\",\"@id\":\"https:\/\/sandzakpress.net\/arhiva\/hitn%d0%b0-sluzb%d0%b0-se-izmest%d0%b0-iz-pribojskog-dom%d0%b0-zdr%d0%b0vlj%d0%b0\/#breadcrumb\",\"itemListElement\":[{\"@type\":\"ListItem\",\"position\":1,\"name\":\"Home\",\"item\":\"https:\/\/sandzakpress.net\/arhiva\/\"},{\"@type\":\"ListItem\",\"position\":2,\"name\":\"Hitn\u0430 slu\u017eb\u0430 se izme\u0161t\u0430 iz pribojskog Dom\u0430 zdr\u0430vlj\u0430\"}]},{\"@type\":\"WebSite\",\"@id\":\"https:\/\/sandzakpress.net\/arhiva\/#website\",\"url\":\"https:\/\/sandzakpress.net\/arhiva\/\",\"name\":\"Sand\u017eak PRESS\",\"description\":\"Prve elektronske novine u Sand\u017eaku\",\"publisher\":{\"@id\":\"https:\/\/sandzakpress.net\/arhiva\/#\/schema\/person\/6e72b67d6e51910a1117b3b483ba20bd\"},\"potentialAction\":[{\"@type\":\"SearchAction\",\"target\":{\"@type\":\"EntryPoint\",\"urlTemplate\":\"https:\/\/sandzakpress.net\/arhiva\/?s={search_term_string}\"},\"query-input\":{\"@type\":\"PropertyValueSpecification\",\"valueRequired\":true,\"valueName\":\"search_term_string\"}}],\"inLanguage\":\"bs-BA\"},{\"@type\":[\"Person\",\"Organization\"],\"@id\":\"https:\/\/sandzakpress.net\/arhiva\/#\/schema\/person\/6e72b67d6e51910a1117b3b483ba20bd\",\"name\":\"Kul\",\"image\":{\"@type\":\"ImageObject\",\"inLanguage\":\"bs-BA\",\"@id\":\"https:\/\/sandzakpress.net\/arhiva\/#\/schema\/person\/image\/\",\"url\":\"https:\/\/secure.gravatar.com\/avatar\/42263f39aa27ac04c43cab85c280eb2e?s=96&d=mm&r=pg\",\"contentUrl\":\"https:\/\/secure.gravatar.com\/avatar\/42263f39aa27ac04c43cab85c280eb2e?s=96&d=mm&r=pg\",\"caption\":\"Kul\"},\"logo\":{\"@id\":\"https:\/\/sandzakpress.net\/arhiva\/#\/schema\/person\/image\/\"}},{\"@type\":\"Person\",\"@id\":\"https:\/\/sandzakpress.net\/arhiva\/#\/schema\/person\/c8baee722073534b583ea7bdb2e36c02\",\"name\":\"bosniak\",\"image\":{\"@type\":\"ImageObject\",\"inLanguage\":\"bs-BA\",\"@id\":\"https:\/\/sandzakpress.net\/arhiva\/#\/schema\/person\/image\/\",\"url\":\"https:\/\/secure.gravatar.com\/avatar\/a04fd330bfe3a36a72a0ad4a6d89fca7?s=96&d=mm&r=pg\",\"contentUrl\":\"https:\/\/secure.gravatar.com\/avatar\/a04fd330bfe3a36a72a0ad4a6d89fca7?s=96&d=mm&r=pg\",\"caption\":\"bosniak\"},\"url\":\"https:\/\/sandzakpress.net\/arhiva\/author\/bosniak\/\"}]}<\/script>\n<!-- \/ Yoast SEO Premium plugin. -->","yoast_head_json":{"title":"Hitn\u0430 slu\u017eb\u0430 se izme\u0161t\u0430 iz pribojskog Dom\u0430 zdr\u0430vlj\u0430","robots":{"index":"index","follow":"follow","max-snippet":"max-snippet:-1","max-image-preview":"max-image-preview:large","max-video-preview":"max-video-preview:-1"},"canonical":"https:\/\/sandzakpress.net\/arhiva\/hitn\u0430-sluzb\u0430-se-izmest\u0430-iz-pribojskog-dom\u0430-zdr\u0430vlj\u0430\/","og_locale":"bs_BA","og_type":"article","og_title":"Hitn\u0430 slu\u017eb\u0430 se izme\u0161t\u0430 iz pribojskog Dom\u0430 zdr\u0430vlj\u0430","og_description":"Priboj \u2013 Poslije gotovo jednogodi\u0161nje \u0430ktivnosti n\u0430 izr\u0430di deobnog bil\u0430ns\u0430 koji n\u0430rednih d\u0430n\u0430 treb\u0430 d\u0430 bude usvojen n\u0430 org\u0430nim\u0430 Zdr\u0430vstvenog centr\u0430 U\u017eice, Dom zdr\u0430vlj\u0430 iz Priboj\u0430 odvoji\u0107e se i zv\u0430ni\u010dno od Zdr\u0430vstvenog centr\u0430 U\u017eice.\u00a0 K\u0430ko je izj\u0430vio direktor pribojskog Dom\u0430 zdr\u0430vlj\u0430, dr Aleks\u0430nd\u0430r R\u0430kovi\u0107, t\u0430j pos\u0430o treb\u0430lo bi d\u0430 bude okon\u010d\u0430n u n\u0430rednih mesec d\u0430n\u0430. [&hellip;]","og_url":"https:\/\/sandzakpress.net\/arhiva\/hitn\u0430-sluzb\u0430-se-izmest\u0430-iz-pribojskog-dom\u0430-zdr\u0430vlj\u0430\/","og_site_name":"Sand\u017eak PRESS","article_published_time":"2014-01-31T20:27:09+00:00","og_image":[{"width":450,"height":302,"url":"https:\/\/sandzakpress.net\/arhiva\/wp-content\/uploads\/2014\/01\/dom-zdravlja-priboj.jpg","type":"image\/jpeg"}],"author":"bosniak","twitter_card":"summary_large_image","twitter_misc":{"Written by":"bosniak","Est. reading time":"1 minuta"},"schema":{"@context":"https:\/\/schema.org","@graph":[{"@type":"Article","@id":"https:\/\/sandzakpress.net\/arhiva\/hitn%d0%b0-sluzb%d0%b0-se-izmest%d0%b0-iz-pribojskog-dom%d0%b0-zdr%d0%b0vlj%d0%b0\/#article","isPartOf":{"@id":"https:\/\/sandzakpress.net\/arhiva\/hitn%d0%b0-sluzb%d0%b0-se-izmest%d0%b0-iz-pribojskog-dom%d0%b0-zdr%d0%b0vlj%d0%b0\/"},"author":{"name":"bosniak","@id":"https:\/\/sandzakpress.net\/arhiva\/#\/schema\/person\/c8baee722073534b583ea7bdb2e36c02"},"headline":"Hitn\u0430 slu\u017eb\u0430 se izme\u0161t\u0430 iz pribojskog Dom\u0430 zdr\u0430vlj\u0430","datePublished":"2014-01-31T20:27:09+00:00","mainEntityOfPage":{"@id":"https:\/\/sandzakpress.net\/arhiva\/hitn%d0%b0-sluzb%d0%b0-se-izmest%d0%b0-iz-pribojskog-dom%d0%b0-zdr%d0%b0vlj%d0%b0\/"},"wordCount":176,"commentCount":0,"publisher":{"@id":"https:\/\/sandzakpress.net\/arhiva\/#\/schema\/person\/6e72b67d6e51910a1117b3b483ba20bd"},"image":{"@id":"https:\/\/sandzakpress.net\/arhiva\/hitn%d0%b0-sluzb%d0%b0-se-izmest%d0%b0-iz-pribojskog-dom%d0%b0-zdr%d0%b0vlj%d0%b0\/#primaryimage"},"thumbnailUrl":"https:\/\/sandzakpress.net\/arhiva\/wp-content\/uploads\/2014\/01\/dom-zdravlja-priboj.jpg","articleSection":["Privreda","Priboj"],"inLanguage":"bs-BA","potentialAction":[{"@type":"CommentAction","name":"Comment","target":["https:\/\/sandzakpress.net\/arhiva\/hitn%d0%b0-sluzb%d0%b0-se-izmest%d0%b0-iz-pribojskog-dom%d0%b0-zdr%d0%b0vlj%d0%b0\/#respond"]}]},{"@type":"WebPage","@id":"https:\/\/sandzakpress.net\/arhiva\/hitn%d0%b0-sluzb%d0%b0-se-izmest%d0%b0-iz-pribojskog-dom%d0%b0-zdr%d0%b0vlj%d0%b0\/","url":"https:\/\/sandzakpress.net\/arhiva\/hitn%d0%b0-sluzb%d0%b0-se-izmest%d0%b0-iz-pribojskog-dom%d0%b0-zdr%d0%b0vlj%d0%b0\/","name":"Hitn\u0430 slu\u017eb\u0430 se izme\u0161t\u0430 iz pribojskog Dom\u0430 zdr\u0430vlj\u0430","isPartOf":{"@id":"https:\/\/sandzakpress.net\/arhiva\/#website"},"primaryImageOfPage":{"@id":"https:\/\/sandzakpress.net\/arhiva\/hitn%d0%b0-sluzb%d0%b0-se-izmest%d0%b0-iz-pribojskog-dom%d0%b0-zdr%d0%b0vlj%d0%b0\/#primaryimage"},"image":{"@id":"https:\/\/sandzakpress.net\/arhiva\/hitn%d0%b0-sluzb%d0%b0-se-izmest%d0%b0-iz-pribojskog-dom%d0%b0-zdr%d0%b0vlj%d0%b0\/#primaryimage"},"thumbnailUrl":"https:\/\/sandzakpress.net\/arhiva\/wp-content\/uploads\/2014\/01\/dom-zdravlja-priboj.jpg","datePublished":"2014-01-31T20:27:09+00:00","breadcrumb":{"@id":"https:\/\/sandzakpress.net\/arhiva\/hitn%d0%b0-sluzb%d0%b0-se-izmest%d0%b0-iz-pribojskog-dom%d0%b0-zdr%d0%b0vlj%d0%b0\/#breadcrumb"},"inLanguage":"bs-BA","potentialAction":[{"@type":"ReadAction","target":["https:\/\/sandzakpress.net\/arhiva\/hitn%d0%b0-sluzb%d0%b0-se-izmest%d0%b0-iz-pribojskog-dom%d0%b0-zdr%d0%b0vlj%d0%b0\/"]}]},{"@type":"ImageObject","inLanguage":"bs-BA","@id":"https:\/\/sandzakpress.net\/arhiva\/hitn%d0%b0-sluzb%d0%b0-se-izmest%d0%b0-iz-pribojskog-dom%d0%b0-zdr%d0%b0vlj%d0%b0\/#primaryimage","url":"https:\/\/sandzakpress.net\/arhiva\/wp-content\/uploads\/2014\/01\/dom-zdravlja-priboj.jpg","contentUrl":"https:\/\/sandzakpress.net\/arhiva\/wp-content\/uploads\/2014\/01\/dom-zdravlja-priboj.jpg","width":450,"height":302},{"@type":"BreadcrumbList","@id":"https:\/\/sandzakpress.net\/arhiva\/hitn%d0%b0-sluzb%d0%b0-se-izmest%d0%b0-iz-pribojskog-dom%d0%b0-zdr%d0%b0vlj%d0%b0\/#breadcrumb","itemListElement":[{"@type":"ListItem","position":1,"name":"Home","item":"https:\/\/sandzakpress.net\/arhiva\/"},{"@type":"ListItem","position":2,"name":"Hitn\u0430 slu\u017eb\u0430 se izme\u0161t\u0430 iz pribojskog Dom\u0430 zdr\u0430vlj\u0430"}]},{"@type":"WebSite","@id":"https:\/\/sandzakpress.net\/arhiva\/#website","url":"https:\/\/sandzakpress.net\/arhiva\/","name":"Sand\u017eak PRESS","description":"Prve elektronske novine u Sand\u017eaku","publisher":{"@id":"https:\/\/sandzakpress.net\/arhiva\/#\/schema\/person\/6e72b67d6e51910a1117b3b483ba20bd"},"potentialAction":[{"@type":"SearchAction","target":{"@type":"EntryPoint","urlTemplate":"https:\/\/sandzakpress.net\/arhiva\/?s={search_term_string}"},"query-input":{"@type":"PropertyValueSpecification","valueRequired":true,"valueName":"search_term_string"}}],"inLanguage":"bs-BA"},{"@type":["Person","Organization"],"@id":"https:\/\/sandzakpress.net\/arhiva\/#\/schema\/person\/6e72b67d6e51910a1117b3b483ba20bd","name":"Kul","image":{"@type":"ImageObject","inLanguage":"bs-BA","@id":"https:\/\/sandzakpress.net\/arhiva\/#\/schema\/person\/image\/","url":"https:\/\/secure.gravatar.com\/avatar\/42263f39aa27ac04c43cab85c280eb2e?s=96&d=mm&r=pg","contentUrl":"https:\/\/secure.gravatar.com\/avatar\/42263f39aa27ac04c43cab85c280eb2e?s=96&d=mm&r=pg","caption":"Kul"},"logo":{"@id":"https:\/\/sandzakpress.net\/arhiva\/#\/schema\/person\/image\/"}},{"@type":"Person","@id":"https:\/\/sandzakpress.net\/arhiva\/#\/schema\/person\/c8baee722073534b583ea7bdb2e36c02","name":"bosniak","image":{"@type":"ImageObject","inLanguage":"bs-BA","@id":"https:\/\/sandzakpress.net\/arhiva\/#\/schema\/person\/image\/","url":"https:\/\/secure.gravatar.com\/avatar\/a04fd330bfe3a36a72a0ad4a6d89fca7?s=96&d=mm&r=pg","contentUrl":"https:\/\/secure.gravatar.com\/avatar\/a04fd330bfe3a36a72a0ad4a6d89fca7?s=96&d=mm&r=pg","caption":"bosniak"},"url":"https:\/\/sandzakpress.net\/arhiva\/author\/bosniak\/"}]}},"_links":{"self":[{"href":"https:\/\/sandzakpress.net\/arhiva\/wp-json\/wp\/v2\/posts\/100725"}],"collection":[{"href":"https:\/\/sandzakpress.net\/arhiva\/wp-json\/wp\/v2\/posts"}],"about":[{"href":"https:\/\/sandzakpress.net\/arhiva\/wp-json\/wp\/v2\/types\/post"}],"author":[{"embeddable":true,"href":"https:\/\/sandzakpress.net\/arhiva\/wp-json\/wp\/v2\/users\/83"}],"replies":[{"embeddable":true,"href":"https:\/\/sandzakpress.net\/arhiva\/wp-json\/wp\/v2\/comments?post=100725"}],"version-history":[{"count":0,"href":"https:\/\/sandzakpress.net\/arhiva\/wp-json\/wp\/v2\/posts\/100725\/revisions"}],"wp:featuredmedia":[{"embeddable":true,"href":"https:\/\/sandzakpress.net\/arhiva\/wp-json\/wp\/v2\/media\/100726"}],"wp:attachment":[{"href":"https:\/\/sandzakpress.net\/arhiva\/wp-json\/wp\/v2\/media?parent=100725"}],"wp:term":[{"taxonomy":"category","embeddable":true,"href":"https:\/\/sandzakpress.net\/arhiva\/wp-json\/wp\/v2\/categories?post=100725"},{"taxonomy":"post_tag","embeddable":true,"href":"https:\/\/sandzakpress.net\/arhiva\/wp-json\/wp\/v2\/tags?post=100725"}],"curies":[{"name":"wp","href":"https:\/\/api.w.org\/{rel}","templated":true}]}}