{"id":100672,"date":"2014-01-31T10:24:18","date_gmt":"2014-01-31T09:24:18","guid":{"rendered":"https:\/\/sandzakpress.net\/arhiva\/?p=100672"},"modified":"2014-01-31T10:25:03","modified_gmt":"2014-01-31T09:25:03","slug":"zasto-se-danasnja-omladina-udaljila-od-uleme","status":"publish","type":"post","link":"https:\/\/sandzakpress.net\/arhiva\/zasto-se-danasnja-omladina-udaljila-od-uleme\/","title":{"rendered":"Za\u0161to se dana\u0161nja omladina udaljila od uleme?"},"content":{"rendered":"<p style=\"text-align: left;\"><img loading=\"lazy\" decoding=\"async\" class=\"aligncenter\" alt=\"\" src=\"http:\/\/www.wallpixy.com\/wp-content\/uploads\/love-islam-hd-beautiful-islamic-top-beautiful-1024x640.jpg\" width=\"737\" height=\"461\" \/>Ovdje je nu\u017eno da ka\u017eemo: da su se neki mladi\u0107i okrenuli knjigama zato \u0161to su izgubili povjerenje u ve\u0107inu onih koji se bave naukom, a naro\u010dito u one koji su bliski vlasti. Takvi su u o\u010dima ovih mladi\u0107a <strong>sumnjivi,<\/strong> jer oni sura\u0111uju s njima, iako znaju da ne vladaju po Allahovom zakonu. Ne zadovoljavaju se time \u0161to \u0161ute i \u0161to ne smiju da ka\u017eu silniku &#8211; silni\u010de, ve\u0107 mu tepaju i govore: \u201dTi si najpravedniji i najuzvi\u0161eniji heroj! Pa kamo sre\u0107e, kada su pre\u0161utili istinu, da ne govore la\u017e. Zato je bilo nu\u017eno da su ti mladi\u0107i shvatili da su mrtvi vjerodostojniji i povjerljiviji od \u017eivih, i zbog toga su se okrenuli njihovim knjigama i crpili znanje, iz njih, bez posrednika.<\/p>\n<div>\n<p>Rekao sam jednom od ovih mladi\u0107a: \u201dDu\u017enost \u00a0vam je da uzimate znanje od alima i da ih pitate o onome \u0161to ne znate.\u201d<\/p>\n<p>Rekao mi je: \u201cGdje da na\u0111emo ulemu u \u010diju vjeru i znanje smo sigurni? Mi nailazimo samo na ulemu koja slu\u017ei vladare. Kada vladari \u017eele ne\u0161to da im dozvole oni to dozvole, a kad \u017eele da ne\u0161to u\u010dine zabranjenim, oni to zabrane. Ako je vladar socijalista, blagoslovi socijalizam i dokazuju da je od islama. Ako je feudalista hvali feudalizam i nalazi mu opravdanje u islamu. To je ulema koja kada njihov vladar \u017eeli rat oni ka\u017eu da mir postaje poku\u0111en i zabranjen. Kada se promijeni njihova politika i po\u017eeli mir, izdaju se fetve da se ta promjena opravda i podr\u017ei.\u00a0<strong>\u201cJedne godine ga progla\u0161avaju obi\u010dnim, a druge godine ga smatraju svetim.\u201d\u00a0<\/strong>(Et-Tevbe, 37)<\/p>\n<p>To je ulema koja je izjedna\u010dila crkvu i d\u017eamiju, idolopokloni\u010dku Indiju sa islamskim Pakistanom!\u201d Rekao sam mu: \u201cNe mo\u017eemo optu\u017eivati sve zbog grijeha samo nekih, niti mo\u017eemo zamjeriti dobrima zbog propusta lo\u0161ih.<\/p>\n<p>Od uleme postoje i takvi koji su odbili la\u017e, suprostavili se nasilju. Ima i takvih koji su odbili da se povinuju tiranima. Ima i onih koji su se suprotstavili uprkos o\u0161trim prijetnjama, koji su podnosili mu\u010denje, i bili strpljivi na isku\u0161enjima. Sa zadovoljstvom su prihvatili zatvore i mu\u010denja , \u010dak pokazali spremnost da \u017ertvuju i \u017eivot na Allahovom putu, i nisu prihvatili trgovinu sa vjerom niti omalova\u017eavanje akideta.\u201d<\/p>\n<\/div>\n<div>\n<p>Mladi\u0107 je rekao: \u201cNe negiram to, ali lo\u0161i su li, koji su ugledni velikani, odgovorne vode, u \u010dijim rukama je fetva, usmjeravanje i rukovo\u0111enje.\u201d<\/p>\n<p>Nema sumnje u to da je omladina u ve\u0107ini slu\u010dajeva u pravu u onome \u0161to tvrdi. Mnoga \u201cvelika ulema\u201d postala je sredstvo u rukama vladara kada pristaje da ka\u017ee ono \u0161to vladar \u017eeli i da pre\u0161uti kada to vladari \u017eele. Onaj ko pre\u0161uti istinu isti je kao i onaj koji govori neistinu, obojica su \u0161ejtani.<\/p>\n<p>Jednom je jedan poznati u\u010denjak pozvan da u\u010destuje u televizijskoj emisiji u nekoj zemlji, tema emisije je bila stav islama o ograni\u010denju potomstva\u201d Voditelj ove emisije je bio uveliko iznena\u0111en kada ga je ovaj alim upitao: \u201cJe Ii ova emisija ima za cilj da podr\u017ei ili osudi ograni\u010denje potomstva kako bi se mogao na odgovaraju\u0107i na\u010din pripremiti?\u201d<\/p>\n<p>Allah se smilovao klasi\u010dnoj ulemi kada je neko od njih rekao pa\u0161i: \u201cUistinu, onaj koji pru\u017ea noge, ne pru\u017ea ruke!\u201d<\/p>\n<p>Kamo sre\u0107e da kada se umanjila bogobojaznost kod ove uleme, da im se zauzvrat pove\u0107alo znanje i shvatanje. Na\u017ealost, to se nije desilo.<\/p>\n<p>Mnogi od ovih mladi\u0107a \u017eeljni znanja o svojoj vjeri imali su kontakta sa mnogom ulemom, poznat im po hutbama i pisanim djelima, ali nisu kod njih na\u0161li duhovna znanja o Kur\u2019anu i sunnetu. Znanje koje su kod njih na\u0161li, nije lije\u010dilo bolest niti gasilo \u017ee\u0111.<\/p>\n<p>Jedan od takve uleme je jednim novinama napisao kako nema kamate u odnosima vlade i njenih podanika. Njegov agument za to je, kako mu se u\u010dinilo da to niko nije rekao od klasi\u010dne uleme &#8211; analogija &#8211; kako on tvrdi da nema kamate izme\u0111u oca i sina. Ovo je opre\u010dno mi\u0161ljenje me\u0111u ulemom, i nije ustanovljeno tekstom niti koncenzusom, pa kako se mo\u017ee smatrati osnovom na koju se pravi analogija.\u201d<\/p>\n<p>Omladina je bila u pravu, kada se razo\u010darala u ovakvu ulemu, koja nema ni znanje ni pobo\u017enosti.<\/p>\n<p>Me\u0111u njima su na\u0161li i one koji dokazuju sa la\u017enim hadisima a odbacuju vjerodostojne hadise. Vidjeli su i takvih, koji dokazuju sa israilijatima i uzimaju argumnte iz snova, u \u010dijim glavama su samo pri\u010de i hikaje.<\/p>\n<p>Vidjeli su one koji brane ra\u0161irene novotarije a odbacuju potvr\u0111ene sunete dodvoravaju\u0107i se tako po\u017eudama masa i strastima odabranih, ne okre\u0107u\u0107i se znanju, najja\u010dem temelju. Zbog toga je omladina digla ruke od njih, i izgubila povjerenje u ono \u0161to ta ulema govori i radi.<\/p>\n<p>\u010cak i neka ulema koja je imala lijep ugled kod omladine pali su u grijeh podr\u0161ke vladaru, kojeg su mu namjestila vje\u0161ta informativna sredstva, \u017eestoko osu\u0111uju\u0107i omladinu, ne saslu\u0161avaju\u0107i njihovu odbranu i ne upoznavaju\u0107i su\u0161tinu njihovih stavova.<\/p>\n<p>Dovoljno je da navedemo jedan primjer, kada je jedan od poznate uleme, osvr\u0107u\u0107i se na ono \u0161to se desilo omladini islamskog pokreta u Egiptu, nakon zale\u0111ivanja njihove aktivnosti, hap\u0161enja velikog broja i njihovog dovo\u0111enja na su\u0111enje, rekao: \u201cDa su ovi mladi\u0107i istinski pomaga\u010di islama ne bi ih Allah ovako ponizio&#8230; Da su bili stvarni pomaga\u010di islama, i da je Allah zadovoljan onim o \u010demu su razmi\u0161ljali i sa onim \u0161to su smjerali, ne bi mogla nijedna sila ni policija ni vojska stati ispred njih. Me\u0111utim, po\u0161to oni nisu takvi, Allah ih je porazio prije nego \u0161to su to u\u010dinili i ljudi.\u201d<\/p>\n<\/div>\n<div>\n<p>Ovo je \u0161ejh rekao da bi potvrdio pravilo, koje se uzima kao mjerilo za spoznaju onog ko je u pravu a ko to nije. Na osnovu toga ko bude pora\u017een i poni\u017een to upu\u0107uje da nije bio u pravu, jer ga Allah nije pomogao. A kome bude pobjeda i uspjeh saveznici, to upu\u0107uje da je on u pravu. Ovakvo mi\u0161ljenje je neprihvatljivo \u0161eriatski i ne\u0161eriatski, jer pobjeda ima svoje uzroke i \u0161artove. Ponekad svi nisu ispunjeni kod onog ko je pravu, i zato izostane pobjeda&#8230; A ponekad se onome ko nije u pravu, ispune svi uvjeti koji mu omogu\u0107uju da uspije do odre\u0111enog vremena&#8230; koje mo\u017ee biti kratko ili dugo. Koliko smo samo vidjeli \u00a0u \u00a0na\u0161e vrijeme da propagatori neistine \u00a0pobje\u0111uju dok su propagatori istine izlo\u017eeni neuspjehu i porazu. Razlog za to jest \u0161to su svjetske sile bile sa prvim a protiv drugih. Pred nama je Izrael, jasan dokaz za ovo \u0161to ka\u017eemo.<\/p>\n<p>Ko od nas ne zna kako je muslimanski turski narod satran pod vodstvom svoje uleme, od strane Ataturkovog nasilja i njegovih \u010deta?<\/p>\n<p>Kako je protjeran islam iz zemlje hilafeta, i kako je silom nametnut bezbo\u017eni\u010dki sekularizam turskom narodu?<\/p>\n<p><strong>Pa ko je od njih bio u pravu, a ko nije?<\/strong><\/p>\n<p>U bliskoj pro\u0161losti, u nekim islamskim zemljama, poubijana je ulema, spaljena vatrom jer su se suproslavili zakonu koji se odnosi na porodi\u010dne probleme. Taj zakon vlada je htjela nametnuti muslimanskom narodu. \u00a0Suprostavljao se \u0161eriatu, dozvoljavao \u0161to je Allah zabranio, a zabranjivao \u0161to je Allah dozvolio i poni\u0161tavao je Allahove naredbe. Kada je ulema takvom zakonu rekla NE! Njihova kazna za to bila jesmrt, kako bi bili pouka drugima da niko vi\u0161e ne digne \u00a0glavu niti \u00a0se suprostavi.<\/p>\n<p>Nasilni\u010dka vlast je pobjedila, glas uleme je za\u0161ulio, a s njima i glas naroda, pa da li je ta vlast bila na istini, a ulema na neistini?<\/p>\n<p>U drugoj islamskoj dr\u017eavi, nevjerni\u010dka manjina vlada nad muslimanskom ve\u0107inom odvode\u0107i hiljade muslimana i muslimanki u zatvor, da bi zanijemio svaki glas i uhvatio se svaki neposlu\u0161ni. Niko ne smije ni da upita: &#8220;Kako?&#8221; i &#8220;Za\u0161to&#8221;?, a kamoli &#8220;NE&#8221;. Pa kada zatvori postanu pretijesni smanjuju njihov broj \u00a0mitraljezima uperenim u njihova prsa. Kada primjete \u00a0neke muslimane, da se ne boje smrti na njima primjenjuju druge na\u010dine da bi ih pokorili i ponizili, metode koje nisu primjenjivali ni D\u017eingiz Kan niti \u00a0niti drugi historijski tirani i krvnici. Napadali bi na njihovu \u010dast pred njihovim o\u010devima.<\/p>\n<p>Allahu koliko je samo nevine krvi proljeveno, koliko je samo nevinih \u010dasti naru\u0161eno, koliko Ii je svetosti naru\u0161eno, koliko li je poznatih d\u017eamija \u00a0sru\u0161eno, koliko li je skupocjenih imetaka ukradeno,nastanjenih ku\u0107a razoreno, gradova na njihove stanovnike poru\u0161eno? Koliko li je ubijenih, protjeranih ljudi, \u017eena i djece koji nisu mogli sami sebi pomo\u0107i niti su znali gdje oti\u0107i.<\/p>\n<p>Koliko li nevine djece, u najljep\u0161oj dobi i one koja jo\u0161 ne raspoznaju, koliko je njih koji ne znaju koje su porodice niti ko su im o\u010devi i majke. Zbog ovog i izgara srce od \u017ealosti. Ako u srcu ima imana i islama!<\/p>\n<p>Pora\u017een je muslimanski narod pred tiranijom i nasiljem. I u drugim historijskim periodima da\u0161avalo se ovo. Pobje\u0111en je Poslanikov unuk Husejn b. Alija r.a., pred vojskom Ibn Zijada Jezidova namjesnika. Omejevi\u0107ka dr\u017eava je trajala desetinama godina, a da poslani\u010dka porodica u hilafetu nije imala nikakva udjela, sve do uspostavljanja Abasijske dr\u017eave koju su uspostavili Poslanikovi amid\u017ei\u0107i.<\/p>\n<p><strong>Ho\u0107emo li iz ovoga uzeti da je Jezid bio upravu, a Husejin nije?<\/strong><\/p>\n<p>Kasnije, nakon toga, pora\u017een je hrabri alim i vojskovo\u0111a Abdullah b. Zubejr, jedan od \u010detvorice Ah\u0111ullaha, pred vojskom Had\u017ead\u017ea, Emevijskog silnika, nakon \u0161to je ostao u Hid\u017eazu i njegovoj okolini, nekoliko godina progla\u0161avaju\u0107i sebe halifom i emirom vjernika.<\/p>\n<p>Nakon Ibn Zubejra Had\u017ead\u017e je uni\u0161tio vojskovo\u0111u Ahurrahmana bin El-E\u0161\u2018asa i grupu velikih u\u010denjaka koji su bili s njim, kao Seid b. D\u017eubejr, \u0160a\u2019bi,&#8230; i dr. Uni\u0161io ih je silnik Had\u017ead\u017e, a mnogi su poput Seid b. D\u017eubejra ubijeni \u00a0iako je on bio onaj za kog je imam Ahmed rekao: \u201cUbijen je Seid, a na zemlji nema nijednog muslimana, a da mu nije potrebno njegovo znanje.\u201d<\/p>\n<\/div>\n<p>Spomenimo ovdje i ono \u0161to su izjavili neki muslimani, nakon \u0161to su bili otkriveni u borbi protiv neprijatelja. \u201cTako mi Allaha, kada bi nas izjele divlje \u017eivotinje ili nas rastrgale ptice, ni tada ne bismo posumnjali, da ste vi na neistini a mi na istini.\u201d<\/p>\n<p>Abdullah ibn Zubejr rekao je kada je bio opkoljen sa svojim malobrojnim saveznicima: \u201cTako mi Allaha, onaj ko je na istini ne mo\u017ee biti poni\u017een \u010dak kada bi se svi oni koji su na Zemlji digli protiv njega. A tako mi Allaha ne mo\u017ee biti ugledan onaj ko je na neistini, \u010dak kad bi mu mjesec sijao na \u010delu. Kur\u2019an govori o nekoliko poslanika koje su ublili njihovi neprijatelji, kao \u0161to to Uzvi\u0161eni veli u Svom obra\u0107anju Beni Israeli\u0107anima:<strong>\u00a0\u201cI kad god vam je koji poslanik donio ono \u0161to nije godilo du\u0161ama va\u0161im, vi ste se oholili, pa ste jedne u la\u017e utjerali a druge ubili.\u201d (El- Bekare 87)<\/strong><\/p>\n<p>Od poslanika koji su ubijeni su Zekerijah i njegov sin Jahja a.s. Da li je ubistvo ovih poslanika i prevlast njihovih neprijatelja na njima dokaz da oni nisu bili u pravu u onome \u010demu su pozivali?<\/p>\n<p>U Kur\u2019anu tako\u0111er, \u00a0\u010ditamo pri\u010du o onima koji su rovove iskopali i u njima vatru potpalili, a zatim u nju grupu vjernika bacili. Oni su sjedili do vatre nasla\u0111uju\u0107i se gledanjem u njen plamen koji je spaljivao iskrene vjernike:\u00a0<strong>\u201cA svetili su im se samo zato \u0161to su u Allaha, Silnog, hvale dostojnog vjerovali.\u201d (El-Burud\u017e, 8)<\/strong><\/p>\n<p><strong>Pa da li su ovi nasilnici bili na istini jer su oni poubijali nejake vjernike i potpuno ih uni\u0161tili?<\/strong><\/p>\n<p>Pa zar su ovi vjernici bili na neistini, zato \u0161to je njihov kraj na dunjaluku bio uni\u0161tenje i nestanak.<\/p>\n<p>Uistinu, rezonovanje doti\u010dnog \u0161ejha je aspoluino neprihvatljivo. Ne znam kako je \u0161ejh zaboravio Allahove propise i zakone kod isku\u0161enja vjernika i zavo\u0111enju nevjernika. Uzvi\u0161eni Allah d\u017e.\u0161., veli:\u00a0<strong>\u201cMisle li ljudi da \u0107e biti ostavljeni na miru ako ka\u017eu:\u00a0<sup>1<\/sup>\u00a0Mi vjerujemo!\u201d I da u isku\u0161enje ne\u0107e biti dovedeni? A Mi smo na isku\u0161enja dovodili i one prije njih da bi Allah sigurno ukazao na one koji govore istinu i na one koji la\u017eu.\u201d(El Ankebut, 1-3)<\/strong><\/p>\n<p>A poslije bitke na Uhudu, nakon \u0161to su muslimani razbijeni Uzvi\u0161eni veli:\u00a0<strong>\u201cAko vi dopadate rana, i drugi rana dopadaju. A u ovim danima Mi dajemo pobjedu sad jednima, a sad drugima, da bi Allah ukazao na one koji vjeruju i odabrao neke od vas kao \u0161ehide. A Allah ne voli nevjernike i da bi vjernike o\u010distio, a nevernike uni\u0161tio.\u201d (Ali Imran, 140-141)<\/strong>\u00a0A o drugima Allah veli:<strong>\u00a0\u201cZato ostavi Mene i one koji govor pori\u010du. Mi \u0107emo im postepeno odakle se i ne nadaju patnji pribli\u017eavati.\u201d (El-Kamer, 44)<\/strong><\/p>\n<p><strong>Pi\u0161e: dr. Jusuf Karadavi<\/strong><\/p>\n<p>Odlomak iz knjige:\u00a0&#8220;Islamski preporod izme\u0111u anarhije i ekstremizma&#8221;<\/p>\n<p>Prijevod:\u00a0Sulejman Topoljak<\/p>\n<p>&nbsp;<\/p>\n<p>Izvor: <strong>akos.ba<\/strong><\/p>\n","protected":false},"excerpt":{"rendered":"<p>Islam<\/p>\n","protected":false},"author":125,"featured_media":100673,"comment_status":"open","ping_status":"open","sticky":false,"template":"","format":"standard","meta":{"footnotes":""},"categories":[10429],"tags":[],"class_list":{"0":"post-100672","1":"post","2":"type-post","3":"status-publish","4":"format-standard","5":"has-post-thumbnail","7":"category-vazno"},"yoast_head":"<!-- This site is optimized with the Yoast SEO Premium plugin v23.1 (Yoast SEO v24.9) - https:\/\/yoast.com\/wordpress\/plugins\/seo\/ -->\n<title>Za\u0161to se dana\u0161nja omladina udaljila od uleme?<\/title>\n<meta name=\"robots\" content=\"index, follow, max-snippet:-1, max-image-preview:large, max-video-preview:-1\" \/>\n<link rel=\"canonical\" href=\"https:\/\/sandzakpress.net\/arhiva\/zasto-se-danasnja-omladina-udaljila-od-uleme\/\" \/>\n<meta property=\"og:locale\" content=\"bs_BA\" \/>\n<meta property=\"og:type\" content=\"article\" \/>\n<meta property=\"og:title\" content=\"Za\u0161to se dana\u0161nja omladina udaljila od uleme?\" \/>\n<meta property=\"og:description\" content=\"Islam\" \/>\n<meta property=\"og:url\" content=\"https:\/\/sandzakpress.net\/arhiva\/zasto-se-danasnja-omladina-udaljila-od-uleme\/\" \/>\n<meta property=\"og:site_name\" content=\"Sand\u017eak PRESS\" \/>\n<meta property=\"article:published_time\" content=\"2014-01-31T09:24:18+00:00\" \/>\n<meta property=\"article:modified_time\" content=\"2014-01-31T09:25:03+00:00\" \/>\n<meta property=\"og:image\" content=\"https:\/\/sandzakpress.net\/arhiva\/wp-content\/uploads\/2014\/01\/love-islam-hd-beautiful-islamic-top-beautiful-1024x640.jpg\" \/>\n\t<meta property=\"og:image:width\" content=\"1024\" \/>\n\t<meta property=\"og:image:height\" content=\"640\" \/>\n\t<meta property=\"og:image:type\" content=\"image\/jpeg\" \/>\n<meta name=\"author\" content=\"Korektor\" \/>\n<meta name=\"twitter:card\" content=\"summary_large_image\" \/>\n<meta name=\"twitter:label1\" content=\"Written by\" \/>\n\t<meta name=\"twitter:data1\" content=\"Korektor\" \/>\n\t<meta name=\"twitter:label2\" content=\"Est. reading time\" \/>\n\t<meta name=\"twitter:data2\" content=\"11 minuta\" \/>\n<script type=\"application\/ld+json\" class=\"yoast-schema-graph\">{\"@context\":\"https:\/\/schema.org\",\"@graph\":[{\"@type\":\"Article\",\"@id\":\"https:\/\/sandzakpress.net\/arhiva\/zasto-se-danasnja-omladina-udaljila-od-uleme\/#article\",\"isPartOf\":{\"@id\":\"https:\/\/sandzakpress.net\/arhiva\/zasto-se-danasnja-omladina-udaljila-od-uleme\/\"},\"author\":{\"name\":\"Korektor\",\"@id\":\"https:\/\/sandzakpress.net\/arhiva\/#\/schema\/person\/b71f9565a8a6ce38c0200f1cf59c368c\"},\"headline\":\"Za\u0161to se dana\u0161nja omladina udaljila od uleme?\",\"datePublished\":\"2014-01-31T09:24:18+00:00\",\"dateModified\":\"2014-01-31T09:25:03+00:00\",\"mainEntityOfPage\":{\"@id\":\"https:\/\/sandzakpress.net\/arhiva\/zasto-se-danasnja-omladina-udaljila-od-uleme\/\"},\"wordCount\":2242,\"commentCount\":0,\"publisher\":{\"@id\":\"https:\/\/sandzakpress.net\/arhiva\/#\/schema\/person\/6e72b67d6e51910a1117b3b483ba20bd\"},\"image\":{\"@id\":\"https:\/\/sandzakpress.net\/arhiva\/zasto-se-danasnja-omladina-udaljila-od-uleme\/#primaryimage\"},\"thumbnailUrl\":\"https:\/\/sandzakpress.net\/arhiva\/wp-content\/uploads\/2014\/01\/love-islam-hd-beautiful-islamic-top-beautiful-1024x640.jpg\",\"articleSection\":[\"VA\u017dNO!\"],\"inLanguage\":\"bs-BA\",\"potentialAction\":[{\"@type\":\"CommentAction\",\"name\":\"Comment\",\"target\":[\"https:\/\/sandzakpress.net\/arhiva\/zasto-se-danasnja-omladina-udaljila-od-uleme\/#respond\"]}]},{\"@type\":\"WebPage\",\"@id\":\"https:\/\/sandzakpress.net\/arhiva\/zasto-se-danasnja-omladina-udaljila-od-uleme\/\",\"url\":\"https:\/\/sandzakpress.net\/arhiva\/zasto-se-danasnja-omladina-udaljila-od-uleme\/\",\"name\":\"Za\u0161to se dana\u0161nja omladina udaljila od uleme?\",\"isPartOf\":{\"@id\":\"https:\/\/sandzakpress.net\/arhiva\/#website\"},\"primaryImageOfPage\":{\"@id\":\"https:\/\/sandzakpress.net\/arhiva\/zasto-se-danasnja-omladina-udaljila-od-uleme\/#primaryimage\"},\"image\":{\"@id\":\"https:\/\/sandzakpress.net\/arhiva\/zasto-se-danasnja-omladina-udaljila-od-uleme\/#primaryimage\"},\"thumbnailUrl\":\"https:\/\/sandzakpress.net\/arhiva\/wp-content\/uploads\/2014\/01\/love-islam-hd-beautiful-islamic-top-beautiful-1024x640.jpg\",\"datePublished\":\"2014-01-31T09:24:18+00:00\",\"dateModified\":\"2014-01-31T09:25:03+00:00\",\"breadcrumb\":{\"@id\":\"https:\/\/sandzakpress.net\/arhiva\/zasto-se-danasnja-omladina-udaljila-od-uleme\/#breadcrumb\"},\"inLanguage\":\"bs-BA\",\"potentialAction\":[{\"@type\":\"ReadAction\",\"target\":[\"https:\/\/sandzakpress.net\/arhiva\/zasto-se-danasnja-omladina-udaljila-od-uleme\/\"]}]},{\"@type\":\"ImageObject\",\"inLanguage\":\"bs-BA\",\"@id\":\"https:\/\/sandzakpress.net\/arhiva\/zasto-se-danasnja-omladina-udaljila-od-uleme\/#primaryimage\",\"url\":\"https:\/\/sandzakpress.net\/arhiva\/wp-content\/uploads\/2014\/01\/love-islam-hd-beautiful-islamic-top-beautiful-1024x640.jpg\",\"contentUrl\":\"https:\/\/sandzakpress.net\/arhiva\/wp-content\/uploads\/2014\/01\/love-islam-hd-beautiful-islamic-top-beautiful-1024x640.jpg\",\"width\":1024,\"height\":640},{\"@type\":\"BreadcrumbList\",\"@id\":\"https:\/\/sandzakpress.net\/arhiva\/zasto-se-danasnja-omladina-udaljila-od-uleme\/#breadcrumb\",\"itemListElement\":[{\"@type\":\"ListItem\",\"position\":1,\"name\":\"Home\",\"item\":\"https:\/\/sandzakpress.net\/arhiva\/\"},{\"@type\":\"ListItem\",\"position\":2,\"name\":\"Za\u0161to se dana\u0161nja omladina udaljila od uleme?\"}]},{\"@type\":\"WebSite\",\"@id\":\"https:\/\/sandzakpress.net\/arhiva\/#website\",\"url\":\"https:\/\/sandzakpress.net\/arhiva\/\",\"name\":\"Sand\u017eak PRESS\",\"description\":\"Prve elektronske novine u Sand\u017eaku\",\"publisher\":{\"@id\":\"https:\/\/sandzakpress.net\/arhiva\/#\/schema\/person\/6e72b67d6e51910a1117b3b483ba20bd\"},\"potentialAction\":[{\"@type\":\"SearchAction\",\"target\":{\"@type\":\"EntryPoint\",\"urlTemplate\":\"https:\/\/sandzakpress.net\/arhiva\/?s={search_term_string}\"},\"query-input\":{\"@type\":\"PropertyValueSpecification\",\"valueRequired\":true,\"valueName\":\"search_term_string\"}}],\"inLanguage\":\"bs-BA\"},{\"@type\":[\"Person\",\"Organization\"],\"@id\":\"https:\/\/sandzakpress.net\/arhiva\/#\/schema\/person\/6e72b67d6e51910a1117b3b483ba20bd\",\"name\":\"Kul\",\"image\":{\"@type\":\"ImageObject\",\"inLanguage\":\"bs-BA\",\"@id\":\"https:\/\/sandzakpress.net\/arhiva\/#\/schema\/person\/image\/\",\"url\":\"https:\/\/secure.gravatar.com\/avatar\/42263f39aa27ac04c43cab85c280eb2e?s=96&d=mm&r=pg\",\"contentUrl\":\"https:\/\/secure.gravatar.com\/avatar\/42263f39aa27ac04c43cab85c280eb2e?s=96&d=mm&r=pg\",\"caption\":\"Kul\"},\"logo\":{\"@id\":\"https:\/\/sandzakpress.net\/arhiva\/#\/schema\/person\/image\/\"}},{\"@type\":\"Person\",\"@id\":\"https:\/\/sandzakpress.net\/arhiva\/#\/schema\/person\/b71f9565a8a6ce38c0200f1cf59c368c\",\"name\":\"Korektor\",\"image\":{\"@type\":\"ImageObject\",\"inLanguage\":\"bs-BA\",\"@id\":\"https:\/\/sandzakpress.net\/arhiva\/#\/schema\/person\/image\/\",\"url\":\"https:\/\/secure.gravatar.com\/avatar\/ae3388ff9b8eb74e0751a069466905f6?s=96&d=mm&r=pg\",\"contentUrl\":\"https:\/\/secure.gravatar.com\/avatar\/ae3388ff9b8eb74e0751a069466905f6?s=96&d=mm&r=pg\",\"caption\":\"Korektor\"},\"url\":\"https:\/\/sandzakpress.net\/arhiva\/author\/korektor\/\"}]}<\/script>\n<!-- \/ Yoast SEO Premium plugin. -->","yoast_head_json":{"title":"Za\u0161to se dana\u0161nja omladina udaljila od uleme?","robots":{"index":"index","follow":"follow","max-snippet":"max-snippet:-1","max-image-preview":"max-image-preview:large","max-video-preview":"max-video-preview:-1"},"canonical":"https:\/\/sandzakpress.net\/arhiva\/zasto-se-danasnja-omladina-udaljila-od-uleme\/","og_locale":"bs_BA","og_type":"article","og_title":"Za\u0161to se dana\u0161nja omladina udaljila od uleme?","og_description":"Islam","og_url":"https:\/\/sandzakpress.net\/arhiva\/zasto-se-danasnja-omladina-udaljila-od-uleme\/","og_site_name":"Sand\u017eak PRESS","article_published_time":"2014-01-31T09:24:18+00:00","article_modified_time":"2014-01-31T09:25:03+00:00","og_image":[{"width":1024,"height":640,"url":"https:\/\/sandzakpress.net\/arhiva\/wp-content\/uploads\/2014\/01\/love-islam-hd-beautiful-islamic-top-beautiful-1024x640.jpg","type":"image\/jpeg"}],"author":"Korektor","twitter_card":"summary_large_image","twitter_misc":{"Written by":"Korektor","Est. reading time":"11 minuta"},"schema":{"@context":"https:\/\/schema.org","@graph":[{"@type":"Article","@id":"https:\/\/sandzakpress.net\/arhiva\/zasto-se-danasnja-omladina-udaljila-od-uleme\/#article","isPartOf":{"@id":"https:\/\/sandzakpress.net\/arhiva\/zasto-se-danasnja-omladina-udaljila-od-uleme\/"},"author":{"name":"Korektor","@id":"https:\/\/sandzakpress.net\/arhiva\/#\/schema\/person\/b71f9565a8a6ce38c0200f1cf59c368c"},"headline":"Za\u0161to se dana\u0161nja omladina udaljila od uleme?","datePublished":"2014-01-31T09:24:18+00:00","dateModified":"2014-01-31T09:25:03+00:00","mainEntityOfPage":{"@id":"https:\/\/sandzakpress.net\/arhiva\/zasto-se-danasnja-omladina-udaljila-od-uleme\/"},"wordCount":2242,"commentCount":0,"publisher":{"@id":"https:\/\/sandzakpress.net\/arhiva\/#\/schema\/person\/6e72b67d6e51910a1117b3b483ba20bd"},"image":{"@id":"https:\/\/sandzakpress.net\/arhiva\/zasto-se-danasnja-omladina-udaljila-od-uleme\/#primaryimage"},"thumbnailUrl":"https:\/\/sandzakpress.net\/arhiva\/wp-content\/uploads\/2014\/01\/love-islam-hd-beautiful-islamic-top-beautiful-1024x640.jpg","articleSection":["VA\u017dNO!"],"inLanguage":"bs-BA","potentialAction":[{"@type":"CommentAction","name":"Comment","target":["https:\/\/sandzakpress.net\/arhiva\/zasto-se-danasnja-omladina-udaljila-od-uleme\/#respond"]}]},{"@type":"WebPage","@id":"https:\/\/sandzakpress.net\/arhiva\/zasto-se-danasnja-omladina-udaljila-od-uleme\/","url":"https:\/\/sandzakpress.net\/arhiva\/zasto-se-danasnja-omladina-udaljila-od-uleme\/","name":"Za\u0161to se dana\u0161nja omladina udaljila od uleme?","isPartOf":{"@id":"https:\/\/sandzakpress.net\/arhiva\/#website"},"primaryImageOfPage":{"@id":"https:\/\/sandzakpress.net\/arhiva\/zasto-se-danasnja-omladina-udaljila-od-uleme\/#primaryimage"},"image":{"@id":"https:\/\/sandzakpress.net\/arhiva\/zasto-se-danasnja-omladina-udaljila-od-uleme\/#primaryimage"},"thumbnailUrl":"https:\/\/sandzakpress.net\/arhiva\/wp-content\/uploads\/2014\/01\/love-islam-hd-beautiful-islamic-top-beautiful-1024x640.jpg","datePublished":"2014-01-31T09:24:18+00:00","dateModified":"2014-01-31T09:25:03+00:00","breadcrumb":{"@id":"https:\/\/sandzakpress.net\/arhiva\/zasto-se-danasnja-omladina-udaljila-od-uleme\/#breadcrumb"},"inLanguage":"bs-BA","potentialAction":[{"@type":"ReadAction","target":["https:\/\/sandzakpress.net\/arhiva\/zasto-se-danasnja-omladina-udaljila-od-uleme\/"]}]},{"@type":"ImageObject","inLanguage":"bs-BA","@id":"https:\/\/sandzakpress.net\/arhiva\/zasto-se-danasnja-omladina-udaljila-od-uleme\/#primaryimage","url":"https:\/\/sandzakpress.net\/arhiva\/wp-content\/uploads\/2014\/01\/love-islam-hd-beautiful-islamic-top-beautiful-1024x640.jpg","contentUrl":"https:\/\/sandzakpress.net\/arhiva\/wp-content\/uploads\/2014\/01\/love-islam-hd-beautiful-islamic-top-beautiful-1024x640.jpg","width":1024,"height":640},{"@type":"BreadcrumbList","@id":"https:\/\/sandzakpress.net\/arhiva\/zasto-se-danasnja-omladina-udaljila-od-uleme\/#breadcrumb","itemListElement":[{"@type":"ListItem","position":1,"name":"Home","item":"https:\/\/sandzakpress.net\/arhiva\/"},{"@type":"ListItem","position":2,"name":"Za\u0161to se dana\u0161nja omladina udaljila od uleme?"}]},{"@type":"WebSite","@id":"https:\/\/sandzakpress.net\/arhiva\/#website","url":"https:\/\/sandzakpress.net\/arhiva\/","name":"Sand\u017eak PRESS","description":"Prve elektronske novine u Sand\u017eaku","publisher":{"@id":"https:\/\/sandzakpress.net\/arhiva\/#\/schema\/person\/6e72b67d6e51910a1117b3b483ba20bd"},"potentialAction":[{"@type":"SearchAction","target":{"@type":"EntryPoint","urlTemplate":"https:\/\/sandzakpress.net\/arhiva\/?s={search_term_string}"},"query-input":{"@type":"PropertyValueSpecification","valueRequired":true,"valueName":"search_term_string"}}],"inLanguage":"bs-BA"},{"@type":["Person","Organization"],"@id":"https:\/\/sandzakpress.net\/arhiva\/#\/schema\/person\/6e72b67d6e51910a1117b3b483ba20bd","name":"Kul","image":{"@type":"ImageObject","inLanguage":"bs-BA","@id":"https:\/\/sandzakpress.net\/arhiva\/#\/schema\/person\/image\/","url":"https:\/\/secure.gravatar.com\/avatar\/42263f39aa27ac04c43cab85c280eb2e?s=96&d=mm&r=pg","contentUrl":"https:\/\/secure.gravatar.com\/avatar\/42263f39aa27ac04c43cab85c280eb2e?s=96&d=mm&r=pg","caption":"Kul"},"logo":{"@id":"https:\/\/sandzakpress.net\/arhiva\/#\/schema\/person\/image\/"}},{"@type":"Person","@id":"https:\/\/sandzakpress.net\/arhiva\/#\/schema\/person\/b71f9565a8a6ce38c0200f1cf59c368c","name":"Korektor","image":{"@type":"ImageObject","inLanguage":"bs-BA","@id":"https:\/\/sandzakpress.net\/arhiva\/#\/schema\/person\/image\/","url":"https:\/\/secure.gravatar.com\/avatar\/ae3388ff9b8eb74e0751a069466905f6?s=96&d=mm&r=pg","contentUrl":"https:\/\/secure.gravatar.com\/avatar\/ae3388ff9b8eb74e0751a069466905f6?s=96&d=mm&r=pg","caption":"Korektor"},"url":"https:\/\/sandzakpress.net\/arhiva\/author\/korektor\/"}]}},"_links":{"self":[{"href":"https:\/\/sandzakpress.net\/arhiva\/wp-json\/wp\/v2\/posts\/100672"}],"collection":[{"href":"https:\/\/sandzakpress.net\/arhiva\/wp-json\/wp\/v2\/posts"}],"about":[{"href":"https:\/\/sandzakpress.net\/arhiva\/wp-json\/wp\/v2\/types\/post"}],"author":[{"embeddable":true,"href":"https:\/\/sandzakpress.net\/arhiva\/wp-json\/wp\/v2\/users\/125"}],"replies":[{"embeddable":true,"href":"https:\/\/sandzakpress.net\/arhiva\/wp-json\/wp\/v2\/comments?post=100672"}],"version-history":[{"count":0,"href":"https:\/\/sandzakpress.net\/arhiva\/wp-json\/wp\/v2\/posts\/100672\/revisions"}],"wp:featuredmedia":[{"embeddable":true,"href":"https:\/\/sandzakpress.net\/arhiva\/wp-json\/wp\/v2\/media\/100673"}],"wp:attachment":[{"href":"https:\/\/sandzakpress.net\/arhiva\/wp-json\/wp\/v2\/media?parent=100672"}],"wp:term":[{"taxonomy":"category","embeddable":true,"href":"https:\/\/sandzakpress.net\/arhiva\/wp-json\/wp\/v2\/categories?post=100672"},{"taxonomy":"post_tag","embeddable":true,"href":"https:\/\/sandzakpress.net\/arhiva\/wp-json\/wp\/v2\/tags?post=100672"}],"curies":[{"name":"wp","href":"https:\/\/api.w.org\/{rel}","templated":true}]}}