{"id":100635,"date":"2014-01-30T01:43:55","date_gmt":"2014-01-30T00:43:55","guid":{"rendered":"https:\/\/sandzakpress.net\/arhiva\/?p=100635"},"modified":"2014-01-30T01:44:12","modified_gmt":"2014-01-30T00:44:12","slug":"ljajic-u-strahu-od-bdz-a-polizao-sve-pljuvacke-sa-sns-a-i-sklopio-koaliciju","status":"publish","type":"post","link":"https:\/\/sandzakpress.net\/arhiva\/ljajic-u-strahu-od-bdz-a-polizao-sve-pljuvacke-sa-sns-a-i-sklopio-koaliciju\/","title":{"rendered":"Ljaji\u0107 u strahu od BDZ-a &#8220;polizao sve pljuva\u010dke sa SNS-a&#8221; i sklopio koaliciju"},"content":{"rendered":"<h4><img loading=\"lazy\" decoding=\"async\" class=\"alignleft\" alt=\"\" src=\"http:\/\/www.vesti-online.com\/data\/images\/2014-01-03\/381790_fonet-da-5_f.jpg?ver=1390745905\" width=\"336\" height=\"203\" \/>Sjeverni Sand\u017eak, Srbija &#8211; &#8220;Muamer Zukroli\u0107 odabrao novog koalicionog partnera svojoj stranci BDZ Sand\u017eaka, koju formalno vodi Jahja Fehratovi\u0107&#8221;, pi\u0161u probeogradski mediji u Sand\u017eaku i BiH, ne navode\u0107i ni jedan argument za iznijetu tvrdnju.<\/h4>\n<p><span style=\"line-height: 1.5em;\">Dalje se u tekstu isti\u010de: &#8220;Ako je suditi prema pisanju portala koje finansira i kontrolira Zukroli\u0107 \u201cispod mantije\u201d kao muftija, o\u010dito je da su se odnosi SDA i BDZ pobolj\u0161ali. \u010cak se mo\u017ee zaklju\u010diti da je na vidiku koalicija BDZ \u00a0i SDA. To treba zahvaliti utjecaju ljudi iz SDA u Sarajevu, kakav ima Hasan \u010cengi\u0107 i u Islamskoj zajednici i u SDA.&#8221;<\/span><\/p>\n<p><span style=\"line-height: 1.5em;\">Izmi\u0161ljeni &#8220;tajni susret Muftije Zukorli\u0107a sa Ivicom Da\u0107i\u0107em u Beogradu&#8221; ima za cilj da skrene pa\u017enju sa sklopljene koalicije izme\u0111u Rasima Ljaji\u0107a i Aleksandra Vu\u010di\u0107a, uprkos najavama Vu\u010di\u0107a da \u0107e da hapsi kriminalce, kao i cjelokupnoj anti kampanji Rasima Ljaji\u0107a protiv SNS-a u protekloj kampanji. Osim toga su u toku i pregovori izme\u0111u SDA i LDP, o mogu\u0107oj koaliciji koji jo\u0161 nisu okon\u010dani.<\/span><\/p>\n<p>Definitivno je da Ljaji\u0107 \u017eivi u velikom strahu od politi\u010dkog krila pokreta Muftije Zukorli\u0107a i zato aktivira svu ovu la\u017enu propagandu da bi uspio napraviti \u0161tetu u poku\u0161aju.<\/p>\n","protected":false},"excerpt":{"rendered":"<p>SDA u Sarajevu, kakav ima Hasan \u010cengi\u0107 i u Islamskoj zajednici i u SDA.&#8221;<\/p>\n<p>Izmi\u0161ljeni &#8220;tajni susret Muftije Zukorli\u0107a sa Ivicom Da\u0107i\u0107em u Beogradu&#8221; ima za cilj da skrene pa\u017enju sa sklopljene koalicije izme\u0111u Rasima Ljaji\u0107a i Aleksandra Vu\u010di\u0107a, uprkos najavama Vu\u010di\u0107a da \u0107e da hapsi kriminalce, kao i cjelokupnoj anti kampanji Rasima Ljaji\u0107a protiv SNS-a u protekloj kampanji. <\/p>\n","protected":false},"author":83,"featured_media":100636,"comment_status":"open","ping_status":"open","sticky":false,"template":"","format":"standard","meta":{"footnotes":""},"categories":[72,1,52,327,392,10429],"tags":[10210],"class_list":{"0":"post-100635","1":"post","2":"type-post","3":"status-publish","4":"format-standard","5":"has-post-thumbnail","7":"category-novi-pazar","8":"category-politika","9":"category-sjenica","10":"category-tutin","11":"category-prijepolje_","12":"category-vazno","13":"tag-rasim-ljajic"},"yoast_head":"<!-- This site is optimized with the Yoast SEO Premium plugin v23.1 (Yoast SEO v24.9) - https:\/\/yoast.com\/wordpress\/plugins\/seo\/ -->\n<title>Ljaji\u0107 u strahu od BDZ-a &quot;polizao sve pljuva\u010dke sa SNS-a&quot; i sklopio koaliciju<\/title>\n<meta name=\"robots\" content=\"index, follow, max-snippet:-1, max-image-preview:large, max-video-preview:-1\" \/>\n<link rel=\"canonical\" href=\"https:\/\/sandzakpress.net\/arhiva\/ljajic-u-strahu-od-bdz-a-polizao-sve-pljuvacke-sa-sns-a-i-sklopio-koaliciju\/\" \/>\n<meta property=\"og:locale\" content=\"bs_BA\" \/>\n<meta property=\"og:type\" content=\"article\" \/>\n<meta property=\"og:title\" content=\"Ljaji\u0107 u strahu od BDZ-a &quot;polizao sve pljuva\u010dke sa SNS-a&quot; i sklopio koaliciju\" \/>\n<meta property=\"og:description\" content=\"SDA u Sarajevu, kakav ima Hasan \u010cengi\u0107 i u Islamskoj zajednici i u SDA.&quot;  Izmi\u0161ljeni &quot;tajni susret Muftije Zukorli\u0107a sa Ivicom Da\u0107i\u0107em u Beogradu&quot; ima za cilj da skrene pa\u017enju sa sklopljene koalicije izme\u0111u Rasima Ljaji\u0107a i Aleksandra Vu\u010di\u0107a, uprkos najavama Vu\u010di\u0107a da \u0107e da hapsi kriminalce, kao i cjelokupnoj anti kampanji Rasima Ljaji\u0107a protiv SNS-a u protekloj kampanji.\" \/>\n<meta property=\"og:url\" content=\"https:\/\/sandzakpress.net\/arhiva\/ljajic-u-strahu-od-bdz-a-polizao-sve-pljuvacke-sa-sns-a-i-sklopio-koaliciju\/\" \/>\n<meta property=\"og:site_name\" content=\"Sand\u017eak PRESS\" \/>\n<meta property=\"article:published_time\" content=\"2014-01-30T00:43:55+00:00\" \/>\n<meta property=\"article:modified_time\" content=\"2014-01-30T00:44:12+00:00\" \/>\n<meta property=\"og:image\" content=\"https:\/\/sandzakpress.net\/arhiva\/wp-content\/uploads\/2014\/01\/381790_fonet-da-5_f.jpg\" \/>\n\t<meta property=\"og:image:width\" content=\"480\" \/>\n\t<meta property=\"og:image:height\" content=\"290\" \/>\n\t<meta property=\"og:image:type\" content=\"image\/jpeg\" \/>\n<meta name=\"author\" content=\"bosniak\" \/>\n<meta name=\"twitter:card\" content=\"summary_large_image\" \/>\n<meta name=\"twitter:label1\" content=\"Written by\" \/>\n\t<meta name=\"twitter:data1\" content=\"bosniak\" \/>\n\t<meta name=\"twitter:label2\" content=\"Est. reading time\" \/>\n\t<meta name=\"twitter:data2\" content=\"1 minuta\" \/>\n<script type=\"application\/ld+json\" class=\"yoast-schema-graph\">{\"@context\":\"https:\/\/schema.org\",\"@graph\":[{\"@type\":\"Article\",\"@id\":\"https:\/\/sandzakpress.net\/arhiva\/ljajic-u-strahu-od-bdz-a-polizao-sve-pljuvacke-sa-sns-a-i-sklopio-koaliciju\/#article\",\"isPartOf\":{\"@id\":\"https:\/\/sandzakpress.net\/arhiva\/ljajic-u-strahu-od-bdz-a-polizao-sve-pljuvacke-sa-sns-a-i-sklopio-koaliciju\/\"},\"author\":{\"name\":\"bosniak\",\"@id\":\"https:\/\/sandzakpress.net\/arhiva\/#\/schema\/person\/c8baee722073534b583ea7bdb2e36c02\"},\"headline\":\"Ljaji\u0107 u strahu od BDZ-a &#8220;polizao sve pljuva\u010dke sa SNS-a&#8221; i sklopio koaliciju\",\"datePublished\":\"2014-01-30T00:43:55+00:00\",\"dateModified\":\"2014-01-30T00:44:12+00:00\",\"mainEntityOfPage\":{\"@id\":\"https:\/\/sandzakpress.net\/arhiva\/ljajic-u-strahu-od-bdz-a-polizao-sve-pljuvacke-sa-sns-a-i-sklopio-koaliciju\/\"},\"wordCount\":230,\"commentCount\":7,\"publisher\":{\"@id\":\"https:\/\/sandzakpress.net\/arhiva\/#\/schema\/person\/6e72b67d6e51910a1117b3b483ba20bd\"},\"image\":{\"@id\":\"https:\/\/sandzakpress.net\/arhiva\/ljajic-u-strahu-od-bdz-a-polizao-sve-pljuvacke-sa-sns-a-i-sklopio-koaliciju\/#primaryimage\"},\"thumbnailUrl\":\"https:\/\/sandzakpress.net\/arhiva\/wp-content\/uploads\/2014\/01\/381790_fonet-da-5_f.jpg\",\"keywords\":[\"Rasim Ljaji\u0107\"],\"articleSection\":[\"Novi Pazar\",\"Politika\",\"Sjenica\",\"Tutin\",\"Prijepolje\",\"VA\u017dNO!\"],\"inLanguage\":\"bs-BA\",\"potentialAction\":[{\"@type\":\"CommentAction\",\"name\":\"Comment\",\"target\":[\"https:\/\/sandzakpress.net\/arhiva\/ljajic-u-strahu-od-bdz-a-polizao-sve-pljuvacke-sa-sns-a-i-sklopio-koaliciju\/#respond\"]}]},{\"@type\":\"WebPage\",\"@id\":\"https:\/\/sandzakpress.net\/arhiva\/ljajic-u-strahu-od-bdz-a-polizao-sve-pljuvacke-sa-sns-a-i-sklopio-koaliciju\/\",\"url\":\"https:\/\/sandzakpress.net\/arhiva\/ljajic-u-strahu-od-bdz-a-polizao-sve-pljuvacke-sa-sns-a-i-sklopio-koaliciju\/\",\"name\":\"Ljaji\u0107 u strahu od BDZ-a \\\"polizao sve pljuva\u010dke sa SNS-a\\\" i sklopio koaliciju\",\"isPartOf\":{\"@id\":\"https:\/\/sandzakpress.net\/arhiva\/#website\"},\"primaryImageOfPage\":{\"@id\":\"https:\/\/sandzakpress.net\/arhiva\/ljajic-u-strahu-od-bdz-a-polizao-sve-pljuvacke-sa-sns-a-i-sklopio-koaliciju\/#primaryimage\"},\"image\":{\"@id\":\"https:\/\/sandzakpress.net\/arhiva\/ljajic-u-strahu-od-bdz-a-polizao-sve-pljuvacke-sa-sns-a-i-sklopio-koaliciju\/#primaryimage\"},\"thumbnailUrl\":\"https:\/\/sandzakpress.net\/arhiva\/wp-content\/uploads\/2014\/01\/381790_fonet-da-5_f.jpg\",\"datePublished\":\"2014-01-30T00:43:55+00:00\",\"dateModified\":\"2014-01-30T00:44:12+00:00\",\"breadcrumb\":{\"@id\":\"https:\/\/sandzakpress.net\/arhiva\/ljajic-u-strahu-od-bdz-a-polizao-sve-pljuvacke-sa-sns-a-i-sklopio-koaliciju\/#breadcrumb\"},\"inLanguage\":\"bs-BA\",\"potentialAction\":[{\"@type\":\"ReadAction\",\"target\":[\"https:\/\/sandzakpress.net\/arhiva\/ljajic-u-strahu-od-bdz-a-polizao-sve-pljuvacke-sa-sns-a-i-sklopio-koaliciju\/\"]}]},{\"@type\":\"ImageObject\",\"inLanguage\":\"bs-BA\",\"@id\":\"https:\/\/sandzakpress.net\/arhiva\/ljajic-u-strahu-od-bdz-a-polizao-sve-pljuvacke-sa-sns-a-i-sklopio-koaliciju\/#primaryimage\",\"url\":\"https:\/\/sandzakpress.net\/arhiva\/wp-content\/uploads\/2014\/01\/381790_fonet-da-5_f.jpg\",\"contentUrl\":\"https:\/\/sandzakpress.net\/arhiva\/wp-content\/uploads\/2014\/01\/381790_fonet-da-5_f.jpg\",\"width\":480,\"height\":290},{\"@type\":\"BreadcrumbList\",\"@id\":\"https:\/\/sandzakpress.net\/arhiva\/ljajic-u-strahu-od-bdz-a-polizao-sve-pljuvacke-sa-sns-a-i-sklopio-koaliciju\/#breadcrumb\",\"itemListElement\":[{\"@type\":\"ListItem\",\"position\":1,\"name\":\"Home\",\"item\":\"https:\/\/sandzakpress.net\/arhiva\/\"},{\"@type\":\"ListItem\",\"position\":2,\"name\":\"Ljaji\u0107 u strahu od BDZ-a &#8220;polizao sve pljuva\u010dke sa SNS-a&#8221; i sklopio koaliciju\"}]},{\"@type\":\"WebSite\",\"@id\":\"https:\/\/sandzakpress.net\/arhiva\/#website\",\"url\":\"https:\/\/sandzakpress.net\/arhiva\/\",\"name\":\"Sand\u017eak PRESS\",\"description\":\"Prve elektronske novine u Sand\u017eaku\",\"publisher\":{\"@id\":\"https:\/\/sandzakpress.net\/arhiva\/#\/schema\/person\/6e72b67d6e51910a1117b3b483ba20bd\"},\"potentialAction\":[{\"@type\":\"SearchAction\",\"target\":{\"@type\":\"EntryPoint\",\"urlTemplate\":\"https:\/\/sandzakpress.net\/arhiva\/?s={search_term_string}\"},\"query-input\":{\"@type\":\"PropertyValueSpecification\",\"valueRequired\":true,\"valueName\":\"search_term_string\"}}],\"inLanguage\":\"bs-BA\"},{\"@type\":[\"Person\",\"Organization\"],\"@id\":\"https:\/\/sandzakpress.net\/arhiva\/#\/schema\/person\/6e72b67d6e51910a1117b3b483ba20bd\",\"name\":\"Kul\",\"image\":{\"@type\":\"ImageObject\",\"inLanguage\":\"bs-BA\",\"@id\":\"https:\/\/sandzakpress.net\/arhiva\/#\/schema\/person\/image\/\",\"url\":\"https:\/\/secure.gravatar.com\/avatar\/42263f39aa27ac04c43cab85c280eb2e?s=96&d=mm&r=pg\",\"contentUrl\":\"https:\/\/secure.gravatar.com\/avatar\/42263f39aa27ac04c43cab85c280eb2e?s=96&d=mm&r=pg\",\"caption\":\"Kul\"},\"logo\":{\"@id\":\"https:\/\/sandzakpress.net\/arhiva\/#\/schema\/person\/image\/\"}},{\"@type\":\"Person\",\"@id\":\"https:\/\/sandzakpress.net\/arhiva\/#\/schema\/person\/c8baee722073534b583ea7bdb2e36c02\",\"name\":\"bosniak\",\"image\":{\"@type\":\"ImageObject\",\"inLanguage\":\"bs-BA\",\"@id\":\"https:\/\/sandzakpress.net\/arhiva\/#\/schema\/person\/image\/\",\"url\":\"https:\/\/secure.gravatar.com\/avatar\/a04fd330bfe3a36a72a0ad4a6d89fca7?s=96&d=mm&r=pg\",\"contentUrl\":\"https:\/\/secure.gravatar.com\/avatar\/a04fd330bfe3a36a72a0ad4a6d89fca7?s=96&d=mm&r=pg\",\"caption\":\"bosniak\"},\"url\":\"https:\/\/sandzakpress.net\/arhiva\/author\/bosniak\/\"}]}<\/script>\n<!-- \/ Yoast SEO Premium plugin. -->","yoast_head_json":{"title":"Ljaji\u0107 u strahu od BDZ-a \"polizao sve pljuva\u010dke sa SNS-a\" i sklopio koaliciju","robots":{"index":"index","follow":"follow","max-snippet":"max-snippet:-1","max-image-preview":"max-image-preview:large","max-video-preview":"max-video-preview:-1"},"canonical":"https:\/\/sandzakpress.net\/arhiva\/ljajic-u-strahu-od-bdz-a-polizao-sve-pljuvacke-sa-sns-a-i-sklopio-koaliciju\/","og_locale":"bs_BA","og_type":"article","og_title":"Ljaji\u0107 u strahu od BDZ-a \"polizao sve pljuva\u010dke sa SNS-a\" i sklopio koaliciju","og_description":"SDA u Sarajevu, kakav ima Hasan \u010cengi\u0107 i u Islamskoj zajednici i u SDA.\"  Izmi\u0161ljeni \"tajni susret Muftije Zukorli\u0107a sa Ivicom Da\u0107i\u0107em u Beogradu\" ima za cilj da skrene pa\u017enju sa sklopljene koalicije izme\u0111u Rasima Ljaji\u0107a i Aleksandra Vu\u010di\u0107a, uprkos najavama Vu\u010di\u0107a da \u0107e da hapsi kriminalce, kao i cjelokupnoj anti kampanji Rasima Ljaji\u0107a protiv SNS-a u protekloj kampanji.","og_url":"https:\/\/sandzakpress.net\/arhiva\/ljajic-u-strahu-od-bdz-a-polizao-sve-pljuvacke-sa-sns-a-i-sklopio-koaliciju\/","og_site_name":"Sand\u017eak PRESS","article_published_time":"2014-01-30T00:43:55+00:00","article_modified_time":"2014-01-30T00:44:12+00:00","og_image":[{"width":480,"height":290,"url":"https:\/\/sandzakpress.net\/arhiva\/wp-content\/uploads\/2014\/01\/381790_fonet-da-5_f.jpg","type":"image\/jpeg"}],"author":"bosniak","twitter_card":"summary_large_image","twitter_misc":{"Written by":"bosniak","Est. reading time":"1 minuta"},"schema":{"@context":"https:\/\/schema.org","@graph":[{"@type":"Article","@id":"https:\/\/sandzakpress.net\/arhiva\/ljajic-u-strahu-od-bdz-a-polizao-sve-pljuvacke-sa-sns-a-i-sklopio-koaliciju\/#article","isPartOf":{"@id":"https:\/\/sandzakpress.net\/arhiva\/ljajic-u-strahu-od-bdz-a-polizao-sve-pljuvacke-sa-sns-a-i-sklopio-koaliciju\/"},"author":{"name":"bosniak","@id":"https:\/\/sandzakpress.net\/arhiva\/#\/schema\/person\/c8baee722073534b583ea7bdb2e36c02"},"headline":"Ljaji\u0107 u strahu od BDZ-a &#8220;polizao sve pljuva\u010dke sa SNS-a&#8221; i sklopio koaliciju","datePublished":"2014-01-30T00:43:55+00:00","dateModified":"2014-01-30T00:44:12+00:00","mainEntityOfPage":{"@id":"https:\/\/sandzakpress.net\/arhiva\/ljajic-u-strahu-od-bdz-a-polizao-sve-pljuvacke-sa-sns-a-i-sklopio-koaliciju\/"},"wordCount":230,"commentCount":7,"publisher":{"@id":"https:\/\/sandzakpress.net\/arhiva\/#\/schema\/person\/6e72b67d6e51910a1117b3b483ba20bd"},"image":{"@id":"https:\/\/sandzakpress.net\/arhiva\/ljajic-u-strahu-od-bdz-a-polizao-sve-pljuvacke-sa-sns-a-i-sklopio-koaliciju\/#primaryimage"},"thumbnailUrl":"https:\/\/sandzakpress.net\/arhiva\/wp-content\/uploads\/2014\/01\/381790_fonet-da-5_f.jpg","keywords":["Rasim Ljaji\u0107"],"articleSection":["Novi Pazar","Politika","Sjenica","Tutin","Prijepolje","VA\u017dNO!"],"inLanguage":"bs-BA","potentialAction":[{"@type":"CommentAction","name":"Comment","target":["https:\/\/sandzakpress.net\/arhiva\/ljajic-u-strahu-od-bdz-a-polizao-sve-pljuvacke-sa-sns-a-i-sklopio-koaliciju\/#respond"]}]},{"@type":"WebPage","@id":"https:\/\/sandzakpress.net\/arhiva\/ljajic-u-strahu-od-bdz-a-polizao-sve-pljuvacke-sa-sns-a-i-sklopio-koaliciju\/","url":"https:\/\/sandzakpress.net\/arhiva\/ljajic-u-strahu-od-bdz-a-polizao-sve-pljuvacke-sa-sns-a-i-sklopio-koaliciju\/","name":"Ljaji\u0107 u strahu od BDZ-a \"polizao sve pljuva\u010dke sa SNS-a\" i sklopio koaliciju","isPartOf":{"@id":"https:\/\/sandzakpress.net\/arhiva\/#website"},"primaryImageOfPage":{"@id":"https:\/\/sandzakpress.net\/arhiva\/ljajic-u-strahu-od-bdz-a-polizao-sve-pljuvacke-sa-sns-a-i-sklopio-koaliciju\/#primaryimage"},"image":{"@id":"https:\/\/sandzakpress.net\/arhiva\/ljajic-u-strahu-od-bdz-a-polizao-sve-pljuvacke-sa-sns-a-i-sklopio-koaliciju\/#primaryimage"},"thumbnailUrl":"https:\/\/sandzakpress.net\/arhiva\/wp-content\/uploads\/2014\/01\/381790_fonet-da-5_f.jpg","datePublished":"2014-01-30T00:43:55+00:00","dateModified":"2014-01-30T00:44:12+00:00","breadcrumb":{"@id":"https:\/\/sandzakpress.net\/arhiva\/ljajic-u-strahu-od-bdz-a-polizao-sve-pljuvacke-sa-sns-a-i-sklopio-koaliciju\/#breadcrumb"},"inLanguage":"bs-BA","potentialAction":[{"@type":"ReadAction","target":["https:\/\/sandzakpress.net\/arhiva\/ljajic-u-strahu-od-bdz-a-polizao-sve-pljuvacke-sa-sns-a-i-sklopio-koaliciju\/"]}]},{"@type":"ImageObject","inLanguage":"bs-BA","@id":"https:\/\/sandzakpress.net\/arhiva\/ljajic-u-strahu-od-bdz-a-polizao-sve-pljuvacke-sa-sns-a-i-sklopio-koaliciju\/#primaryimage","url":"https:\/\/sandzakpress.net\/arhiva\/wp-content\/uploads\/2014\/01\/381790_fonet-da-5_f.jpg","contentUrl":"https:\/\/sandzakpress.net\/arhiva\/wp-content\/uploads\/2014\/01\/381790_fonet-da-5_f.jpg","width":480,"height":290},{"@type":"BreadcrumbList","@id":"https:\/\/sandzakpress.net\/arhiva\/ljajic-u-strahu-od-bdz-a-polizao-sve-pljuvacke-sa-sns-a-i-sklopio-koaliciju\/#breadcrumb","itemListElement":[{"@type":"ListItem","position":1,"name":"Home","item":"https:\/\/sandzakpress.net\/arhiva\/"},{"@type":"ListItem","position":2,"name":"Ljaji\u0107 u strahu od BDZ-a &#8220;polizao sve pljuva\u010dke sa SNS-a&#8221; i sklopio koaliciju"}]},{"@type":"WebSite","@id":"https:\/\/sandzakpress.net\/arhiva\/#website","url":"https:\/\/sandzakpress.net\/arhiva\/","name":"Sand\u017eak PRESS","description":"Prve elektronske novine u Sand\u017eaku","publisher":{"@id":"https:\/\/sandzakpress.net\/arhiva\/#\/schema\/person\/6e72b67d6e51910a1117b3b483ba20bd"},"potentialAction":[{"@type":"SearchAction","target":{"@type":"EntryPoint","urlTemplate":"https:\/\/sandzakpress.net\/arhiva\/?s={search_term_string}"},"query-input":{"@type":"PropertyValueSpecification","valueRequired":true,"valueName":"search_term_string"}}],"inLanguage":"bs-BA"},{"@type":["Person","Organization"],"@id":"https:\/\/sandzakpress.net\/arhiva\/#\/schema\/person\/6e72b67d6e51910a1117b3b483ba20bd","name":"Kul","image":{"@type":"ImageObject","inLanguage":"bs-BA","@id":"https:\/\/sandzakpress.net\/arhiva\/#\/schema\/person\/image\/","url":"https:\/\/secure.gravatar.com\/avatar\/42263f39aa27ac04c43cab85c280eb2e?s=96&d=mm&r=pg","contentUrl":"https:\/\/secure.gravatar.com\/avatar\/42263f39aa27ac04c43cab85c280eb2e?s=96&d=mm&r=pg","caption":"Kul"},"logo":{"@id":"https:\/\/sandzakpress.net\/arhiva\/#\/schema\/person\/image\/"}},{"@type":"Person","@id":"https:\/\/sandzakpress.net\/arhiva\/#\/schema\/person\/c8baee722073534b583ea7bdb2e36c02","name":"bosniak","image":{"@type":"ImageObject","inLanguage":"bs-BA","@id":"https:\/\/sandzakpress.net\/arhiva\/#\/schema\/person\/image\/","url":"https:\/\/secure.gravatar.com\/avatar\/a04fd330bfe3a36a72a0ad4a6d89fca7?s=96&d=mm&r=pg","contentUrl":"https:\/\/secure.gravatar.com\/avatar\/a04fd330bfe3a36a72a0ad4a6d89fca7?s=96&d=mm&r=pg","caption":"bosniak"},"url":"https:\/\/sandzakpress.net\/arhiva\/author\/bosniak\/"}]}},"_links":{"self":[{"href":"https:\/\/sandzakpress.net\/arhiva\/wp-json\/wp\/v2\/posts\/100635"}],"collection":[{"href":"https:\/\/sandzakpress.net\/arhiva\/wp-json\/wp\/v2\/posts"}],"about":[{"href":"https:\/\/sandzakpress.net\/arhiva\/wp-json\/wp\/v2\/types\/post"}],"author":[{"embeddable":true,"href":"https:\/\/sandzakpress.net\/arhiva\/wp-json\/wp\/v2\/users\/83"}],"replies":[{"embeddable":true,"href":"https:\/\/sandzakpress.net\/arhiva\/wp-json\/wp\/v2\/comments?post=100635"}],"version-history":[{"count":0,"href":"https:\/\/sandzakpress.net\/arhiva\/wp-json\/wp\/v2\/posts\/100635\/revisions"}],"wp:featuredmedia":[{"embeddable":true,"href":"https:\/\/sandzakpress.net\/arhiva\/wp-json\/wp\/v2\/media\/100636"}],"wp:attachment":[{"href":"https:\/\/sandzakpress.net\/arhiva\/wp-json\/wp\/v2\/media?parent=100635"}],"wp:term":[{"taxonomy":"category","embeddable":true,"href":"https:\/\/sandzakpress.net\/arhiva\/wp-json\/wp\/v2\/categories?post=100635"},{"taxonomy":"post_tag","embeddable":true,"href":"https:\/\/sandzakpress.net\/arhiva\/wp-json\/wp\/v2\/tags?post=100635"}],"curies":[{"name":"wp","href":"https:\/\/api.w.org\/{rel}","templated":true}]}}