{"id":100574,"date":"2014-01-29T00:13:13","date_gmt":"2014-01-28T23:13:13","guid":{"rendered":"https:\/\/sandzakpress.net\/arhiva\/?p=100574"},"modified":"2014-01-29T00:13:13","modified_gmt":"2014-01-28T23:13:13","slug":"krivicne-prijave-za-nasilnicko-ponasanje-u-sudu","status":"publish","type":"post","link":"https:\/\/sandzakpress.net\/arhiva\/krivicne-prijave-za-nasilnicko-ponasanje-u-sudu\/","title":{"rendered":"Krivi\u010dne prijave za nasilni\u010dko pona\u0161anje u sudu"},"content":{"rendered":"<p><strong>N<img loading=\"lazy\" decoding=\"async\" class=\"alignleft\" style=\"font-size: 14px; line-height: 1.5em; width: 310px; height: auto;\" alt=\"Krivi\u010dne prijave za nasilni\u010dko pona\u0161anje u sudu\" src=\"http:\/\/radiostoplus.com\/media\/k2\/items\/cache\/7eff9995fb277a0090c5d5247269ff3a_M.jpg\" width=\"310\" height=\"233\" \/><\/strong><span style=\"font-size: 14px; line-height: 1.5em;\"><strong>ovi Pazar &#8211;\u00a0Novopazarska policija podnijela je krivi\u010dne prijave protiv dvije osobe iz ovog grada osumnji\u010dene za nasilni\u010dko pona\u0161anje u sudu i ugro\u017eavanje bezbednosti, saop\u0161tila\u00a0je danas Policijska uprava.<\/strong><\/p>\n<p>&#8220;I.D. (27) je uhap\u0161en jer se tereti da je ju\u010de u zgradi Osnovnog suda u Novom Pazaru, revoltiran nakon izricanja presude, prilikom izlaska polomio staklo na ulaznim vratima&#8221;, navedeno je u saop\u0161tenju.<\/p>\n<p>Policija je podnijela krivi\u010dnu prijavu i protiv S.K. (21) iz Novog Pazara koji je tokom su\u0111enja prijetio predsjednici sudskog vije\u0107a.<\/p>\n<p>Osumnji\u010denom I.D. je odre\u0111en pritvor do 48 sati, dok je S.K. vra\u0107en u Okru\u017eni zatvor u kojem se i nalazio prije su\u0111enja.<\/span><\/p>\n<p>(radio100+)<\/p>\n","protected":false},"excerpt":{"rendered":"<p>Novi Pazar &#8211;\u00a0Novopazarska policija podnijela je krivi\u010dne prijave protiv dvije osobe iz ovog grada osumnji\u010dene za nasilni\u010dko pona\u0161anje u sudu i ugro\u017eavanje bezbednosti, saop\u0161tila\u00a0je danas Policijska uprava. &#8220;I.D. (27) je uhap\u0161en jer se tereti da je ju\u010de u zgradi Osnovnog suda u Novom Pazaru, revoltiran nakon izricanja presude, prilikom izlaska polomio staklo na ulaznim vratima&#8221;, [&hellip;]<\/p>\n","protected":false},"author":83,"featured_media":100575,"comment_status":"open","ping_status":"open","sticky":false,"template":"","format":"standard","meta":{"footnotes":""},"categories":[72,801],"tags":[],"class_list":{"0":"post-100574","1":"post","2":"type-post","3":"status-publish","4":"format-standard","5":"has-post-thumbnail","7":"category-novi-pazar","8":"category-crna_hronika"},"yoast_head":"<!-- This site is optimized with the Yoast SEO Premium plugin v23.1 (Yoast SEO v24.9) - https:\/\/yoast.com\/wordpress\/plugins\/seo\/ -->\n<title>Krivi\u010dne prijave za nasilni\u010dko pona\u0161anje u sudu<\/title>\n<meta name=\"robots\" content=\"index, follow, max-snippet:-1, max-image-preview:large, max-video-preview:-1\" \/>\n<link rel=\"canonical\" href=\"https:\/\/sandzakpress.net\/arhiva\/krivicne-prijave-za-nasilnicko-ponasanje-u-sudu\/\" \/>\n<meta property=\"og:locale\" content=\"bs_BA\" \/>\n<meta property=\"og:type\" content=\"article\" \/>\n<meta property=\"og:title\" content=\"Krivi\u010dne prijave za nasilni\u010dko pona\u0161anje u sudu\" \/>\n<meta property=\"og:description\" content=\"Novi Pazar &#8211;\u00a0Novopazarska policija podnijela je krivi\u010dne prijave protiv dvije osobe iz ovog grada osumnji\u010dene za nasilni\u010dko pona\u0161anje u sudu i ugro\u017eavanje bezbednosti, saop\u0161tila\u00a0je danas Policijska uprava. &#8220;I.D. (27) je uhap\u0161en jer se tereti da je ju\u010de u zgradi Osnovnog suda u Novom Pazaru, revoltiran nakon izricanja presude, prilikom izlaska polomio staklo na ulaznim vratima&#8221;, [&hellip;]\" \/>\n<meta property=\"og:url\" content=\"https:\/\/sandzakpress.net\/arhiva\/krivicne-prijave-za-nasilnicko-ponasanje-u-sudu\/\" \/>\n<meta property=\"og:site_name\" content=\"Sand\u017eak PRESS\" \/>\n<meta property=\"article:published_time\" content=\"2014-01-28T23:13:13+00:00\" \/>\n<meta property=\"og:image\" content=\"https:\/\/sandzakpress.net\/arhiva\/wp-content\/uploads\/2014\/01\/7eff9995fb277a0090c5d5247269ff3a_M.jpg\" \/>\n\t<meta property=\"og:image:width\" content=\"310\" \/>\n\t<meta property=\"og:image:height\" content=\"233\" \/>\n\t<meta property=\"og:image:type\" content=\"image\/jpeg\" \/>\n<meta name=\"author\" content=\"bosniak\" \/>\n<meta name=\"twitter:card\" content=\"summary_large_image\" \/>\n<meta name=\"twitter:label1\" content=\"Written by\" \/>\n\t<meta name=\"twitter:data1\" content=\"bosniak\" \/>\n\t<meta name=\"twitter:label2\" content=\"Est. reading time\" \/>\n\t<meta name=\"twitter:data2\" content=\"1 minuta\" \/>\n<script type=\"application\/ld+json\" class=\"yoast-schema-graph\">{\"@context\":\"https:\/\/schema.org\",\"@graph\":[{\"@type\":\"Article\",\"@id\":\"https:\/\/sandzakpress.net\/arhiva\/krivicne-prijave-za-nasilnicko-ponasanje-u-sudu\/#article\",\"isPartOf\":{\"@id\":\"https:\/\/sandzakpress.net\/arhiva\/krivicne-prijave-za-nasilnicko-ponasanje-u-sudu\/\"},\"author\":{\"name\":\"bosniak\",\"@id\":\"https:\/\/sandzakpress.net\/arhiva\/#\/schema\/person\/c8baee722073534b583ea7bdb2e36c02\"},\"headline\":\"Krivi\u010dne prijave za nasilni\u010dko pona\u0161anje u sudu\",\"datePublished\":\"2014-01-28T23:13:13+00:00\",\"mainEntityOfPage\":{\"@id\":\"https:\/\/sandzakpress.net\/arhiva\/krivicne-prijave-za-nasilnicko-ponasanje-u-sudu\/\"},\"wordCount\":133,\"commentCount\":0,\"publisher\":{\"@id\":\"https:\/\/sandzakpress.net\/arhiva\/#\/schema\/person\/6e72b67d6e51910a1117b3b483ba20bd\"},\"image\":{\"@id\":\"https:\/\/sandzakpress.net\/arhiva\/krivicne-prijave-za-nasilnicko-ponasanje-u-sudu\/#primaryimage\"},\"thumbnailUrl\":\"https:\/\/sandzakpress.net\/arhiva\/wp-content\/uploads\/2014\/01\/7eff9995fb277a0090c5d5247269ff3a_M.jpg\",\"articleSection\":[\"Novi Pazar\",\"Hronika\"],\"inLanguage\":\"bs-BA\",\"potentialAction\":[{\"@type\":\"CommentAction\",\"name\":\"Comment\",\"target\":[\"https:\/\/sandzakpress.net\/arhiva\/krivicne-prijave-za-nasilnicko-ponasanje-u-sudu\/#respond\"]}]},{\"@type\":\"WebPage\",\"@id\":\"https:\/\/sandzakpress.net\/arhiva\/krivicne-prijave-za-nasilnicko-ponasanje-u-sudu\/\",\"url\":\"https:\/\/sandzakpress.net\/arhiva\/krivicne-prijave-za-nasilnicko-ponasanje-u-sudu\/\",\"name\":\"Krivi\u010dne prijave za nasilni\u010dko pona\u0161anje u sudu\",\"isPartOf\":{\"@id\":\"https:\/\/sandzakpress.net\/arhiva\/#website\"},\"primaryImageOfPage\":{\"@id\":\"https:\/\/sandzakpress.net\/arhiva\/krivicne-prijave-za-nasilnicko-ponasanje-u-sudu\/#primaryimage\"},\"image\":{\"@id\":\"https:\/\/sandzakpress.net\/arhiva\/krivicne-prijave-za-nasilnicko-ponasanje-u-sudu\/#primaryimage\"},\"thumbnailUrl\":\"https:\/\/sandzakpress.net\/arhiva\/wp-content\/uploads\/2014\/01\/7eff9995fb277a0090c5d5247269ff3a_M.jpg\",\"datePublished\":\"2014-01-28T23:13:13+00:00\",\"breadcrumb\":{\"@id\":\"https:\/\/sandzakpress.net\/arhiva\/krivicne-prijave-za-nasilnicko-ponasanje-u-sudu\/#breadcrumb\"},\"inLanguage\":\"bs-BA\",\"potentialAction\":[{\"@type\":\"ReadAction\",\"target\":[\"https:\/\/sandzakpress.net\/arhiva\/krivicne-prijave-za-nasilnicko-ponasanje-u-sudu\/\"]}]},{\"@type\":\"ImageObject\",\"inLanguage\":\"bs-BA\",\"@id\":\"https:\/\/sandzakpress.net\/arhiva\/krivicne-prijave-za-nasilnicko-ponasanje-u-sudu\/#primaryimage\",\"url\":\"https:\/\/sandzakpress.net\/arhiva\/wp-content\/uploads\/2014\/01\/7eff9995fb277a0090c5d5247269ff3a_M.jpg\",\"contentUrl\":\"https:\/\/sandzakpress.net\/arhiva\/wp-content\/uploads\/2014\/01\/7eff9995fb277a0090c5d5247269ff3a_M.jpg\",\"width\":310,\"height\":233},{\"@type\":\"BreadcrumbList\",\"@id\":\"https:\/\/sandzakpress.net\/arhiva\/krivicne-prijave-za-nasilnicko-ponasanje-u-sudu\/#breadcrumb\",\"itemListElement\":[{\"@type\":\"ListItem\",\"position\":1,\"name\":\"Home\",\"item\":\"https:\/\/sandzakpress.net\/arhiva\/\"},{\"@type\":\"ListItem\",\"position\":2,\"name\":\"Krivi\u010dne prijave za nasilni\u010dko pona\u0161anje u sudu\"}]},{\"@type\":\"WebSite\",\"@id\":\"https:\/\/sandzakpress.net\/arhiva\/#website\",\"url\":\"https:\/\/sandzakpress.net\/arhiva\/\",\"name\":\"Sand\u017eak PRESS\",\"description\":\"Prve elektronske novine u Sand\u017eaku\",\"publisher\":{\"@id\":\"https:\/\/sandzakpress.net\/arhiva\/#\/schema\/person\/6e72b67d6e51910a1117b3b483ba20bd\"},\"potentialAction\":[{\"@type\":\"SearchAction\",\"target\":{\"@type\":\"EntryPoint\",\"urlTemplate\":\"https:\/\/sandzakpress.net\/arhiva\/?s={search_term_string}\"},\"query-input\":{\"@type\":\"PropertyValueSpecification\",\"valueRequired\":true,\"valueName\":\"search_term_string\"}}],\"inLanguage\":\"bs-BA\"},{\"@type\":[\"Person\",\"Organization\"],\"@id\":\"https:\/\/sandzakpress.net\/arhiva\/#\/schema\/person\/6e72b67d6e51910a1117b3b483ba20bd\",\"name\":\"Kul\",\"image\":{\"@type\":\"ImageObject\",\"inLanguage\":\"bs-BA\",\"@id\":\"https:\/\/sandzakpress.net\/arhiva\/#\/schema\/person\/image\/\",\"url\":\"https:\/\/secure.gravatar.com\/avatar\/42263f39aa27ac04c43cab85c280eb2e?s=96&d=mm&r=pg\",\"contentUrl\":\"https:\/\/secure.gravatar.com\/avatar\/42263f39aa27ac04c43cab85c280eb2e?s=96&d=mm&r=pg\",\"caption\":\"Kul\"},\"logo\":{\"@id\":\"https:\/\/sandzakpress.net\/arhiva\/#\/schema\/person\/image\/\"}},{\"@type\":\"Person\",\"@id\":\"https:\/\/sandzakpress.net\/arhiva\/#\/schema\/person\/c8baee722073534b583ea7bdb2e36c02\",\"name\":\"bosniak\",\"image\":{\"@type\":\"ImageObject\",\"inLanguage\":\"bs-BA\",\"@id\":\"https:\/\/sandzakpress.net\/arhiva\/#\/schema\/person\/image\/\",\"url\":\"https:\/\/secure.gravatar.com\/avatar\/a04fd330bfe3a36a72a0ad4a6d89fca7?s=96&d=mm&r=pg\",\"contentUrl\":\"https:\/\/secure.gravatar.com\/avatar\/a04fd330bfe3a36a72a0ad4a6d89fca7?s=96&d=mm&r=pg\",\"caption\":\"bosniak\"},\"url\":\"https:\/\/sandzakpress.net\/arhiva\/author\/bosniak\/\"}]}<\/script>\n<!-- \/ Yoast SEO Premium plugin. -->","yoast_head_json":{"title":"Krivi\u010dne prijave za nasilni\u010dko pona\u0161anje u sudu","robots":{"index":"index","follow":"follow","max-snippet":"max-snippet:-1","max-image-preview":"max-image-preview:large","max-video-preview":"max-video-preview:-1"},"canonical":"https:\/\/sandzakpress.net\/arhiva\/krivicne-prijave-za-nasilnicko-ponasanje-u-sudu\/","og_locale":"bs_BA","og_type":"article","og_title":"Krivi\u010dne prijave za nasilni\u010dko pona\u0161anje u sudu","og_description":"Novi Pazar &#8211;\u00a0Novopazarska policija podnijela je krivi\u010dne prijave protiv dvije osobe iz ovog grada osumnji\u010dene za nasilni\u010dko pona\u0161anje u sudu i ugro\u017eavanje bezbednosti, saop\u0161tila\u00a0je danas Policijska uprava. &#8220;I.D. (27) je uhap\u0161en jer se tereti da je ju\u010de u zgradi Osnovnog suda u Novom Pazaru, revoltiran nakon izricanja presude, prilikom izlaska polomio staklo na ulaznim vratima&#8221;, [&hellip;]","og_url":"https:\/\/sandzakpress.net\/arhiva\/krivicne-prijave-za-nasilnicko-ponasanje-u-sudu\/","og_site_name":"Sand\u017eak PRESS","article_published_time":"2014-01-28T23:13:13+00:00","og_image":[{"width":310,"height":233,"url":"https:\/\/sandzakpress.net\/arhiva\/wp-content\/uploads\/2014\/01\/7eff9995fb277a0090c5d5247269ff3a_M.jpg","type":"image\/jpeg"}],"author":"bosniak","twitter_card":"summary_large_image","twitter_misc":{"Written by":"bosniak","Est. reading time":"1 minuta"},"schema":{"@context":"https:\/\/schema.org","@graph":[{"@type":"Article","@id":"https:\/\/sandzakpress.net\/arhiva\/krivicne-prijave-za-nasilnicko-ponasanje-u-sudu\/#article","isPartOf":{"@id":"https:\/\/sandzakpress.net\/arhiva\/krivicne-prijave-za-nasilnicko-ponasanje-u-sudu\/"},"author":{"name":"bosniak","@id":"https:\/\/sandzakpress.net\/arhiva\/#\/schema\/person\/c8baee722073534b583ea7bdb2e36c02"},"headline":"Krivi\u010dne prijave za nasilni\u010dko pona\u0161anje u sudu","datePublished":"2014-01-28T23:13:13+00:00","mainEntityOfPage":{"@id":"https:\/\/sandzakpress.net\/arhiva\/krivicne-prijave-za-nasilnicko-ponasanje-u-sudu\/"},"wordCount":133,"commentCount":0,"publisher":{"@id":"https:\/\/sandzakpress.net\/arhiva\/#\/schema\/person\/6e72b67d6e51910a1117b3b483ba20bd"},"image":{"@id":"https:\/\/sandzakpress.net\/arhiva\/krivicne-prijave-za-nasilnicko-ponasanje-u-sudu\/#primaryimage"},"thumbnailUrl":"https:\/\/sandzakpress.net\/arhiva\/wp-content\/uploads\/2014\/01\/7eff9995fb277a0090c5d5247269ff3a_M.jpg","articleSection":["Novi Pazar","Hronika"],"inLanguage":"bs-BA","potentialAction":[{"@type":"CommentAction","name":"Comment","target":["https:\/\/sandzakpress.net\/arhiva\/krivicne-prijave-za-nasilnicko-ponasanje-u-sudu\/#respond"]}]},{"@type":"WebPage","@id":"https:\/\/sandzakpress.net\/arhiva\/krivicne-prijave-za-nasilnicko-ponasanje-u-sudu\/","url":"https:\/\/sandzakpress.net\/arhiva\/krivicne-prijave-za-nasilnicko-ponasanje-u-sudu\/","name":"Krivi\u010dne prijave za nasilni\u010dko pona\u0161anje u sudu","isPartOf":{"@id":"https:\/\/sandzakpress.net\/arhiva\/#website"},"primaryImageOfPage":{"@id":"https:\/\/sandzakpress.net\/arhiva\/krivicne-prijave-za-nasilnicko-ponasanje-u-sudu\/#primaryimage"},"image":{"@id":"https:\/\/sandzakpress.net\/arhiva\/krivicne-prijave-za-nasilnicko-ponasanje-u-sudu\/#primaryimage"},"thumbnailUrl":"https:\/\/sandzakpress.net\/arhiva\/wp-content\/uploads\/2014\/01\/7eff9995fb277a0090c5d5247269ff3a_M.jpg","datePublished":"2014-01-28T23:13:13+00:00","breadcrumb":{"@id":"https:\/\/sandzakpress.net\/arhiva\/krivicne-prijave-za-nasilnicko-ponasanje-u-sudu\/#breadcrumb"},"inLanguage":"bs-BA","potentialAction":[{"@type":"ReadAction","target":["https:\/\/sandzakpress.net\/arhiva\/krivicne-prijave-za-nasilnicko-ponasanje-u-sudu\/"]}]},{"@type":"ImageObject","inLanguage":"bs-BA","@id":"https:\/\/sandzakpress.net\/arhiva\/krivicne-prijave-za-nasilnicko-ponasanje-u-sudu\/#primaryimage","url":"https:\/\/sandzakpress.net\/arhiva\/wp-content\/uploads\/2014\/01\/7eff9995fb277a0090c5d5247269ff3a_M.jpg","contentUrl":"https:\/\/sandzakpress.net\/arhiva\/wp-content\/uploads\/2014\/01\/7eff9995fb277a0090c5d5247269ff3a_M.jpg","width":310,"height":233},{"@type":"BreadcrumbList","@id":"https:\/\/sandzakpress.net\/arhiva\/krivicne-prijave-za-nasilnicko-ponasanje-u-sudu\/#breadcrumb","itemListElement":[{"@type":"ListItem","position":1,"name":"Home","item":"https:\/\/sandzakpress.net\/arhiva\/"},{"@type":"ListItem","position":2,"name":"Krivi\u010dne prijave za nasilni\u010dko pona\u0161anje u sudu"}]},{"@type":"WebSite","@id":"https:\/\/sandzakpress.net\/arhiva\/#website","url":"https:\/\/sandzakpress.net\/arhiva\/","name":"Sand\u017eak PRESS","description":"Prve elektronske novine u Sand\u017eaku","publisher":{"@id":"https:\/\/sandzakpress.net\/arhiva\/#\/schema\/person\/6e72b67d6e51910a1117b3b483ba20bd"},"potentialAction":[{"@type":"SearchAction","target":{"@type":"EntryPoint","urlTemplate":"https:\/\/sandzakpress.net\/arhiva\/?s={search_term_string}"},"query-input":{"@type":"PropertyValueSpecification","valueRequired":true,"valueName":"search_term_string"}}],"inLanguage":"bs-BA"},{"@type":["Person","Organization"],"@id":"https:\/\/sandzakpress.net\/arhiva\/#\/schema\/person\/6e72b67d6e51910a1117b3b483ba20bd","name":"Kul","image":{"@type":"ImageObject","inLanguage":"bs-BA","@id":"https:\/\/sandzakpress.net\/arhiva\/#\/schema\/person\/image\/","url":"https:\/\/secure.gravatar.com\/avatar\/42263f39aa27ac04c43cab85c280eb2e?s=96&d=mm&r=pg","contentUrl":"https:\/\/secure.gravatar.com\/avatar\/42263f39aa27ac04c43cab85c280eb2e?s=96&d=mm&r=pg","caption":"Kul"},"logo":{"@id":"https:\/\/sandzakpress.net\/arhiva\/#\/schema\/person\/image\/"}},{"@type":"Person","@id":"https:\/\/sandzakpress.net\/arhiva\/#\/schema\/person\/c8baee722073534b583ea7bdb2e36c02","name":"bosniak","image":{"@type":"ImageObject","inLanguage":"bs-BA","@id":"https:\/\/sandzakpress.net\/arhiva\/#\/schema\/person\/image\/","url":"https:\/\/secure.gravatar.com\/avatar\/a04fd330bfe3a36a72a0ad4a6d89fca7?s=96&d=mm&r=pg","contentUrl":"https:\/\/secure.gravatar.com\/avatar\/a04fd330bfe3a36a72a0ad4a6d89fca7?s=96&d=mm&r=pg","caption":"bosniak"},"url":"https:\/\/sandzakpress.net\/arhiva\/author\/bosniak\/"}]}},"_links":{"self":[{"href":"https:\/\/sandzakpress.net\/arhiva\/wp-json\/wp\/v2\/posts\/100574"}],"collection":[{"href":"https:\/\/sandzakpress.net\/arhiva\/wp-json\/wp\/v2\/posts"}],"about":[{"href":"https:\/\/sandzakpress.net\/arhiva\/wp-json\/wp\/v2\/types\/post"}],"author":[{"embeddable":true,"href":"https:\/\/sandzakpress.net\/arhiva\/wp-json\/wp\/v2\/users\/83"}],"replies":[{"embeddable":true,"href":"https:\/\/sandzakpress.net\/arhiva\/wp-json\/wp\/v2\/comments?post=100574"}],"version-history":[{"count":0,"href":"https:\/\/sandzakpress.net\/arhiva\/wp-json\/wp\/v2\/posts\/100574\/revisions"}],"wp:featuredmedia":[{"embeddable":true,"href":"https:\/\/sandzakpress.net\/arhiva\/wp-json\/wp\/v2\/media\/100575"}],"wp:attachment":[{"href":"https:\/\/sandzakpress.net\/arhiva\/wp-json\/wp\/v2\/media?parent=100574"}],"wp:term":[{"taxonomy":"category","embeddable":true,"href":"https:\/\/sandzakpress.net\/arhiva\/wp-json\/wp\/v2\/categories?post=100574"},{"taxonomy":"post_tag","embeddable":true,"href":"https:\/\/sandzakpress.net\/arhiva\/wp-json\/wp\/v2\/tags?post=100574"}],"curies":[{"name":"wp","href":"https:\/\/api.w.org\/{rel}","templated":true}]}}