{"id":100485,"date":"2014-01-27T17:41:55","date_gmt":"2014-01-27T16:41:55","guid":{"rendered":"https:\/\/sandzakpress.net\/arhiva\/?p=100485"},"modified":"2014-01-27T17:41:55","modified_gmt":"2014-01-27T16:41:55","slug":"dps-ce-se-pitati-sa-kim-ce-pregovarati-u-gusinju","status":"publish","type":"post","link":"https:\/\/sandzakpress.net\/arhiva\/dps-ce-se-pitati-sa-kim-ce-pregovarati-u-gusinju\/","title":{"rendered":"DPS \u0107e se pitati sa kim \u0107e pregovarati u Gusinju"},"content":{"rendered":"<p><img loading=\"lazy\" decoding=\"async\" class=\"alignleft\" style=\"font-size: 14px; line-height: 1.5em;\" alt=\"\" src=\"http:\/\/www.img2.cdm.me\/sites\/cdm.bild-studio.me\/files\/styles\/301x227\/public\/multimedia\/foto\/2014\/01\/26\/dps_logo.jpg\" width=\"310\" height=\"223\" \/><strong>Plav &#8211;\u00a0Izborni \u0161tab Demokratske partije socijalista Gusinje reagovao je na izjavu predsjednika Partije za Gusinje PzG Rusmina Lali\u010di\u0107a koji je kazao da \u0107e ta partija nakon \u0161to Gusinje dobije status op\u0161tine razgovarati samo sa vrhom DPS-a.<\/strong><\/p>\n<div>\n<div>\n<p>\u201ePovodom neozbiljnog i neskromnog komentara Rusmina Lali\u010di\u0107a, a obudu\u0107oj saradnji PzG sa Demokratskom partijom socijalista Gusinja, isti\u010demo da je na\u0161a partija, posve\u0107ena okon\u010danju procesa povra\u0107aja Gusinju statusa op\u0161tine, isto onako kako je to i \u010dinila od prvog dana kada se ova ideja i pokrenula u mjesnom odboru Demokratske partije socijalist\u00a0Gusinje\u201c, saop\u0161teno je CdM-u iz Izbornog \u0161taba \u00a0DPS-a Gusinja.<\/p>\n<p>Iz tog izbornog \u0161taba isti\u010du da sa punim pravom i odgovorno\u0161\u0107u, uvjeravaju Lali\u010di\u0107a, kao i sve druge, da \u0107e se u DPS-u Gusinja, koji je najja\u010di politi\u010dki subjekt pitati, kada za to do\u0111e vrijeme, odnosno, ko i s kim \u0107e pregovarati.<\/p>\n<p>\u201eMi \u0107emo sve \u0161to budemo \u010dinili, kao i do sad, \u010diniti za dobro svih gra\u0111ana Gusinja, a ne u funkciji pojedinaca i lije\u010denja bolesnih ambicija. Nagla\u0161avamo, da ni\u010dim nijesmo doprinijeli da se formira PzG, niti \u0107emo ikoga moliti da se ona gasi, to neka odlu\u010de oni koji su u toj partiji savjesni i odgovorni, i onako kako je to za na\u0161e zajedni\u010dko Gusinje i najbolje\u201c, poru\u010dili su iz Izbornog \u0161taba DPS-a Gusinja.<\/p>\n<p>Oni su najavili da \u0107e Demokratska partija socijalista Gusinja, na budu\u0107im izborima biti otvorena svima koji \u017eele dobro Gusinju, onako kako smo to i \u010dinili na proteklom referendumu za Gusinje, kojeg je o\u010dito je, Lali\u010di\u0107 zaboravio.<\/p>\n<p>\u201ePodsje\u0107amo Lali\u010di\u0107a da kod nas nema ni\u017ee i vi\u0161erazrednih. Postoje samo organi Op\u0161tinskog odbora Demokratske partije socijalista Plava i ve\u0107 formiranog Izbornog \u0161taba Demokratske partije socijalista Gusinja \u00a0na \u010delu sa Omeragi\u0107 Ibrahimom, pa i upozoravamo dobronamjerno, da ne tra\u017ee drugu adresu\u201c, zaklju\u010deno je iz IZbornog \u0161taba DPS-a Gusinja.<\/p>\n<p>(cdm)<\/p>\n<\/div>\n<\/div>\n","protected":false},"excerpt":{"rendered":"<p>Plav &#8211;\u00a0Izborni \u0161tab Demokratske partije socijalista Gusinje reagovao je na izjavu predsjednika Partije za Gusinje PzG Rusmina Lali\u010di\u0107a koji je kazao da \u0107e ta partija nakon \u0161to Gusinje dobije status op\u0161tine razgovarati samo sa vrhom DPS-a. \u201ePovodom neozbiljnog i neskromnog komentara Rusmina Lali\u010di\u0107a, a obudu\u0107oj saradnji PzG sa Demokratskom partijom socijalista Gusinja, isti\u010demo da je [&hellip;]<\/p>\n","protected":false},"author":83,"featured_media":100486,"comment_status":"open","ping_status":"open","sticky":false,"template":"","format":"standard","meta":{"footnotes":""},"categories":[1,10173],"tags":[],"class_list":{"0":"post-100485","1":"post","2":"type-post","3":"status-publish","4":"format-standard","5":"has-post-thumbnail","7":"category-politika","8":"category-gusinje-vase-vijesti"},"yoast_head":"<!-- This site is optimized with the Yoast SEO Premium plugin v23.1 (Yoast SEO v24.9) - https:\/\/yoast.com\/wordpress\/plugins\/seo\/ -->\n<title>DPS \u0107e se pitati sa kim \u0107e pregovarati u Gusinju<\/title>\n<meta name=\"robots\" content=\"index, follow, max-snippet:-1, max-image-preview:large, max-video-preview:-1\" \/>\n<link rel=\"canonical\" href=\"https:\/\/sandzakpress.net\/arhiva\/dps-ce-se-pitati-sa-kim-ce-pregovarati-u-gusinju\/\" \/>\n<meta property=\"og:locale\" content=\"bs_BA\" \/>\n<meta property=\"og:type\" content=\"article\" \/>\n<meta property=\"og:title\" content=\"DPS \u0107e se pitati sa kim \u0107e pregovarati u Gusinju\" \/>\n<meta property=\"og:description\" content=\"Plav &#8211;\u00a0Izborni \u0161tab Demokratske partije socijalista Gusinje reagovao je na izjavu predsjednika Partije za Gusinje PzG Rusmina Lali\u010di\u0107a koji je kazao da \u0107e ta partija nakon \u0161to Gusinje dobije status op\u0161tine razgovarati samo sa vrhom DPS-a. \u201ePovodom neozbiljnog i neskromnog komentara Rusmina Lali\u010di\u0107a, a obudu\u0107oj saradnji PzG sa Demokratskom partijom socijalista Gusinja, isti\u010demo da je [&hellip;]\" \/>\n<meta property=\"og:url\" content=\"https:\/\/sandzakpress.net\/arhiva\/dps-ce-se-pitati-sa-kim-ce-pregovarati-u-gusinju\/\" \/>\n<meta property=\"og:site_name\" content=\"Sand\u017eak PRESS\" \/>\n<meta property=\"article:published_time\" content=\"2014-01-27T16:41:55+00:00\" \/>\n<meta property=\"og:image\" content=\"https:\/\/sandzakpress.net\/arhiva\/wp-content\/uploads\/2014\/01\/dps_logo.jpg\" \/>\n\t<meta property=\"og:image:width\" content=\"573\" \/>\n\t<meta property=\"og:image:height\" content=\"413\" \/>\n\t<meta property=\"og:image:type\" content=\"image\/jpeg\" \/>\n<meta name=\"author\" content=\"bosniak\" \/>\n<meta name=\"twitter:card\" content=\"summary_large_image\" \/>\n<meta name=\"twitter:label1\" content=\"Written by\" \/>\n\t<meta name=\"twitter:data1\" content=\"bosniak\" \/>\n\t<meta name=\"twitter:label2\" content=\"Est. reading time\" \/>\n\t<meta name=\"twitter:data2\" content=\"2 minute\" \/>\n<script type=\"application\/ld+json\" class=\"yoast-schema-graph\">{\"@context\":\"https:\/\/schema.org\",\"@graph\":[{\"@type\":\"Article\",\"@id\":\"https:\/\/sandzakpress.net\/arhiva\/dps-ce-se-pitati-sa-kim-ce-pregovarati-u-gusinju\/#article\",\"isPartOf\":{\"@id\":\"https:\/\/sandzakpress.net\/arhiva\/dps-ce-se-pitati-sa-kim-ce-pregovarati-u-gusinju\/\"},\"author\":{\"name\":\"bosniak\",\"@id\":\"https:\/\/sandzakpress.net\/arhiva\/#\/schema\/person\/c8baee722073534b583ea7bdb2e36c02\"},\"headline\":\"DPS \u0107e se pitati sa kim \u0107e pregovarati u Gusinju\",\"datePublished\":\"2014-01-27T16:41:55+00:00\",\"mainEntityOfPage\":{\"@id\":\"https:\/\/sandzakpress.net\/arhiva\/dps-ce-se-pitati-sa-kim-ce-pregovarati-u-gusinju\/\"},\"wordCount\":343,\"commentCount\":0,\"publisher\":{\"@id\":\"https:\/\/sandzakpress.net\/arhiva\/#\/schema\/person\/6e72b67d6e51910a1117b3b483ba20bd\"},\"image\":{\"@id\":\"https:\/\/sandzakpress.net\/arhiva\/dps-ce-se-pitati-sa-kim-ce-pregovarati-u-gusinju\/#primaryimage\"},\"thumbnailUrl\":\"https:\/\/sandzakpress.net\/arhiva\/wp-content\/uploads\/2014\/01\/dps_logo.jpg\",\"articleSection\":[\"Politika\",\"Gusinje\"],\"inLanguage\":\"bs-BA\",\"potentialAction\":[{\"@type\":\"CommentAction\",\"name\":\"Comment\",\"target\":[\"https:\/\/sandzakpress.net\/arhiva\/dps-ce-se-pitati-sa-kim-ce-pregovarati-u-gusinju\/#respond\"]}]},{\"@type\":\"WebPage\",\"@id\":\"https:\/\/sandzakpress.net\/arhiva\/dps-ce-se-pitati-sa-kim-ce-pregovarati-u-gusinju\/\",\"url\":\"https:\/\/sandzakpress.net\/arhiva\/dps-ce-se-pitati-sa-kim-ce-pregovarati-u-gusinju\/\",\"name\":\"DPS \u0107e se pitati sa kim \u0107e pregovarati u Gusinju\",\"isPartOf\":{\"@id\":\"https:\/\/sandzakpress.net\/arhiva\/#website\"},\"primaryImageOfPage\":{\"@id\":\"https:\/\/sandzakpress.net\/arhiva\/dps-ce-se-pitati-sa-kim-ce-pregovarati-u-gusinju\/#primaryimage\"},\"image\":{\"@id\":\"https:\/\/sandzakpress.net\/arhiva\/dps-ce-se-pitati-sa-kim-ce-pregovarati-u-gusinju\/#primaryimage\"},\"thumbnailUrl\":\"https:\/\/sandzakpress.net\/arhiva\/wp-content\/uploads\/2014\/01\/dps_logo.jpg\",\"datePublished\":\"2014-01-27T16:41:55+00:00\",\"breadcrumb\":{\"@id\":\"https:\/\/sandzakpress.net\/arhiva\/dps-ce-se-pitati-sa-kim-ce-pregovarati-u-gusinju\/#breadcrumb\"},\"inLanguage\":\"bs-BA\",\"potentialAction\":[{\"@type\":\"ReadAction\",\"target\":[\"https:\/\/sandzakpress.net\/arhiva\/dps-ce-se-pitati-sa-kim-ce-pregovarati-u-gusinju\/\"]}]},{\"@type\":\"ImageObject\",\"inLanguage\":\"bs-BA\",\"@id\":\"https:\/\/sandzakpress.net\/arhiva\/dps-ce-se-pitati-sa-kim-ce-pregovarati-u-gusinju\/#primaryimage\",\"url\":\"https:\/\/sandzakpress.net\/arhiva\/wp-content\/uploads\/2014\/01\/dps_logo.jpg\",\"contentUrl\":\"https:\/\/sandzakpress.net\/arhiva\/wp-content\/uploads\/2014\/01\/dps_logo.jpg\",\"width\":573,\"height\":413},{\"@type\":\"BreadcrumbList\",\"@id\":\"https:\/\/sandzakpress.net\/arhiva\/dps-ce-se-pitati-sa-kim-ce-pregovarati-u-gusinju\/#breadcrumb\",\"itemListElement\":[{\"@type\":\"ListItem\",\"position\":1,\"name\":\"Home\",\"item\":\"https:\/\/sandzakpress.net\/arhiva\/\"},{\"@type\":\"ListItem\",\"position\":2,\"name\":\"DPS \u0107e se pitati sa kim \u0107e pregovarati u Gusinju\"}]},{\"@type\":\"WebSite\",\"@id\":\"https:\/\/sandzakpress.net\/arhiva\/#website\",\"url\":\"https:\/\/sandzakpress.net\/arhiva\/\",\"name\":\"Sand\u017eak PRESS\",\"description\":\"Prve elektronske novine u Sand\u017eaku\",\"publisher\":{\"@id\":\"https:\/\/sandzakpress.net\/arhiva\/#\/schema\/person\/6e72b67d6e51910a1117b3b483ba20bd\"},\"potentialAction\":[{\"@type\":\"SearchAction\",\"target\":{\"@type\":\"EntryPoint\",\"urlTemplate\":\"https:\/\/sandzakpress.net\/arhiva\/?s={search_term_string}\"},\"query-input\":{\"@type\":\"PropertyValueSpecification\",\"valueRequired\":true,\"valueName\":\"search_term_string\"}}],\"inLanguage\":\"bs-BA\"},{\"@type\":[\"Person\",\"Organization\"],\"@id\":\"https:\/\/sandzakpress.net\/arhiva\/#\/schema\/person\/6e72b67d6e51910a1117b3b483ba20bd\",\"name\":\"Kul\",\"image\":{\"@type\":\"ImageObject\",\"inLanguage\":\"bs-BA\",\"@id\":\"https:\/\/sandzakpress.net\/arhiva\/#\/schema\/person\/image\/\",\"url\":\"https:\/\/secure.gravatar.com\/avatar\/42263f39aa27ac04c43cab85c280eb2e?s=96&d=mm&r=pg\",\"contentUrl\":\"https:\/\/secure.gravatar.com\/avatar\/42263f39aa27ac04c43cab85c280eb2e?s=96&d=mm&r=pg\",\"caption\":\"Kul\"},\"logo\":{\"@id\":\"https:\/\/sandzakpress.net\/arhiva\/#\/schema\/person\/image\/\"}},{\"@type\":\"Person\",\"@id\":\"https:\/\/sandzakpress.net\/arhiva\/#\/schema\/person\/c8baee722073534b583ea7bdb2e36c02\",\"name\":\"bosniak\",\"image\":{\"@type\":\"ImageObject\",\"inLanguage\":\"bs-BA\",\"@id\":\"https:\/\/sandzakpress.net\/arhiva\/#\/schema\/person\/image\/\",\"url\":\"https:\/\/secure.gravatar.com\/avatar\/a04fd330bfe3a36a72a0ad4a6d89fca7?s=96&d=mm&r=pg\",\"contentUrl\":\"https:\/\/secure.gravatar.com\/avatar\/a04fd330bfe3a36a72a0ad4a6d89fca7?s=96&d=mm&r=pg\",\"caption\":\"bosniak\"},\"url\":\"https:\/\/sandzakpress.net\/arhiva\/author\/bosniak\/\"}]}<\/script>\n<!-- \/ Yoast SEO Premium plugin. -->","yoast_head_json":{"title":"DPS \u0107e se pitati sa kim \u0107e pregovarati u Gusinju","robots":{"index":"index","follow":"follow","max-snippet":"max-snippet:-1","max-image-preview":"max-image-preview:large","max-video-preview":"max-video-preview:-1"},"canonical":"https:\/\/sandzakpress.net\/arhiva\/dps-ce-se-pitati-sa-kim-ce-pregovarati-u-gusinju\/","og_locale":"bs_BA","og_type":"article","og_title":"DPS \u0107e se pitati sa kim \u0107e pregovarati u Gusinju","og_description":"Plav &#8211;\u00a0Izborni \u0161tab Demokratske partije socijalista Gusinje reagovao je na izjavu predsjednika Partije za Gusinje PzG Rusmina Lali\u010di\u0107a koji je kazao da \u0107e ta partija nakon \u0161to Gusinje dobije status op\u0161tine razgovarati samo sa vrhom DPS-a. \u201ePovodom neozbiljnog i neskromnog komentara Rusmina Lali\u010di\u0107a, a obudu\u0107oj saradnji PzG sa Demokratskom partijom socijalista Gusinja, isti\u010demo da je [&hellip;]","og_url":"https:\/\/sandzakpress.net\/arhiva\/dps-ce-se-pitati-sa-kim-ce-pregovarati-u-gusinju\/","og_site_name":"Sand\u017eak PRESS","article_published_time":"2014-01-27T16:41:55+00:00","og_image":[{"width":573,"height":413,"url":"https:\/\/sandzakpress.net\/arhiva\/wp-content\/uploads\/2014\/01\/dps_logo.jpg","type":"image\/jpeg"}],"author":"bosniak","twitter_card":"summary_large_image","twitter_misc":{"Written by":"bosniak","Est. reading time":"2 minute"},"schema":{"@context":"https:\/\/schema.org","@graph":[{"@type":"Article","@id":"https:\/\/sandzakpress.net\/arhiva\/dps-ce-se-pitati-sa-kim-ce-pregovarati-u-gusinju\/#article","isPartOf":{"@id":"https:\/\/sandzakpress.net\/arhiva\/dps-ce-se-pitati-sa-kim-ce-pregovarati-u-gusinju\/"},"author":{"name":"bosniak","@id":"https:\/\/sandzakpress.net\/arhiva\/#\/schema\/person\/c8baee722073534b583ea7bdb2e36c02"},"headline":"DPS \u0107e se pitati sa kim \u0107e pregovarati u Gusinju","datePublished":"2014-01-27T16:41:55+00:00","mainEntityOfPage":{"@id":"https:\/\/sandzakpress.net\/arhiva\/dps-ce-se-pitati-sa-kim-ce-pregovarati-u-gusinju\/"},"wordCount":343,"commentCount":0,"publisher":{"@id":"https:\/\/sandzakpress.net\/arhiva\/#\/schema\/person\/6e72b67d6e51910a1117b3b483ba20bd"},"image":{"@id":"https:\/\/sandzakpress.net\/arhiva\/dps-ce-se-pitati-sa-kim-ce-pregovarati-u-gusinju\/#primaryimage"},"thumbnailUrl":"https:\/\/sandzakpress.net\/arhiva\/wp-content\/uploads\/2014\/01\/dps_logo.jpg","articleSection":["Politika","Gusinje"],"inLanguage":"bs-BA","potentialAction":[{"@type":"CommentAction","name":"Comment","target":["https:\/\/sandzakpress.net\/arhiva\/dps-ce-se-pitati-sa-kim-ce-pregovarati-u-gusinju\/#respond"]}]},{"@type":"WebPage","@id":"https:\/\/sandzakpress.net\/arhiva\/dps-ce-se-pitati-sa-kim-ce-pregovarati-u-gusinju\/","url":"https:\/\/sandzakpress.net\/arhiva\/dps-ce-se-pitati-sa-kim-ce-pregovarati-u-gusinju\/","name":"DPS \u0107e se pitati sa kim \u0107e pregovarati u Gusinju","isPartOf":{"@id":"https:\/\/sandzakpress.net\/arhiva\/#website"},"primaryImageOfPage":{"@id":"https:\/\/sandzakpress.net\/arhiva\/dps-ce-se-pitati-sa-kim-ce-pregovarati-u-gusinju\/#primaryimage"},"image":{"@id":"https:\/\/sandzakpress.net\/arhiva\/dps-ce-se-pitati-sa-kim-ce-pregovarati-u-gusinju\/#primaryimage"},"thumbnailUrl":"https:\/\/sandzakpress.net\/arhiva\/wp-content\/uploads\/2014\/01\/dps_logo.jpg","datePublished":"2014-01-27T16:41:55+00:00","breadcrumb":{"@id":"https:\/\/sandzakpress.net\/arhiva\/dps-ce-se-pitati-sa-kim-ce-pregovarati-u-gusinju\/#breadcrumb"},"inLanguage":"bs-BA","potentialAction":[{"@type":"ReadAction","target":["https:\/\/sandzakpress.net\/arhiva\/dps-ce-se-pitati-sa-kim-ce-pregovarati-u-gusinju\/"]}]},{"@type":"ImageObject","inLanguage":"bs-BA","@id":"https:\/\/sandzakpress.net\/arhiva\/dps-ce-se-pitati-sa-kim-ce-pregovarati-u-gusinju\/#primaryimage","url":"https:\/\/sandzakpress.net\/arhiva\/wp-content\/uploads\/2014\/01\/dps_logo.jpg","contentUrl":"https:\/\/sandzakpress.net\/arhiva\/wp-content\/uploads\/2014\/01\/dps_logo.jpg","width":573,"height":413},{"@type":"BreadcrumbList","@id":"https:\/\/sandzakpress.net\/arhiva\/dps-ce-se-pitati-sa-kim-ce-pregovarati-u-gusinju\/#breadcrumb","itemListElement":[{"@type":"ListItem","position":1,"name":"Home","item":"https:\/\/sandzakpress.net\/arhiva\/"},{"@type":"ListItem","position":2,"name":"DPS \u0107e se pitati sa kim \u0107e pregovarati u Gusinju"}]},{"@type":"WebSite","@id":"https:\/\/sandzakpress.net\/arhiva\/#website","url":"https:\/\/sandzakpress.net\/arhiva\/","name":"Sand\u017eak PRESS","description":"Prve elektronske novine u Sand\u017eaku","publisher":{"@id":"https:\/\/sandzakpress.net\/arhiva\/#\/schema\/person\/6e72b67d6e51910a1117b3b483ba20bd"},"potentialAction":[{"@type":"SearchAction","target":{"@type":"EntryPoint","urlTemplate":"https:\/\/sandzakpress.net\/arhiva\/?s={search_term_string}"},"query-input":{"@type":"PropertyValueSpecification","valueRequired":true,"valueName":"search_term_string"}}],"inLanguage":"bs-BA"},{"@type":["Person","Organization"],"@id":"https:\/\/sandzakpress.net\/arhiva\/#\/schema\/person\/6e72b67d6e51910a1117b3b483ba20bd","name":"Kul","image":{"@type":"ImageObject","inLanguage":"bs-BA","@id":"https:\/\/sandzakpress.net\/arhiva\/#\/schema\/person\/image\/","url":"https:\/\/secure.gravatar.com\/avatar\/42263f39aa27ac04c43cab85c280eb2e?s=96&d=mm&r=pg","contentUrl":"https:\/\/secure.gravatar.com\/avatar\/42263f39aa27ac04c43cab85c280eb2e?s=96&d=mm&r=pg","caption":"Kul"},"logo":{"@id":"https:\/\/sandzakpress.net\/arhiva\/#\/schema\/person\/image\/"}},{"@type":"Person","@id":"https:\/\/sandzakpress.net\/arhiva\/#\/schema\/person\/c8baee722073534b583ea7bdb2e36c02","name":"bosniak","image":{"@type":"ImageObject","inLanguage":"bs-BA","@id":"https:\/\/sandzakpress.net\/arhiva\/#\/schema\/person\/image\/","url":"https:\/\/secure.gravatar.com\/avatar\/a04fd330bfe3a36a72a0ad4a6d89fca7?s=96&d=mm&r=pg","contentUrl":"https:\/\/secure.gravatar.com\/avatar\/a04fd330bfe3a36a72a0ad4a6d89fca7?s=96&d=mm&r=pg","caption":"bosniak"},"url":"https:\/\/sandzakpress.net\/arhiva\/author\/bosniak\/"}]}},"_links":{"self":[{"href":"https:\/\/sandzakpress.net\/arhiva\/wp-json\/wp\/v2\/posts\/100485"}],"collection":[{"href":"https:\/\/sandzakpress.net\/arhiva\/wp-json\/wp\/v2\/posts"}],"about":[{"href":"https:\/\/sandzakpress.net\/arhiva\/wp-json\/wp\/v2\/types\/post"}],"author":[{"embeddable":true,"href":"https:\/\/sandzakpress.net\/arhiva\/wp-json\/wp\/v2\/users\/83"}],"replies":[{"embeddable":true,"href":"https:\/\/sandzakpress.net\/arhiva\/wp-json\/wp\/v2\/comments?post=100485"}],"version-history":[{"count":0,"href":"https:\/\/sandzakpress.net\/arhiva\/wp-json\/wp\/v2\/posts\/100485\/revisions"}],"wp:featuredmedia":[{"embeddable":true,"href":"https:\/\/sandzakpress.net\/arhiva\/wp-json\/wp\/v2\/media\/100486"}],"wp:attachment":[{"href":"https:\/\/sandzakpress.net\/arhiva\/wp-json\/wp\/v2\/media?parent=100485"}],"wp:term":[{"taxonomy":"category","embeddable":true,"href":"https:\/\/sandzakpress.net\/arhiva\/wp-json\/wp\/v2\/categories?post=100485"},{"taxonomy":"post_tag","embeddable":true,"href":"https:\/\/sandzakpress.net\/arhiva\/wp-json\/wp\/v2\/tags?post=100485"}],"curies":[{"name":"wp","href":"https:\/\/api.w.org\/{rel}","templated":true}]}}