{"id":100461,"date":"2014-01-27T12:46:31","date_gmt":"2014-01-27T11:46:31","guid":{"rendered":"https:\/\/sandzakpress.net\/arhiva\/?p=100461"},"modified":"2014-01-27T12:46:54","modified_gmt":"2014-01-27T11:46:54","slug":"akademik-alija-dzogovic-2","status":"publish","type":"post","link":"https:\/\/sandzakpress.net\/arhiva\/akademik-alija-dzogovic-2\/","title":{"rendered":"Akademik Alija D\u017eogovi\u0107"},"content":{"rendered":"<figure id=\"attachment_100345\" aria-describedby=\"caption-attachment-100345\" style=\"width: 259px\" class=\"wp-caption alignnone\"><a href=\"https:\/\/sandzakpress.net\/arhiva\/wp-content\/uploads\/2014\/01\/alija-dzogovic.jpg\"><img loading=\"lazy\" decoding=\"async\" class=\"size-full wp-image-100345\" alt=\"Akademik BANU, rahmetli Alija D\u017eogovi\u0107\" src=\"https:\/\/sandzakpress.net\/arhiva\/wp-content\/uploads\/2014\/01\/alija-dzogovic.jpg\" width=\"259\" height=\"194\" \/><\/a><figcaption id=\"caption-attachment-100345\" class=\"wp-caption-text\">Akademik BANU, rahmetli Alija D\u017eogovi\u0107<\/figcaption><\/figure>\n<p style=\"text-align: center;\"><span style=\"line-height: 1.5em;\">U povodu sje\u0107anja na rah. Aliju D\u017eogovi\u0107a, akademika Bo\u0161nja\u010dke akademije nauka i umjetnosti, objavljujemo tekst o njemu iz Revije Sand\u017eak iz 2012. godine.<\/span><\/p>\n<p><!--more--><\/p>\n<p><b>Ro\u0111en je 1929. u sand\u017ea\u010dkom selu Laholu kod Bijelog Polja. Osnovnu \u0161kolu zavr\u0161io u Zatonu, a gimnaziju u Pe\u0107i. Na Filozofskom fakultetu u Beogradu studirao je Knji\u017eevnost i jugoslovenske jezike, gdje je diplomirao je 1955. \u017divi i radi u Pe\u0107i.<\/b><\/p>\n<h2><b>DJELA<\/b><\/h2>\n<p>Prve stihove objavio kao srednjo\u0161kolac1950. i nije prestao da ih pi\u0161e do dan danas. Poeziju je publicirao u \u010dasopisima, listovima za kulturu i knji\u017eevnost, zbornicima, samostalnim zbirkama i drugim publikacijama.<br \/>\nSaradnja u publicistici: Polet (Zagreb), Krugovi (Zagreb), Susreti (Titograd), Mostovi (Pljevlja), Ime (Beograd), Odzivi (Bijelo Polje), Delo (Beograd), Jeta e re (Pri\u0161tina, na albanskom jeziku), Stremljenja (Pri\u0161tina); Mlada kultura (Beograd), Vidici (Beograd), Novi Svet (Pri\u0161tina), Knji\u017eevna re\u010d (Beograd), Omladina (Beograd), Prosvetni pregled (Beograd), Jedinstvo (Pri\u0161tina), Tan (Pri\u0161tina, na turskom jeziku), Rilindja (Pri\u0161tina, na albanskom jeziku);<br \/>\nZbornici: Kosmet pi\u0161e i pjeva (Pri\u0161tina, 1951),\u00a0 Lumi dhe rima (Pri\u0161tina, na albanskom jeziku), Savremena poezija Kosova (Bijelo Polje, 1979), Shkrimtar\u00ebt e Kosov\u00ebs (Pri\u0161tina, 1984, na albanskom jeziku), Biravu\u00e7 mavi (Istanbul, 1985, na turskom jeziku), Jedanaesti plavski susreti knji\u017eevnih stvaralaca SR Crne Gore, BiH, Srbije i SAP Kosova (Pljevlja, 1986), Baris kuslari (Istambul, 1987., na turskom jeziku), \u010cuvar svjetlosti (Pe\u0107, 1988).<br \/>\nUz zbornik grafi\u010dkih radova Afrim Ethemi (Pe\u0107, 1990) objavio je poemu Ja, pisar Knjige, zapisah i prijevod na albanski: Un\u00eb, shkrues i Librit, sh\u00ebnova.<\/p>\n<p>Samostalno je objavio: Cvet i rana (poezija, Pri\u0161tina, 1976), Narodne pesme Metohije (Pri\u0161tina, 1976.), Materid\u017ea (poezija, Novi Pazar, 1993), Aragonitski nakit (poezija, Novi Pazar, 1995.), Sarajevo Guernica (poema, Prizren, 1995).<br \/>\nOd 1979. godine se intenzivno bavi nau\u010dnim radom, uglavnom iz oblasti lingvisti\u010dkih disciplina i narodne knji\u017eevnosti. Objavio je pet knjiga iz oblasti onomastike (Toponimija jugoslavenskog dela Prokletija 1983., Onomastika De\u010dana 1985., Onomastika severoisto\u010dnih ogranaka Prokletija 1986., Onomastika \u0110akovice 1987., Onomastika Gore 1996), zatim \u0161est ve\u0107ih radova iz oblasti onomastike i dijalektologije, u zbornicima nau\u010dnih radova sa kongresa i simpozija onomasti\u010dara i leksikologa Jugoslavije, kao i osam ve\u0107ih nau\u010dnih radova iz oblasti narodne knji\u017eevnosti.<\/p>\n<p>D\u017eogovi\u0107 je prikupio i sistematizirao dijalektolo\u0161ku gra\u0111u za \u010detiri karakteristi\u010dna punkta (selo Belo Polje kod Pe\u0107i 1986, selo Vrani\u0161te kod Draga\u0161a 1987, \u0110akovica 1995, Novi Pazar 1995) za projekt Upitnik za srpskohrvatski\/hrvatskosrpski dijalektolo\u0161ki atlas.<\/p>\n<p>D\u017eogovi\u0107 se 1951-1970., bavio i novinarstvom kao honorarni dopisnik i saradnik vi\u0161e dnevnih listova i periodi\u010dnih publikacija.<\/p>\n<p>O knji\u017eevnom i nau\u010dnom radu Alije D\u017eogovi\u0107a objavljeno je oko 70 eseja i prikaza i ve\u0107i broj novinarskih \u010dlanaka.<\/p>\n<p>Nagrade: Knji\u017eevna nagrada mladih pisaca Kosova, 1951; Specijalna nagrada Knji\u017eevnog kluba prosvetnih radnika Srbije, 1973; Knji\u017eevna nagrada Lazar Vu\u010dkovi\u0107, 1970; Knji\u017eevna nagrada Sabit U\u017ei\u010danin 1993; Prva nagrada za knji\u017eevno i nau\u010dno stvarala\u0161tvo koju dodjeljuje Kulturno udru\u017eenje Bo\u0161njaka Sand\u017eaka u Sloveniji, 1988; Doajen pe\u0107kih pjesnika: Vi\u0161e generacije pisaca u Pe\u0107i stvaralo je i formiralo se pod utjecajem Alije D\u017eogovi\u0107a zbog \u010dega je dobio ovaj epitet.<\/p>\n<h2><b>Osniva\u010d, saradnik, \u010dlan<\/b><\/h2>\n<p>\u010clan je i jedan od osniva\u010da Bo\u0161nja\u010dke akademije nauka i umjetnosti.<\/p>\n<p>Osniva\u010d je i vi\u0161egodi\u0161nji predsjednik Knji\u017eevnog kluba Ivan Goran Kova\u010di\u0107.<\/p>\n<p>Tokom studija, bio je \u010dlan Kluba pisaca Beogradskog univerziteta. Tako\u0111er je \u010dlan Dru\u0161tva knji\u017eevnika Kosova, Knji\u017eevnog kluba Karaga\u010d u Pe\u0107i, te Predsjedni\u0161tva Udru\u017eenja pisaca Sand\u017eaka.<\/p>\n<p>Sa grupom pisaca u egzilu, u \u0160vedskoj je osnovao Udru\u017eenje bo\u0161nja\u010dkih pisaca u skandinavskim zemljama, sa sjedi\u0161tem u Malmeu, i pokrenuo izdava\u010dku djelatnost i ediciju Bihor.<\/p>\n<h2><b>Simpoziji i nau\u010dni skupovi<\/b><\/h2>\n<p>D\u017eogovi\u0107 je u\u010destvovao na vi\u0161e nau\u010dnih kongresa i simpozija onomasti\u010dara, leksikologa, dijalektologa i folklorista Jugoslavije.<\/p>\n<p>Autor:\u00a0<b>Salahudin Feti\u0107<\/b><\/p>\n","protected":false},"excerpt":{"rendered":"<p>Salahudin Feti\u0107<\/p>\n","protected":false},"author":83,"featured_media":100345,"comment_status":"open","ping_status":"open","sticky":false,"template":"","format":"standard","meta":{"footnotes":""},"categories":[10196],"tags":[10428],"class_list":{"0":"post-100461","1":"post","2":"type-post","3":"status-publish","4":"format-standard","5":"has-post-thumbnail","7":"category-iz-pera-nasih-autora","8":"tag-salahudin-fetic"},"yoast_head":"<!-- This site is optimized with the Yoast SEO Premium plugin v23.1 (Yoast SEO v24.9) - https:\/\/yoast.com\/wordpress\/plugins\/seo\/ -->\n<title>Akademik Alija D\u017eogovi\u0107<\/title>\n<meta name=\"robots\" content=\"index, follow, max-snippet:-1, max-image-preview:large, max-video-preview:-1\" \/>\n<link rel=\"canonical\" href=\"https:\/\/sandzakpress.net\/arhiva\/akademik-alija-dzogovic-2\/\" \/>\n<meta property=\"og:locale\" content=\"bs_BA\" \/>\n<meta property=\"og:type\" content=\"article\" \/>\n<meta property=\"og:title\" content=\"Akademik Alija D\u017eogovi\u0107\" \/>\n<meta property=\"og:description\" content=\"Salahudin Feti\u0107\" \/>\n<meta property=\"og:url\" content=\"https:\/\/sandzakpress.net\/arhiva\/akademik-alija-dzogovic-2\/\" \/>\n<meta property=\"og:site_name\" content=\"Sand\u017eak PRESS\" \/>\n<meta property=\"article:published_time\" content=\"2014-01-27T11:46:31+00:00\" \/>\n<meta property=\"article:modified_time\" content=\"2014-01-27T11:46:54+00:00\" \/>\n<meta property=\"og:image\" content=\"https:\/\/sandzakpress.net\/arhiva\/wp-content\/uploads\/2014\/01\/alija-dzogovic.jpg\" \/>\n\t<meta property=\"og:image:width\" content=\"259\" \/>\n\t<meta property=\"og:image:height\" content=\"194\" \/>\n\t<meta property=\"og:image:type\" content=\"image\/jpeg\" \/>\n<meta name=\"author\" content=\"bosniak\" \/>\n<meta name=\"twitter:card\" content=\"summary_large_image\" \/>\n<meta name=\"twitter:label1\" content=\"Written by\" \/>\n\t<meta name=\"twitter:data1\" content=\"bosniak\" \/>\n\t<meta name=\"twitter:label2\" content=\"Est. reading time\" \/>\n\t<meta name=\"twitter:data2\" content=\"3 minute\" \/>\n<script type=\"application\/ld+json\" class=\"yoast-schema-graph\">{\"@context\":\"https:\/\/schema.org\",\"@graph\":[{\"@type\":\"Article\",\"@id\":\"https:\/\/sandzakpress.net\/arhiva\/akademik-alija-dzogovic-2\/#article\",\"isPartOf\":{\"@id\":\"https:\/\/sandzakpress.net\/arhiva\/akademik-alija-dzogovic-2\/\"},\"author\":{\"name\":\"bosniak\",\"@id\":\"https:\/\/sandzakpress.net\/arhiva\/#\/schema\/person\/c8baee722073534b583ea7bdb2e36c02\"},\"headline\":\"Akademik Alija D\u017eogovi\u0107\",\"datePublished\":\"2014-01-27T11:46:31+00:00\",\"dateModified\":\"2014-01-27T11:46:54+00:00\",\"mainEntityOfPage\":{\"@id\":\"https:\/\/sandzakpress.net\/arhiva\/akademik-alija-dzogovic-2\/\"},\"wordCount\":660,\"commentCount\":1,\"publisher\":{\"@id\":\"https:\/\/sandzakpress.net\/arhiva\/#\/schema\/person\/6e72b67d6e51910a1117b3b483ba20bd\"},\"image\":{\"@id\":\"https:\/\/sandzakpress.net\/arhiva\/akademik-alija-dzogovic-2\/#primaryimage\"},\"thumbnailUrl\":\"https:\/\/sandzakpress.net\/arhiva\/wp-content\/uploads\/2014\/01\/alija-dzogovic.jpg\",\"keywords\":[\"Salahudin Feti\u0107\"],\"articleSection\":[\"Iz pera na\u0161ih autora\"],\"inLanguage\":\"bs-BA\",\"potentialAction\":[{\"@type\":\"CommentAction\",\"name\":\"Comment\",\"target\":[\"https:\/\/sandzakpress.net\/arhiva\/akademik-alija-dzogovic-2\/#respond\"]}]},{\"@type\":\"WebPage\",\"@id\":\"https:\/\/sandzakpress.net\/arhiva\/akademik-alija-dzogovic-2\/\",\"url\":\"https:\/\/sandzakpress.net\/arhiva\/akademik-alija-dzogovic-2\/\",\"name\":\"Akademik Alija D\u017eogovi\u0107\",\"isPartOf\":{\"@id\":\"https:\/\/sandzakpress.net\/arhiva\/#website\"},\"primaryImageOfPage\":{\"@id\":\"https:\/\/sandzakpress.net\/arhiva\/akademik-alija-dzogovic-2\/#primaryimage\"},\"image\":{\"@id\":\"https:\/\/sandzakpress.net\/arhiva\/akademik-alija-dzogovic-2\/#primaryimage\"},\"thumbnailUrl\":\"https:\/\/sandzakpress.net\/arhiva\/wp-content\/uploads\/2014\/01\/alija-dzogovic.jpg\",\"datePublished\":\"2014-01-27T11:46:31+00:00\",\"dateModified\":\"2014-01-27T11:46:54+00:00\",\"breadcrumb\":{\"@id\":\"https:\/\/sandzakpress.net\/arhiva\/akademik-alija-dzogovic-2\/#breadcrumb\"},\"inLanguage\":\"bs-BA\",\"potentialAction\":[{\"@type\":\"ReadAction\",\"target\":[\"https:\/\/sandzakpress.net\/arhiva\/akademik-alija-dzogovic-2\/\"]}]},{\"@type\":\"ImageObject\",\"inLanguage\":\"bs-BA\",\"@id\":\"https:\/\/sandzakpress.net\/arhiva\/akademik-alija-dzogovic-2\/#primaryimage\",\"url\":\"https:\/\/sandzakpress.net\/arhiva\/wp-content\/uploads\/2014\/01\/alija-dzogovic.jpg\",\"contentUrl\":\"https:\/\/sandzakpress.net\/arhiva\/wp-content\/uploads\/2014\/01\/alija-dzogovic.jpg\",\"width\":259,\"height\":194,\"caption\":\"Akademik BANU, rahmetli Alija D\u017eogovi\u0107\"},{\"@type\":\"BreadcrumbList\",\"@id\":\"https:\/\/sandzakpress.net\/arhiva\/akademik-alija-dzogovic-2\/#breadcrumb\",\"itemListElement\":[{\"@type\":\"ListItem\",\"position\":1,\"name\":\"Home\",\"item\":\"https:\/\/sandzakpress.net\/arhiva\/\"},{\"@type\":\"ListItem\",\"position\":2,\"name\":\"Akademik Alija D\u017eogovi\u0107\"}]},{\"@type\":\"WebSite\",\"@id\":\"https:\/\/sandzakpress.net\/arhiva\/#website\",\"url\":\"https:\/\/sandzakpress.net\/arhiva\/\",\"name\":\"Sand\u017eak PRESS\",\"description\":\"Prve elektronske novine u Sand\u017eaku\",\"publisher\":{\"@id\":\"https:\/\/sandzakpress.net\/arhiva\/#\/schema\/person\/6e72b67d6e51910a1117b3b483ba20bd\"},\"potentialAction\":[{\"@type\":\"SearchAction\",\"target\":{\"@type\":\"EntryPoint\",\"urlTemplate\":\"https:\/\/sandzakpress.net\/arhiva\/?s={search_term_string}\"},\"query-input\":{\"@type\":\"PropertyValueSpecification\",\"valueRequired\":true,\"valueName\":\"search_term_string\"}}],\"inLanguage\":\"bs-BA\"},{\"@type\":[\"Person\",\"Organization\"],\"@id\":\"https:\/\/sandzakpress.net\/arhiva\/#\/schema\/person\/6e72b67d6e51910a1117b3b483ba20bd\",\"name\":\"Kul\",\"image\":{\"@type\":\"ImageObject\",\"inLanguage\":\"bs-BA\",\"@id\":\"https:\/\/sandzakpress.net\/arhiva\/#\/schema\/person\/image\/\",\"url\":\"https:\/\/secure.gravatar.com\/avatar\/42263f39aa27ac04c43cab85c280eb2e?s=96&d=mm&r=pg\",\"contentUrl\":\"https:\/\/secure.gravatar.com\/avatar\/42263f39aa27ac04c43cab85c280eb2e?s=96&d=mm&r=pg\",\"caption\":\"Kul\"},\"logo\":{\"@id\":\"https:\/\/sandzakpress.net\/arhiva\/#\/schema\/person\/image\/\"}},{\"@type\":\"Person\",\"@id\":\"https:\/\/sandzakpress.net\/arhiva\/#\/schema\/person\/c8baee722073534b583ea7bdb2e36c02\",\"name\":\"bosniak\",\"image\":{\"@type\":\"ImageObject\",\"inLanguage\":\"bs-BA\",\"@id\":\"https:\/\/sandzakpress.net\/arhiva\/#\/schema\/person\/image\/\",\"url\":\"https:\/\/secure.gravatar.com\/avatar\/a04fd330bfe3a36a72a0ad4a6d89fca7?s=96&d=mm&r=pg\",\"contentUrl\":\"https:\/\/secure.gravatar.com\/avatar\/a04fd330bfe3a36a72a0ad4a6d89fca7?s=96&d=mm&r=pg\",\"caption\":\"bosniak\"},\"url\":\"https:\/\/sandzakpress.net\/arhiva\/author\/bosniak\/\"}]}<\/script>\n<!-- \/ Yoast SEO Premium plugin. -->","yoast_head_json":{"title":"Akademik Alija D\u017eogovi\u0107","robots":{"index":"index","follow":"follow","max-snippet":"max-snippet:-1","max-image-preview":"max-image-preview:large","max-video-preview":"max-video-preview:-1"},"canonical":"https:\/\/sandzakpress.net\/arhiva\/akademik-alija-dzogovic-2\/","og_locale":"bs_BA","og_type":"article","og_title":"Akademik Alija D\u017eogovi\u0107","og_description":"Salahudin Feti\u0107","og_url":"https:\/\/sandzakpress.net\/arhiva\/akademik-alija-dzogovic-2\/","og_site_name":"Sand\u017eak PRESS","article_published_time":"2014-01-27T11:46:31+00:00","article_modified_time":"2014-01-27T11:46:54+00:00","og_image":[{"width":259,"height":194,"url":"https:\/\/sandzakpress.net\/arhiva\/wp-content\/uploads\/2014\/01\/alija-dzogovic.jpg","type":"image\/jpeg"}],"author":"bosniak","twitter_card":"summary_large_image","twitter_misc":{"Written by":"bosniak","Est. reading time":"3 minute"},"schema":{"@context":"https:\/\/schema.org","@graph":[{"@type":"Article","@id":"https:\/\/sandzakpress.net\/arhiva\/akademik-alija-dzogovic-2\/#article","isPartOf":{"@id":"https:\/\/sandzakpress.net\/arhiva\/akademik-alija-dzogovic-2\/"},"author":{"name":"bosniak","@id":"https:\/\/sandzakpress.net\/arhiva\/#\/schema\/person\/c8baee722073534b583ea7bdb2e36c02"},"headline":"Akademik Alija D\u017eogovi\u0107","datePublished":"2014-01-27T11:46:31+00:00","dateModified":"2014-01-27T11:46:54+00:00","mainEntityOfPage":{"@id":"https:\/\/sandzakpress.net\/arhiva\/akademik-alija-dzogovic-2\/"},"wordCount":660,"commentCount":1,"publisher":{"@id":"https:\/\/sandzakpress.net\/arhiva\/#\/schema\/person\/6e72b67d6e51910a1117b3b483ba20bd"},"image":{"@id":"https:\/\/sandzakpress.net\/arhiva\/akademik-alija-dzogovic-2\/#primaryimage"},"thumbnailUrl":"https:\/\/sandzakpress.net\/arhiva\/wp-content\/uploads\/2014\/01\/alija-dzogovic.jpg","keywords":["Salahudin Feti\u0107"],"articleSection":["Iz pera na\u0161ih autora"],"inLanguage":"bs-BA","potentialAction":[{"@type":"CommentAction","name":"Comment","target":["https:\/\/sandzakpress.net\/arhiva\/akademik-alija-dzogovic-2\/#respond"]}]},{"@type":"WebPage","@id":"https:\/\/sandzakpress.net\/arhiva\/akademik-alija-dzogovic-2\/","url":"https:\/\/sandzakpress.net\/arhiva\/akademik-alija-dzogovic-2\/","name":"Akademik Alija D\u017eogovi\u0107","isPartOf":{"@id":"https:\/\/sandzakpress.net\/arhiva\/#website"},"primaryImageOfPage":{"@id":"https:\/\/sandzakpress.net\/arhiva\/akademik-alija-dzogovic-2\/#primaryimage"},"image":{"@id":"https:\/\/sandzakpress.net\/arhiva\/akademik-alija-dzogovic-2\/#primaryimage"},"thumbnailUrl":"https:\/\/sandzakpress.net\/arhiva\/wp-content\/uploads\/2014\/01\/alija-dzogovic.jpg","datePublished":"2014-01-27T11:46:31+00:00","dateModified":"2014-01-27T11:46:54+00:00","breadcrumb":{"@id":"https:\/\/sandzakpress.net\/arhiva\/akademik-alija-dzogovic-2\/#breadcrumb"},"inLanguage":"bs-BA","potentialAction":[{"@type":"ReadAction","target":["https:\/\/sandzakpress.net\/arhiva\/akademik-alija-dzogovic-2\/"]}]},{"@type":"ImageObject","inLanguage":"bs-BA","@id":"https:\/\/sandzakpress.net\/arhiva\/akademik-alija-dzogovic-2\/#primaryimage","url":"https:\/\/sandzakpress.net\/arhiva\/wp-content\/uploads\/2014\/01\/alija-dzogovic.jpg","contentUrl":"https:\/\/sandzakpress.net\/arhiva\/wp-content\/uploads\/2014\/01\/alija-dzogovic.jpg","width":259,"height":194,"caption":"Akademik BANU, rahmetli Alija D\u017eogovi\u0107"},{"@type":"BreadcrumbList","@id":"https:\/\/sandzakpress.net\/arhiva\/akademik-alija-dzogovic-2\/#breadcrumb","itemListElement":[{"@type":"ListItem","position":1,"name":"Home","item":"https:\/\/sandzakpress.net\/arhiva\/"},{"@type":"ListItem","position":2,"name":"Akademik Alija D\u017eogovi\u0107"}]},{"@type":"WebSite","@id":"https:\/\/sandzakpress.net\/arhiva\/#website","url":"https:\/\/sandzakpress.net\/arhiva\/","name":"Sand\u017eak PRESS","description":"Prve elektronske novine u Sand\u017eaku","publisher":{"@id":"https:\/\/sandzakpress.net\/arhiva\/#\/schema\/person\/6e72b67d6e51910a1117b3b483ba20bd"},"potentialAction":[{"@type":"SearchAction","target":{"@type":"EntryPoint","urlTemplate":"https:\/\/sandzakpress.net\/arhiva\/?s={search_term_string}"},"query-input":{"@type":"PropertyValueSpecification","valueRequired":true,"valueName":"search_term_string"}}],"inLanguage":"bs-BA"},{"@type":["Person","Organization"],"@id":"https:\/\/sandzakpress.net\/arhiva\/#\/schema\/person\/6e72b67d6e51910a1117b3b483ba20bd","name":"Kul","image":{"@type":"ImageObject","inLanguage":"bs-BA","@id":"https:\/\/sandzakpress.net\/arhiva\/#\/schema\/person\/image\/","url":"https:\/\/secure.gravatar.com\/avatar\/42263f39aa27ac04c43cab85c280eb2e?s=96&d=mm&r=pg","contentUrl":"https:\/\/secure.gravatar.com\/avatar\/42263f39aa27ac04c43cab85c280eb2e?s=96&d=mm&r=pg","caption":"Kul"},"logo":{"@id":"https:\/\/sandzakpress.net\/arhiva\/#\/schema\/person\/image\/"}},{"@type":"Person","@id":"https:\/\/sandzakpress.net\/arhiva\/#\/schema\/person\/c8baee722073534b583ea7bdb2e36c02","name":"bosniak","image":{"@type":"ImageObject","inLanguage":"bs-BA","@id":"https:\/\/sandzakpress.net\/arhiva\/#\/schema\/person\/image\/","url":"https:\/\/secure.gravatar.com\/avatar\/a04fd330bfe3a36a72a0ad4a6d89fca7?s=96&d=mm&r=pg","contentUrl":"https:\/\/secure.gravatar.com\/avatar\/a04fd330bfe3a36a72a0ad4a6d89fca7?s=96&d=mm&r=pg","caption":"bosniak"},"url":"https:\/\/sandzakpress.net\/arhiva\/author\/bosniak\/"}]}},"_links":{"self":[{"href":"https:\/\/sandzakpress.net\/arhiva\/wp-json\/wp\/v2\/posts\/100461"}],"collection":[{"href":"https:\/\/sandzakpress.net\/arhiva\/wp-json\/wp\/v2\/posts"}],"about":[{"href":"https:\/\/sandzakpress.net\/arhiva\/wp-json\/wp\/v2\/types\/post"}],"author":[{"embeddable":true,"href":"https:\/\/sandzakpress.net\/arhiva\/wp-json\/wp\/v2\/users\/83"}],"replies":[{"embeddable":true,"href":"https:\/\/sandzakpress.net\/arhiva\/wp-json\/wp\/v2\/comments?post=100461"}],"version-history":[{"count":0,"href":"https:\/\/sandzakpress.net\/arhiva\/wp-json\/wp\/v2\/posts\/100461\/revisions"}],"wp:featuredmedia":[{"embeddable":true,"href":"https:\/\/sandzakpress.net\/arhiva\/wp-json\/wp\/v2\/media\/100345"}],"wp:attachment":[{"href":"https:\/\/sandzakpress.net\/arhiva\/wp-json\/wp\/v2\/media?parent=100461"}],"wp:term":[{"taxonomy":"category","embeddable":true,"href":"https:\/\/sandzakpress.net\/arhiva\/wp-json\/wp\/v2\/categories?post=100461"},{"taxonomy":"post_tag","embeddable":true,"href":"https:\/\/sandzakpress.net\/arhiva\/wp-json\/wp\/v2\/tags?post=100461"}],"curies":[{"name":"wp","href":"https:\/\/api.w.org\/{rel}","templated":true}]}}