{"id":100442,"date":"2014-01-26T18:35:12","date_gmt":"2014-01-26T17:35:12","guid":{"rendered":"https:\/\/sandzakpress.net\/arhiva\/?p=100442"},"modified":"2014-01-26T20:31:29","modified_gmt":"2014-01-26T19:31:29","slug":"federalna-tv-muftija-zukorlic-vs-muhamed-jusufspahic-ponedjeljak-u-2000h","status":"publish","type":"post","link":"https:\/\/sandzakpress.net\/arhiva\/federalna-tv-muftija-zukorlic-vs-muhamed-jusufspahic-ponedjeljak-u-2000h\/","title":{"rendered":"Federalna TV &#8211; Muftija Zukorli\u0107 vs. Muhamed Jusufspahi\u0107 &#8211; ponedjeljak u 20:00h"},"content":{"rendered":"<p><img decoding=\"async\" alt=\"muftija i jusufspahce\" src=\"http:\/\/bosnapress.co\/wp-content\/uploads\/2014\/01\/muftija-i-jusufspahce.jpg\" \/><\/p>\n<p><strong>Sarajevo \u2013 U ponedjeljak, 27. januara 2014., na\u00a0 FTV-u, \u00a0u emisiji \u201ePo\u0161teno\u201c autorke Du\u0161ke Juri\u0161i\u010d, sa po\u010detkom u 20 \u010dasova gostovat \u0107e sand\u017ea\u010dki muftija Muamer ef. Zukorli\u0107 i Muhamed\u00a0 Jusufspahi\u0107.<\/strong><\/p>\n<p>U Sand\u017eaku \u0107e biti prijenosa preko Sand\u017eak televizije:<\/p>\n<p><object id=\"live_embed_player_flash\" width=\"400\" height=\"300\" classid=\"clsid:d27cdb6e-ae6d-11cf-96b8-444553540000\" codebase=\"http:\/\/download.macromedia.com\/pub\/shockwave\/cabs\/flash\/swflash.cab#version=6,0,40,0\" bgcolor=\"#000000\"><param name=\"allowFullScreen\" value=\"true\" \/><param name=\"allowScriptAccess\" value=\"always\" \/><param name=\"allowNetworking\" value=\"all\" \/><param name=\"flashvars\" value=\"hostname=www.justin.tv&amp;channel=tvsandzak&amp;auto_play=false&amp;start_volume=25\" \/><param name=\"src\" value=\"http:\/\/www.justin.tv\/swflibs\/JustinPlayer.swf?channel=tvsandzak\" \/><param name=\"allowfullscreen\" value=\"true\" \/><param name=\"allowscriptaccess\" value=\"always\" \/><param name=\"allownetworking\" value=\"all\" \/><embed id=\"live_embed_player_flash\" width=\"400\" height=\"300\" type=\"application\/x-shockwave-flash\" src=\"http:\/\/www.justin.tv\/swflibs\/JustinPlayer.swf?channel=tvsandzak\" allowFullScreen=\"true\" allowScriptAccess=\"always\" allowNetworking=\"all\" flashvars=\"hostname=www.justin.tv&amp;channel=tvsandzak&amp;auto_play=false&amp;start_volume=25\" allowfullscreen=\"true\" allowscriptaccess=\"always\" allownetworking=\"all\" bgcolor=\"#000000\" \/><\/object><a class=\"trk\" style=\"padding: 2px 0px 4px; display: block; width: 345px; font-weight: normal; font-size: 10px; text-decoration: underline; text-align: center;\" href=\"http:\/\/www.justin.tv\/tvsandzak#r=-rid-&amp;s=em\">Watch live video from tvsandzak on www.justin.tv<\/a><\/p>\n<p>Na ovoj stranici mo\u017eete u\u017eivo pratiti i komentarisati emisiju.<\/p>\n","protected":false},"excerpt":{"rendered":"<p>prenosi Sand\u017eak TV<\/p>\n","protected":false},"author":83,"featured_media":100443,"comment_status":"open","ping_status":"open","sticky":false,"template":"","format":"standard","meta":{"footnotes":""},"categories":[72,800,9538,52,9539,327,9550,392,9544,9543,8957],"tags":[],"class_list":{"0":"post-100442","1":"post","2":"type-post","3":"status-publish","4":"format-standard","5":"has-post-thumbnail","7":"category-novi-pazar","8":"category-nacija","9":"category-njemacka-dijaspora-gradovi-vase-vijesti","10":"category-sjenica","11":"category-austrija-dijaspora-gradovi-vase-vijesti","12":"category-tutin","13":"category-francuska-dijaspora-gradovi-vase-vijesti","14":"category-prijepolje_","15":"category-svicarska-dijaspora-gradovi-vase-vijesti","16":"category-svedska-dijaspora-gradovi-vase-vijesti","17":"category-vijesti-dana"},"yoast_head":"<!-- This site is optimized with the Yoast SEO Premium plugin v23.1 (Yoast SEO v24.9) - https:\/\/yoast.com\/wordpress\/plugins\/seo\/ -->\n<title>Federalna TV - Muftija Zukorli\u0107 vs. Muhamed Jusufspahi\u0107 - ponedjeljak u 20:00h<\/title>\n<meta name=\"robots\" content=\"index, follow, max-snippet:-1, max-image-preview:large, max-video-preview:-1\" \/>\n<link rel=\"canonical\" href=\"https:\/\/sandzakpress.net\/arhiva\/federalna-tv-muftija-zukorlic-vs-muhamed-jusufspahic-ponedjeljak-u-2000h\/\" \/>\n<meta property=\"og:locale\" content=\"bs_BA\" \/>\n<meta property=\"og:type\" content=\"article\" \/>\n<meta property=\"og:title\" content=\"Federalna TV - Muftija Zukorli\u0107 vs. Muhamed Jusufspahi\u0107 - ponedjeljak u 20:00h\" \/>\n<meta property=\"og:description\" content=\"prenosi Sand\u017eak TV\" \/>\n<meta property=\"og:url\" content=\"https:\/\/sandzakpress.net\/arhiva\/federalna-tv-muftija-zukorlic-vs-muhamed-jusufspahic-ponedjeljak-u-2000h\/\" \/>\n<meta property=\"og:site_name\" content=\"Sand\u017eak PRESS\" \/>\n<meta property=\"article:published_time\" content=\"2014-01-26T17:35:12+00:00\" \/>\n<meta property=\"article:modified_time\" content=\"2014-01-26T19:31:29+00:00\" \/>\n<meta property=\"og:image\" content=\"https:\/\/sandzakpress.net\/arhiva\/wp-content\/uploads\/2014\/01\/muftija-i-jusufspahce.jpg\" \/>\n\t<meta property=\"og:image:width\" content=\"616\" \/>\n\t<meta property=\"og:image:height\" content=\"307\" \/>\n\t<meta property=\"og:image:type\" content=\"image\/jpeg\" \/>\n<meta name=\"author\" content=\"bosniak\" \/>\n<meta name=\"twitter:card\" content=\"summary_large_image\" \/>\n<meta name=\"twitter:label1\" content=\"Written by\" \/>\n\t<meta name=\"twitter:data1\" content=\"bosniak\" \/>\n<script type=\"application\/ld+json\" class=\"yoast-schema-graph\">{\"@context\":\"https:\/\/schema.org\",\"@graph\":[{\"@type\":\"Article\",\"@id\":\"https:\/\/sandzakpress.net\/arhiva\/federalna-tv-muftija-zukorlic-vs-muhamed-jusufspahic-ponedjeljak-u-2000h\/#article\",\"isPartOf\":{\"@id\":\"https:\/\/sandzakpress.net\/arhiva\/federalna-tv-muftija-zukorlic-vs-muhamed-jusufspahic-ponedjeljak-u-2000h\/\"},\"author\":{\"name\":\"bosniak\",\"@id\":\"https:\/\/sandzakpress.net\/arhiva\/#\/schema\/person\/c8baee722073534b583ea7bdb2e36c02\"},\"headline\":\"Federalna TV &#8211; Muftija Zukorli\u0107 vs. Muhamed Jusufspahi\u0107 &#8211; ponedjeljak u 20:00h\",\"datePublished\":\"2014-01-26T17:35:12+00:00\",\"dateModified\":\"2014-01-26T19:31:29+00:00\",\"mainEntityOfPage\":{\"@id\":\"https:\/\/sandzakpress.net\/arhiva\/federalna-tv-muftija-zukorlic-vs-muhamed-jusufspahic-ponedjeljak-u-2000h\/\"},\"wordCount\":74,\"commentCount\":35,\"publisher\":{\"@id\":\"https:\/\/sandzakpress.net\/arhiva\/#\/schema\/person\/6e72b67d6e51910a1117b3b483ba20bd\"},\"image\":{\"@id\":\"https:\/\/sandzakpress.net\/arhiva\/federalna-tv-muftija-zukorlic-vs-muhamed-jusufspahic-ponedjeljak-u-2000h\/#primaryimage\"},\"thumbnailUrl\":\"https:\/\/sandzakpress.net\/arhiva\/wp-content\/uploads\/2014\/01\/muftija-i-jusufspahce.jpg\",\"articleSection\":[\"Novi Pazar\",\"Nacija\",\"Njema\u010dka\",\"Sjenica\",\"Austrija\",\"Tutin\",\"Francuska\",\"Prijepolje\",\"\u0160vicarska\",\"\u0160vedska\",\"VIJESTI DANA\"],\"inLanguage\":\"bs-BA\",\"potentialAction\":[{\"@type\":\"CommentAction\",\"name\":\"Comment\",\"target\":[\"https:\/\/sandzakpress.net\/arhiva\/federalna-tv-muftija-zukorlic-vs-muhamed-jusufspahic-ponedjeljak-u-2000h\/#respond\"]}]},{\"@type\":\"WebPage\",\"@id\":\"https:\/\/sandzakpress.net\/arhiva\/federalna-tv-muftija-zukorlic-vs-muhamed-jusufspahic-ponedjeljak-u-2000h\/\",\"url\":\"https:\/\/sandzakpress.net\/arhiva\/federalna-tv-muftija-zukorlic-vs-muhamed-jusufspahic-ponedjeljak-u-2000h\/\",\"name\":\"Federalna TV - Muftija Zukorli\u0107 vs. Muhamed Jusufspahi\u0107 - ponedjeljak u 20:00h\",\"isPartOf\":{\"@id\":\"https:\/\/sandzakpress.net\/arhiva\/#website\"},\"primaryImageOfPage\":{\"@id\":\"https:\/\/sandzakpress.net\/arhiva\/federalna-tv-muftija-zukorlic-vs-muhamed-jusufspahic-ponedjeljak-u-2000h\/#primaryimage\"},\"image\":{\"@id\":\"https:\/\/sandzakpress.net\/arhiva\/federalna-tv-muftija-zukorlic-vs-muhamed-jusufspahic-ponedjeljak-u-2000h\/#primaryimage\"},\"thumbnailUrl\":\"https:\/\/sandzakpress.net\/arhiva\/wp-content\/uploads\/2014\/01\/muftija-i-jusufspahce.jpg\",\"datePublished\":\"2014-01-26T17:35:12+00:00\",\"dateModified\":\"2014-01-26T19:31:29+00:00\",\"breadcrumb\":{\"@id\":\"https:\/\/sandzakpress.net\/arhiva\/federalna-tv-muftija-zukorlic-vs-muhamed-jusufspahic-ponedjeljak-u-2000h\/#breadcrumb\"},\"inLanguage\":\"bs-BA\",\"potentialAction\":[{\"@type\":\"ReadAction\",\"target\":[\"https:\/\/sandzakpress.net\/arhiva\/federalna-tv-muftija-zukorlic-vs-muhamed-jusufspahic-ponedjeljak-u-2000h\/\"]}]},{\"@type\":\"ImageObject\",\"inLanguage\":\"bs-BA\",\"@id\":\"https:\/\/sandzakpress.net\/arhiva\/federalna-tv-muftija-zukorlic-vs-muhamed-jusufspahic-ponedjeljak-u-2000h\/#primaryimage\",\"url\":\"https:\/\/sandzakpress.net\/arhiva\/wp-content\/uploads\/2014\/01\/muftija-i-jusufspahce.jpg\",\"contentUrl\":\"https:\/\/sandzakpress.net\/arhiva\/wp-content\/uploads\/2014\/01\/muftija-i-jusufspahce.jpg\",\"width\":616,\"height\":307},{\"@type\":\"BreadcrumbList\",\"@id\":\"https:\/\/sandzakpress.net\/arhiva\/federalna-tv-muftija-zukorlic-vs-muhamed-jusufspahic-ponedjeljak-u-2000h\/#breadcrumb\",\"itemListElement\":[{\"@type\":\"ListItem\",\"position\":1,\"name\":\"Home\",\"item\":\"https:\/\/sandzakpress.net\/arhiva\/\"},{\"@type\":\"ListItem\",\"position\":2,\"name\":\"Federalna TV &#8211; Muftija Zukorli\u0107 vs. Muhamed Jusufspahi\u0107 &#8211; ponedjeljak u 20:00h\"}]},{\"@type\":\"WebSite\",\"@id\":\"https:\/\/sandzakpress.net\/arhiva\/#website\",\"url\":\"https:\/\/sandzakpress.net\/arhiva\/\",\"name\":\"Sand\u017eak PRESS\",\"description\":\"Prve elektronske novine u Sand\u017eaku\",\"publisher\":{\"@id\":\"https:\/\/sandzakpress.net\/arhiva\/#\/schema\/person\/6e72b67d6e51910a1117b3b483ba20bd\"},\"potentialAction\":[{\"@type\":\"SearchAction\",\"target\":{\"@type\":\"EntryPoint\",\"urlTemplate\":\"https:\/\/sandzakpress.net\/arhiva\/?s={search_term_string}\"},\"query-input\":{\"@type\":\"PropertyValueSpecification\",\"valueRequired\":true,\"valueName\":\"search_term_string\"}}],\"inLanguage\":\"bs-BA\"},{\"@type\":[\"Person\",\"Organization\"],\"@id\":\"https:\/\/sandzakpress.net\/arhiva\/#\/schema\/person\/6e72b67d6e51910a1117b3b483ba20bd\",\"name\":\"Kul\",\"image\":{\"@type\":\"ImageObject\",\"inLanguage\":\"bs-BA\",\"@id\":\"https:\/\/sandzakpress.net\/arhiva\/#\/schema\/person\/image\/\",\"url\":\"https:\/\/secure.gravatar.com\/avatar\/42263f39aa27ac04c43cab85c280eb2e?s=96&d=mm&r=pg\",\"contentUrl\":\"https:\/\/secure.gravatar.com\/avatar\/42263f39aa27ac04c43cab85c280eb2e?s=96&d=mm&r=pg\",\"caption\":\"Kul\"},\"logo\":{\"@id\":\"https:\/\/sandzakpress.net\/arhiva\/#\/schema\/person\/image\/\"}},{\"@type\":\"Person\",\"@id\":\"https:\/\/sandzakpress.net\/arhiva\/#\/schema\/person\/c8baee722073534b583ea7bdb2e36c02\",\"name\":\"bosniak\",\"image\":{\"@type\":\"ImageObject\",\"inLanguage\":\"bs-BA\",\"@id\":\"https:\/\/sandzakpress.net\/arhiva\/#\/schema\/person\/image\/\",\"url\":\"https:\/\/secure.gravatar.com\/avatar\/a04fd330bfe3a36a72a0ad4a6d89fca7?s=96&d=mm&r=pg\",\"contentUrl\":\"https:\/\/secure.gravatar.com\/avatar\/a04fd330bfe3a36a72a0ad4a6d89fca7?s=96&d=mm&r=pg\",\"caption\":\"bosniak\"},\"url\":\"https:\/\/sandzakpress.net\/arhiva\/author\/bosniak\/\"}]}<\/script>\n<!-- \/ Yoast SEO Premium plugin. -->","yoast_head_json":{"title":"Federalna TV - Muftija Zukorli\u0107 vs. Muhamed Jusufspahi\u0107 - ponedjeljak u 20:00h","robots":{"index":"index","follow":"follow","max-snippet":"max-snippet:-1","max-image-preview":"max-image-preview:large","max-video-preview":"max-video-preview:-1"},"canonical":"https:\/\/sandzakpress.net\/arhiva\/federalna-tv-muftija-zukorlic-vs-muhamed-jusufspahic-ponedjeljak-u-2000h\/","og_locale":"bs_BA","og_type":"article","og_title":"Federalna TV - Muftija Zukorli\u0107 vs. Muhamed Jusufspahi\u0107 - ponedjeljak u 20:00h","og_description":"prenosi Sand\u017eak TV","og_url":"https:\/\/sandzakpress.net\/arhiva\/federalna-tv-muftija-zukorlic-vs-muhamed-jusufspahic-ponedjeljak-u-2000h\/","og_site_name":"Sand\u017eak PRESS","article_published_time":"2014-01-26T17:35:12+00:00","article_modified_time":"2014-01-26T19:31:29+00:00","og_image":[{"width":616,"height":307,"url":"https:\/\/sandzakpress.net\/arhiva\/wp-content\/uploads\/2014\/01\/muftija-i-jusufspahce.jpg","type":"image\/jpeg"}],"author":"bosniak","twitter_card":"summary_large_image","twitter_misc":{"Written by":"bosniak"},"schema":{"@context":"https:\/\/schema.org","@graph":[{"@type":"Article","@id":"https:\/\/sandzakpress.net\/arhiva\/federalna-tv-muftija-zukorlic-vs-muhamed-jusufspahic-ponedjeljak-u-2000h\/#article","isPartOf":{"@id":"https:\/\/sandzakpress.net\/arhiva\/federalna-tv-muftija-zukorlic-vs-muhamed-jusufspahic-ponedjeljak-u-2000h\/"},"author":{"name":"bosniak","@id":"https:\/\/sandzakpress.net\/arhiva\/#\/schema\/person\/c8baee722073534b583ea7bdb2e36c02"},"headline":"Federalna TV &#8211; Muftija Zukorli\u0107 vs. Muhamed Jusufspahi\u0107 &#8211; ponedjeljak u 20:00h","datePublished":"2014-01-26T17:35:12+00:00","dateModified":"2014-01-26T19:31:29+00:00","mainEntityOfPage":{"@id":"https:\/\/sandzakpress.net\/arhiva\/federalna-tv-muftija-zukorlic-vs-muhamed-jusufspahic-ponedjeljak-u-2000h\/"},"wordCount":74,"commentCount":35,"publisher":{"@id":"https:\/\/sandzakpress.net\/arhiva\/#\/schema\/person\/6e72b67d6e51910a1117b3b483ba20bd"},"image":{"@id":"https:\/\/sandzakpress.net\/arhiva\/federalna-tv-muftija-zukorlic-vs-muhamed-jusufspahic-ponedjeljak-u-2000h\/#primaryimage"},"thumbnailUrl":"https:\/\/sandzakpress.net\/arhiva\/wp-content\/uploads\/2014\/01\/muftija-i-jusufspahce.jpg","articleSection":["Novi Pazar","Nacija","Njema\u010dka","Sjenica","Austrija","Tutin","Francuska","Prijepolje","\u0160vicarska","\u0160vedska","VIJESTI DANA"],"inLanguage":"bs-BA","potentialAction":[{"@type":"CommentAction","name":"Comment","target":["https:\/\/sandzakpress.net\/arhiva\/federalna-tv-muftija-zukorlic-vs-muhamed-jusufspahic-ponedjeljak-u-2000h\/#respond"]}]},{"@type":"WebPage","@id":"https:\/\/sandzakpress.net\/arhiva\/federalna-tv-muftija-zukorlic-vs-muhamed-jusufspahic-ponedjeljak-u-2000h\/","url":"https:\/\/sandzakpress.net\/arhiva\/federalna-tv-muftija-zukorlic-vs-muhamed-jusufspahic-ponedjeljak-u-2000h\/","name":"Federalna TV - Muftija Zukorli\u0107 vs. Muhamed Jusufspahi\u0107 - ponedjeljak u 20:00h","isPartOf":{"@id":"https:\/\/sandzakpress.net\/arhiva\/#website"},"primaryImageOfPage":{"@id":"https:\/\/sandzakpress.net\/arhiva\/federalna-tv-muftija-zukorlic-vs-muhamed-jusufspahic-ponedjeljak-u-2000h\/#primaryimage"},"image":{"@id":"https:\/\/sandzakpress.net\/arhiva\/federalna-tv-muftija-zukorlic-vs-muhamed-jusufspahic-ponedjeljak-u-2000h\/#primaryimage"},"thumbnailUrl":"https:\/\/sandzakpress.net\/arhiva\/wp-content\/uploads\/2014\/01\/muftija-i-jusufspahce.jpg","datePublished":"2014-01-26T17:35:12+00:00","dateModified":"2014-01-26T19:31:29+00:00","breadcrumb":{"@id":"https:\/\/sandzakpress.net\/arhiva\/federalna-tv-muftija-zukorlic-vs-muhamed-jusufspahic-ponedjeljak-u-2000h\/#breadcrumb"},"inLanguage":"bs-BA","potentialAction":[{"@type":"ReadAction","target":["https:\/\/sandzakpress.net\/arhiva\/federalna-tv-muftija-zukorlic-vs-muhamed-jusufspahic-ponedjeljak-u-2000h\/"]}]},{"@type":"ImageObject","inLanguage":"bs-BA","@id":"https:\/\/sandzakpress.net\/arhiva\/federalna-tv-muftija-zukorlic-vs-muhamed-jusufspahic-ponedjeljak-u-2000h\/#primaryimage","url":"https:\/\/sandzakpress.net\/arhiva\/wp-content\/uploads\/2014\/01\/muftija-i-jusufspahce.jpg","contentUrl":"https:\/\/sandzakpress.net\/arhiva\/wp-content\/uploads\/2014\/01\/muftija-i-jusufspahce.jpg","width":616,"height":307},{"@type":"BreadcrumbList","@id":"https:\/\/sandzakpress.net\/arhiva\/federalna-tv-muftija-zukorlic-vs-muhamed-jusufspahic-ponedjeljak-u-2000h\/#breadcrumb","itemListElement":[{"@type":"ListItem","position":1,"name":"Home","item":"https:\/\/sandzakpress.net\/arhiva\/"},{"@type":"ListItem","position":2,"name":"Federalna TV &#8211; Muftija Zukorli\u0107 vs. Muhamed Jusufspahi\u0107 &#8211; ponedjeljak u 20:00h"}]},{"@type":"WebSite","@id":"https:\/\/sandzakpress.net\/arhiva\/#website","url":"https:\/\/sandzakpress.net\/arhiva\/","name":"Sand\u017eak PRESS","description":"Prve elektronske novine u Sand\u017eaku","publisher":{"@id":"https:\/\/sandzakpress.net\/arhiva\/#\/schema\/person\/6e72b67d6e51910a1117b3b483ba20bd"},"potentialAction":[{"@type":"SearchAction","target":{"@type":"EntryPoint","urlTemplate":"https:\/\/sandzakpress.net\/arhiva\/?s={search_term_string}"},"query-input":{"@type":"PropertyValueSpecification","valueRequired":true,"valueName":"search_term_string"}}],"inLanguage":"bs-BA"},{"@type":["Person","Organization"],"@id":"https:\/\/sandzakpress.net\/arhiva\/#\/schema\/person\/6e72b67d6e51910a1117b3b483ba20bd","name":"Kul","image":{"@type":"ImageObject","inLanguage":"bs-BA","@id":"https:\/\/sandzakpress.net\/arhiva\/#\/schema\/person\/image\/","url":"https:\/\/secure.gravatar.com\/avatar\/42263f39aa27ac04c43cab85c280eb2e?s=96&d=mm&r=pg","contentUrl":"https:\/\/secure.gravatar.com\/avatar\/42263f39aa27ac04c43cab85c280eb2e?s=96&d=mm&r=pg","caption":"Kul"},"logo":{"@id":"https:\/\/sandzakpress.net\/arhiva\/#\/schema\/person\/image\/"}},{"@type":"Person","@id":"https:\/\/sandzakpress.net\/arhiva\/#\/schema\/person\/c8baee722073534b583ea7bdb2e36c02","name":"bosniak","image":{"@type":"ImageObject","inLanguage":"bs-BA","@id":"https:\/\/sandzakpress.net\/arhiva\/#\/schema\/person\/image\/","url":"https:\/\/secure.gravatar.com\/avatar\/a04fd330bfe3a36a72a0ad4a6d89fca7?s=96&d=mm&r=pg","contentUrl":"https:\/\/secure.gravatar.com\/avatar\/a04fd330bfe3a36a72a0ad4a6d89fca7?s=96&d=mm&r=pg","caption":"bosniak"},"url":"https:\/\/sandzakpress.net\/arhiva\/author\/bosniak\/"}]}},"_links":{"self":[{"href":"https:\/\/sandzakpress.net\/arhiva\/wp-json\/wp\/v2\/posts\/100442"}],"collection":[{"href":"https:\/\/sandzakpress.net\/arhiva\/wp-json\/wp\/v2\/posts"}],"about":[{"href":"https:\/\/sandzakpress.net\/arhiva\/wp-json\/wp\/v2\/types\/post"}],"author":[{"embeddable":true,"href":"https:\/\/sandzakpress.net\/arhiva\/wp-json\/wp\/v2\/users\/83"}],"replies":[{"embeddable":true,"href":"https:\/\/sandzakpress.net\/arhiva\/wp-json\/wp\/v2\/comments?post=100442"}],"version-history":[{"count":0,"href":"https:\/\/sandzakpress.net\/arhiva\/wp-json\/wp\/v2\/posts\/100442\/revisions"}],"wp:featuredmedia":[{"embeddable":true,"href":"https:\/\/sandzakpress.net\/arhiva\/wp-json\/wp\/v2\/media\/100443"}],"wp:attachment":[{"href":"https:\/\/sandzakpress.net\/arhiva\/wp-json\/wp\/v2\/media?parent=100442"}],"wp:term":[{"taxonomy":"category","embeddable":true,"href":"https:\/\/sandzakpress.net\/arhiva\/wp-json\/wp\/v2\/categories?post=100442"},{"taxonomy":"post_tag","embeddable":true,"href":"https:\/\/sandzakpress.net\/arhiva\/wp-json\/wp\/v2\/tags?post=100442"}],"curies":[{"name":"wp","href":"https:\/\/api.w.org\/{rel}","templated":true}]}}