{"id":100335,"date":"2014-01-24T20:58:58","date_gmt":"2014-01-24T19:58:58","guid":{"rendered":"https:\/\/sandzakpress.net\/arhiva\/?p=100335"},"modified":"2014-01-24T21:06:46","modified_gmt":"2014-01-24T20:06:46","slug":"poruka-dzudzevicu-i-mahmutovicu-nikada-vise-na-vakufsko-ne-mozete-graditi-svoje-zgrade","status":"publish","type":"post","link":"https:\/\/sandzakpress.net\/arhiva\/poruka-dzudzevicu-i-mahmutovicu-nikada-vise-na-vakufsko-ne-mozete-graditi-svoje-zgrade\/","title":{"rendered":"Poruka D\u017eud\u017eevi\u0107u i Mahmutovi\u0107u: Nikada vi\u0161e na vakufsko ne mo\u017eete graditi svoje zgrade"},"content":{"rendered":"<p><img loading=\"lazy\" decoding=\"async\" class=\"aligncenter size-full wp-image-100337\" alt=\"1509262_503399076444007_1575037125_n\" src=\"https:\/\/sandzakpress.net\/arhiva\/wp-content\/uploads\/2014\/01\/1509262_503399076444007_1575037125_n.jpg\" width=\"881\" height=\"960\" srcset=\"https:\/\/sandzakpress.net\/arhiva\/wp-content\/uploads\/2014\/01\/1509262_503399076444007_1575037125_n.jpg 881w, https:\/\/sandzakpress.net\/arhiva\/wp-content\/uploads\/2014\/01\/1509262_503399076444007_1575037125_n-616x671.jpg 616w\" sizes=\"(max-width: 881px) 100vw, 881px\" \/><\/p>\n<p><strong>Novi Pazar -U Glavnom uredu Esada D\u017eud\u017eevi\u0107a, odr\u017eana je press konferenciju na kojoj su prezentirani rezultati Konkursa za izradu urbanisti\u010dko-arhitektonskog rje\u0161enja za izgradnju memorijalnog centra \u201cHad\u017eet\u201d u Novom Pazaru, gdje se nalazi vakufsko zemlji\u0161te &#8220;Mearif&#8221; iako je prije dvije godine to isto osmislio i najavio Muftija Muamer ef. Zukorli\u0107.<\/strong><\/p>\n<p>D\u017eud\u017eevi\u0107 je uputio pismo gradona\u010delniku Novog Pazara Mehu Mahmutovi\u0107u sa pozivom\u00a0da Grad Novi Pazar u\u010destvuje u izgradnji tzv. Memorijalnog centra \u201cHad\u017eet\u201d, gdje se izme\u0111u ostalog ka\u017ee:<\/p>\n<p>U predhodnom dopisu, tako\u0111er, smo Vam predlo\u017eili da Grad Novi Pazar u\u010destvuje u izgradnji Memorijalnog centra \u201cHad\u017eet\u201d i time \u0161to \u0107e obezbijediti pravne i tehni\u010dke uslove i ustupiti prostor koji obuhvata dio Katasterske parcele broj 5479\/1 i Katasterske parcele broj 5480 i 5481 na potezu pete mjesne zajednice na Had\u017eetu, (na mjestu gdje se nalazi tzv. baraka pete mjesne zajednice), za njegovu izgradnju, a Bo\u0161nja\u010dko nacionalno vije\u0107e (koje ne posjeduje izborni legitimitet i legalitet) \u0107e nastojati da obezbijedi finansijska sredstva neophodna za izgradnju ovog memorijalnog centra. Ovim povodom tra\u017eim da, u \u0161to skorijem roku, primite delegaciju Vije\u0107a\u201d, ka\u017ee se, izme\u0111u ostalog, u pismu predsjednika Vije\u0107a Esada D\u017eud\u017eevi\u0107a upu\u0107eno gradona\u010delniku Novog Pazara Mehu Mahmutovi\u0107u.<\/p>\n<p>Muftija je prokomentarisao ovu najavu Esada D\u017eud\u017eevi\u0107a gdje izme\u0111u ostalog istakao da je pro\u0161lo vrijeme kada su se na vakufskom zemlji\u0161tu gradile dr\u017eavne zgrade:<\/p>\n<div class=\"youtube-embed\" data-video_id=\"CsX-QQZvNfc\"><iframe loading=\"lazy\" title=\"Muftija Zukorli\u0107: Pro\u0161lo je vrijeme kada su dr\u017eavni organi mogli graditi na vakufsko\" width=\"696\" height=\"522\" src=\"https:\/\/www.youtube.com\/embed\/CsX-QQZvNfc?feature=oembed&#038;enablejsapi=1\" frameborder=\"0\" allow=\"accelerometer; autoplay; encrypted-media; gyroscope; picture-in-picture\" allowfullscreen><\/iframe><\/div>\n<p>PODSJE\u0106AMO KAKO JE PRO\u0160LO POSLJEDNJE OTIMANJE VAKUFA OD STRANE MEHA MAHMUTOVI\u0106A:<\/p>\n<div class=\"youtube-embed\" data-video_id=\"e0agxnazafQ\"><iframe loading=\"lazy\" title=\"Demonstracije povodom otimanja vakufa Mearif na Had\u017eetu!\" width=\"696\" height=\"522\" src=\"https:\/\/www.youtube.com\/embed\/e0agxnazafQ?feature=oembed&#038;enablejsapi=1\" frameborder=\"0\" allow=\"accelerometer; autoplay; encrypted-media; gyroscope; picture-in-picture\" allowfullscreen><\/iframe><\/div>\n<p>OBAVEZNO POGLEDAJTE JO\u0160:<\/p>\n<h2><a href=\"https:\/\/sandzakpress.net\/arhiva\/dokazi-da-je-parcela-na-kojoj-se-gradi-vrtic-vakuf\">Dokazi da je parcela na Had\u017eetu vakuf!<\/a><\/h2>\n","protected":false},"excerpt":{"rendered":"<p>Beogradski poltroni pri\u017eeljkuju i smicalicama pripremaju nove nerede u Sand\u017eaku<\/p>\n","protected":false},"author":83,"featured_media":100338,"comment_status":"open","ping_status":"open","sticky":false,"template":"","format":"standard","meta":{"footnotes":""},"categories":[72,1,8957],"tags":[10238,10248],"class_list":{"0":"post-100335","1":"post","2":"type-post","3":"status-publish","4":"format-standard","5":"has-post-thumbnail","7":"category-novi-pazar","8":"category-politika","9":"category-vijesti-dana","10":"tag-esad-dzudzevic","11":"tag-gradska-uprava-novi-pazar"},"yoast_head":"<!-- This site is optimized with the Yoast SEO Premium plugin v23.1 (Yoast SEO v24.9) - https:\/\/yoast.com\/wordpress\/plugins\/seo\/ -->\n<title>Poruka D\u017eud\u017eevi\u0107u i Mahmutovi\u0107u: Nikada vi\u0161e na vakufsko ne mo\u017eete graditi svoje zgrade<\/title>\n<meta name=\"robots\" content=\"index, follow, max-snippet:-1, max-image-preview:large, max-video-preview:-1\" \/>\n<link rel=\"canonical\" href=\"https:\/\/sandzakpress.net\/arhiva\/poruka-dzudzevicu-i-mahmutovicu-nikada-vise-na-vakufsko-ne-mozete-graditi-svoje-zgrade\/\" \/>\n<meta property=\"og:locale\" content=\"bs_BA\" \/>\n<meta property=\"og:type\" content=\"article\" \/>\n<meta property=\"og:title\" content=\"Poruka D\u017eud\u017eevi\u0107u i Mahmutovi\u0107u: Nikada vi\u0161e na vakufsko ne mo\u017eete graditi svoje zgrade\" \/>\n<meta property=\"og:description\" content=\"Beogradski poltroni pri\u017eeljkuju i smicalicama pripremaju nove nerede u Sand\u017eaku\" \/>\n<meta property=\"og:url\" content=\"https:\/\/sandzakpress.net\/arhiva\/poruka-dzudzevicu-i-mahmutovicu-nikada-vise-na-vakufsko-ne-mozete-graditi-svoje-zgrade\/\" \/>\n<meta property=\"og:site_name\" content=\"Sand\u017eak PRESS\" \/>\n<meta property=\"article:published_time\" content=\"2014-01-24T19:58:58+00:00\" \/>\n<meta property=\"article:modified_time\" content=\"2014-01-24T20:06:46+00:00\" \/>\n<meta property=\"og:image\" content=\"https:\/\/sandzakpress.net\/arhiva\/wp-content\/uploads\/2014\/01\/1509262_503399076444007_1575037125_n1.jpg\" \/>\n\t<meta property=\"og:image:width\" content=\"881\" \/>\n\t<meta property=\"og:image:height\" content=\"638\" \/>\n\t<meta property=\"og:image:type\" content=\"image\/jpeg\" \/>\n<meta name=\"author\" content=\"bosniak\" \/>\n<meta name=\"twitter:card\" content=\"summary_large_image\" \/>\n<meta name=\"twitter:label1\" content=\"Written by\" \/>\n\t<meta name=\"twitter:data1\" content=\"bosniak\" \/>\n\t<meta name=\"twitter:label2\" content=\"Est. reading time\" \/>\n\t<meta name=\"twitter:data2\" content=\"1 minuta\" \/>\n<script type=\"application\/ld+json\" class=\"yoast-schema-graph\">{\"@context\":\"https:\/\/schema.org\",\"@graph\":[{\"@type\":\"Article\",\"@id\":\"https:\/\/sandzakpress.net\/arhiva\/poruka-dzudzevicu-i-mahmutovicu-nikada-vise-na-vakufsko-ne-mozete-graditi-svoje-zgrade\/#article\",\"isPartOf\":{\"@id\":\"https:\/\/sandzakpress.net\/arhiva\/poruka-dzudzevicu-i-mahmutovicu-nikada-vise-na-vakufsko-ne-mozete-graditi-svoje-zgrade\/\"},\"author\":{\"name\":\"bosniak\",\"@id\":\"https:\/\/sandzakpress.net\/arhiva\/#\/schema\/person\/c8baee722073534b583ea7bdb2e36c02\"},\"headline\":\"Poruka D\u017eud\u017eevi\u0107u i Mahmutovi\u0107u: Nikada vi\u0161e na vakufsko ne mo\u017eete graditi svoje zgrade\",\"datePublished\":\"2014-01-24T19:58:58+00:00\",\"dateModified\":\"2014-01-24T20:06:46+00:00\",\"mainEntityOfPage\":{\"@id\":\"https:\/\/sandzakpress.net\/arhiva\/poruka-dzudzevicu-i-mahmutovicu-nikada-vise-na-vakufsko-ne-mozete-graditi-svoje-zgrade\/\"},\"wordCount\":312,\"commentCount\":9,\"publisher\":{\"@id\":\"https:\/\/sandzakpress.net\/arhiva\/#\/schema\/person\/6e72b67d6e51910a1117b3b483ba20bd\"},\"image\":{\"@id\":\"https:\/\/sandzakpress.net\/arhiva\/poruka-dzudzevicu-i-mahmutovicu-nikada-vise-na-vakufsko-ne-mozete-graditi-svoje-zgrade\/#primaryimage\"},\"thumbnailUrl\":\"https:\/\/sandzakpress.net\/arhiva\/wp-content\/uploads\/2014\/01\/1509262_503399076444007_1575037125_n1.jpg\",\"keywords\":[\"Esad D\u017eud\u017eo\",\"Vlast u Novom Pazaru\"],\"articleSection\":[\"Novi Pazar\",\"Politika\",\"VIJESTI DANA\"],\"inLanguage\":\"bs-BA\",\"potentialAction\":[{\"@type\":\"CommentAction\",\"name\":\"Comment\",\"target\":[\"https:\/\/sandzakpress.net\/arhiva\/poruka-dzudzevicu-i-mahmutovicu-nikada-vise-na-vakufsko-ne-mozete-graditi-svoje-zgrade\/#respond\"]}]},{\"@type\":\"WebPage\",\"@id\":\"https:\/\/sandzakpress.net\/arhiva\/poruka-dzudzevicu-i-mahmutovicu-nikada-vise-na-vakufsko-ne-mozete-graditi-svoje-zgrade\/\",\"url\":\"https:\/\/sandzakpress.net\/arhiva\/poruka-dzudzevicu-i-mahmutovicu-nikada-vise-na-vakufsko-ne-mozete-graditi-svoje-zgrade\/\",\"name\":\"Poruka D\u017eud\u017eevi\u0107u i Mahmutovi\u0107u: Nikada vi\u0161e na vakufsko ne mo\u017eete graditi svoje zgrade\",\"isPartOf\":{\"@id\":\"https:\/\/sandzakpress.net\/arhiva\/#website\"},\"primaryImageOfPage\":{\"@id\":\"https:\/\/sandzakpress.net\/arhiva\/poruka-dzudzevicu-i-mahmutovicu-nikada-vise-na-vakufsko-ne-mozete-graditi-svoje-zgrade\/#primaryimage\"},\"image\":{\"@id\":\"https:\/\/sandzakpress.net\/arhiva\/poruka-dzudzevicu-i-mahmutovicu-nikada-vise-na-vakufsko-ne-mozete-graditi-svoje-zgrade\/#primaryimage\"},\"thumbnailUrl\":\"https:\/\/sandzakpress.net\/arhiva\/wp-content\/uploads\/2014\/01\/1509262_503399076444007_1575037125_n1.jpg\",\"datePublished\":\"2014-01-24T19:58:58+00:00\",\"dateModified\":\"2014-01-24T20:06:46+00:00\",\"breadcrumb\":{\"@id\":\"https:\/\/sandzakpress.net\/arhiva\/poruka-dzudzevicu-i-mahmutovicu-nikada-vise-na-vakufsko-ne-mozete-graditi-svoje-zgrade\/#breadcrumb\"},\"inLanguage\":\"bs-BA\",\"potentialAction\":[{\"@type\":\"ReadAction\",\"target\":[\"https:\/\/sandzakpress.net\/arhiva\/poruka-dzudzevicu-i-mahmutovicu-nikada-vise-na-vakufsko-ne-mozete-graditi-svoje-zgrade\/\"]}]},{\"@type\":\"ImageObject\",\"inLanguage\":\"bs-BA\",\"@id\":\"https:\/\/sandzakpress.net\/arhiva\/poruka-dzudzevicu-i-mahmutovicu-nikada-vise-na-vakufsko-ne-mozete-graditi-svoje-zgrade\/#primaryimage\",\"url\":\"https:\/\/sandzakpress.net\/arhiva\/wp-content\/uploads\/2014\/01\/1509262_503399076444007_1575037125_n1.jpg\",\"contentUrl\":\"https:\/\/sandzakpress.net\/arhiva\/wp-content\/uploads\/2014\/01\/1509262_503399076444007_1575037125_n1.jpg\",\"width\":881,\"height\":638},{\"@type\":\"BreadcrumbList\",\"@id\":\"https:\/\/sandzakpress.net\/arhiva\/poruka-dzudzevicu-i-mahmutovicu-nikada-vise-na-vakufsko-ne-mozete-graditi-svoje-zgrade\/#breadcrumb\",\"itemListElement\":[{\"@type\":\"ListItem\",\"position\":1,\"name\":\"Home\",\"item\":\"https:\/\/sandzakpress.net\/arhiva\/\"},{\"@type\":\"ListItem\",\"position\":2,\"name\":\"Poruka D\u017eud\u017eevi\u0107u i Mahmutovi\u0107u: Nikada vi\u0161e na vakufsko ne mo\u017eete graditi svoje zgrade\"}]},{\"@type\":\"WebSite\",\"@id\":\"https:\/\/sandzakpress.net\/arhiva\/#website\",\"url\":\"https:\/\/sandzakpress.net\/arhiva\/\",\"name\":\"Sand\u017eak PRESS\",\"description\":\"Prve elektronske novine u Sand\u017eaku\",\"publisher\":{\"@id\":\"https:\/\/sandzakpress.net\/arhiva\/#\/schema\/person\/6e72b67d6e51910a1117b3b483ba20bd\"},\"potentialAction\":[{\"@type\":\"SearchAction\",\"target\":{\"@type\":\"EntryPoint\",\"urlTemplate\":\"https:\/\/sandzakpress.net\/arhiva\/?s={search_term_string}\"},\"query-input\":{\"@type\":\"PropertyValueSpecification\",\"valueRequired\":true,\"valueName\":\"search_term_string\"}}],\"inLanguage\":\"bs-BA\"},{\"@type\":[\"Person\",\"Organization\"],\"@id\":\"https:\/\/sandzakpress.net\/arhiva\/#\/schema\/person\/6e72b67d6e51910a1117b3b483ba20bd\",\"name\":\"Kul\",\"image\":{\"@type\":\"ImageObject\",\"inLanguage\":\"bs-BA\",\"@id\":\"https:\/\/sandzakpress.net\/arhiva\/#\/schema\/person\/image\/\",\"url\":\"https:\/\/secure.gravatar.com\/avatar\/42263f39aa27ac04c43cab85c280eb2e?s=96&d=mm&r=pg\",\"contentUrl\":\"https:\/\/secure.gravatar.com\/avatar\/42263f39aa27ac04c43cab85c280eb2e?s=96&d=mm&r=pg\",\"caption\":\"Kul\"},\"logo\":{\"@id\":\"https:\/\/sandzakpress.net\/arhiva\/#\/schema\/person\/image\/\"}},{\"@type\":\"Person\",\"@id\":\"https:\/\/sandzakpress.net\/arhiva\/#\/schema\/person\/c8baee722073534b583ea7bdb2e36c02\",\"name\":\"bosniak\",\"image\":{\"@type\":\"ImageObject\",\"inLanguage\":\"bs-BA\",\"@id\":\"https:\/\/sandzakpress.net\/arhiva\/#\/schema\/person\/image\/\",\"url\":\"https:\/\/secure.gravatar.com\/avatar\/a04fd330bfe3a36a72a0ad4a6d89fca7?s=96&d=mm&r=pg\",\"contentUrl\":\"https:\/\/secure.gravatar.com\/avatar\/a04fd330bfe3a36a72a0ad4a6d89fca7?s=96&d=mm&r=pg\",\"caption\":\"bosniak\"},\"url\":\"https:\/\/sandzakpress.net\/arhiva\/author\/bosniak\/\"}]}<\/script>\n<!-- \/ Yoast SEO Premium plugin. -->","yoast_head_json":{"title":"Poruka D\u017eud\u017eevi\u0107u i Mahmutovi\u0107u: Nikada vi\u0161e na vakufsko ne mo\u017eete graditi svoje zgrade","robots":{"index":"index","follow":"follow","max-snippet":"max-snippet:-1","max-image-preview":"max-image-preview:large","max-video-preview":"max-video-preview:-1"},"canonical":"https:\/\/sandzakpress.net\/arhiva\/poruka-dzudzevicu-i-mahmutovicu-nikada-vise-na-vakufsko-ne-mozete-graditi-svoje-zgrade\/","og_locale":"bs_BA","og_type":"article","og_title":"Poruka D\u017eud\u017eevi\u0107u i Mahmutovi\u0107u: Nikada vi\u0161e na vakufsko ne mo\u017eete graditi svoje zgrade","og_description":"Beogradski poltroni pri\u017eeljkuju i smicalicama pripremaju nove nerede u Sand\u017eaku","og_url":"https:\/\/sandzakpress.net\/arhiva\/poruka-dzudzevicu-i-mahmutovicu-nikada-vise-na-vakufsko-ne-mozete-graditi-svoje-zgrade\/","og_site_name":"Sand\u017eak PRESS","article_published_time":"2014-01-24T19:58:58+00:00","article_modified_time":"2014-01-24T20:06:46+00:00","og_image":[{"width":881,"height":638,"url":"https:\/\/sandzakpress.net\/arhiva\/wp-content\/uploads\/2014\/01\/1509262_503399076444007_1575037125_n1.jpg","type":"image\/jpeg"}],"author":"bosniak","twitter_card":"summary_large_image","twitter_misc":{"Written by":"bosniak","Est. reading time":"1 minuta"},"schema":{"@context":"https:\/\/schema.org","@graph":[{"@type":"Article","@id":"https:\/\/sandzakpress.net\/arhiva\/poruka-dzudzevicu-i-mahmutovicu-nikada-vise-na-vakufsko-ne-mozete-graditi-svoje-zgrade\/#article","isPartOf":{"@id":"https:\/\/sandzakpress.net\/arhiva\/poruka-dzudzevicu-i-mahmutovicu-nikada-vise-na-vakufsko-ne-mozete-graditi-svoje-zgrade\/"},"author":{"name":"bosniak","@id":"https:\/\/sandzakpress.net\/arhiva\/#\/schema\/person\/c8baee722073534b583ea7bdb2e36c02"},"headline":"Poruka D\u017eud\u017eevi\u0107u i Mahmutovi\u0107u: Nikada vi\u0161e na vakufsko ne mo\u017eete graditi svoje zgrade","datePublished":"2014-01-24T19:58:58+00:00","dateModified":"2014-01-24T20:06:46+00:00","mainEntityOfPage":{"@id":"https:\/\/sandzakpress.net\/arhiva\/poruka-dzudzevicu-i-mahmutovicu-nikada-vise-na-vakufsko-ne-mozete-graditi-svoje-zgrade\/"},"wordCount":312,"commentCount":9,"publisher":{"@id":"https:\/\/sandzakpress.net\/arhiva\/#\/schema\/person\/6e72b67d6e51910a1117b3b483ba20bd"},"image":{"@id":"https:\/\/sandzakpress.net\/arhiva\/poruka-dzudzevicu-i-mahmutovicu-nikada-vise-na-vakufsko-ne-mozete-graditi-svoje-zgrade\/#primaryimage"},"thumbnailUrl":"https:\/\/sandzakpress.net\/arhiva\/wp-content\/uploads\/2014\/01\/1509262_503399076444007_1575037125_n1.jpg","keywords":["Esad D\u017eud\u017eo","Vlast u Novom Pazaru"],"articleSection":["Novi Pazar","Politika","VIJESTI DANA"],"inLanguage":"bs-BA","potentialAction":[{"@type":"CommentAction","name":"Comment","target":["https:\/\/sandzakpress.net\/arhiva\/poruka-dzudzevicu-i-mahmutovicu-nikada-vise-na-vakufsko-ne-mozete-graditi-svoje-zgrade\/#respond"]}]},{"@type":"WebPage","@id":"https:\/\/sandzakpress.net\/arhiva\/poruka-dzudzevicu-i-mahmutovicu-nikada-vise-na-vakufsko-ne-mozete-graditi-svoje-zgrade\/","url":"https:\/\/sandzakpress.net\/arhiva\/poruka-dzudzevicu-i-mahmutovicu-nikada-vise-na-vakufsko-ne-mozete-graditi-svoje-zgrade\/","name":"Poruka D\u017eud\u017eevi\u0107u i Mahmutovi\u0107u: Nikada vi\u0161e na vakufsko ne mo\u017eete graditi svoje zgrade","isPartOf":{"@id":"https:\/\/sandzakpress.net\/arhiva\/#website"},"primaryImageOfPage":{"@id":"https:\/\/sandzakpress.net\/arhiva\/poruka-dzudzevicu-i-mahmutovicu-nikada-vise-na-vakufsko-ne-mozete-graditi-svoje-zgrade\/#primaryimage"},"image":{"@id":"https:\/\/sandzakpress.net\/arhiva\/poruka-dzudzevicu-i-mahmutovicu-nikada-vise-na-vakufsko-ne-mozete-graditi-svoje-zgrade\/#primaryimage"},"thumbnailUrl":"https:\/\/sandzakpress.net\/arhiva\/wp-content\/uploads\/2014\/01\/1509262_503399076444007_1575037125_n1.jpg","datePublished":"2014-01-24T19:58:58+00:00","dateModified":"2014-01-24T20:06:46+00:00","breadcrumb":{"@id":"https:\/\/sandzakpress.net\/arhiva\/poruka-dzudzevicu-i-mahmutovicu-nikada-vise-na-vakufsko-ne-mozete-graditi-svoje-zgrade\/#breadcrumb"},"inLanguage":"bs-BA","potentialAction":[{"@type":"ReadAction","target":["https:\/\/sandzakpress.net\/arhiva\/poruka-dzudzevicu-i-mahmutovicu-nikada-vise-na-vakufsko-ne-mozete-graditi-svoje-zgrade\/"]}]},{"@type":"ImageObject","inLanguage":"bs-BA","@id":"https:\/\/sandzakpress.net\/arhiva\/poruka-dzudzevicu-i-mahmutovicu-nikada-vise-na-vakufsko-ne-mozete-graditi-svoje-zgrade\/#primaryimage","url":"https:\/\/sandzakpress.net\/arhiva\/wp-content\/uploads\/2014\/01\/1509262_503399076444007_1575037125_n1.jpg","contentUrl":"https:\/\/sandzakpress.net\/arhiva\/wp-content\/uploads\/2014\/01\/1509262_503399076444007_1575037125_n1.jpg","width":881,"height":638},{"@type":"BreadcrumbList","@id":"https:\/\/sandzakpress.net\/arhiva\/poruka-dzudzevicu-i-mahmutovicu-nikada-vise-na-vakufsko-ne-mozete-graditi-svoje-zgrade\/#breadcrumb","itemListElement":[{"@type":"ListItem","position":1,"name":"Home","item":"https:\/\/sandzakpress.net\/arhiva\/"},{"@type":"ListItem","position":2,"name":"Poruka D\u017eud\u017eevi\u0107u i Mahmutovi\u0107u: Nikada vi\u0161e na vakufsko ne mo\u017eete graditi svoje zgrade"}]},{"@type":"WebSite","@id":"https:\/\/sandzakpress.net\/arhiva\/#website","url":"https:\/\/sandzakpress.net\/arhiva\/","name":"Sand\u017eak PRESS","description":"Prve elektronske novine u Sand\u017eaku","publisher":{"@id":"https:\/\/sandzakpress.net\/arhiva\/#\/schema\/person\/6e72b67d6e51910a1117b3b483ba20bd"},"potentialAction":[{"@type":"SearchAction","target":{"@type":"EntryPoint","urlTemplate":"https:\/\/sandzakpress.net\/arhiva\/?s={search_term_string}"},"query-input":{"@type":"PropertyValueSpecification","valueRequired":true,"valueName":"search_term_string"}}],"inLanguage":"bs-BA"},{"@type":["Person","Organization"],"@id":"https:\/\/sandzakpress.net\/arhiva\/#\/schema\/person\/6e72b67d6e51910a1117b3b483ba20bd","name":"Kul","image":{"@type":"ImageObject","inLanguage":"bs-BA","@id":"https:\/\/sandzakpress.net\/arhiva\/#\/schema\/person\/image\/","url":"https:\/\/secure.gravatar.com\/avatar\/42263f39aa27ac04c43cab85c280eb2e?s=96&d=mm&r=pg","contentUrl":"https:\/\/secure.gravatar.com\/avatar\/42263f39aa27ac04c43cab85c280eb2e?s=96&d=mm&r=pg","caption":"Kul"},"logo":{"@id":"https:\/\/sandzakpress.net\/arhiva\/#\/schema\/person\/image\/"}},{"@type":"Person","@id":"https:\/\/sandzakpress.net\/arhiva\/#\/schema\/person\/c8baee722073534b583ea7bdb2e36c02","name":"bosniak","image":{"@type":"ImageObject","inLanguage":"bs-BA","@id":"https:\/\/sandzakpress.net\/arhiva\/#\/schema\/person\/image\/","url":"https:\/\/secure.gravatar.com\/avatar\/a04fd330bfe3a36a72a0ad4a6d89fca7?s=96&d=mm&r=pg","contentUrl":"https:\/\/secure.gravatar.com\/avatar\/a04fd330bfe3a36a72a0ad4a6d89fca7?s=96&d=mm&r=pg","caption":"bosniak"},"url":"https:\/\/sandzakpress.net\/arhiva\/author\/bosniak\/"}]}},"_links":{"self":[{"href":"https:\/\/sandzakpress.net\/arhiva\/wp-json\/wp\/v2\/posts\/100335"}],"collection":[{"href":"https:\/\/sandzakpress.net\/arhiva\/wp-json\/wp\/v2\/posts"}],"about":[{"href":"https:\/\/sandzakpress.net\/arhiva\/wp-json\/wp\/v2\/types\/post"}],"author":[{"embeddable":true,"href":"https:\/\/sandzakpress.net\/arhiva\/wp-json\/wp\/v2\/users\/83"}],"replies":[{"embeddable":true,"href":"https:\/\/sandzakpress.net\/arhiva\/wp-json\/wp\/v2\/comments?post=100335"}],"version-history":[{"count":0,"href":"https:\/\/sandzakpress.net\/arhiva\/wp-json\/wp\/v2\/posts\/100335\/revisions"}],"wp:featuredmedia":[{"embeddable":true,"href":"https:\/\/sandzakpress.net\/arhiva\/wp-json\/wp\/v2\/media\/100338"}],"wp:attachment":[{"href":"https:\/\/sandzakpress.net\/arhiva\/wp-json\/wp\/v2\/media?parent=100335"}],"wp:term":[{"taxonomy":"category","embeddable":true,"href":"https:\/\/sandzakpress.net\/arhiva\/wp-json\/wp\/v2\/categories?post=100335"},{"taxonomy":"post_tag","embeddable":true,"href":"https:\/\/sandzakpress.net\/arhiva\/wp-json\/wp\/v2\/tags?post=100335"}],"curies":[{"name":"wp","href":"https:\/\/api.w.org\/{rel}","templated":true}]}}