{"id":100274,"date":"2014-01-23T22:57:30","date_gmt":"2014-01-23T21:57:30","guid":{"rendered":"https:\/\/sandzakpress.net\/arhiva\/?p=100274"},"modified":"2014-01-23T22:57:30","modified_gmt":"2014-01-23T21:57:30","slug":"vlast-u-novom-pazaru-tuzi-13-funkcionera-sda-jer-nisu-vratili-sluzbene-telefone","status":"publish","type":"post","link":"https:\/\/sandzakpress.net\/arhiva\/vlast-u-novom-pazaru-tuzi-13-funkcionera-sda-jer-nisu-vratili-sluzbene-telefone\/","title":{"rendered":"Vlast u Novom Pazaru tu\u017ei 13 funkcionera SDA jer nisu vratili slu\u017ebene telefone"},"content":{"rendered":"<p id=\"article_lead\"><strong><img loading=\"lazy\" decoding=\"async\" class=\"alignleft\" alt=\"\" src=\"http:\/\/sandzak.tv\/sandzak\/wp-content\/uploads\/2013\/11\/novi-pazar-skupstina-vlast-izbor-1339759334-174938.jpg\" width=\"372\" height=\"200\" \/>Novi Pazar &#8211; Predstavnici lokalne samouprave Novog Pazara podnijeli su krivi\u010dne prijave protiv 13 biv\u0161ih funkcionera, \u010dlanova SDA Sand\u017eaka, jer jo\u0161 nisu vratili slu\u017ebene mobilne telefone koje su zadu\u017eili u vrijeme dok su bili dio vladaju\u0107e koalicije.<\/strong><\/p>\n<p>Na\u010delnik Gradske uprave Ahmedin Binjo\u0161 ka\u017ee da su im najprije pismeno tra\u017eili telefone, a da su nakon toga formirali komisiju koja je utvrdila da su oni zadr\u017eavanjem telefona o\u0161tetili bud\u017eet za preko 1,2 miliona dinara.<\/p>\n<p>Fukcioneri SDA Sand\u017eaka smatraju da je ovo \u201cpoliti\u010dka pri\u010da i poku\u0161aj vlasti da pa\u017enju javnosti skrene sa nagomilanih problema u Novom Pazaru\u201d.<\/p>\n<p>Medjutim, oni su odbili da odgovore na pitanje da li je ta\u010dno da su zadr\u017eali slu\u017ebene telefone.<\/p>\n<p>SDA Sand\u017eaka bila je dio vladaju\u0107e koalicije u Novom Pazaru do februara pro\u0161le godine, kada je do\u0161lo do razmimoila\u017eenja sa dotada\u0161njim partnerom, Sand\u017ea\u010dkom demokratskom partijom.<\/p>\n<p>(Blic)<\/p>\n<p>&nbsp;<\/p>\n<div><\/div>\n","protected":false},"excerpt":{"rendered":"<p>U Sjenici i Prijepolju se lijepo sla\u017eu u vlasti, a u Pazaru ho\u0107e o\u010di da povade<\/p>\n","protected":false},"author":83,"featured_media":100276,"comment_status":"open","ping_status":"open","sticky":false,"template":"","format":"standard","meta":{"footnotes":""},"categories":[72,1,8957],"tags":[10248,10255,10257],"class_list":{"0":"post-100274","1":"post","2":"type-post","3":"status-publish","4":"format-standard","5":"has-post-thumbnail","7":"category-novi-pazar","8":"category-politika","9":"category-vijesti-dana","10":"tag-gradska-uprava-novi-pazar","11":"tag-sda","12":"tag-sdp"},"yoast_head":"<!-- This site is optimized with the Yoast SEO Premium plugin v23.1 (Yoast SEO v24.9) - https:\/\/yoast.com\/wordpress\/plugins\/seo\/ -->\n<title>Vlast u Novom Pazaru tu\u017ei 13 funkcionera SDA jer nisu vratili slu\u017ebene telefone<\/title>\n<meta name=\"robots\" content=\"index, follow, max-snippet:-1, max-image-preview:large, max-video-preview:-1\" \/>\n<link rel=\"canonical\" href=\"https:\/\/sandzakpress.net\/arhiva\/vlast-u-novom-pazaru-tuzi-13-funkcionera-sda-jer-nisu-vratili-sluzbene-telefone\/\" \/>\n<meta property=\"og:locale\" content=\"bs_BA\" \/>\n<meta property=\"og:type\" content=\"article\" \/>\n<meta property=\"og:title\" content=\"Vlast u Novom Pazaru tu\u017ei 13 funkcionera SDA jer nisu vratili slu\u017ebene telefone\" \/>\n<meta property=\"og:description\" content=\"U Sjenici i Prijepolju se lijepo sla\u017eu u vlasti, a u Pazaru ho\u0107e o\u010di da povade\" \/>\n<meta property=\"og:url\" content=\"https:\/\/sandzakpress.net\/arhiva\/vlast-u-novom-pazaru-tuzi-13-funkcionera-sda-jer-nisu-vratili-sluzbene-telefone\/\" \/>\n<meta property=\"og:site_name\" content=\"Sand\u017eak PRESS\" \/>\n<meta property=\"article:published_time\" content=\"2014-01-23T21:57:30+00:00\" \/>\n<meta property=\"og:image\" content=\"https:\/\/sandzakpress.net\/arhiva\/wp-content\/uploads\/2014\/01\/novi-pazar-skupstina-vlast-izbor-1339759334-174938.jpg\" \/>\n\t<meta property=\"og:image:width\" content=\"620\" \/>\n\t<meta property=\"og:image:height\" content=\"333\" \/>\n\t<meta property=\"og:image:type\" content=\"image\/jpeg\" \/>\n<meta name=\"author\" content=\"bosniak\" \/>\n<meta name=\"twitter:card\" content=\"summary_large_image\" \/>\n<meta name=\"twitter:label1\" content=\"Written by\" \/>\n\t<meta name=\"twitter:data1\" content=\"bosniak\" \/>\n\t<meta name=\"twitter:label2\" content=\"Est. reading time\" \/>\n\t<meta name=\"twitter:data2\" content=\"1 minuta\" \/>\n<script type=\"application\/ld+json\" class=\"yoast-schema-graph\">{\"@context\":\"https:\/\/schema.org\",\"@graph\":[{\"@type\":\"Article\",\"@id\":\"https:\/\/sandzakpress.net\/arhiva\/vlast-u-novom-pazaru-tuzi-13-funkcionera-sda-jer-nisu-vratili-sluzbene-telefone\/#article\",\"isPartOf\":{\"@id\":\"https:\/\/sandzakpress.net\/arhiva\/vlast-u-novom-pazaru-tuzi-13-funkcionera-sda-jer-nisu-vratili-sluzbene-telefone\/\"},\"author\":{\"name\":\"bosniak\",\"@id\":\"https:\/\/sandzakpress.net\/arhiva\/#\/schema\/person\/c8baee722073534b583ea7bdb2e36c02\"},\"headline\":\"Vlast u Novom Pazaru tu\u017ei 13 funkcionera SDA jer nisu vratili slu\u017ebene telefone\",\"datePublished\":\"2014-01-23T21:57:30+00:00\",\"mainEntityOfPage\":{\"@id\":\"https:\/\/sandzakpress.net\/arhiva\/vlast-u-novom-pazaru-tuzi-13-funkcionera-sda-jer-nisu-vratili-sluzbene-telefone\/\"},\"wordCount\":178,\"commentCount\":9,\"publisher\":{\"@id\":\"https:\/\/sandzakpress.net\/arhiva\/#\/schema\/person\/6e72b67d6e51910a1117b3b483ba20bd\"},\"image\":{\"@id\":\"https:\/\/sandzakpress.net\/arhiva\/vlast-u-novom-pazaru-tuzi-13-funkcionera-sda-jer-nisu-vratili-sluzbene-telefone\/#primaryimage\"},\"thumbnailUrl\":\"https:\/\/sandzakpress.net\/arhiva\/wp-content\/uploads\/2014\/01\/novi-pazar-skupstina-vlast-izbor-1339759334-174938.jpg\",\"keywords\":[\"Vlast u Novom Pazaru\",\"SDA\",\"SDPS\"],\"articleSection\":[\"Novi Pazar\",\"Politika\",\"VIJESTI DANA\"],\"inLanguage\":\"bs-BA\",\"potentialAction\":[{\"@type\":\"CommentAction\",\"name\":\"Comment\",\"target\":[\"https:\/\/sandzakpress.net\/arhiva\/vlast-u-novom-pazaru-tuzi-13-funkcionera-sda-jer-nisu-vratili-sluzbene-telefone\/#respond\"]}]},{\"@type\":\"WebPage\",\"@id\":\"https:\/\/sandzakpress.net\/arhiva\/vlast-u-novom-pazaru-tuzi-13-funkcionera-sda-jer-nisu-vratili-sluzbene-telefone\/\",\"url\":\"https:\/\/sandzakpress.net\/arhiva\/vlast-u-novom-pazaru-tuzi-13-funkcionera-sda-jer-nisu-vratili-sluzbene-telefone\/\",\"name\":\"Vlast u Novom Pazaru tu\u017ei 13 funkcionera SDA jer nisu vratili slu\u017ebene telefone\",\"isPartOf\":{\"@id\":\"https:\/\/sandzakpress.net\/arhiva\/#website\"},\"primaryImageOfPage\":{\"@id\":\"https:\/\/sandzakpress.net\/arhiva\/vlast-u-novom-pazaru-tuzi-13-funkcionera-sda-jer-nisu-vratili-sluzbene-telefone\/#primaryimage\"},\"image\":{\"@id\":\"https:\/\/sandzakpress.net\/arhiva\/vlast-u-novom-pazaru-tuzi-13-funkcionera-sda-jer-nisu-vratili-sluzbene-telefone\/#primaryimage\"},\"thumbnailUrl\":\"https:\/\/sandzakpress.net\/arhiva\/wp-content\/uploads\/2014\/01\/novi-pazar-skupstina-vlast-izbor-1339759334-174938.jpg\",\"datePublished\":\"2014-01-23T21:57:30+00:00\",\"breadcrumb\":{\"@id\":\"https:\/\/sandzakpress.net\/arhiva\/vlast-u-novom-pazaru-tuzi-13-funkcionera-sda-jer-nisu-vratili-sluzbene-telefone\/#breadcrumb\"},\"inLanguage\":\"bs-BA\",\"potentialAction\":[{\"@type\":\"ReadAction\",\"target\":[\"https:\/\/sandzakpress.net\/arhiva\/vlast-u-novom-pazaru-tuzi-13-funkcionera-sda-jer-nisu-vratili-sluzbene-telefone\/\"]}]},{\"@type\":\"ImageObject\",\"inLanguage\":\"bs-BA\",\"@id\":\"https:\/\/sandzakpress.net\/arhiva\/vlast-u-novom-pazaru-tuzi-13-funkcionera-sda-jer-nisu-vratili-sluzbene-telefone\/#primaryimage\",\"url\":\"https:\/\/sandzakpress.net\/arhiva\/wp-content\/uploads\/2014\/01\/novi-pazar-skupstina-vlast-izbor-1339759334-174938.jpg\",\"contentUrl\":\"https:\/\/sandzakpress.net\/arhiva\/wp-content\/uploads\/2014\/01\/novi-pazar-skupstina-vlast-izbor-1339759334-174938.jpg\",\"width\":620,\"height\":333},{\"@type\":\"BreadcrumbList\",\"@id\":\"https:\/\/sandzakpress.net\/arhiva\/vlast-u-novom-pazaru-tuzi-13-funkcionera-sda-jer-nisu-vratili-sluzbene-telefone\/#breadcrumb\",\"itemListElement\":[{\"@type\":\"ListItem\",\"position\":1,\"name\":\"Home\",\"item\":\"https:\/\/sandzakpress.net\/arhiva\/\"},{\"@type\":\"ListItem\",\"position\":2,\"name\":\"Vlast u Novom Pazaru tu\u017ei 13 funkcionera SDA jer nisu vratili slu\u017ebene telefone\"}]},{\"@type\":\"WebSite\",\"@id\":\"https:\/\/sandzakpress.net\/arhiva\/#website\",\"url\":\"https:\/\/sandzakpress.net\/arhiva\/\",\"name\":\"Sand\u017eak PRESS\",\"description\":\"Prve elektronske novine u Sand\u017eaku\",\"publisher\":{\"@id\":\"https:\/\/sandzakpress.net\/arhiva\/#\/schema\/person\/6e72b67d6e51910a1117b3b483ba20bd\"},\"potentialAction\":[{\"@type\":\"SearchAction\",\"target\":{\"@type\":\"EntryPoint\",\"urlTemplate\":\"https:\/\/sandzakpress.net\/arhiva\/?s={search_term_string}\"},\"query-input\":{\"@type\":\"PropertyValueSpecification\",\"valueRequired\":true,\"valueName\":\"search_term_string\"}}],\"inLanguage\":\"bs-BA\"},{\"@type\":[\"Person\",\"Organization\"],\"@id\":\"https:\/\/sandzakpress.net\/arhiva\/#\/schema\/person\/6e72b67d6e51910a1117b3b483ba20bd\",\"name\":\"Kul\",\"image\":{\"@type\":\"ImageObject\",\"inLanguage\":\"bs-BA\",\"@id\":\"https:\/\/sandzakpress.net\/arhiva\/#\/schema\/person\/image\/\",\"url\":\"https:\/\/secure.gravatar.com\/avatar\/42263f39aa27ac04c43cab85c280eb2e?s=96&d=mm&r=pg\",\"contentUrl\":\"https:\/\/secure.gravatar.com\/avatar\/42263f39aa27ac04c43cab85c280eb2e?s=96&d=mm&r=pg\",\"caption\":\"Kul\"},\"logo\":{\"@id\":\"https:\/\/sandzakpress.net\/arhiva\/#\/schema\/person\/image\/\"}},{\"@type\":\"Person\",\"@id\":\"https:\/\/sandzakpress.net\/arhiva\/#\/schema\/person\/c8baee722073534b583ea7bdb2e36c02\",\"name\":\"bosniak\",\"image\":{\"@type\":\"ImageObject\",\"inLanguage\":\"bs-BA\",\"@id\":\"https:\/\/sandzakpress.net\/arhiva\/#\/schema\/person\/image\/\",\"url\":\"https:\/\/secure.gravatar.com\/avatar\/a04fd330bfe3a36a72a0ad4a6d89fca7?s=96&d=mm&r=pg\",\"contentUrl\":\"https:\/\/secure.gravatar.com\/avatar\/a04fd330bfe3a36a72a0ad4a6d89fca7?s=96&d=mm&r=pg\",\"caption\":\"bosniak\"},\"url\":\"https:\/\/sandzakpress.net\/arhiva\/author\/bosniak\/\"}]}<\/script>\n<!-- \/ Yoast SEO Premium plugin. -->","yoast_head_json":{"title":"Vlast u Novom Pazaru tu\u017ei 13 funkcionera SDA jer nisu vratili slu\u017ebene telefone","robots":{"index":"index","follow":"follow","max-snippet":"max-snippet:-1","max-image-preview":"max-image-preview:large","max-video-preview":"max-video-preview:-1"},"canonical":"https:\/\/sandzakpress.net\/arhiva\/vlast-u-novom-pazaru-tuzi-13-funkcionera-sda-jer-nisu-vratili-sluzbene-telefone\/","og_locale":"bs_BA","og_type":"article","og_title":"Vlast u Novom Pazaru tu\u017ei 13 funkcionera SDA jer nisu vratili slu\u017ebene telefone","og_description":"U Sjenici i Prijepolju se lijepo sla\u017eu u vlasti, a u Pazaru ho\u0107e o\u010di da povade","og_url":"https:\/\/sandzakpress.net\/arhiva\/vlast-u-novom-pazaru-tuzi-13-funkcionera-sda-jer-nisu-vratili-sluzbene-telefone\/","og_site_name":"Sand\u017eak PRESS","article_published_time":"2014-01-23T21:57:30+00:00","og_image":[{"width":620,"height":333,"url":"https:\/\/sandzakpress.net\/arhiva\/wp-content\/uploads\/2014\/01\/novi-pazar-skupstina-vlast-izbor-1339759334-174938.jpg","type":"image\/jpeg"}],"author":"bosniak","twitter_card":"summary_large_image","twitter_misc":{"Written by":"bosniak","Est. reading time":"1 minuta"},"schema":{"@context":"https:\/\/schema.org","@graph":[{"@type":"Article","@id":"https:\/\/sandzakpress.net\/arhiva\/vlast-u-novom-pazaru-tuzi-13-funkcionera-sda-jer-nisu-vratili-sluzbene-telefone\/#article","isPartOf":{"@id":"https:\/\/sandzakpress.net\/arhiva\/vlast-u-novom-pazaru-tuzi-13-funkcionera-sda-jer-nisu-vratili-sluzbene-telefone\/"},"author":{"name":"bosniak","@id":"https:\/\/sandzakpress.net\/arhiva\/#\/schema\/person\/c8baee722073534b583ea7bdb2e36c02"},"headline":"Vlast u Novom Pazaru tu\u017ei 13 funkcionera SDA jer nisu vratili slu\u017ebene telefone","datePublished":"2014-01-23T21:57:30+00:00","mainEntityOfPage":{"@id":"https:\/\/sandzakpress.net\/arhiva\/vlast-u-novom-pazaru-tuzi-13-funkcionera-sda-jer-nisu-vratili-sluzbene-telefone\/"},"wordCount":178,"commentCount":9,"publisher":{"@id":"https:\/\/sandzakpress.net\/arhiva\/#\/schema\/person\/6e72b67d6e51910a1117b3b483ba20bd"},"image":{"@id":"https:\/\/sandzakpress.net\/arhiva\/vlast-u-novom-pazaru-tuzi-13-funkcionera-sda-jer-nisu-vratili-sluzbene-telefone\/#primaryimage"},"thumbnailUrl":"https:\/\/sandzakpress.net\/arhiva\/wp-content\/uploads\/2014\/01\/novi-pazar-skupstina-vlast-izbor-1339759334-174938.jpg","keywords":["Vlast u Novom Pazaru","SDA","SDPS"],"articleSection":["Novi Pazar","Politika","VIJESTI DANA"],"inLanguage":"bs-BA","potentialAction":[{"@type":"CommentAction","name":"Comment","target":["https:\/\/sandzakpress.net\/arhiva\/vlast-u-novom-pazaru-tuzi-13-funkcionera-sda-jer-nisu-vratili-sluzbene-telefone\/#respond"]}]},{"@type":"WebPage","@id":"https:\/\/sandzakpress.net\/arhiva\/vlast-u-novom-pazaru-tuzi-13-funkcionera-sda-jer-nisu-vratili-sluzbene-telefone\/","url":"https:\/\/sandzakpress.net\/arhiva\/vlast-u-novom-pazaru-tuzi-13-funkcionera-sda-jer-nisu-vratili-sluzbene-telefone\/","name":"Vlast u Novom Pazaru tu\u017ei 13 funkcionera SDA jer nisu vratili slu\u017ebene telefone","isPartOf":{"@id":"https:\/\/sandzakpress.net\/arhiva\/#website"},"primaryImageOfPage":{"@id":"https:\/\/sandzakpress.net\/arhiva\/vlast-u-novom-pazaru-tuzi-13-funkcionera-sda-jer-nisu-vratili-sluzbene-telefone\/#primaryimage"},"image":{"@id":"https:\/\/sandzakpress.net\/arhiva\/vlast-u-novom-pazaru-tuzi-13-funkcionera-sda-jer-nisu-vratili-sluzbene-telefone\/#primaryimage"},"thumbnailUrl":"https:\/\/sandzakpress.net\/arhiva\/wp-content\/uploads\/2014\/01\/novi-pazar-skupstina-vlast-izbor-1339759334-174938.jpg","datePublished":"2014-01-23T21:57:30+00:00","breadcrumb":{"@id":"https:\/\/sandzakpress.net\/arhiva\/vlast-u-novom-pazaru-tuzi-13-funkcionera-sda-jer-nisu-vratili-sluzbene-telefone\/#breadcrumb"},"inLanguage":"bs-BA","potentialAction":[{"@type":"ReadAction","target":["https:\/\/sandzakpress.net\/arhiva\/vlast-u-novom-pazaru-tuzi-13-funkcionera-sda-jer-nisu-vratili-sluzbene-telefone\/"]}]},{"@type":"ImageObject","inLanguage":"bs-BA","@id":"https:\/\/sandzakpress.net\/arhiva\/vlast-u-novom-pazaru-tuzi-13-funkcionera-sda-jer-nisu-vratili-sluzbene-telefone\/#primaryimage","url":"https:\/\/sandzakpress.net\/arhiva\/wp-content\/uploads\/2014\/01\/novi-pazar-skupstina-vlast-izbor-1339759334-174938.jpg","contentUrl":"https:\/\/sandzakpress.net\/arhiva\/wp-content\/uploads\/2014\/01\/novi-pazar-skupstina-vlast-izbor-1339759334-174938.jpg","width":620,"height":333},{"@type":"BreadcrumbList","@id":"https:\/\/sandzakpress.net\/arhiva\/vlast-u-novom-pazaru-tuzi-13-funkcionera-sda-jer-nisu-vratili-sluzbene-telefone\/#breadcrumb","itemListElement":[{"@type":"ListItem","position":1,"name":"Home","item":"https:\/\/sandzakpress.net\/arhiva\/"},{"@type":"ListItem","position":2,"name":"Vlast u Novom Pazaru tu\u017ei 13 funkcionera SDA jer nisu vratili slu\u017ebene telefone"}]},{"@type":"WebSite","@id":"https:\/\/sandzakpress.net\/arhiva\/#website","url":"https:\/\/sandzakpress.net\/arhiva\/","name":"Sand\u017eak PRESS","description":"Prve elektronske novine u Sand\u017eaku","publisher":{"@id":"https:\/\/sandzakpress.net\/arhiva\/#\/schema\/person\/6e72b67d6e51910a1117b3b483ba20bd"},"potentialAction":[{"@type":"SearchAction","target":{"@type":"EntryPoint","urlTemplate":"https:\/\/sandzakpress.net\/arhiva\/?s={search_term_string}"},"query-input":{"@type":"PropertyValueSpecification","valueRequired":true,"valueName":"search_term_string"}}],"inLanguage":"bs-BA"},{"@type":["Person","Organization"],"@id":"https:\/\/sandzakpress.net\/arhiva\/#\/schema\/person\/6e72b67d6e51910a1117b3b483ba20bd","name":"Kul","image":{"@type":"ImageObject","inLanguage":"bs-BA","@id":"https:\/\/sandzakpress.net\/arhiva\/#\/schema\/person\/image\/","url":"https:\/\/secure.gravatar.com\/avatar\/42263f39aa27ac04c43cab85c280eb2e?s=96&d=mm&r=pg","contentUrl":"https:\/\/secure.gravatar.com\/avatar\/42263f39aa27ac04c43cab85c280eb2e?s=96&d=mm&r=pg","caption":"Kul"},"logo":{"@id":"https:\/\/sandzakpress.net\/arhiva\/#\/schema\/person\/image\/"}},{"@type":"Person","@id":"https:\/\/sandzakpress.net\/arhiva\/#\/schema\/person\/c8baee722073534b583ea7bdb2e36c02","name":"bosniak","image":{"@type":"ImageObject","inLanguage":"bs-BA","@id":"https:\/\/sandzakpress.net\/arhiva\/#\/schema\/person\/image\/","url":"https:\/\/secure.gravatar.com\/avatar\/a04fd330bfe3a36a72a0ad4a6d89fca7?s=96&d=mm&r=pg","contentUrl":"https:\/\/secure.gravatar.com\/avatar\/a04fd330bfe3a36a72a0ad4a6d89fca7?s=96&d=mm&r=pg","caption":"bosniak"},"url":"https:\/\/sandzakpress.net\/arhiva\/author\/bosniak\/"}]}},"_links":{"self":[{"href":"https:\/\/sandzakpress.net\/arhiva\/wp-json\/wp\/v2\/posts\/100274"}],"collection":[{"href":"https:\/\/sandzakpress.net\/arhiva\/wp-json\/wp\/v2\/posts"}],"about":[{"href":"https:\/\/sandzakpress.net\/arhiva\/wp-json\/wp\/v2\/types\/post"}],"author":[{"embeddable":true,"href":"https:\/\/sandzakpress.net\/arhiva\/wp-json\/wp\/v2\/users\/83"}],"replies":[{"embeddable":true,"href":"https:\/\/sandzakpress.net\/arhiva\/wp-json\/wp\/v2\/comments?post=100274"}],"version-history":[{"count":0,"href":"https:\/\/sandzakpress.net\/arhiva\/wp-json\/wp\/v2\/posts\/100274\/revisions"}],"wp:featuredmedia":[{"embeddable":true,"href":"https:\/\/sandzakpress.net\/arhiva\/wp-json\/wp\/v2\/media\/100276"}],"wp:attachment":[{"href":"https:\/\/sandzakpress.net\/arhiva\/wp-json\/wp\/v2\/media?parent=100274"}],"wp:term":[{"taxonomy":"category","embeddable":true,"href":"https:\/\/sandzakpress.net\/arhiva\/wp-json\/wp\/v2\/categories?post=100274"},{"taxonomy":"post_tag","embeddable":true,"href":"https:\/\/sandzakpress.net\/arhiva\/wp-json\/wp\/v2\/tags?post=100274"}],"curies":[{"name":"wp","href":"https:\/\/api.w.org\/{rel}","templated":true}]}}