{"id":1002,"date":"2010-01-07T15:48:28","date_gmt":"2010-01-07T15:48:28","guid":{"rendered":"https:\/\/sandzakpress.net\/arhiva\/?p=1002"},"modified":"2010-01-07T15:51:49","modified_gmt":"2010-01-07T15:51:49","slug":"alkalaj-bih-nije-povoljno-tlo-za-regrutiranje-terorista","status":"publish","type":"post","link":"https:\/\/sandzakpress.net\/arhiva\/alkalaj-bih-nije-povoljno-tlo-za-regrutiranje-terorista\/","title":{"rendered":"Alkalaj: BiH nije povoljno tlo za regrutiranje terorista"},"content":{"rendered":"<p><strong><a href=\"https:\/\/sandzakpress.net\/arhiva\/wp-content\/uploads\/2010\/01\/alkalaj-sven.jpg\"><img loading=\"lazy\" decoding=\"async\" class=\"alignleft size-medium wp-image-1003\" title=\"alkalaj-sven\" src=\"https:\/\/sandzakpress.net\/arhiva\/wp-content\/uploads\/2010\/01\/alkalaj-sven-300x195.jpg\" alt=\"\" width=\"300\" height=\"195\" \/><\/a>BiH &#8211; Ministar vanjskih poslova BiH Sven Alkalaj sino\u0107 je, nakon izjave ministra vanjskih poslova Izraela Avigdora Libermana o Balkanu kao sljede\u0107oj destinaciji globalnog d\u017eihada gdje se, u tu svrhu, namjerava izgraditi infrastruktura, regrutirati aktivisti i usmjeriti fondovi u oblastima koje naseljavaju Bosanci i Albanci, obavio telefonski razgovor s ministrom Libermanom.<br \/>\n<\/strong><br \/>\nKako je saop\u0107eno iz MVP-a BiH, Alkalaj je izrazio negodovanje povodom izjava ministra Libermana kojima je implicirao da u BiH postoji pogodno tlo za regrutiranje terorista.<\/p>\n<p>Naglasio je neutemeljenost takvih izjava, te istakao da one nanose \u0161tetu me\u0111unarodnom ugledu na\u0161e zemlje, pogotovo u momentu kada na\u0161a zemlja o\u010dekuje pozitivnu odluku Evropske unije o uspostavi bezviznog re\u017eima za svoje gra\u0111ane.<\/p>\n<p>Istakao je da je BiH \u010dvrsto opredijeljena za borbu protiv terorizma, te naglasio da prema informacijama obavje\u0161tajno-sigurnosnih agencija BiH, kao i me\u0111unarodnih organizacija prisutnih u BiH, u na\u0161oj zemlji ne postoje centri za obuku terorista, te da nema tzv. \u0107elija teroristi\u010dkih organizacija u BiH niti da je na\u0161a dr\u017eava pogodno tlo za takve aktivnosti.<\/p>\n<p>Alkalaj je pozvao ministra Libermana da ukoliko nadle\u017ene institucije Izraela raspola\u017eu s kredibilnim informacijama da ih dostave nadle\u017enim institucijama BiH.<\/p>\n<p>S tim u vezi, ministar Alkalaj je dao nalog Ambasadi BiH u Izraelu da obavi razgovor u Ministarstvu vanjskih poslova Izraela povodom ovog slu\u010daja.<\/p>\n<p>Na kraju, Alkalaj je izrazio povjerenje u profesionalnost i efikasnost nadle\u017enih institucija BiH, kao i opredijeljenost za daljnje unapre\u0111enje bilateralnih odnosa BiH i Izraela.<\/p>\n<p>Izvor: <strong>DnevniAvaz.ba<\/strong><\/p>\n","protected":false},"excerpt":{"rendered":"<p>BiH &#8211; Ministar vanjskih poslova BiH Sven Alkalaj sino\u0107 je, nakon izjave ministra vanjskih poslova Izraela Avigdora Libermana o Balkanu kao sljede\u0107oj destinaciji globalnog d\u017eihada gdje se, u tu svrhu, namjerava izgraditi infrastruktura, regrutirati aktivisti i usmjeriti fondovi u oblastima koje naseljavaju Bosanci i Albanci, obavio telefonski razgovor s ministrom Libermanom. Kako je saop\u0107eno iz [&hellip;]<\/p>\n","protected":false},"author":83,"featured_media":1003,"comment_status":"closed","ping_status":"closed","sticky":false,"template":"","format":"standard","meta":{"footnotes":""},"categories":[16],"tags":[],"class_list":{"0":"post-1002","1":"post","2":"type-post","3":"status-publish","4":"format-standard","5":"has-post-thumbnail","7":"category-novine"},"yoast_head":"<!-- This site is optimized with the Yoast SEO Premium plugin v23.1 (Yoast SEO v24.9) - https:\/\/yoast.com\/wordpress\/plugins\/seo\/ -->\n<title>Alkalaj: BiH nije povoljno tlo za regrutiranje terorista<\/title>\n<meta name=\"robots\" content=\"index, follow, max-snippet:-1, max-image-preview:large, max-video-preview:-1\" \/>\n<link rel=\"canonical\" href=\"https:\/\/sandzakpress.net\/arhiva\/alkalaj-bih-nije-povoljno-tlo-za-regrutiranje-terorista\/\" \/>\n<meta property=\"og:locale\" content=\"bs_BA\" \/>\n<meta property=\"og:type\" content=\"article\" \/>\n<meta property=\"og:title\" content=\"Alkalaj: BiH nije povoljno tlo za regrutiranje terorista\" \/>\n<meta property=\"og:description\" content=\"BiH &#8211; Ministar vanjskih poslova BiH Sven Alkalaj sino\u0107 je, nakon izjave ministra vanjskih poslova Izraela Avigdora Libermana o Balkanu kao sljede\u0107oj destinaciji globalnog d\u017eihada gdje se, u tu svrhu, namjerava izgraditi infrastruktura, regrutirati aktivisti i usmjeriti fondovi u oblastima koje naseljavaju Bosanci i Albanci, obavio telefonski razgovor s ministrom Libermanom. Kako je saop\u0107eno iz [&hellip;]\" \/>\n<meta property=\"og:url\" content=\"https:\/\/sandzakpress.net\/arhiva\/alkalaj-bih-nije-povoljno-tlo-za-regrutiranje-terorista\/\" \/>\n<meta property=\"og:site_name\" content=\"Sand\u017eak PRESS\" \/>\n<meta property=\"article:published_time\" content=\"2010-01-07T15:48:28+00:00\" \/>\n<meta property=\"article:modified_time\" content=\"2010-01-07T15:51:49+00:00\" \/>\n<meta property=\"og:image\" content=\"https:\/\/sandzakpress.net\/arhiva\/wp-content\/uploads\/2010\/01\/alkalaj-sven.jpg\" \/>\n\t<meta property=\"og:image:width\" content=\"346\" \/>\n\t<meta property=\"og:image:height\" content=\"225\" \/>\n\t<meta property=\"og:image:type\" content=\"image\/jpeg\" \/>\n<meta name=\"author\" content=\"bosniak\" \/>\n<meta name=\"twitter:card\" content=\"summary_large_image\" \/>\n<meta name=\"twitter:label1\" content=\"Written by\" \/>\n\t<meta name=\"twitter:data1\" content=\"bosniak\" \/>\n\t<meta name=\"twitter:label2\" content=\"Est. reading time\" \/>\n\t<meta name=\"twitter:data2\" content=\"1 minuta\" \/>\n<script type=\"application\/ld+json\" class=\"yoast-schema-graph\">{\"@context\":\"https:\/\/schema.org\",\"@graph\":[{\"@type\":\"Article\",\"@id\":\"https:\/\/sandzakpress.net\/arhiva\/alkalaj-bih-nije-povoljno-tlo-za-regrutiranje-terorista\/#article\",\"isPartOf\":{\"@id\":\"https:\/\/sandzakpress.net\/arhiva\/alkalaj-bih-nije-povoljno-tlo-za-regrutiranje-terorista\/\"},\"author\":{\"name\":\"bosniak\",\"@id\":\"https:\/\/sandzakpress.net\/arhiva\/#\/schema\/person\/c8baee722073534b583ea7bdb2e36c02\"},\"headline\":\"Alkalaj: BiH nije povoljno tlo za regrutiranje terorista\",\"datePublished\":\"2010-01-07T15:48:28+00:00\",\"dateModified\":\"2010-01-07T15:51:49+00:00\",\"mainEntityOfPage\":{\"@id\":\"https:\/\/sandzakpress.net\/arhiva\/alkalaj-bih-nije-povoljno-tlo-za-regrutiranje-terorista\/\"},\"wordCount\":264,\"publisher\":{\"@id\":\"https:\/\/sandzakpress.net\/arhiva\/#\/schema\/person\/6e72b67d6e51910a1117b3b483ba20bd\"},\"image\":{\"@id\":\"https:\/\/sandzakpress.net\/arhiva\/alkalaj-bih-nije-povoljno-tlo-za-regrutiranje-terorista\/#primaryimage\"},\"thumbnailUrl\":\"https:\/\/sandzakpress.net\/arhiva\/wp-content\/uploads\/2010\/01\/alkalaj-sven.jpg\",\"articleSection\":[\"Novine\"],\"inLanguage\":\"bs-BA\"},{\"@type\":\"WebPage\",\"@id\":\"https:\/\/sandzakpress.net\/arhiva\/alkalaj-bih-nije-povoljno-tlo-za-regrutiranje-terorista\/\",\"url\":\"https:\/\/sandzakpress.net\/arhiva\/alkalaj-bih-nije-povoljno-tlo-za-regrutiranje-terorista\/\",\"name\":\"Alkalaj: BiH nije povoljno tlo za regrutiranje terorista\",\"isPartOf\":{\"@id\":\"https:\/\/sandzakpress.net\/arhiva\/#website\"},\"primaryImageOfPage\":{\"@id\":\"https:\/\/sandzakpress.net\/arhiva\/alkalaj-bih-nije-povoljno-tlo-za-regrutiranje-terorista\/#primaryimage\"},\"image\":{\"@id\":\"https:\/\/sandzakpress.net\/arhiva\/alkalaj-bih-nije-povoljno-tlo-za-regrutiranje-terorista\/#primaryimage\"},\"thumbnailUrl\":\"https:\/\/sandzakpress.net\/arhiva\/wp-content\/uploads\/2010\/01\/alkalaj-sven.jpg\",\"datePublished\":\"2010-01-07T15:48:28+00:00\",\"dateModified\":\"2010-01-07T15:51:49+00:00\",\"breadcrumb\":{\"@id\":\"https:\/\/sandzakpress.net\/arhiva\/alkalaj-bih-nije-povoljno-tlo-za-regrutiranje-terorista\/#breadcrumb\"},\"inLanguage\":\"bs-BA\",\"potentialAction\":[{\"@type\":\"ReadAction\",\"target\":[\"https:\/\/sandzakpress.net\/arhiva\/alkalaj-bih-nije-povoljno-tlo-za-regrutiranje-terorista\/\"]}]},{\"@type\":\"ImageObject\",\"inLanguage\":\"bs-BA\",\"@id\":\"https:\/\/sandzakpress.net\/arhiva\/alkalaj-bih-nije-povoljno-tlo-za-regrutiranje-terorista\/#primaryimage\",\"url\":\"https:\/\/sandzakpress.net\/arhiva\/wp-content\/uploads\/2010\/01\/alkalaj-sven.jpg\",\"contentUrl\":\"https:\/\/sandzakpress.net\/arhiva\/wp-content\/uploads\/2010\/01\/alkalaj-sven.jpg\",\"width\":346,\"height\":225},{\"@type\":\"BreadcrumbList\",\"@id\":\"https:\/\/sandzakpress.net\/arhiva\/alkalaj-bih-nije-povoljno-tlo-za-regrutiranje-terorista\/#breadcrumb\",\"itemListElement\":[{\"@type\":\"ListItem\",\"position\":1,\"name\":\"Home\",\"item\":\"https:\/\/sandzakpress.net\/arhiva\/\"},{\"@type\":\"ListItem\",\"position\":2,\"name\":\"Alkalaj: BiH nije povoljno tlo za regrutiranje terorista\"}]},{\"@type\":\"WebSite\",\"@id\":\"https:\/\/sandzakpress.net\/arhiva\/#website\",\"url\":\"https:\/\/sandzakpress.net\/arhiva\/\",\"name\":\"Sand\u017eak PRESS\",\"description\":\"Prve elektronske novine u Sand\u017eaku\",\"publisher\":{\"@id\":\"https:\/\/sandzakpress.net\/arhiva\/#\/schema\/person\/6e72b67d6e51910a1117b3b483ba20bd\"},\"potentialAction\":[{\"@type\":\"SearchAction\",\"target\":{\"@type\":\"EntryPoint\",\"urlTemplate\":\"https:\/\/sandzakpress.net\/arhiva\/?s={search_term_string}\"},\"query-input\":{\"@type\":\"PropertyValueSpecification\",\"valueRequired\":true,\"valueName\":\"search_term_string\"}}],\"inLanguage\":\"bs-BA\"},{\"@type\":[\"Person\",\"Organization\"],\"@id\":\"https:\/\/sandzakpress.net\/arhiva\/#\/schema\/person\/6e72b67d6e51910a1117b3b483ba20bd\",\"name\":\"Kul\",\"image\":{\"@type\":\"ImageObject\",\"inLanguage\":\"bs-BA\",\"@id\":\"https:\/\/sandzakpress.net\/arhiva\/#\/schema\/person\/image\/\",\"url\":\"https:\/\/secure.gravatar.com\/avatar\/42263f39aa27ac04c43cab85c280eb2e?s=96&d=mm&r=pg\",\"contentUrl\":\"https:\/\/secure.gravatar.com\/avatar\/42263f39aa27ac04c43cab85c280eb2e?s=96&d=mm&r=pg\",\"caption\":\"Kul\"},\"logo\":{\"@id\":\"https:\/\/sandzakpress.net\/arhiva\/#\/schema\/person\/image\/\"}},{\"@type\":\"Person\",\"@id\":\"https:\/\/sandzakpress.net\/arhiva\/#\/schema\/person\/c8baee722073534b583ea7bdb2e36c02\",\"name\":\"bosniak\",\"image\":{\"@type\":\"ImageObject\",\"inLanguage\":\"bs-BA\",\"@id\":\"https:\/\/sandzakpress.net\/arhiva\/#\/schema\/person\/image\/\",\"url\":\"https:\/\/secure.gravatar.com\/avatar\/a04fd330bfe3a36a72a0ad4a6d89fca7?s=96&d=mm&r=pg\",\"contentUrl\":\"https:\/\/secure.gravatar.com\/avatar\/a04fd330bfe3a36a72a0ad4a6d89fca7?s=96&d=mm&r=pg\",\"caption\":\"bosniak\"},\"url\":\"https:\/\/sandzakpress.net\/arhiva\/author\/bosniak\/\"}]}<\/script>\n<!-- \/ Yoast SEO Premium plugin. -->","yoast_head_json":{"title":"Alkalaj: BiH nije povoljno tlo za regrutiranje terorista","robots":{"index":"index","follow":"follow","max-snippet":"max-snippet:-1","max-image-preview":"max-image-preview:large","max-video-preview":"max-video-preview:-1"},"canonical":"https:\/\/sandzakpress.net\/arhiva\/alkalaj-bih-nije-povoljno-tlo-za-regrutiranje-terorista\/","og_locale":"bs_BA","og_type":"article","og_title":"Alkalaj: BiH nije povoljno tlo za regrutiranje terorista","og_description":"BiH &#8211; Ministar vanjskih poslova BiH Sven Alkalaj sino\u0107 je, nakon izjave ministra vanjskih poslova Izraela Avigdora Libermana o Balkanu kao sljede\u0107oj destinaciji globalnog d\u017eihada gdje se, u tu svrhu, namjerava izgraditi infrastruktura, regrutirati aktivisti i usmjeriti fondovi u oblastima koje naseljavaju Bosanci i Albanci, obavio telefonski razgovor s ministrom Libermanom. Kako je saop\u0107eno iz [&hellip;]","og_url":"https:\/\/sandzakpress.net\/arhiva\/alkalaj-bih-nije-povoljno-tlo-za-regrutiranje-terorista\/","og_site_name":"Sand\u017eak PRESS","article_published_time":"2010-01-07T15:48:28+00:00","article_modified_time":"2010-01-07T15:51:49+00:00","og_image":[{"width":346,"height":225,"url":"https:\/\/sandzakpress.net\/arhiva\/wp-content\/uploads\/2010\/01\/alkalaj-sven.jpg","type":"image\/jpeg"}],"author":"bosniak","twitter_card":"summary_large_image","twitter_misc":{"Written by":"bosniak","Est. reading time":"1 minuta"},"schema":{"@context":"https:\/\/schema.org","@graph":[{"@type":"Article","@id":"https:\/\/sandzakpress.net\/arhiva\/alkalaj-bih-nije-povoljno-tlo-za-regrutiranje-terorista\/#article","isPartOf":{"@id":"https:\/\/sandzakpress.net\/arhiva\/alkalaj-bih-nije-povoljno-tlo-za-regrutiranje-terorista\/"},"author":{"name":"bosniak","@id":"https:\/\/sandzakpress.net\/arhiva\/#\/schema\/person\/c8baee722073534b583ea7bdb2e36c02"},"headline":"Alkalaj: BiH nije povoljno tlo za regrutiranje terorista","datePublished":"2010-01-07T15:48:28+00:00","dateModified":"2010-01-07T15:51:49+00:00","mainEntityOfPage":{"@id":"https:\/\/sandzakpress.net\/arhiva\/alkalaj-bih-nije-povoljno-tlo-za-regrutiranje-terorista\/"},"wordCount":264,"publisher":{"@id":"https:\/\/sandzakpress.net\/arhiva\/#\/schema\/person\/6e72b67d6e51910a1117b3b483ba20bd"},"image":{"@id":"https:\/\/sandzakpress.net\/arhiva\/alkalaj-bih-nije-povoljno-tlo-za-regrutiranje-terorista\/#primaryimage"},"thumbnailUrl":"https:\/\/sandzakpress.net\/arhiva\/wp-content\/uploads\/2010\/01\/alkalaj-sven.jpg","articleSection":["Novine"],"inLanguage":"bs-BA"},{"@type":"WebPage","@id":"https:\/\/sandzakpress.net\/arhiva\/alkalaj-bih-nije-povoljno-tlo-za-regrutiranje-terorista\/","url":"https:\/\/sandzakpress.net\/arhiva\/alkalaj-bih-nije-povoljno-tlo-za-regrutiranje-terorista\/","name":"Alkalaj: BiH nije povoljno tlo za regrutiranje terorista","isPartOf":{"@id":"https:\/\/sandzakpress.net\/arhiva\/#website"},"primaryImageOfPage":{"@id":"https:\/\/sandzakpress.net\/arhiva\/alkalaj-bih-nije-povoljno-tlo-za-regrutiranje-terorista\/#primaryimage"},"image":{"@id":"https:\/\/sandzakpress.net\/arhiva\/alkalaj-bih-nije-povoljno-tlo-za-regrutiranje-terorista\/#primaryimage"},"thumbnailUrl":"https:\/\/sandzakpress.net\/arhiva\/wp-content\/uploads\/2010\/01\/alkalaj-sven.jpg","datePublished":"2010-01-07T15:48:28+00:00","dateModified":"2010-01-07T15:51:49+00:00","breadcrumb":{"@id":"https:\/\/sandzakpress.net\/arhiva\/alkalaj-bih-nije-povoljno-tlo-za-regrutiranje-terorista\/#breadcrumb"},"inLanguage":"bs-BA","potentialAction":[{"@type":"ReadAction","target":["https:\/\/sandzakpress.net\/arhiva\/alkalaj-bih-nije-povoljno-tlo-za-regrutiranje-terorista\/"]}]},{"@type":"ImageObject","inLanguage":"bs-BA","@id":"https:\/\/sandzakpress.net\/arhiva\/alkalaj-bih-nije-povoljno-tlo-za-regrutiranje-terorista\/#primaryimage","url":"https:\/\/sandzakpress.net\/arhiva\/wp-content\/uploads\/2010\/01\/alkalaj-sven.jpg","contentUrl":"https:\/\/sandzakpress.net\/arhiva\/wp-content\/uploads\/2010\/01\/alkalaj-sven.jpg","width":346,"height":225},{"@type":"BreadcrumbList","@id":"https:\/\/sandzakpress.net\/arhiva\/alkalaj-bih-nije-povoljno-tlo-za-regrutiranje-terorista\/#breadcrumb","itemListElement":[{"@type":"ListItem","position":1,"name":"Home","item":"https:\/\/sandzakpress.net\/arhiva\/"},{"@type":"ListItem","position":2,"name":"Alkalaj: BiH nije povoljno tlo za regrutiranje terorista"}]},{"@type":"WebSite","@id":"https:\/\/sandzakpress.net\/arhiva\/#website","url":"https:\/\/sandzakpress.net\/arhiva\/","name":"Sand\u017eak PRESS","description":"Prve elektronske novine u Sand\u017eaku","publisher":{"@id":"https:\/\/sandzakpress.net\/arhiva\/#\/schema\/person\/6e72b67d6e51910a1117b3b483ba20bd"},"potentialAction":[{"@type":"SearchAction","target":{"@type":"EntryPoint","urlTemplate":"https:\/\/sandzakpress.net\/arhiva\/?s={search_term_string}"},"query-input":{"@type":"PropertyValueSpecification","valueRequired":true,"valueName":"search_term_string"}}],"inLanguage":"bs-BA"},{"@type":["Person","Organization"],"@id":"https:\/\/sandzakpress.net\/arhiva\/#\/schema\/person\/6e72b67d6e51910a1117b3b483ba20bd","name":"Kul","image":{"@type":"ImageObject","inLanguage":"bs-BA","@id":"https:\/\/sandzakpress.net\/arhiva\/#\/schema\/person\/image\/","url":"https:\/\/secure.gravatar.com\/avatar\/42263f39aa27ac04c43cab85c280eb2e?s=96&d=mm&r=pg","contentUrl":"https:\/\/secure.gravatar.com\/avatar\/42263f39aa27ac04c43cab85c280eb2e?s=96&d=mm&r=pg","caption":"Kul"},"logo":{"@id":"https:\/\/sandzakpress.net\/arhiva\/#\/schema\/person\/image\/"}},{"@type":"Person","@id":"https:\/\/sandzakpress.net\/arhiva\/#\/schema\/person\/c8baee722073534b583ea7bdb2e36c02","name":"bosniak","image":{"@type":"ImageObject","inLanguage":"bs-BA","@id":"https:\/\/sandzakpress.net\/arhiva\/#\/schema\/person\/image\/","url":"https:\/\/secure.gravatar.com\/avatar\/a04fd330bfe3a36a72a0ad4a6d89fca7?s=96&d=mm&r=pg","contentUrl":"https:\/\/secure.gravatar.com\/avatar\/a04fd330bfe3a36a72a0ad4a6d89fca7?s=96&d=mm&r=pg","caption":"bosniak"},"url":"https:\/\/sandzakpress.net\/arhiva\/author\/bosniak\/"}]}},"_links":{"self":[{"href":"https:\/\/sandzakpress.net\/arhiva\/wp-json\/wp\/v2\/posts\/1002"}],"collection":[{"href":"https:\/\/sandzakpress.net\/arhiva\/wp-json\/wp\/v2\/posts"}],"about":[{"href":"https:\/\/sandzakpress.net\/arhiva\/wp-json\/wp\/v2\/types\/post"}],"author":[{"embeddable":true,"href":"https:\/\/sandzakpress.net\/arhiva\/wp-json\/wp\/v2\/users\/83"}],"replies":[{"embeddable":true,"href":"https:\/\/sandzakpress.net\/arhiva\/wp-json\/wp\/v2\/comments?post=1002"}],"version-history":[{"count":0,"href":"https:\/\/sandzakpress.net\/arhiva\/wp-json\/wp\/v2\/posts\/1002\/revisions"}],"wp:featuredmedia":[{"embeddable":true,"href":"https:\/\/sandzakpress.net\/arhiva\/wp-json\/wp\/v2\/media\/1003"}],"wp:attachment":[{"href":"https:\/\/sandzakpress.net\/arhiva\/wp-json\/wp\/v2\/media?parent=1002"}],"wp:term":[{"taxonomy":"category","embeddable":true,"href":"https:\/\/sandzakpress.net\/arhiva\/wp-json\/wp\/v2\/categories?post=1002"},{"taxonomy":"post_tag","embeddable":true,"href":"https:\/\/sandzakpress.net\/arhiva\/wp-json\/wp\/v2\/tags?post=1002"}],"curies":[{"name":"wp","href":"https:\/\/api.w.org\/{rel}","templated":true}]}}