{"id":100119,"date":"2014-01-21T18:59:26","date_gmt":"2014-01-21T17:59:26","guid":{"rendered":"https:\/\/sandzakpress.net\/arhiva\/?p=100119"},"modified":"2014-01-22T11:57:36","modified_gmt":"2014-01-22T10:57:36","slug":"novi-pazar-racuni-skola-i-po-tri-godine-u-blokadi","status":"publish","type":"post","link":"https:\/\/sandzakpress.net\/arhiva\/novi-pazar-racuni-skola-i-po-tri-godine-u-blokadi\/","title":{"rendered":"Novi Pazar: Ra\u010duni \u0161kola i po tri godine u blokadi"},"content":{"rendered":"<p><strong><img loading=\"lazy\" decoding=\"async\" class=\"alignleft\" style=\"font-size: 14px; line-height: 1.5em;\" alt=\"\" src=\"http:\/\/www.blic.rs\/data\/images\/2014-01-21\/425355_novi-pazar01-osnovna-skola-bratstvo-foto-a.-bajrovic_f.jpg?ver=1390305765\" width=\"329\" height=\"189\" \/>Novi Pazar &#8211;\u00a0Prema podacima Narodne banke Srbije, 12 osnovnih i \u0161est srednjih \u0161kola u Novom Pazaru duguju oko 11 miliona dinara, zbog \u010dega su ra\u010duni pojedinih obrazovnih ustanova i po nekoliko godina u blokadi.<\/strong><\/p>\n<p>Najte\u017ee je u osnovnim \u0161kolama \u201cJo\u0161anica\u201c i \u201eDesanka Maksimovi\u0107\u201c, \u010diji su ra\u010duni neprekidno blokirani ve\u0107 tri godine i to za iznose preko dva miliona dinara.<\/p>\n<table width=\"200\" border=\"0\" cellspacing=\"0\" cellpadding=\"0\" align=\"right\">\n<tbody>\n<tr>\n<td><strong>Srednje \u0161kole bolje posluju<\/strong><br \/>\nStanje u srednjim \u0161kolama je znatno bolje, jer je od njih \u0161est samo ra\u010dun \u201cUgostiteljsko-turisti\u010dke \u0161kole\u201c 276 dana u blokadi za ne\u0161to manje od 300.000 dinara. Sve srednje \u0161kole, osim Ekonomsko-trgovinske koja je obaveze izmirivala na vrijeme i \u010diji ra\u010dun nikada nije bio u blokadi, u poslednje tri godine su makar jednom imale blokadu ra\u010duna.&nbsp;<\/td>\n<\/tr>\n<\/tbody>\n<\/table>\n<div><\/div>\n<p>U sli\u010dnoj situaciji su i \u0161kola \u201cStefan Nemanja\u201c, \u010diji ra\u010dun je u blokadi 1.040 dana za 1,7 miliona dinara i \u0161kola \u201eBratstvo\u201c, koja je u blokadi 636 dana, od koje povjerioci potra\u017euju ne\u0161to vi\u0161e od milion dinara.<\/p>\n<p>Teku\u0107i ra\u010duni ostalih osnovnih \u0161kola blokirani su za iznose manje od milion dinara, a najbolje stanje je u O\u0160 \u201eDositej Obradovi\u0107\u201c, koja za prinudno pla\u0107anje ima skoro 90.000 dinara i \u010diji je ra\u010dun blokiran \u201csamo\u201d 297 dana.<\/p>\n<p>Direktor Osnovne \u0161kole \u201eSelakovac\u201c Ahmedin \u0110erlek potvr\u0111uje da je finansijsko stanje u obrazovnim ustanovama veoma te\u0161ko, kao i da ova \u0161kola najvi\u0161e duguje za struju i komunalije.<\/p>\n<p>&#8211; Lokalnu samoupravu smo vi\u0161e puta upozoravali na te\u0161ku finansijsku situaciju, a \u010dinjenica je da nam iz bud\u017eeta ne sti\u017ee ni 30 odsto onog \u0161to je tim dokumentom predvi\u0111eno. Zbog nepla\u0107enih ra\u010duna se stalno suo\u010davamo sa tu\u017ebama, pa nam to dodatno ote\u017eava poslovanje &#8211; ka\u017ee \u0110erlek.<\/p>\n<p>Direktor Osnovne \u0161kole \u201cBratstvo\u201d Dejan Kulund\u017ei\u0107 ka\u017ee da je u ovoj \u0161koli gotovo identi\u010dno stanje, a da im je ra\u010dun, pored ostalog, blokiran i zbog neispla\u0107enih jubilarnih nagrada radnicima, a tu su i dugovanja za struju, komunalije kao i za sredstva za higijenu. On isti\u010de da se neophodan materijal za \u0161kolu trenutno nabavlja \u201czahvaljuju\u0107i \u0111a\u010dkom dinaru\u201d.<\/p>\n<p>(blic)<\/p>\n","protected":false},"excerpt":{"rendered":"<p>Te\u0161ko stanje \u0161kola u Novom Pazaru<\/p>\n","protected":false},"author":83,"featured_media":100121,"comment_status":"open","ping_status":"open","sticky":false,"template":"","format":"standard","meta":{"footnotes":""},"categories":[72,4,8957],"tags":[10248],"class_list":{"0":"post-100119","1":"post","2":"type-post","3":"status-publish","4":"format-standard","5":"has-post-thumbnail","7":"category-novi-pazar","8":"category-obrazovanje","9":"category-vijesti-dana","10":"tag-gradska-uprava-novi-pazar"},"yoast_head":"<!-- This site is optimized with the Yoast SEO Premium plugin v23.1 (Yoast SEO v24.9) - https:\/\/yoast.com\/wordpress\/plugins\/seo\/ -->\n<title>Novi Pazar: Ra\u010duni \u0161kola i po tri godine u blokadi<\/title>\n<meta name=\"robots\" content=\"index, follow, max-snippet:-1, max-image-preview:large, max-video-preview:-1\" \/>\n<link rel=\"canonical\" href=\"https:\/\/sandzakpress.net\/arhiva\/novi-pazar-racuni-skola-i-po-tri-godine-u-blokadi\/\" \/>\n<meta property=\"og:locale\" content=\"bs_BA\" \/>\n<meta property=\"og:type\" content=\"article\" \/>\n<meta property=\"og:title\" content=\"Novi Pazar: Ra\u010duni \u0161kola i po tri godine u blokadi\" \/>\n<meta property=\"og:description\" content=\"Te\u0161ko stanje \u0161kola u Novom Pazaru\" \/>\n<meta property=\"og:url\" content=\"https:\/\/sandzakpress.net\/arhiva\/novi-pazar-racuni-skola-i-po-tri-godine-u-blokadi\/\" \/>\n<meta property=\"og:site_name\" content=\"Sand\u017eak PRESS\" \/>\n<meta property=\"article:published_time\" content=\"2014-01-21T17:59:26+00:00\" \/>\n<meta property=\"article:modified_time\" content=\"2014-01-22T10:57:36+00:00\" \/>\n<meta property=\"og:image\" content=\"https:\/\/sandzakpress.net\/arhiva\/wp-content\/uploads\/2014\/01\/425355_novi-pazar01-osnovna-skola-bratstvo-foto-a.-bajrovic_f.jpg\" \/>\n\t<meta property=\"og:image:width\" content=\"470\" \/>\n\t<meta property=\"og:image:height\" content=\"270\" \/>\n\t<meta property=\"og:image:type\" content=\"image\/jpeg\" \/>\n<meta name=\"author\" content=\"bosniak\" \/>\n<meta name=\"twitter:card\" content=\"summary_large_image\" \/>\n<meta name=\"twitter:label1\" content=\"Written by\" \/>\n\t<meta name=\"twitter:data1\" content=\"bosniak\" \/>\n\t<meta name=\"twitter:label2\" content=\"Est. reading time\" \/>\n\t<meta name=\"twitter:data2\" content=\"2 minute\" \/>\n<script type=\"application\/ld+json\" class=\"yoast-schema-graph\">{\"@context\":\"https:\/\/schema.org\",\"@graph\":[{\"@type\":\"Article\",\"@id\":\"https:\/\/sandzakpress.net\/arhiva\/novi-pazar-racuni-skola-i-po-tri-godine-u-blokadi\/#article\",\"isPartOf\":{\"@id\":\"https:\/\/sandzakpress.net\/arhiva\/novi-pazar-racuni-skola-i-po-tri-godine-u-blokadi\/\"},\"author\":{\"name\":\"bosniak\",\"@id\":\"https:\/\/sandzakpress.net\/arhiva\/#\/schema\/person\/c8baee722073534b583ea7bdb2e36c02\"},\"headline\":\"Novi Pazar: Ra\u010duni \u0161kola i po tri godine u blokadi\",\"datePublished\":\"2014-01-21T17:59:26+00:00\",\"dateModified\":\"2014-01-22T10:57:36+00:00\",\"mainEntityOfPage\":{\"@id\":\"https:\/\/sandzakpress.net\/arhiva\/novi-pazar-racuni-skola-i-po-tri-godine-u-blokadi\/\"},\"wordCount\":365,\"commentCount\":0,\"publisher\":{\"@id\":\"https:\/\/sandzakpress.net\/arhiva\/#\/schema\/person\/6e72b67d6e51910a1117b3b483ba20bd\"},\"image\":{\"@id\":\"https:\/\/sandzakpress.net\/arhiva\/novi-pazar-racuni-skola-i-po-tri-godine-u-blokadi\/#primaryimage\"},\"thumbnailUrl\":\"https:\/\/sandzakpress.net\/arhiva\/wp-content\/uploads\/2014\/01\/425355_novi-pazar01-osnovna-skola-bratstvo-foto-a.-bajrovic_f.jpg\",\"keywords\":[\"Vlast u Novom Pazaru\"],\"articleSection\":[\"Novi Pazar\",\"Obrazovanje\",\"VIJESTI DANA\"],\"inLanguage\":\"bs-BA\",\"potentialAction\":[{\"@type\":\"CommentAction\",\"name\":\"Comment\",\"target\":[\"https:\/\/sandzakpress.net\/arhiva\/novi-pazar-racuni-skola-i-po-tri-godine-u-blokadi\/#respond\"]}]},{\"@type\":\"WebPage\",\"@id\":\"https:\/\/sandzakpress.net\/arhiva\/novi-pazar-racuni-skola-i-po-tri-godine-u-blokadi\/\",\"url\":\"https:\/\/sandzakpress.net\/arhiva\/novi-pazar-racuni-skola-i-po-tri-godine-u-blokadi\/\",\"name\":\"Novi Pazar: Ra\u010duni \u0161kola i po tri godine u blokadi\",\"isPartOf\":{\"@id\":\"https:\/\/sandzakpress.net\/arhiva\/#website\"},\"primaryImageOfPage\":{\"@id\":\"https:\/\/sandzakpress.net\/arhiva\/novi-pazar-racuni-skola-i-po-tri-godine-u-blokadi\/#primaryimage\"},\"image\":{\"@id\":\"https:\/\/sandzakpress.net\/arhiva\/novi-pazar-racuni-skola-i-po-tri-godine-u-blokadi\/#primaryimage\"},\"thumbnailUrl\":\"https:\/\/sandzakpress.net\/arhiva\/wp-content\/uploads\/2014\/01\/425355_novi-pazar01-osnovna-skola-bratstvo-foto-a.-bajrovic_f.jpg\",\"datePublished\":\"2014-01-21T17:59:26+00:00\",\"dateModified\":\"2014-01-22T10:57:36+00:00\",\"breadcrumb\":{\"@id\":\"https:\/\/sandzakpress.net\/arhiva\/novi-pazar-racuni-skola-i-po-tri-godine-u-blokadi\/#breadcrumb\"},\"inLanguage\":\"bs-BA\",\"potentialAction\":[{\"@type\":\"ReadAction\",\"target\":[\"https:\/\/sandzakpress.net\/arhiva\/novi-pazar-racuni-skola-i-po-tri-godine-u-blokadi\/\"]}]},{\"@type\":\"ImageObject\",\"inLanguage\":\"bs-BA\",\"@id\":\"https:\/\/sandzakpress.net\/arhiva\/novi-pazar-racuni-skola-i-po-tri-godine-u-blokadi\/#primaryimage\",\"url\":\"https:\/\/sandzakpress.net\/arhiva\/wp-content\/uploads\/2014\/01\/425355_novi-pazar01-osnovna-skola-bratstvo-foto-a.-bajrovic_f.jpg\",\"contentUrl\":\"https:\/\/sandzakpress.net\/arhiva\/wp-content\/uploads\/2014\/01\/425355_novi-pazar01-osnovna-skola-bratstvo-foto-a.-bajrovic_f.jpg\",\"width\":470,\"height\":270},{\"@type\":\"BreadcrumbList\",\"@id\":\"https:\/\/sandzakpress.net\/arhiva\/novi-pazar-racuni-skola-i-po-tri-godine-u-blokadi\/#breadcrumb\",\"itemListElement\":[{\"@type\":\"ListItem\",\"position\":1,\"name\":\"Home\",\"item\":\"https:\/\/sandzakpress.net\/arhiva\/\"},{\"@type\":\"ListItem\",\"position\":2,\"name\":\"Novi Pazar: Ra\u010duni \u0161kola i po tri godine u blokadi\"}]},{\"@type\":\"WebSite\",\"@id\":\"https:\/\/sandzakpress.net\/arhiva\/#website\",\"url\":\"https:\/\/sandzakpress.net\/arhiva\/\",\"name\":\"Sand\u017eak PRESS\",\"description\":\"Prve elektronske novine u Sand\u017eaku\",\"publisher\":{\"@id\":\"https:\/\/sandzakpress.net\/arhiva\/#\/schema\/person\/6e72b67d6e51910a1117b3b483ba20bd\"},\"potentialAction\":[{\"@type\":\"SearchAction\",\"target\":{\"@type\":\"EntryPoint\",\"urlTemplate\":\"https:\/\/sandzakpress.net\/arhiva\/?s={search_term_string}\"},\"query-input\":{\"@type\":\"PropertyValueSpecification\",\"valueRequired\":true,\"valueName\":\"search_term_string\"}}],\"inLanguage\":\"bs-BA\"},{\"@type\":[\"Person\",\"Organization\"],\"@id\":\"https:\/\/sandzakpress.net\/arhiva\/#\/schema\/person\/6e72b67d6e51910a1117b3b483ba20bd\",\"name\":\"Kul\",\"image\":{\"@type\":\"ImageObject\",\"inLanguage\":\"bs-BA\",\"@id\":\"https:\/\/sandzakpress.net\/arhiva\/#\/schema\/person\/image\/\",\"url\":\"https:\/\/secure.gravatar.com\/avatar\/42263f39aa27ac04c43cab85c280eb2e?s=96&d=mm&r=pg\",\"contentUrl\":\"https:\/\/secure.gravatar.com\/avatar\/42263f39aa27ac04c43cab85c280eb2e?s=96&d=mm&r=pg\",\"caption\":\"Kul\"},\"logo\":{\"@id\":\"https:\/\/sandzakpress.net\/arhiva\/#\/schema\/person\/image\/\"}},{\"@type\":\"Person\",\"@id\":\"https:\/\/sandzakpress.net\/arhiva\/#\/schema\/person\/c8baee722073534b583ea7bdb2e36c02\",\"name\":\"bosniak\",\"image\":{\"@type\":\"ImageObject\",\"inLanguage\":\"bs-BA\",\"@id\":\"https:\/\/sandzakpress.net\/arhiva\/#\/schema\/person\/image\/\",\"url\":\"https:\/\/secure.gravatar.com\/avatar\/a04fd330bfe3a36a72a0ad4a6d89fca7?s=96&d=mm&r=pg\",\"contentUrl\":\"https:\/\/secure.gravatar.com\/avatar\/a04fd330bfe3a36a72a0ad4a6d89fca7?s=96&d=mm&r=pg\",\"caption\":\"bosniak\"},\"url\":\"https:\/\/sandzakpress.net\/arhiva\/author\/bosniak\/\"}]}<\/script>\n<!-- \/ Yoast SEO Premium plugin. -->","yoast_head_json":{"title":"Novi Pazar: Ra\u010duni \u0161kola i po tri godine u blokadi","robots":{"index":"index","follow":"follow","max-snippet":"max-snippet:-1","max-image-preview":"max-image-preview:large","max-video-preview":"max-video-preview:-1"},"canonical":"https:\/\/sandzakpress.net\/arhiva\/novi-pazar-racuni-skola-i-po-tri-godine-u-blokadi\/","og_locale":"bs_BA","og_type":"article","og_title":"Novi Pazar: Ra\u010duni \u0161kola i po tri godine u blokadi","og_description":"Te\u0161ko stanje \u0161kola u Novom Pazaru","og_url":"https:\/\/sandzakpress.net\/arhiva\/novi-pazar-racuni-skola-i-po-tri-godine-u-blokadi\/","og_site_name":"Sand\u017eak PRESS","article_published_time":"2014-01-21T17:59:26+00:00","article_modified_time":"2014-01-22T10:57:36+00:00","og_image":[{"width":470,"height":270,"url":"https:\/\/sandzakpress.net\/arhiva\/wp-content\/uploads\/2014\/01\/425355_novi-pazar01-osnovna-skola-bratstvo-foto-a.-bajrovic_f.jpg","type":"image\/jpeg"}],"author":"bosniak","twitter_card":"summary_large_image","twitter_misc":{"Written by":"bosniak","Est. reading time":"2 minute"},"schema":{"@context":"https:\/\/schema.org","@graph":[{"@type":"Article","@id":"https:\/\/sandzakpress.net\/arhiva\/novi-pazar-racuni-skola-i-po-tri-godine-u-blokadi\/#article","isPartOf":{"@id":"https:\/\/sandzakpress.net\/arhiva\/novi-pazar-racuni-skola-i-po-tri-godine-u-blokadi\/"},"author":{"name":"bosniak","@id":"https:\/\/sandzakpress.net\/arhiva\/#\/schema\/person\/c8baee722073534b583ea7bdb2e36c02"},"headline":"Novi Pazar: Ra\u010duni \u0161kola i po tri godine u blokadi","datePublished":"2014-01-21T17:59:26+00:00","dateModified":"2014-01-22T10:57:36+00:00","mainEntityOfPage":{"@id":"https:\/\/sandzakpress.net\/arhiva\/novi-pazar-racuni-skola-i-po-tri-godine-u-blokadi\/"},"wordCount":365,"commentCount":0,"publisher":{"@id":"https:\/\/sandzakpress.net\/arhiva\/#\/schema\/person\/6e72b67d6e51910a1117b3b483ba20bd"},"image":{"@id":"https:\/\/sandzakpress.net\/arhiva\/novi-pazar-racuni-skola-i-po-tri-godine-u-blokadi\/#primaryimage"},"thumbnailUrl":"https:\/\/sandzakpress.net\/arhiva\/wp-content\/uploads\/2014\/01\/425355_novi-pazar01-osnovna-skola-bratstvo-foto-a.-bajrovic_f.jpg","keywords":["Vlast u Novom Pazaru"],"articleSection":["Novi Pazar","Obrazovanje","VIJESTI DANA"],"inLanguage":"bs-BA","potentialAction":[{"@type":"CommentAction","name":"Comment","target":["https:\/\/sandzakpress.net\/arhiva\/novi-pazar-racuni-skola-i-po-tri-godine-u-blokadi\/#respond"]}]},{"@type":"WebPage","@id":"https:\/\/sandzakpress.net\/arhiva\/novi-pazar-racuni-skola-i-po-tri-godine-u-blokadi\/","url":"https:\/\/sandzakpress.net\/arhiva\/novi-pazar-racuni-skola-i-po-tri-godine-u-blokadi\/","name":"Novi Pazar: Ra\u010duni \u0161kola i po tri godine u blokadi","isPartOf":{"@id":"https:\/\/sandzakpress.net\/arhiva\/#website"},"primaryImageOfPage":{"@id":"https:\/\/sandzakpress.net\/arhiva\/novi-pazar-racuni-skola-i-po-tri-godine-u-blokadi\/#primaryimage"},"image":{"@id":"https:\/\/sandzakpress.net\/arhiva\/novi-pazar-racuni-skola-i-po-tri-godine-u-blokadi\/#primaryimage"},"thumbnailUrl":"https:\/\/sandzakpress.net\/arhiva\/wp-content\/uploads\/2014\/01\/425355_novi-pazar01-osnovna-skola-bratstvo-foto-a.-bajrovic_f.jpg","datePublished":"2014-01-21T17:59:26+00:00","dateModified":"2014-01-22T10:57:36+00:00","breadcrumb":{"@id":"https:\/\/sandzakpress.net\/arhiva\/novi-pazar-racuni-skola-i-po-tri-godine-u-blokadi\/#breadcrumb"},"inLanguage":"bs-BA","potentialAction":[{"@type":"ReadAction","target":["https:\/\/sandzakpress.net\/arhiva\/novi-pazar-racuni-skola-i-po-tri-godine-u-blokadi\/"]}]},{"@type":"ImageObject","inLanguage":"bs-BA","@id":"https:\/\/sandzakpress.net\/arhiva\/novi-pazar-racuni-skola-i-po-tri-godine-u-blokadi\/#primaryimage","url":"https:\/\/sandzakpress.net\/arhiva\/wp-content\/uploads\/2014\/01\/425355_novi-pazar01-osnovna-skola-bratstvo-foto-a.-bajrovic_f.jpg","contentUrl":"https:\/\/sandzakpress.net\/arhiva\/wp-content\/uploads\/2014\/01\/425355_novi-pazar01-osnovna-skola-bratstvo-foto-a.-bajrovic_f.jpg","width":470,"height":270},{"@type":"BreadcrumbList","@id":"https:\/\/sandzakpress.net\/arhiva\/novi-pazar-racuni-skola-i-po-tri-godine-u-blokadi\/#breadcrumb","itemListElement":[{"@type":"ListItem","position":1,"name":"Home","item":"https:\/\/sandzakpress.net\/arhiva\/"},{"@type":"ListItem","position":2,"name":"Novi Pazar: Ra\u010duni \u0161kola i po tri godine u blokadi"}]},{"@type":"WebSite","@id":"https:\/\/sandzakpress.net\/arhiva\/#website","url":"https:\/\/sandzakpress.net\/arhiva\/","name":"Sand\u017eak PRESS","description":"Prve elektronske novine u Sand\u017eaku","publisher":{"@id":"https:\/\/sandzakpress.net\/arhiva\/#\/schema\/person\/6e72b67d6e51910a1117b3b483ba20bd"},"potentialAction":[{"@type":"SearchAction","target":{"@type":"EntryPoint","urlTemplate":"https:\/\/sandzakpress.net\/arhiva\/?s={search_term_string}"},"query-input":{"@type":"PropertyValueSpecification","valueRequired":true,"valueName":"search_term_string"}}],"inLanguage":"bs-BA"},{"@type":["Person","Organization"],"@id":"https:\/\/sandzakpress.net\/arhiva\/#\/schema\/person\/6e72b67d6e51910a1117b3b483ba20bd","name":"Kul","image":{"@type":"ImageObject","inLanguage":"bs-BA","@id":"https:\/\/sandzakpress.net\/arhiva\/#\/schema\/person\/image\/","url":"https:\/\/secure.gravatar.com\/avatar\/42263f39aa27ac04c43cab85c280eb2e?s=96&d=mm&r=pg","contentUrl":"https:\/\/secure.gravatar.com\/avatar\/42263f39aa27ac04c43cab85c280eb2e?s=96&d=mm&r=pg","caption":"Kul"},"logo":{"@id":"https:\/\/sandzakpress.net\/arhiva\/#\/schema\/person\/image\/"}},{"@type":"Person","@id":"https:\/\/sandzakpress.net\/arhiva\/#\/schema\/person\/c8baee722073534b583ea7bdb2e36c02","name":"bosniak","image":{"@type":"ImageObject","inLanguage":"bs-BA","@id":"https:\/\/sandzakpress.net\/arhiva\/#\/schema\/person\/image\/","url":"https:\/\/secure.gravatar.com\/avatar\/a04fd330bfe3a36a72a0ad4a6d89fca7?s=96&d=mm&r=pg","contentUrl":"https:\/\/secure.gravatar.com\/avatar\/a04fd330bfe3a36a72a0ad4a6d89fca7?s=96&d=mm&r=pg","caption":"bosniak"},"url":"https:\/\/sandzakpress.net\/arhiva\/author\/bosniak\/"}]}},"_links":{"self":[{"href":"https:\/\/sandzakpress.net\/arhiva\/wp-json\/wp\/v2\/posts\/100119"}],"collection":[{"href":"https:\/\/sandzakpress.net\/arhiva\/wp-json\/wp\/v2\/posts"}],"about":[{"href":"https:\/\/sandzakpress.net\/arhiva\/wp-json\/wp\/v2\/types\/post"}],"author":[{"embeddable":true,"href":"https:\/\/sandzakpress.net\/arhiva\/wp-json\/wp\/v2\/users\/83"}],"replies":[{"embeddable":true,"href":"https:\/\/sandzakpress.net\/arhiva\/wp-json\/wp\/v2\/comments?post=100119"}],"version-history":[{"count":0,"href":"https:\/\/sandzakpress.net\/arhiva\/wp-json\/wp\/v2\/posts\/100119\/revisions"}],"wp:featuredmedia":[{"embeddable":true,"href":"https:\/\/sandzakpress.net\/arhiva\/wp-json\/wp\/v2\/media\/100121"}],"wp:attachment":[{"href":"https:\/\/sandzakpress.net\/arhiva\/wp-json\/wp\/v2\/media?parent=100119"}],"wp:term":[{"taxonomy":"category","embeddable":true,"href":"https:\/\/sandzakpress.net\/arhiva\/wp-json\/wp\/v2\/categories?post=100119"},{"taxonomy":"post_tag","embeddable":true,"href":"https:\/\/sandzakpress.net\/arhiva\/wp-json\/wp\/v2\/tags?post=100119"}],"curies":[{"name":"wp","href":"https:\/\/api.w.org\/{rel}","templated":true}]}}