{"id":100099,"date":"2014-01-21T17:41:59","date_gmt":"2014-01-21T16:41:59","guid":{"rendered":"https:\/\/sandzakpress.net\/arhiva\/?p=100099"},"modified":"2014-01-22T12:06:29","modified_gmt":"2014-01-22T11:06:29","slug":"uvijek-sam-sumnjala-da-je-srbija-ubila-moje-djete","status":"publish","type":"post","link":"https:\/\/sandzakpress.net\/arhiva\/uvijek-sam-sumnjala-da-je-srbija-ubila-moje-djete\/","title":{"rendered":"Uvijek sam sumnjala da je Srbija ubila moje djete"},"content":{"rendered":"<p><img loading=\"lazy\" decoding=\"async\" class=\"alignleft\" alt=\"\" src=\"http:\/\/www.bosnjak-ks.com\/slike\/upload\/2014\/Januar\/SEVDAH\/panda1.jpg\" width=\"323\" height=\"222\" \/><\/p>\n<p><strong>Kosovo, Srbija &#8211;\u00a0Odre\u0111ene sumnje koje je u vezi zlo\u010dina u pe\u0107kom kafi\u0107u Panda nedavno posijao vicepremijer Srbije Aleksandar Vu\u010di\u0107 iznova su, poslije vi\u0161e od 15 godina, raskrvarile nezacjeljene rane rodbine \u0161estorice mladi\u0107a zvjerski likvidiranih u tom masakru i zato energi\u010dno tra\u017ee da se kona\u010dno skine veo sa te misterije i po\u010dinioci izvedu pred lice pravde.<\/strong><\/p>\n<p>Sumnja da na\u0161u decu nisu ubili Albanci javila se nemalo nakon ubistva. To ka\u017eem javno kao majka, pa neka me osude. Dr\u017eava ih je ubila i nadam se da ne\u0107e pro\u0107i puno vremena i da \u0107emo kona\u010dno saznati ko se drznuo da povu\u010de oroz. Da dr\u017eava ubije, a da niko za ovih 15 godina ne reaguje na to. Mislim da je to jedna od najve\u0107ih dr\u017eavnih tajni. Vreme je da se kona\u010dno obelodani. Bar \u0107e na\u0161im du\u0161ama, du\u0161ama roditelja, biti lak\u0161e. Ovo za srbijanske &#8220;Vesti&#8221; ka\u017ee Ljubica Trifovi\u0107, majka tragi\u010dno ubijenog gimnazijalca Dragana.<\/p>\n<div>\n<p>Saznanje da su pripadnici dr\u017eavne bezbjednosti navodno organizovali ubistvo srpskih mladi\u0107a ka\u017ee, jako je boli, i to \u0161to je potpredsjednik Vlade Aleksandar Vu\u010di\u0107 o tome progovorio na godi\u0161njicu tog svirepog zlo\u010dina. Ali mu je, dodaje, ipak zahvalna \u0161to im je dao nade da \u0107e ubice biti prona\u0111ene.<\/p>\n<p>Sje\u0107aju\u0107i se tragi\u010dnih scena Ljubica ka\u017ee da nije pro\u0161lo puno od sahrane da bi se glasine da je srpska ruka pobila njihovu djecu pronele kroz Pe\u0107.<\/p>\n<p>&#8220;Ve\u0107 posle 10,15 dana je i\u0161la ta glasina, ali i tada i sve ovo vreme nam je bilo na pameti da nam ne bude te\u017ea bruka nego muka. Nismo hteli da verujemo, a pretpostavljalo se. Osim toga, i Albanci nisu nikako hteli da priznaju to ubistvo. Govorili su sve \u0107emo priznati, ali Pandu nikada. Kada su moj suprug i o\u010devi druge dece i\u0161li i kod Vojislava Ko\u0161tunice i kod predstavnika Borisa Tadi\u0107a, niko iz dr\u017eavne bezbednosti Pe\u0107i, niti policije, nije prisustvovao tim sastancima. Niti smo mogli da ih na\u0111emo. Ne postoji nijedan izve\u0161taj o zlo\u010dinu u Pe\u0107i, a istraga o ubistvu na\u0161e dece uop\u0161te nije zavr\u0161ena. Niko od glavnih u pe\u0107kom MUP-u se nije javno oglasio povodom ubistva, kao ni Vlada Srbije. Od Slobodana Milo\u0161evi\u0107a nismo dobili ni telegram sau\u010de\u0161\u0107a, a kamoli \u0161ta drugo. Stvarno smo ogor\u010deni na dr\u017eavu i tra\u017eimo da se otkrije ko je te nevine mladi\u0107e izre\u0161etao sa 60 metaka&#8221;, u o\u010daju pri\u010da Ljubica Trifovi\u0107.<\/p>\n<p>Ona ka\u017ee da rafali u Pe\u0107i nisu samo ispaljeni u \u0161estoricu mladi\u0107a, ve\u0107 u \u010ditavu Srbiju.<\/p>\n<p>&#8220;Mi smo ostali bez dece, brat bez brata, sestra bez brata, tu je bilo sinova jedinaca kojih nema vi\u0161e, najmla\u0111i 14 i po godina, a najstariji 25, a me\u0111u njima i moj sin Dragan koji je bio \u010detvrta godina gimnazije. To je pucanj u srce Srbije! Ko se drznuo da povu\u010de oroz i oduzme \u017eivot \u0161estoro nevine dece? I \u0161ta je to sve izazvalo? Panda, pa Ra\u010dak, pa bombardovanje Srbije. Sve su redom uni\u0161tili. Ne samo nas kao porodicu&#8221; kazuje Ljubica i dodaje da majka pobijene djece ne\u0107e odustati od traganja za istinom.<\/p>\n<p>&#8220;Bili smo nemo\u0107ni, \u010dak smo hteli i u Strazbur da idemo, ali na koju adresu? \u017delimo da znamo ko je taj \u0161to je u stanju da po\u010dini takav zlo\u010din i zbog \u010dega. Zarad novca, interesa i propagande? Svaki dan \u010ditamo po novinama i gledamo ove monstruozne slike, a to je za nas roditelje stra\u0161no&#8221;, ka\u017ee Ljubica Trifovi\u0107.<\/p>\n<p>(bo\u0161njak-ks)<\/p>\n<\/div>\n","protected":false},"excerpt":{"rendered":"<p>Kosovo, Srbija &#8211;\u00a0Odre\u0111ene sumnje koje je u vezi zlo\u010dina u pe\u0107kom kafi\u0107u Panda nedavno posijao vicepremijer Srbije Aleksandar Vu\u010di\u0107 iznova su, poslije vi\u0161e od 15 godina, raskrvarile nezacjeljene rane rodbine \u0161estorice mladi\u0107a zvjerski likvidiranih u tom masakru i zato energi\u010dno tra\u017ee da se kona\u010dno skine veo sa te misterije i po\u010dinioci izvedu pred lice pravde. [&hellip;]<\/p>\n","protected":false},"author":83,"featured_media":100101,"comment_status":"open","ping_status":"open","sticky":false,"template":"","format":"standard","meta":{"footnotes":""},"categories":[1,2690,10307,8957],"tags":[10217],"class_list":{"0":"post-100099","1":"post","2":"type-post","3":"status-publish","4":"format-standard","5":"has-post-thumbnail","7":"category-politika","8":"category-kosovo-gradovi","9":"category-srbija","10":"category-vijesti-dana","11":"tag-nepravde-srpske-vlasti"},"yoast_head":"<!-- This site is optimized with the Yoast SEO Premium plugin v23.1 (Yoast SEO v24.9) - https:\/\/yoast.com\/wordpress\/plugins\/seo\/ -->\n<title>Uvijek sam sumnjala da je Srbija ubila moje djete<\/title>\n<meta name=\"robots\" content=\"index, follow, max-snippet:-1, max-image-preview:large, max-video-preview:-1\" \/>\n<link rel=\"canonical\" href=\"https:\/\/sandzakpress.net\/arhiva\/uvijek-sam-sumnjala-da-je-srbija-ubila-moje-djete\/\" \/>\n<meta property=\"og:locale\" content=\"bs_BA\" \/>\n<meta property=\"og:type\" content=\"article\" \/>\n<meta property=\"og:title\" content=\"Uvijek sam sumnjala da je Srbija ubila moje djete\" \/>\n<meta property=\"og:description\" content=\"Kosovo, Srbija &#8211;\u00a0Odre\u0111ene sumnje koje je u vezi zlo\u010dina u pe\u0107kom kafi\u0107u Panda nedavno posijao vicepremijer Srbije Aleksandar Vu\u010di\u0107 iznova su, poslije vi\u0161e od 15 godina, raskrvarile nezacjeljene rane rodbine \u0161estorice mladi\u0107a zvjerski likvidiranih u tom masakru i zato energi\u010dno tra\u017ee da se kona\u010dno skine veo sa te misterije i po\u010dinioci izvedu pred lice pravde. [&hellip;]\" \/>\n<meta property=\"og:url\" content=\"https:\/\/sandzakpress.net\/arhiva\/uvijek-sam-sumnjala-da-je-srbija-ubila-moje-djete\/\" \/>\n<meta property=\"og:site_name\" content=\"Sand\u017eak PRESS\" \/>\n<meta property=\"article:published_time\" content=\"2014-01-21T16:41:59+00:00\" \/>\n<meta property=\"article:modified_time\" content=\"2014-01-22T11:06:29+00:00\" \/>\n<meta property=\"og:image\" content=\"https:\/\/sandzakpress.net\/arhiva\/wp-content\/uploads\/2014\/01\/panda1.jpg\" \/>\n\t<meta property=\"og:image:width\" content=\"598\" \/>\n\t<meta property=\"og:image:height\" content=\"411\" \/>\n\t<meta property=\"og:image:type\" content=\"image\/jpeg\" \/>\n<meta name=\"author\" content=\"bosniak\" \/>\n<meta name=\"twitter:card\" content=\"summary_large_image\" \/>\n<meta name=\"twitter:label1\" content=\"Written by\" \/>\n\t<meta name=\"twitter:data1\" content=\"bosniak\" \/>\n\t<meta name=\"twitter:label2\" content=\"Est. reading time\" \/>\n\t<meta name=\"twitter:data2\" content=\"3 minute\" \/>\n<script type=\"application\/ld+json\" class=\"yoast-schema-graph\">{\"@context\":\"https:\/\/schema.org\",\"@graph\":[{\"@type\":\"Article\",\"@id\":\"https:\/\/sandzakpress.net\/arhiva\/uvijek-sam-sumnjala-da-je-srbija-ubila-moje-djete\/#article\",\"isPartOf\":{\"@id\":\"https:\/\/sandzakpress.net\/arhiva\/uvijek-sam-sumnjala-da-je-srbija-ubila-moje-djete\/\"},\"author\":{\"name\":\"bosniak\",\"@id\":\"https:\/\/sandzakpress.net\/arhiva\/#\/schema\/person\/c8baee722073534b583ea7bdb2e36c02\"},\"headline\":\"Uvijek sam sumnjala da je Srbija ubila moje djete\",\"datePublished\":\"2014-01-21T16:41:59+00:00\",\"dateModified\":\"2014-01-22T11:06:29+00:00\",\"mainEntityOfPage\":{\"@id\":\"https:\/\/sandzakpress.net\/arhiva\/uvijek-sam-sumnjala-da-je-srbija-ubila-moje-djete\/\"},\"wordCount\":633,\"commentCount\":11,\"publisher\":{\"@id\":\"https:\/\/sandzakpress.net\/arhiva\/#\/schema\/person\/6e72b67d6e51910a1117b3b483ba20bd\"},\"image\":{\"@id\":\"https:\/\/sandzakpress.net\/arhiva\/uvijek-sam-sumnjala-da-je-srbija-ubila-moje-djete\/#primaryimage\"},\"thumbnailUrl\":\"https:\/\/sandzakpress.net\/arhiva\/wp-content\/uploads\/2014\/01\/panda1.jpg\",\"keywords\":[\"nepravde srpske vlasti\"],\"articleSection\":[\"Politika\",\"Kosovo\",\"Srbija\",\"VIJESTI DANA\"],\"inLanguage\":\"bs-BA\",\"potentialAction\":[{\"@type\":\"CommentAction\",\"name\":\"Comment\",\"target\":[\"https:\/\/sandzakpress.net\/arhiva\/uvijek-sam-sumnjala-da-je-srbija-ubila-moje-djete\/#respond\"]}]},{\"@type\":\"WebPage\",\"@id\":\"https:\/\/sandzakpress.net\/arhiva\/uvijek-sam-sumnjala-da-je-srbija-ubila-moje-djete\/\",\"url\":\"https:\/\/sandzakpress.net\/arhiva\/uvijek-sam-sumnjala-da-je-srbija-ubila-moje-djete\/\",\"name\":\"Uvijek sam sumnjala da je Srbija ubila moje djete\",\"isPartOf\":{\"@id\":\"https:\/\/sandzakpress.net\/arhiva\/#website\"},\"primaryImageOfPage\":{\"@id\":\"https:\/\/sandzakpress.net\/arhiva\/uvijek-sam-sumnjala-da-je-srbija-ubila-moje-djete\/#primaryimage\"},\"image\":{\"@id\":\"https:\/\/sandzakpress.net\/arhiva\/uvijek-sam-sumnjala-da-je-srbija-ubila-moje-djete\/#primaryimage\"},\"thumbnailUrl\":\"https:\/\/sandzakpress.net\/arhiva\/wp-content\/uploads\/2014\/01\/panda1.jpg\",\"datePublished\":\"2014-01-21T16:41:59+00:00\",\"dateModified\":\"2014-01-22T11:06:29+00:00\",\"breadcrumb\":{\"@id\":\"https:\/\/sandzakpress.net\/arhiva\/uvijek-sam-sumnjala-da-je-srbija-ubila-moje-djete\/#breadcrumb\"},\"inLanguage\":\"bs-BA\",\"potentialAction\":[{\"@type\":\"ReadAction\",\"target\":[\"https:\/\/sandzakpress.net\/arhiva\/uvijek-sam-sumnjala-da-je-srbija-ubila-moje-djete\/\"]}]},{\"@type\":\"ImageObject\",\"inLanguage\":\"bs-BA\",\"@id\":\"https:\/\/sandzakpress.net\/arhiva\/uvijek-sam-sumnjala-da-je-srbija-ubila-moje-djete\/#primaryimage\",\"url\":\"https:\/\/sandzakpress.net\/arhiva\/wp-content\/uploads\/2014\/01\/panda1.jpg\",\"contentUrl\":\"https:\/\/sandzakpress.net\/arhiva\/wp-content\/uploads\/2014\/01\/panda1.jpg\",\"width\":598,\"height\":411},{\"@type\":\"BreadcrumbList\",\"@id\":\"https:\/\/sandzakpress.net\/arhiva\/uvijek-sam-sumnjala-da-je-srbija-ubila-moje-djete\/#breadcrumb\",\"itemListElement\":[{\"@type\":\"ListItem\",\"position\":1,\"name\":\"Home\",\"item\":\"https:\/\/sandzakpress.net\/arhiva\/\"},{\"@type\":\"ListItem\",\"position\":2,\"name\":\"Uvijek sam sumnjala da je Srbija ubila moje djete\"}]},{\"@type\":\"WebSite\",\"@id\":\"https:\/\/sandzakpress.net\/arhiva\/#website\",\"url\":\"https:\/\/sandzakpress.net\/arhiva\/\",\"name\":\"Sand\u017eak PRESS\",\"description\":\"Prve elektronske novine u Sand\u017eaku\",\"publisher\":{\"@id\":\"https:\/\/sandzakpress.net\/arhiva\/#\/schema\/person\/6e72b67d6e51910a1117b3b483ba20bd\"},\"potentialAction\":[{\"@type\":\"SearchAction\",\"target\":{\"@type\":\"EntryPoint\",\"urlTemplate\":\"https:\/\/sandzakpress.net\/arhiva\/?s={search_term_string}\"},\"query-input\":{\"@type\":\"PropertyValueSpecification\",\"valueRequired\":true,\"valueName\":\"search_term_string\"}}],\"inLanguage\":\"bs-BA\"},{\"@type\":[\"Person\",\"Organization\"],\"@id\":\"https:\/\/sandzakpress.net\/arhiva\/#\/schema\/person\/6e72b67d6e51910a1117b3b483ba20bd\",\"name\":\"Kul\",\"image\":{\"@type\":\"ImageObject\",\"inLanguage\":\"bs-BA\",\"@id\":\"https:\/\/sandzakpress.net\/arhiva\/#\/schema\/person\/image\/\",\"url\":\"https:\/\/secure.gravatar.com\/avatar\/42263f39aa27ac04c43cab85c280eb2e?s=96&d=mm&r=pg\",\"contentUrl\":\"https:\/\/secure.gravatar.com\/avatar\/42263f39aa27ac04c43cab85c280eb2e?s=96&d=mm&r=pg\",\"caption\":\"Kul\"},\"logo\":{\"@id\":\"https:\/\/sandzakpress.net\/arhiva\/#\/schema\/person\/image\/\"}},{\"@type\":\"Person\",\"@id\":\"https:\/\/sandzakpress.net\/arhiva\/#\/schema\/person\/c8baee722073534b583ea7bdb2e36c02\",\"name\":\"bosniak\",\"image\":{\"@type\":\"ImageObject\",\"inLanguage\":\"bs-BA\",\"@id\":\"https:\/\/sandzakpress.net\/arhiva\/#\/schema\/person\/image\/\",\"url\":\"https:\/\/secure.gravatar.com\/avatar\/a04fd330bfe3a36a72a0ad4a6d89fca7?s=96&d=mm&r=pg\",\"contentUrl\":\"https:\/\/secure.gravatar.com\/avatar\/a04fd330bfe3a36a72a0ad4a6d89fca7?s=96&d=mm&r=pg\",\"caption\":\"bosniak\"},\"url\":\"https:\/\/sandzakpress.net\/arhiva\/author\/bosniak\/\"}]}<\/script>\n<!-- \/ Yoast SEO Premium plugin. -->","yoast_head_json":{"title":"Uvijek sam sumnjala da je Srbija ubila moje djete","robots":{"index":"index","follow":"follow","max-snippet":"max-snippet:-1","max-image-preview":"max-image-preview:large","max-video-preview":"max-video-preview:-1"},"canonical":"https:\/\/sandzakpress.net\/arhiva\/uvijek-sam-sumnjala-da-je-srbija-ubila-moje-djete\/","og_locale":"bs_BA","og_type":"article","og_title":"Uvijek sam sumnjala da je Srbija ubila moje djete","og_description":"Kosovo, Srbija &#8211;\u00a0Odre\u0111ene sumnje koje je u vezi zlo\u010dina u pe\u0107kom kafi\u0107u Panda nedavno posijao vicepremijer Srbije Aleksandar Vu\u010di\u0107 iznova su, poslije vi\u0161e od 15 godina, raskrvarile nezacjeljene rane rodbine \u0161estorice mladi\u0107a zvjerski likvidiranih u tom masakru i zato energi\u010dno tra\u017ee da se kona\u010dno skine veo sa te misterije i po\u010dinioci izvedu pred lice pravde. [&hellip;]","og_url":"https:\/\/sandzakpress.net\/arhiva\/uvijek-sam-sumnjala-da-je-srbija-ubila-moje-djete\/","og_site_name":"Sand\u017eak PRESS","article_published_time":"2014-01-21T16:41:59+00:00","article_modified_time":"2014-01-22T11:06:29+00:00","og_image":[{"width":598,"height":411,"url":"https:\/\/sandzakpress.net\/arhiva\/wp-content\/uploads\/2014\/01\/panda1.jpg","type":"image\/jpeg"}],"author":"bosniak","twitter_card":"summary_large_image","twitter_misc":{"Written by":"bosniak","Est. reading time":"3 minute"},"schema":{"@context":"https:\/\/schema.org","@graph":[{"@type":"Article","@id":"https:\/\/sandzakpress.net\/arhiva\/uvijek-sam-sumnjala-da-je-srbija-ubila-moje-djete\/#article","isPartOf":{"@id":"https:\/\/sandzakpress.net\/arhiva\/uvijek-sam-sumnjala-da-je-srbija-ubila-moje-djete\/"},"author":{"name":"bosniak","@id":"https:\/\/sandzakpress.net\/arhiva\/#\/schema\/person\/c8baee722073534b583ea7bdb2e36c02"},"headline":"Uvijek sam sumnjala da je Srbija ubila moje djete","datePublished":"2014-01-21T16:41:59+00:00","dateModified":"2014-01-22T11:06:29+00:00","mainEntityOfPage":{"@id":"https:\/\/sandzakpress.net\/arhiva\/uvijek-sam-sumnjala-da-je-srbija-ubila-moje-djete\/"},"wordCount":633,"commentCount":11,"publisher":{"@id":"https:\/\/sandzakpress.net\/arhiva\/#\/schema\/person\/6e72b67d6e51910a1117b3b483ba20bd"},"image":{"@id":"https:\/\/sandzakpress.net\/arhiva\/uvijek-sam-sumnjala-da-je-srbija-ubila-moje-djete\/#primaryimage"},"thumbnailUrl":"https:\/\/sandzakpress.net\/arhiva\/wp-content\/uploads\/2014\/01\/panda1.jpg","keywords":["nepravde srpske vlasti"],"articleSection":["Politika","Kosovo","Srbija","VIJESTI DANA"],"inLanguage":"bs-BA","potentialAction":[{"@type":"CommentAction","name":"Comment","target":["https:\/\/sandzakpress.net\/arhiva\/uvijek-sam-sumnjala-da-je-srbija-ubila-moje-djete\/#respond"]}]},{"@type":"WebPage","@id":"https:\/\/sandzakpress.net\/arhiva\/uvijek-sam-sumnjala-da-je-srbija-ubila-moje-djete\/","url":"https:\/\/sandzakpress.net\/arhiva\/uvijek-sam-sumnjala-da-je-srbija-ubila-moje-djete\/","name":"Uvijek sam sumnjala da je Srbija ubila moje djete","isPartOf":{"@id":"https:\/\/sandzakpress.net\/arhiva\/#website"},"primaryImageOfPage":{"@id":"https:\/\/sandzakpress.net\/arhiva\/uvijek-sam-sumnjala-da-je-srbija-ubila-moje-djete\/#primaryimage"},"image":{"@id":"https:\/\/sandzakpress.net\/arhiva\/uvijek-sam-sumnjala-da-je-srbija-ubila-moje-djete\/#primaryimage"},"thumbnailUrl":"https:\/\/sandzakpress.net\/arhiva\/wp-content\/uploads\/2014\/01\/panda1.jpg","datePublished":"2014-01-21T16:41:59+00:00","dateModified":"2014-01-22T11:06:29+00:00","breadcrumb":{"@id":"https:\/\/sandzakpress.net\/arhiva\/uvijek-sam-sumnjala-da-je-srbija-ubila-moje-djete\/#breadcrumb"},"inLanguage":"bs-BA","potentialAction":[{"@type":"ReadAction","target":["https:\/\/sandzakpress.net\/arhiva\/uvijek-sam-sumnjala-da-je-srbija-ubila-moje-djete\/"]}]},{"@type":"ImageObject","inLanguage":"bs-BA","@id":"https:\/\/sandzakpress.net\/arhiva\/uvijek-sam-sumnjala-da-je-srbija-ubila-moje-djete\/#primaryimage","url":"https:\/\/sandzakpress.net\/arhiva\/wp-content\/uploads\/2014\/01\/panda1.jpg","contentUrl":"https:\/\/sandzakpress.net\/arhiva\/wp-content\/uploads\/2014\/01\/panda1.jpg","width":598,"height":411},{"@type":"BreadcrumbList","@id":"https:\/\/sandzakpress.net\/arhiva\/uvijek-sam-sumnjala-da-je-srbija-ubila-moje-djete\/#breadcrumb","itemListElement":[{"@type":"ListItem","position":1,"name":"Home","item":"https:\/\/sandzakpress.net\/arhiva\/"},{"@type":"ListItem","position":2,"name":"Uvijek sam sumnjala da je Srbija ubila moje djete"}]},{"@type":"WebSite","@id":"https:\/\/sandzakpress.net\/arhiva\/#website","url":"https:\/\/sandzakpress.net\/arhiva\/","name":"Sand\u017eak PRESS","description":"Prve elektronske novine u Sand\u017eaku","publisher":{"@id":"https:\/\/sandzakpress.net\/arhiva\/#\/schema\/person\/6e72b67d6e51910a1117b3b483ba20bd"},"potentialAction":[{"@type":"SearchAction","target":{"@type":"EntryPoint","urlTemplate":"https:\/\/sandzakpress.net\/arhiva\/?s={search_term_string}"},"query-input":{"@type":"PropertyValueSpecification","valueRequired":true,"valueName":"search_term_string"}}],"inLanguage":"bs-BA"},{"@type":["Person","Organization"],"@id":"https:\/\/sandzakpress.net\/arhiva\/#\/schema\/person\/6e72b67d6e51910a1117b3b483ba20bd","name":"Kul","image":{"@type":"ImageObject","inLanguage":"bs-BA","@id":"https:\/\/sandzakpress.net\/arhiva\/#\/schema\/person\/image\/","url":"https:\/\/secure.gravatar.com\/avatar\/42263f39aa27ac04c43cab85c280eb2e?s=96&d=mm&r=pg","contentUrl":"https:\/\/secure.gravatar.com\/avatar\/42263f39aa27ac04c43cab85c280eb2e?s=96&d=mm&r=pg","caption":"Kul"},"logo":{"@id":"https:\/\/sandzakpress.net\/arhiva\/#\/schema\/person\/image\/"}},{"@type":"Person","@id":"https:\/\/sandzakpress.net\/arhiva\/#\/schema\/person\/c8baee722073534b583ea7bdb2e36c02","name":"bosniak","image":{"@type":"ImageObject","inLanguage":"bs-BA","@id":"https:\/\/sandzakpress.net\/arhiva\/#\/schema\/person\/image\/","url":"https:\/\/secure.gravatar.com\/avatar\/a04fd330bfe3a36a72a0ad4a6d89fca7?s=96&d=mm&r=pg","contentUrl":"https:\/\/secure.gravatar.com\/avatar\/a04fd330bfe3a36a72a0ad4a6d89fca7?s=96&d=mm&r=pg","caption":"bosniak"},"url":"https:\/\/sandzakpress.net\/arhiva\/author\/bosniak\/"}]}},"_links":{"self":[{"href":"https:\/\/sandzakpress.net\/arhiva\/wp-json\/wp\/v2\/posts\/100099"}],"collection":[{"href":"https:\/\/sandzakpress.net\/arhiva\/wp-json\/wp\/v2\/posts"}],"about":[{"href":"https:\/\/sandzakpress.net\/arhiva\/wp-json\/wp\/v2\/types\/post"}],"author":[{"embeddable":true,"href":"https:\/\/sandzakpress.net\/arhiva\/wp-json\/wp\/v2\/users\/83"}],"replies":[{"embeddable":true,"href":"https:\/\/sandzakpress.net\/arhiva\/wp-json\/wp\/v2\/comments?post=100099"}],"version-history":[{"count":0,"href":"https:\/\/sandzakpress.net\/arhiva\/wp-json\/wp\/v2\/posts\/100099\/revisions"}],"wp:featuredmedia":[{"embeddable":true,"href":"https:\/\/sandzakpress.net\/arhiva\/wp-json\/wp\/v2\/media\/100101"}],"wp:attachment":[{"href":"https:\/\/sandzakpress.net\/arhiva\/wp-json\/wp\/v2\/media?parent=100099"}],"wp:term":[{"taxonomy":"category","embeddable":true,"href":"https:\/\/sandzakpress.net\/arhiva\/wp-json\/wp\/v2\/categories?post=100099"},{"taxonomy":"post_tag","embeddable":true,"href":"https:\/\/sandzakpress.net\/arhiva\/wp-json\/wp\/v2\/tags?post=100099"}],"curies":[{"name":"wp","href":"https:\/\/api.w.org\/{rel}","templated":true}]}}