{"id":100020,"date":"2014-01-20T13:00:26","date_gmt":"2014-01-20T12:00:26","guid":{"rendered":"https:\/\/sandzakpress.net\/arhiva\/?p=100020"},"modified":"2014-01-20T18:32:24","modified_gmt":"2014-01-20T17:32:24","slug":"luksemburg-glavni-imam-hfz-irfan-ef-malic-zijaretio-bosnjake","status":"publish","type":"post","link":"https:\/\/sandzakpress.net\/arhiva\/luksemburg-glavni-imam-hfz-irfan-ef-malic-zijaretio-bosnjake\/","title":{"rendered":"Luksemburg: Glavni imam Hfz. Irfan ef Mali\u0107 zijaretio Bo\u0161njake"},"content":{"rendered":"<p style=\"text-align: left;\"><strong><img loading=\"lazy\" decoding=\"async\" class=\"aligncenter\" alt=\"Luksemburg: Glavni imam prijestonice Sand\u017eaka zijaretio Bo\u0161njake\" src=\"http:\/\/www.identitet.lu\/media\/k2\/items\/cache\/e2acd849d365015ef08ef5b696dc9e31_L.jpg\" width=\"600\" height=\"300\" \/>Luksemburg, Novi Pazar &#8211; Pred velikim brojem d\u017eematlija, u Luksemburgu je predavanje odr\u017eao hafiz Irfan ef. Mali\u0107, glavni imam sand\u017ea\u010dke prijestonice, Novog Pazara.<\/strong><\/p>\n<p>Hafiz Mali\u0107 se u prvom dijelu predavanja, zbog zna\u010dajnog prisustva bra\u0107e Arapa, obratio na arapskom, da bi nakon toga odr\u017eao vrlo zanimljivo predavanje na bosanskom jeziku. Kroz svoje predavanje, hafiz Mali\u0107 nas je podsjetio na odre\u0111ene osobine na\u0161eg Poslanika a.s., te je tako\u0111er govorio i o prvim muslimanima, ashabima, i o njihovom shvatanju islama i generalno percepcije dunjaluka kao prolaznog svijeta, te ahireta koji je vje\u010dan. Efendija Mali\u0107 je tako\u0111er govorio i o potrebi lijepog odnosa me\u0111u vjernicima, na \u0161ta nas eksplicitno pozivaju odre\u0111eni kur'anski ajeti, ali nas je i upozorio na ni\u0161tavnost me\u0111umunafi\u010dkih odnosa, koji su po slovu Kur'ana prazni i pogubni, a uglavnom bazirani na kratkoro\u010dnom interesu.<\/p>\n<p>U dru\u0161tvu hafiza Mali\u0107a, nalazio se i predsjednik Islamske zajednice Bo\u0161njaka u Francuskoj Mirsad ef. \u010colovi\u0107, te jo\u0161 neki drugi istaknuti \u010dlanovi bo\u0161nja\u010dkog d\u017eemata iz francuskog grada Strazbura &#8211; \u0161to je osobito obradovalo doma\u0107ine, tj. d\u017eemat AIC SUD iz luksembur\u0161kog, drugog po veli\u010dini grada E\u0161a.<\/p>\n<p style=\"text-align: left;\"><img loading=\"lazy\" decoding=\"async\" class=\"aligncenter\" alt=\"aaa hafiz malic kahva\" src=\"http:\/\/www.identitet.lu\/images\/aaa_hafiz_malic_kahva.JPG\" width=\"640\" height=\"480\" \/>Na kraju predavanja, hafiz Mali\u0107 je prenio selame svim prisutnima od\u00a0strane\u00a0muftije sand\u017ea\u010dkog Muamera ef. Zukorli\u0107a, kao i u ime novoizabranog predsjednika Me\u0161ihata Islamske zajednice u Srbiji, dr. Mevlud ef. Dudi\u0107a.<\/p>\n<p>Prijatno dru\u017eenje musafira iz Sand\u017eaka i Francuske sa doma\u0107inima iz E\u0161a je potrajalo do kasno u no\u0107.<\/p>\n<p>U sklopu obilaska Bo\u0161njaka u dijaspori, hafiz Mali\u0107 je pored Luksemburga, posjetio tako\u0111er nekoliko bo\u0161nja\u010dkih d\u017eemata na teritoriji Francuske.<\/p>\n<p><strong>IDENTITET.LU<\/strong><\/p>\n","protected":false},"excerpt":{"rendered":"<p>Luksemburg, Novi Pazar &#8211; Pred velikim brojem d\u017eematlija, u Luksemburgu je predavanje odr\u017eao hafiz Irfan ef. Mali\u0107, glavni imam sand\u017ea\u010dke prijestonice, Novog Pazara. Hafiz Mali\u0107 se u prvom dijelu predavanja, zbog zna\u010dajnog prisustva bra\u0107e Arapa, obratio na arapskom, da bi nakon toga odr\u017eao vrlo zanimljivo predavanje na bosanskom jeziku. Kroz svoje predavanje, hafiz Mali\u0107 nas [&hellip;]<\/p>\n","protected":false},"author":83,"featured_media":100025,"comment_status":"open","ping_status":"open","sticky":false,"template":"","format":"standard","meta":{"footnotes":""},"categories":[72,802,9549,8957],"tags":[],"class_list":{"0":"post-100020","1":"post","2":"type-post","3":"status-publish","4":"format-standard","5":"has-post-thumbnail","7":"category-novi-pazar","8":"category-islamska_zajednica","9":"category-luxemburg","10":"category-vijesti-dana"},"yoast_head":"<!-- This site is optimized with the Yoast SEO Premium plugin v23.1 (Yoast SEO v24.9) - https:\/\/yoast.com\/wordpress\/plugins\/seo\/ -->\n<title>Luksemburg: Glavni imam Hfz. Irfan ef Mali\u0107 zijaretio Bo\u0161njake<\/title>\n<meta name=\"robots\" content=\"index, follow, max-snippet:-1, max-image-preview:large, max-video-preview:-1\" \/>\n<link rel=\"canonical\" href=\"https:\/\/sandzakpress.net\/arhiva\/luksemburg-glavni-imam-hfz-irfan-ef-malic-zijaretio-bosnjake\/\" \/>\n<meta property=\"og:locale\" content=\"bs_BA\" \/>\n<meta property=\"og:type\" content=\"article\" \/>\n<meta property=\"og:title\" content=\"Luksemburg: Glavni imam Hfz. Irfan ef Mali\u0107 zijaretio Bo\u0161njake\" \/>\n<meta property=\"og:description\" content=\"Luksemburg, Novi Pazar &#8211; Pred velikim brojem d\u017eematlija, u Luksemburgu je predavanje odr\u017eao hafiz Irfan ef. Mali\u0107, glavni imam sand\u017ea\u010dke prijestonice, Novog Pazara. Hafiz Mali\u0107 se u prvom dijelu predavanja, zbog zna\u010dajnog prisustva bra\u0107e Arapa, obratio na arapskom, da bi nakon toga odr\u017eao vrlo zanimljivo predavanje na bosanskom jeziku. Kroz svoje predavanje, hafiz Mali\u0107 nas [&hellip;]\" \/>\n<meta property=\"og:url\" content=\"https:\/\/sandzakpress.net\/arhiva\/luksemburg-glavni-imam-hfz-irfan-ef-malic-zijaretio-bosnjake\/\" \/>\n<meta property=\"og:site_name\" content=\"Sand\u017eak PRESS\" \/>\n<meta property=\"article:published_time\" content=\"2014-01-20T12:00:26+00:00\" \/>\n<meta property=\"article:modified_time\" content=\"2014-01-20T17:32:24+00:00\" \/>\n<meta property=\"og:image\" content=\"https:\/\/sandzakpress.net\/arhiva\/wp-content\/uploads\/2014\/01\/e2acd849d365015ef08ef5b696dc9e31_L.jpg\" \/>\n\t<meta property=\"og:image:width\" content=\"400\" \/>\n\t<meta property=\"og:image:height\" content=\"300\" \/>\n\t<meta property=\"og:image:type\" content=\"image\/jpeg\" \/>\n<meta name=\"author\" content=\"bosniak\" \/>\n<meta name=\"twitter:card\" content=\"summary_large_image\" \/>\n<meta name=\"twitter:label1\" content=\"Written by\" \/>\n\t<meta name=\"twitter:data1\" content=\"bosniak\" \/>\n\t<meta name=\"twitter:label2\" content=\"Est. reading time\" \/>\n\t<meta name=\"twitter:data2\" content=\"1 minuta\" \/>\n<script type=\"application\/ld+json\" class=\"yoast-schema-graph\">{\"@context\":\"https:\/\/schema.org\",\"@graph\":[{\"@type\":\"Article\",\"@id\":\"https:\/\/sandzakpress.net\/arhiva\/luksemburg-glavni-imam-hfz-irfan-ef-malic-zijaretio-bosnjake\/#article\",\"isPartOf\":{\"@id\":\"https:\/\/sandzakpress.net\/arhiva\/luksemburg-glavni-imam-hfz-irfan-ef-malic-zijaretio-bosnjake\/\"},\"author\":{\"name\":\"bosniak\",\"@id\":\"https:\/\/sandzakpress.net\/arhiva\/#\/schema\/person\/c8baee722073534b583ea7bdb2e36c02\"},\"headline\":\"Luksemburg: Glavni imam Hfz. Irfan ef Mali\u0107 zijaretio Bo\u0161njake\",\"datePublished\":\"2014-01-20T12:00:26+00:00\",\"dateModified\":\"2014-01-20T17:32:24+00:00\",\"mainEntityOfPage\":{\"@id\":\"https:\/\/sandzakpress.net\/arhiva\/luksemburg-glavni-imam-hfz-irfan-ef-malic-zijaretio-bosnjake\/\"},\"wordCount\":303,\"commentCount\":2,\"publisher\":{\"@id\":\"https:\/\/sandzakpress.net\/arhiva\/#\/schema\/person\/6e72b67d6e51910a1117b3b483ba20bd\"},\"image\":{\"@id\":\"https:\/\/sandzakpress.net\/arhiva\/luksemburg-glavni-imam-hfz-irfan-ef-malic-zijaretio-bosnjake\/#primaryimage\"},\"thumbnailUrl\":\"https:\/\/sandzakpress.net\/arhiva\/wp-content\/uploads\/2014\/01\/e2acd849d365015ef08ef5b696dc9e31_L.jpg\",\"articleSection\":[\"Novi Pazar\",\"Islamska zajednica\",\"Luksemburg\",\"VIJESTI DANA\"],\"inLanguage\":\"bs-BA\",\"potentialAction\":[{\"@type\":\"CommentAction\",\"name\":\"Comment\",\"target\":[\"https:\/\/sandzakpress.net\/arhiva\/luksemburg-glavni-imam-hfz-irfan-ef-malic-zijaretio-bosnjake\/#respond\"]}]},{\"@type\":\"WebPage\",\"@id\":\"https:\/\/sandzakpress.net\/arhiva\/luksemburg-glavni-imam-hfz-irfan-ef-malic-zijaretio-bosnjake\/\",\"url\":\"https:\/\/sandzakpress.net\/arhiva\/luksemburg-glavni-imam-hfz-irfan-ef-malic-zijaretio-bosnjake\/\",\"name\":\"Luksemburg: Glavni imam Hfz. Irfan ef Mali\u0107 zijaretio Bo\u0161njake\",\"isPartOf\":{\"@id\":\"https:\/\/sandzakpress.net\/arhiva\/#website\"},\"primaryImageOfPage\":{\"@id\":\"https:\/\/sandzakpress.net\/arhiva\/luksemburg-glavni-imam-hfz-irfan-ef-malic-zijaretio-bosnjake\/#primaryimage\"},\"image\":{\"@id\":\"https:\/\/sandzakpress.net\/arhiva\/luksemburg-glavni-imam-hfz-irfan-ef-malic-zijaretio-bosnjake\/#primaryimage\"},\"thumbnailUrl\":\"https:\/\/sandzakpress.net\/arhiva\/wp-content\/uploads\/2014\/01\/e2acd849d365015ef08ef5b696dc9e31_L.jpg\",\"datePublished\":\"2014-01-20T12:00:26+00:00\",\"dateModified\":\"2014-01-20T17:32:24+00:00\",\"breadcrumb\":{\"@id\":\"https:\/\/sandzakpress.net\/arhiva\/luksemburg-glavni-imam-hfz-irfan-ef-malic-zijaretio-bosnjake\/#breadcrumb\"},\"inLanguage\":\"bs-BA\",\"potentialAction\":[{\"@type\":\"ReadAction\",\"target\":[\"https:\/\/sandzakpress.net\/arhiva\/luksemburg-glavni-imam-hfz-irfan-ef-malic-zijaretio-bosnjake\/\"]}]},{\"@type\":\"ImageObject\",\"inLanguage\":\"bs-BA\",\"@id\":\"https:\/\/sandzakpress.net\/arhiva\/luksemburg-glavni-imam-hfz-irfan-ef-malic-zijaretio-bosnjake\/#primaryimage\",\"url\":\"https:\/\/sandzakpress.net\/arhiva\/wp-content\/uploads\/2014\/01\/e2acd849d365015ef08ef5b696dc9e31_L.jpg\",\"contentUrl\":\"https:\/\/sandzakpress.net\/arhiva\/wp-content\/uploads\/2014\/01\/e2acd849d365015ef08ef5b696dc9e31_L.jpg\",\"width\":400,\"height\":300},{\"@type\":\"BreadcrumbList\",\"@id\":\"https:\/\/sandzakpress.net\/arhiva\/luksemburg-glavni-imam-hfz-irfan-ef-malic-zijaretio-bosnjake\/#breadcrumb\",\"itemListElement\":[{\"@type\":\"ListItem\",\"position\":1,\"name\":\"Home\",\"item\":\"https:\/\/sandzakpress.net\/arhiva\/\"},{\"@type\":\"ListItem\",\"position\":2,\"name\":\"Luksemburg: Glavni imam Hfz. Irfan ef Mali\u0107 zijaretio Bo\u0161njake\"}]},{\"@type\":\"WebSite\",\"@id\":\"https:\/\/sandzakpress.net\/arhiva\/#website\",\"url\":\"https:\/\/sandzakpress.net\/arhiva\/\",\"name\":\"Sand\u017eak PRESS\",\"description\":\"Prve elektronske novine u Sand\u017eaku\",\"publisher\":{\"@id\":\"https:\/\/sandzakpress.net\/arhiva\/#\/schema\/person\/6e72b67d6e51910a1117b3b483ba20bd\"},\"potentialAction\":[{\"@type\":\"SearchAction\",\"target\":{\"@type\":\"EntryPoint\",\"urlTemplate\":\"https:\/\/sandzakpress.net\/arhiva\/?s={search_term_string}\"},\"query-input\":{\"@type\":\"PropertyValueSpecification\",\"valueRequired\":true,\"valueName\":\"search_term_string\"}}],\"inLanguage\":\"bs-BA\"},{\"@type\":[\"Person\",\"Organization\"],\"@id\":\"https:\/\/sandzakpress.net\/arhiva\/#\/schema\/person\/6e72b67d6e51910a1117b3b483ba20bd\",\"name\":\"Kul\",\"image\":{\"@type\":\"ImageObject\",\"inLanguage\":\"bs-BA\",\"@id\":\"https:\/\/sandzakpress.net\/arhiva\/#\/schema\/person\/image\/\",\"url\":\"https:\/\/secure.gravatar.com\/avatar\/42263f39aa27ac04c43cab85c280eb2e?s=96&d=mm&r=pg\",\"contentUrl\":\"https:\/\/secure.gravatar.com\/avatar\/42263f39aa27ac04c43cab85c280eb2e?s=96&d=mm&r=pg\",\"caption\":\"Kul\"},\"logo\":{\"@id\":\"https:\/\/sandzakpress.net\/arhiva\/#\/schema\/person\/image\/\"}},{\"@type\":\"Person\",\"@id\":\"https:\/\/sandzakpress.net\/arhiva\/#\/schema\/person\/c8baee722073534b583ea7bdb2e36c02\",\"name\":\"bosniak\",\"image\":{\"@type\":\"ImageObject\",\"inLanguage\":\"bs-BA\",\"@id\":\"https:\/\/sandzakpress.net\/arhiva\/#\/schema\/person\/image\/\",\"url\":\"https:\/\/secure.gravatar.com\/avatar\/a04fd330bfe3a36a72a0ad4a6d89fca7?s=96&d=mm&r=pg\",\"contentUrl\":\"https:\/\/secure.gravatar.com\/avatar\/a04fd330bfe3a36a72a0ad4a6d89fca7?s=96&d=mm&r=pg\",\"caption\":\"bosniak\"},\"url\":\"https:\/\/sandzakpress.net\/arhiva\/author\/bosniak\/\"}]}<\/script>\n<!-- \/ Yoast SEO Premium plugin. -->","yoast_head_json":{"title":"Luksemburg: Glavni imam Hfz. Irfan ef Mali\u0107 zijaretio Bo\u0161njake","robots":{"index":"index","follow":"follow","max-snippet":"max-snippet:-1","max-image-preview":"max-image-preview:large","max-video-preview":"max-video-preview:-1"},"canonical":"https:\/\/sandzakpress.net\/arhiva\/luksemburg-glavni-imam-hfz-irfan-ef-malic-zijaretio-bosnjake\/","og_locale":"bs_BA","og_type":"article","og_title":"Luksemburg: Glavni imam Hfz. Irfan ef Mali\u0107 zijaretio Bo\u0161njake","og_description":"Luksemburg, Novi Pazar &#8211; Pred velikim brojem d\u017eematlija, u Luksemburgu je predavanje odr\u017eao hafiz Irfan ef. Mali\u0107, glavni imam sand\u017ea\u010dke prijestonice, Novog Pazara. Hafiz Mali\u0107 se u prvom dijelu predavanja, zbog zna\u010dajnog prisustva bra\u0107e Arapa, obratio na arapskom, da bi nakon toga odr\u017eao vrlo zanimljivo predavanje na bosanskom jeziku. Kroz svoje predavanje, hafiz Mali\u0107 nas [&hellip;]","og_url":"https:\/\/sandzakpress.net\/arhiva\/luksemburg-glavni-imam-hfz-irfan-ef-malic-zijaretio-bosnjake\/","og_site_name":"Sand\u017eak PRESS","article_published_time":"2014-01-20T12:00:26+00:00","article_modified_time":"2014-01-20T17:32:24+00:00","og_image":[{"width":400,"height":300,"url":"https:\/\/sandzakpress.net\/arhiva\/wp-content\/uploads\/2014\/01\/e2acd849d365015ef08ef5b696dc9e31_L.jpg","type":"image\/jpeg"}],"author":"bosniak","twitter_card":"summary_large_image","twitter_misc":{"Written by":"bosniak","Est. reading time":"1 minuta"},"schema":{"@context":"https:\/\/schema.org","@graph":[{"@type":"Article","@id":"https:\/\/sandzakpress.net\/arhiva\/luksemburg-glavni-imam-hfz-irfan-ef-malic-zijaretio-bosnjake\/#article","isPartOf":{"@id":"https:\/\/sandzakpress.net\/arhiva\/luksemburg-glavni-imam-hfz-irfan-ef-malic-zijaretio-bosnjake\/"},"author":{"name":"bosniak","@id":"https:\/\/sandzakpress.net\/arhiva\/#\/schema\/person\/c8baee722073534b583ea7bdb2e36c02"},"headline":"Luksemburg: Glavni imam Hfz. Irfan ef Mali\u0107 zijaretio Bo\u0161njake","datePublished":"2014-01-20T12:00:26+00:00","dateModified":"2014-01-20T17:32:24+00:00","mainEntityOfPage":{"@id":"https:\/\/sandzakpress.net\/arhiva\/luksemburg-glavni-imam-hfz-irfan-ef-malic-zijaretio-bosnjake\/"},"wordCount":303,"commentCount":2,"publisher":{"@id":"https:\/\/sandzakpress.net\/arhiva\/#\/schema\/person\/6e72b67d6e51910a1117b3b483ba20bd"},"image":{"@id":"https:\/\/sandzakpress.net\/arhiva\/luksemburg-glavni-imam-hfz-irfan-ef-malic-zijaretio-bosnjake\/#primaryimage"},"thumbnailUrl":"https:\/\/sandzakpress.net\/arhiva\/wp-content\/uploads\/2014\/01\/e2acd849d365015ef08ef5b696dc9e31_L.jpg","articleSection":["Novi Pazar","Islamska zajednica","Luksemburg","VIJESTI DANA"],"inLanguage":"bs-BA","potentialAction":[{"@type":"CommentAction","name":"Comment","target":["https:\/\/sandzakpress.net\/arhiva\/luksemburg-glavni-imam-hfz-irfan-ef-malic-zijaretio-bosnjake\/#respond"]}]},{"@type":"WebPage","@id":"https:\/\/sandzakpress.net\/arhiva\/luksemburg-glavni-imam-hfz-irfan-ef-malic-zijaretio-bosnjake\/","url":"https:\/\/sandzakpress.net\/arhiva\/luksemburg-glavni-imam-hfz-irfan-ef-malic-zijaretio-bosnjake\/","name":"Luksemburg: Glavni imam Hfz. Irfan ef Mali\u0107 zijaretio Bo\u0161njake","isPartOf":{"@id":"https:\/\/sandzakpress.net\/arhiva\/#website"},"primaryImageOfPage":{"@id":"https:\/\/sandzakpress.net\/arhiva\/luksemburg-glavni-imam-hfz-irfan-ef-malic-zijaretio-bosnjake\/#primaryimage"},"image":{"@id":"https:\/\/sandzakpress.net\/arhiva\/luksemburg-glavni-imam-hfz-irfan-ef-malic-zijaretio-bosnjake\/#primaryimage"},"thumbnailUrl":"https:\/\/sandzakpress.net\/arhiva\/wp-content\/uploads\/2014\/01\/e2acd849d365015ef08ef5b696dc9e31_L.jpg","datePublished":"2014-01-20T12:00:26+00:00","dateModified":"2014-01-20T17:32:24+00:00","breadcrumb":{"@id":"https:\/\/sandzakpress.net\/arhiva\/luksemburg-glavni-imam-hfz-irfan-ef-malic-zijaretio-bosnjake\/#breadcrumb"},"inLanguage":"bs-BA","potentialAction":[{"@type":"ReadAction","target":["https:\/\/sandzakpress.net\/arhiva\/luksemburg-glavni-imam-hfz-irfan-ef-malic-zijaretio-bosnjake\/"]}]},{"@type":"ImageObject","inLanguage":"bs-BA","@id":"https:\/\/sandzakpress.net\/arhiva\/luksemburg-glavni-imam-hfz-irfan-ef-malic-zijaretio-bosnjake\/#primaryimage","url":"https:\/\/sandzakpress.net\/arhiva\/wp-content\/uploads\/2014\/01\/e2acd849d365015ef08ef5b696dc9e31_L.jpg","contentUrl":"https:\/\/sandzakpress.net\/arhiva\/wp-content\/uploads\/2014\/01\/e2acd849d365015ef08ef5b696dc9e31_L.jpg","width":400,"height":300},{"@type":"BreadcrumbList","@id":"https:\/\/sandzakpress.net\/arhiva\/luksemburg-glavni-imam-hfz-irfan-ef-malic-zijaretio-bosnjake\/#breadcrumb","itemListElement":[{"@type":"ListItem","position":1,"name":"Home","item":"https:\/\/sandzakpress.net\/arhiva\/"},{"@type":"ListItem","position":2,"name":"Luksemburg: Glavni imam Hfz. Irfan ef Mali\u0107 zijaretio Bo\u0161njake"}]},{"@type":"WebSite","@id":"https:\/\/sandzakpress.net\/arhiva\/#website","url":"https:\/\/sandzakpress.net\/arhiva\/","name":"Sand\u017eak PRESS","description":"Prve elektronske novine u Sand\u017eaku","publisher":{"@id":"https:\/\/sandzakpress.net\/arhiva\/#\/schema\/person\/6e72b67d6e51910a1117b3b483ba20bd"},"potentialAction":[{"@type":"SearchAction","target":{"@type":"EntryPoint","urlTemplate":"https:\/\/sandzakpress.net\/arhiva\/?s={search_term_string}"},"query-input":{"@type":"PropertyValueSpecification","valueRequired":true,"valueName":"search_term_string"}}],"inLanguage":"bs-BA"},{"@type":["Person","Organization"],"@id":"https:\/\/sandzakpress.net\/arhiva\/#\/schema\/person\/6e72b67d6e51910a1117b3b483ba20bd","name":"Kul","image":{"@type":"ImageObject","inLanguage":"bs-BA","@id":"https:\/\/sandzakpress.net\/arhiva\/#\/schema\/person\/image\/","url":"https:\/\/secure.gravatar.com\/avatar\/42263f39aa27ac04c43cab85c280eb2e?s=96&d=mm&r=pg","contentUrl":"https:\/\/secure.gravatar.com\/avatar\/42263f39aa27ac04c43cab85c280eb2e?s=96&d=mm&r=pg","caption":"Kul"},"logo":{"@id":"https:\/\/sandzakpress.net\/arhiva\/#\/schema\/person\/image\/"}},{"@type":"Person","@id":"https:\/\/sandzakpress.net\/arhiva\/#\/schema\/person\/c8baee722073534b583ea7bdb2e36c02","name":"bosniak","image":{"@type":"ImageObject","inLanguage":"bs-BA","@id":"https:\/\/sandzakpress.net\/arhiva\/#\/schema\/person\/image\/","url":"https:\/\/secure.gravatar.com\/avatar\/a04fd330bfe3a36a72a0ad4a6d89fca7?s=96&d=mm&r=pg","contentUrl":"https:\/\/secure.gravatar.com\/avatar\/a04fd330bfe3a36a72a0ad4a6d89fca7?s=96&d=mm&r=pg","caption":"bosniak"},"url":"https:\/\/sandzakpress.net\/arhiva\/author\/bosniak\/"}]}},"_links":{"self":[{"href":"https:\/\/sandzakpress.net\/arhiva\/wp-json\/wp\/v2\/posts\/100020"}],"collection":[{"href":"https:\/\/sandzakpress.net\/arhiva\/wp-json\/wp\/v2\/posts"}],"about":[{"href":"https:\/\/sandzakpress.net\/arhiva\/wp-json\/wp\/v2\/types\/post"}],"author":[{"embeddable":true,"href":"https:\/\/sandzakpress.net\/arhiva\/wp-json\/wp\/v2\/users\/83"}],"replies":[{"embeddable":true,"href":"https:\/\/sandzakpress.net\/arhiva\/wp-json\/wp\/v2\/comments?post=100020"}],"version-history":[{"count":0,"href":"https:\/\/sandzakpress.net\/arhiva\/wp-json\/wp\/v2\/posts\/100020\/revisions"}],"wp:featuredmedia":[{"embeddable":true,"href":"https:\/\/sandzakpress.net\/arhiva\/wp-json\/wp\/v2\/media\/100025"}],"wp:attachment":[{"href":"https:\/\/sandzakpress.net\/arhiva\/wp-json\/wp\/v2\/media?parent=100020"}],"wp:term":[{"taxonomy":"category","embeddable":true,"href":"https:\/\/sandzakpress.net\/arhiva\/wp-json\/wp\/v2\/categories?post=100020"},{"taxonomy":"post_tag","embeddable":true,"href":"https:\/\/sandzakpress.net\/arhiva\/wp-json\/wp\/v2\/tags?post=100020"}],"curies":[{"name":"wp","href":"https:\/\/api.w.org\/{rel}","templated":true}]}}